{"id":52752,"date":"2023-10-23T15:21:34","date_gmt":"2023-10-23T15:21:34","guid":{"rendered":"https:\/\/www.africa-press.net\/tchad\/politique\/transition-au-la-francophonie-depeche-une-delegation-a-ndjamena"},"modified":"2023-10-23T15:29:24","modified_gmt":"2023-10-23T15:29:24","slug":"transition-au-la-francophonie-depeche-une-delegation-a-ndjamena","status":"publish","type":"post","link":"https:\/\/www.africa-press.net\/tchad\/politique\/transition-au-la-francophonie-depeche-une-delegation-a-ndjamena","title":{"rendered":"Transition au  La Francophonie d\u00e9p\u00eache une d\u00e9l\u00e9gation \u00e0 Ndjamena"},"content":{"rendered":"<p><span style=\"color: #ff6600\"><strong>Africa-Press &#8211; Tchad. <\/strong><\/span>Au Tchad le ministre d\u2019E\u0301tat en charge des Affaires e\u0301trange\u0300res, des Tchadiens de l\u2019E\u0301tranger et de la Coope\u0301ration Internationale, Mahamat Saleh Annadif \u00ab a rec\u0327u en audience ce lundi, 23 octobre 2023, le Conseiller Spe\u0301cial, Politique et Diplomatique de la Secre\u0301taire Ge\u0301ne\u0301rale de l\u2019Organisation Internationale de la Francophonie (OIF) \u00bb, a annonce\u0301 son ministe\u0300re.<\/p>\n<p>\u00ab L\u2019ambassadeur De\u0301sire\u0301 Nyaruhirira est en visite au Tchad pour reprendre contact avec les autorite\u0301s tchadiennes au sujet du processus de transition que l\u2019OIF appuie depuis le de\u0301but \u00bb, a souligne\u0301 le ministe\u0300re des Affaires e\u0301trange\u0300res du Tchad.<\/p>\n<p>Au cours des discussions entre les deux personnalite\u0301s, le Mahamat Saleh Annadif \u00ab a rassure\u0301 l\u2019envoye\u0301 spe\u0301cial de l\u2019OIF de l\u2019inclusivite\u0301 du processus \u00bb et \u00ab se fe\u0301licitant de cette marche inclusive vers l\u2019ordre constitutionnel, l\u2019ambassadeur De\u0301sire\u0301 Nyaruhirira a re\u0301ite\u0301re\u0301 le soutien de la Francophonie en faveur de la Re\u0301publique du Tchad en cette pe\u0301riode exceptionnelle \u00bb.<\/p>\n<p>Il est a\u0300 rappeler que la Francophonie a toujours soutenir la transition au Tchad. Au lendemain du de\u0301ce\u0300s du Pre\u0301sident Idriss Deby Itno, la Secre\u0301taire ge\u0301ne\u0301rale de la Francophonie, Louise Mushikiwabo, avait en appele\u0301 a\u0300 \u00ab la responsabilite\u0301 du peuple tchadien et a\u0300 toutes les forces vives de la nation pour la mise en \u0153uvre d\u2019une transition apaise\u0301e et consensuelle vers un retour progressif a\u0300 l\u2019ordre constitutionnel \u00bb.<\/p>\n<p>Elle avait encourage\u0301 \u00ab les autorite\u0301s de transition a\u0300 poursuivre leurs efforts en vue d\u2019un retour a\u0300 l\u2019ordre constitutionnel dans le cadre de la deuxie\u0300me phase de transition inaugure\u0301e a\u0300 l\u2019issue du Dialogue national inclusif et souverain \u00bb. L\u2019instance avait souligne\u0301 qu\u2019\u00ab un engagement avec tous les acteurs civils et politiques demeure essentiel afin de garantir la cre\u0301dibilite\u0301 et la le\u0301gitimite\u0301 du processus en cours \u00bb.<\/p>\n\r\n                <style type=\"text\/css\">\r\n                    \r\n                    #td_uid_1_69f221bcc5650  .td-doubleSlider-2 .td-item1 {\r\n                        background: url(https:\/\/static.africa-press.net\/tchad\/sites\/41\/2023\/10\/sm_1698062309.415833-80x60.jpg) 0 0 no-repeat;\r\n                    }\r\n                    #td_uid_1_69f221bcc5650  .td-doubleSlider-2 .td-item2 {\r\n                        background: url(https:\/\/static.africa-press.net\/tchad\/sites\/41\/2023\/10\/sm_1698062317.232491-80x60.jpg) 0 0 no-repeat;\r\n                    }\r\n                <\/style>\r\n\r\n                <div id=\"td_uid_1_69f221bcc5650\" class=\"td-gallery td-slide-on-2-columns\">\r\n                    <div class=\"post_td_gallery\">\r\n                        <div class=\"td-gallery-slide-top\">\r\n                           <div class=\"td-gallery-title\"><\/div>\r\n\r\n                            <div class=\"td-gallery-controls-wrapper\">\r\n                                <div class=\"td-gallery-slide-count\"><span class=\"td-gallery-slide-item-focus\">1<\/span> de 2<\/div>\r\n                                <div class=\"td-gallery-slide-prev-next-but\">\r\n                                    <i class = \"td-icon-left doubleSliderPrevButton\"><\/i>\r\n                                    <i class = \"td-icon-right doubleSliderNextButton\"><\/i>\r\n                                <\/div>\r\n                            <\/div>\r\n                        <\/div>\r\n\r\n                        <div class = \"td-doubleSlider-1 \">\r\n                            <div class = \"td-slider\">\r\n                                \r\n                    <div class = \"td-slide-item td-item1\">\r\n                        <figure class=\"td-slide-galery-figure td-slide-popup-gallery\">\r\n                            <a class=\"slide-gallery-image-link\" href=\"https:\/\/static.africa-press.net\/tchad\/sites\/41\/2023\/10\/sm_1698062309.415833.jpg\" title=\"sm_1698062309.415833\"  data-caption=\"\"  data-description=\"\">\r\n                                <img decoding=\"async\" src=\"https:\/\/static.africa-press.net\/tchad\/sites\/41\/2023\/10\/sm_1698062309.415833.jpg\" srcset=\"https:\/\/static.africa-press.net\/tchad\/sites\/41\/2023\/10\/sm_1698062309.415833.jpg 592w, https:\/\/static.africa-press.net\/tchad\/sites\/41\/2023\/10\/sm_1698062309.415833-300x200.jpg 300w\" sizes=\"(max-width: 592px) 100vw, 592px\" alt=\"\">\r\n                            <\/a>\r\n                            \r\n                        <\/figure>\r\n                    <\/div>\r\n                    <div class = \"td-slide-item td-item2\">\r\n                        <figure class=\"td-slide-galery-figure td-slide-popup-gallery\">\r\n                            <a class=\"slide-gallery-image-link\" href=\"https:\/\/static.africa-press.net\/tchad\/sites\/41\/2023\/10\/sm_1698062317.232491.jpg\" title=\"sm_1698062317.232491\"  data-caption=\"\"  data-description=\"\">\r\n                                <img decoding=\"async\" src=\"https:\/\/static.africa-press.net\/tchad\/sites\/41\/2023\/10\/sm_1698062317.232491.jpg\" srcset=\"https:\/\/static.africa-press.net\/tchad\/sites\/41\/2023\/10\/sm_1698062317.232491.jpg 592w, https:\/\/static.africa-press.net\/tchad\/sites\/41\/2023\/10\/sm_1698062317.232491-300x200.jpg 300w\" sizes=\"(max-width: 592px) 100vw, 592px\" alt=\"\">\r\n                            <\/a>\r\n                            \r\n                        <\/figure>\r\n                    <\/div>\r\n                            <\/div>\r\n                        <\/div>\r\n\r\n                        <div class = \"td-doubleSlider-2\">\r\n                            <div class = \"td-slider\">\r\n                                \r\n                    <div class = \"td-button td-item1\">\r\n                        <div class = \"td-border\"><\/div>\r\n                    <\/div>\r\n                    <div class = \"td-button td-item2\">\r\n                        <div class = \"td-border\"><\/div>\r\n                    <\/div>\r\n                            <\/div>\r\n                        <\/div>\r\n\r\n                    <\/div>\r\n\r\n                <\/div>\r\n                \n<p><strong>Pour plus d&rsquo;informations et d&rsquo;analyses sur la <a href=\"https:\/\/www.africa-press.net\/tchad\">Tchad<\/a>, suivez <a href=\"https:\/\/www.africa-press.net\/\">Africa-Press<\/a><\/strong><\/p>\n","protected":false},"excerpt":{"rendered":"<p>Africa-Press &#8211; Tchad. Au Tchad le ministre d\u2019E\u0301tat en charge des Affaires e\u0301trange\u0300res, des Tchadiens de l\u2019E\u0301tranger et de la Coope\u0301ration Internationale, Mahamat Saleh Annadif \u00ab a rec\u0327u en audience ce lundi, 23 octobre 2023, le Conseiller Spe\u0301cial, Politique et Diplomatique de la Secre\u0301taire Ge\u0301ne\u0301rale de l\u2019Organisation Internationale de la Francophonie (OIF) \u00bb, a annonce\u0301 [&hellip;]<\/p>\n","protected":false},"author":82,"featured_media":52751,"comment_status":"open","ping_status":"closed","sticky":false,"template":"","format":"standard","meta":{"footnotes":""},"categories":[8,2,426,20,10],"tags":[37,292,29],"class_list":["post-52752","post","type-post","status-publish","format-standard","has-post-thumbnail","hentry","category-photo","category-politique","category-to-homepage","category-top-nouvelles","category-toutes-les-actualites","tag-africa-press","tag-africa-press-tchad","tag-tchad"],"yoast_head":"<!-- This site is optimized with the Yoast SEO Premium plugin v26.1 (Yoast SEO v27.0) - https:\/\/yoast.com\/product\/yoast-seo-premium-wordpress\/ -->\n<title>Transition au La Francophonie d\u00e9p\u00eache une d\u00e9l\u00e9gation \u00e0 Ndjamena - tchad<\/title>\n<meta name=\"description\" content=\"Au Tchad le ministre d\u2019E\u0301tat en charge des Affaires e\u0301trange\u0300res, des Tchadiens de l\u2019E\u0301tranger et de la Coope\u0301ration Int ...\" \/>\n<meta name=\"robots\" content=\"index, follow, max-snippet:-1, max-image-preview:large, max-video-preview:-1\" \/>\n<link rel=\"canonical\" href=\"https:\/\/www.africa-press.net\/tchad\/politique\/transition-au-la-francophonie-depeche-une-delegation-a-ndjamena\" \/>\n<meta property=\"og:locale\" content=\"fr_FR\" \/>\n<meta property=\"og:type\" content=\"article\" \/>\n<meta property=\"og:title\" content=\"Transition au La Francophonie d\u00e9p\u00eache une d\u00e9l\u00e9gation \u00e0 Ndjamena\" \/>\n<meta property=\"og:description\" content=\"Au Tchad le ministre d\u2019E\u0301tat en charge des Affaires e\u0301trange\u0300res, des Tchadiens de l\u2019E\u0301tranger et de la Coope\u0301ration Int ...\" \/>\n<meta property=\"og:url\" content=\"https:\/\/www.africa-press.net\/tchad\/politique\/transition-au-la-francophonie-depeche-une-delegation-a-ndjamena\" \/>\n<meta property=\"og:site_name\" content=\"tchad\" \/>\n<meta property=\"article:published_time\" content=\"2023-10-23T15:21:34+00:00\" \/>\n<meta property=\"article:modified_time\" content=\"2023-10-23T15:29:24+00:00\" \/>\n<meta property=\"og:image\" content=\"https:\/\/static.africa-press.net\/tchad\/sites\/41\/2023\/10\/sm_1698062329.260125.jpg\" \/>\n\t<meta property=\"og:image:width\" content=\"720\" \/>\n\t<meta property=\"og:image:height\" content=\"480\" \/>\n\t<meta property=\"og:image:type\" content=\"image\/jpeg\" \/>\n<meta name=\"author\" content=\"cfeditorfr\" \/>\n<meta name=\"twitter:card\" content=\"summary_large_image\" \/>\n<meta name=\"twitter:label1\" content=\"\u00c9crit par\" \/>\n\t<meta name=\"twitter:data1\" content=\"cfeditorfr\" \/>\n\t<meta name=\"twitter:label2\" content=\"Dur\u00e9e de lecture estim\u00e9e\" \/>\n\t<meta name=\"twitter:data2\" content=\"2 minutes\" \/>\n<script type=\"application\/ld+json\" class=\"yoast-schema-graph\">{\"@context\":\"https:\/\/schema.org\",\"@graph\":[{\"@type\":\"Article\",\"@id\":\"https:\/\/www.africa-press.net\/tchad\/politique\/transition-au-la-francophonie-depeche-une-delegation-a-ndjamena#article\",\"isPartOf\":{\"@id\":\"https:\/\/www.africa-press.net\/tchad\/politique\/transition-au-la-francophonie-depeche-une-delegation-a-ndjamena\"},\"author\":{\"name\":\"cfeditorfr\",\"@id\":\"https:\/\/www.africa-press.net\/tchad\/#\/schema\/person\/2b1cf3cd81a31e3cd26889ca66d677f1\"},\"headline\":\"Transition au La Francophonie d\u00e9p\u00eache une d\u00e9l\u00e9gation \u00e0 Ndjamena\",\"datePublished\":\"2023-10-23T15:21:34+00:00\",\"dateModified\":\"2023-10-23T15:29:24+00:00\",\"mainEntityOfPage\":{\"@id\":\"https:\/\/www.africa-press.net\/tchad\/politique\/transition-au-la-francophonie-depeche-une-delegation-a-ndjamena\"},\"wordCount\":358,\"commentCount\":0,\"image\":{\"@id\":\"https:\/\/www.africa-press.net\/tchad\/politique\/transition-au-la-francophonie-depeche-une-delegation-a-ndjamena#primaryimage\"},\"thumbnailUrl\":\"https:\/\/static.africa-press.net\/tchad\/sites\/41\/2023\/10\/sm_1698062329.260125.jpg\",\"keywords\":[\"Africa Press\",\"Africa Press-Tchad\",\"Tchad\"],\"articleSection\":[\"Photo\",\"Politique\",\"to-homepage\",\"Top Nouvelles\",\"Toutes les actualit\u00e9s\"],\"inLanguage\":\"fr-FR\",\"potentialAction\":[{\"@type\":\"CommentAction\",\"name\":\"Comment\",\"target\":[\"https:\/\/www.africa-press.net\/tchad\/politique\/transition-au-la-francophonie-depeche-une-delegation-a-ndjamena#respond\"]}]},{\"@type\":\"WebPage\",\"@id\":\"https:\/\/www.africa-press.net\/tchad\/politique\/transition-au-la-francophonie-depeche-une-delegation-a-ndjamena\",\"url\":\"https:\/\/www.africa-press.net\/tchad\/politique\/transition-au-la-francophonie-depeche-une-delegation-a-ndjamena\",\"name\":\"Transition au La Francophonie d\u00e9p\u00eache une d\u00e9l\u00e9gation \u00e0 Ndjamena - tchad\",\"isPartOf\":{\"@id\":\"https:\/\/www.africa-press.net\/tchad\/#website\"},\"primaryImageOfPage\":{\"@id\":\"https:\/\/www.africa-press.net\/tchad\/politique\/transition-au-la-francophonie-depeche-une-delegation-a-ndjamena#primaryimage\"},\"image\":{\"@id\":\"https:\/\/www.africa-press.net\/tchad\/politique\/transition-au-la-francophonie-depeche-une-delegation-a-ndjamena#primaryimage\"},\"thumbnailUrl\":\"https:\/\/static.africa-press.net\/tchad\/sites\/41\/2023\/10\/sm_1698062329.260125.jpg\",\"datePublished\":\"2023-10-23T15:21:34+00:00\",\"dateModified\":\"2023-10-23T15:29:24+00:00\",\"author\":{\"@id\":\"https:\/\/www.africa-press.net\/tchad\/#\/schema\/person\/2b1cf3cd81a31e3cd26889ca66d677f1\"},\"description\":\"Au Tchad le ministre d\u2019E\u0301tat en charge des Affaires e\u0301trange\u0300res, des Tchadiens de l\u2019E\u0301tranger et de la Coope\u0301ration Int ...\",\"breadcrumb\":{\"@id\":\"https:\/\/www.africa-press.net\/tchad\/politique\/transition-au-la-francophonie-depeche-une-delegation-a-ndjamena#breadcrumb\"},\"inLanguage\":\"fr-FR\",\"potentialAction\":[{\"@type\":\"ReadAction\",\"target\":[\"https:\/\/www.africa-press.net\/tchad\/politique\/transition-au-la-francophonie-depeche-une-delegation-a-ndjamena\"]}]},{\"@type\":\"ImageObject\",\"inLanguage\":\"fr-FR\",\"@id\":\"https:\/\/www.africa-press.net\/tchad\/politique\/transition-au-la-francophonie-depeche-une-delegation-a-ndjamena#primaryimage\",\"url\":\"https:\/\/static.africa-press.net\/tchad\/sites\/41\/2023\/10\/sm_1698062329.260125.jpg\",\"contentUrl\":\"https:\/\/static.africa-press.net\/tchad\/sites\/41\/2023\/10\/sm_1698062329.260125.jpg\",\"width\":720,\"height\":480,\"caption\":\"Transition au La Francophonie d\u00e9p\u00eache une d\u00e9l\u00e9gation \u00e0 Ndjamena\"},{\"@type\":\"BreadcrumbList\",\"@id\":\"https:\/\/www.africa-press.net\/tchad\/politique\/transition-au-la-francophonie-depeche-une-delegation-a-ndjamena#breadcrumb\",\"itemListElement\":[{\"@type\":\"ListItem\",\"position\":1,\"name\":\"Accueil\",\"item\":\"https:\/\/www.africa-press.net\/tchad\/\"},{\"@type\":\"ListItem\",\"position\":2,\"name\":\"Transition au La Francophonie d\u00e9p\u00eache une d\u00e9l\u00e9gation \u00e0 Ndjamena\"}]},{\"@type\":\"WebSite\",\"@id\":\"https:\/\/www.africa-press.net\/tchad\/#website\",\"url\":\"https:\/\/www.africa-press.net\/tchad\/\",\"name\":\"tchad\",\"description\":\"Just another Africa News Agency Sites site\",\"potentialAction\":[{\"@type\":\"SearchAction\",\"target\":{\"@type\":\"EntryPoint\",\"urlTemplate\":\"https:\/\/www.africa-press.net\/tchad\/?s={search_term_string}\"},\"query-input\":{\"@type\":\"PropertyValueSpecification\",\"valueRequired\":true,\"valueName\":\"search_term_string\"}}],\"inLanguage\":\"fr-FR\"},{\"@type\":\"Person\",\"@id\":\"https:\/\/www.africa-press.net\/tchad\/#\/schema\/person\/2b1cf3cd81a31e3cd26889ca66d677f1\",\"name\":\"cfeditorfr\"}]}<\/script>\n<!-- \/ Yoast SEO Premium plugin. -->","yoast_head_json":{"title":"Transition au La Francophonie d\u00e9p\u00eache une d\u00e9l\u00e9gation \u00e0 Ndjamena - tchad","description":"Au Tchad le ministre d\u2019E\u0301tat en charge des Affaires e\u0301trange\u0300res, des Tchadiens de l\u2019E\u0301tranger et de la Coope\u0301ration Int ...","robots":{"index":"index","follow":"follow","max-snippet":"max-snippet:-1","max-image-preview":"max-image-preview:large","max-video-preview":"max-video-preview:-1"},"canonical":"https:\/\/www.africa-press.net\/tchad\/politique\/transition-au-la-francophonie-depeche-une-delegation-a-ndjamena","og_locale":"fr_FR","og_type":"article","og_title":"Transition au La Francophonie d\u00e9p\u00eache une d\u00e9l\u00e9gation \u00e0 Ndjamena","og_description":"Au Tchad le ministre d\u2019E\u0301tat en charge des Affaires e\u0301trange\u0300res, des Tchadiens de l\u2019E\u0301tranger et de la Coope\u0301ration Int ...","og_url":"https:\/\/www.africa-press.net\/tchad\/politique\/transition-au-la-francophonie-depeche-une-delegation-a-ndjamena","og_site_name":"tchad","article_published_time":"2023-10-23T15:21:34+00:00","article_modified_time":"2023-10-23T15:29:24+00:00","og_image":[{"width":720,"height":480,"url":"https:\/\/static.africa-press.net\/tchad\/sites\/41\/2023\/10\/sm_1698062329.260125.jpg","type":"image\/jpeg"}],"author":"cfeditorfr","twitter_card":"summary_large_image","twitter_misc":{"\u00c9crit par":"cfeditorfr","Dur\u00e9e de lecture estim\u00e9e":"2 minutes"},"schema":{"@context":"https:\/\/schema.org","@graph":[{"@type":"Article","@id":"https:\/\/www.africa-press.net\/tchad\/politique\/transition-au-la-francophonie-depeche-une-delegation-a-ndjamena#article","isPartOf":{"@id":"https:\/\/www.africa-press.net\/tchad\/politique\/transition-au-la-francophonie-depeche-une-delegation-a-ndjamena"},"author":{"name":"cfeditorfr","@id":"https:\/\/www.africa-press.net\/tchad\/#\/schema\/person\/2b1cf3cd81a31e3cd26889ca66d677f1"},"headline":"Transition au La Francophonie d\u00e9p\u00eache une d\u00e9l\u00e9gation \u00e0 Ndjamena","datePublished":"2023-10-23T15:21:34+00:00","dateModified":"2023-10-23T15:29:24+00:00","mainEntityOfPage":{"@id":"https:\/\/www.africa-press.net\/tchad\/politique\/transition-au-la-francophonie-depeche-une-delegation-a-ndjamena"},"wordCount":358,"commentCount":0,"image":{"@id":"https:\/\/www.africa-press.net\/tchad\/politique\/transition-au-la-francophonie-depeche-une-delegation-a-ndjamena#primaryimage"},"thumbnailUrl":"https:\/\/static.africa-press.net\/tchad\/sites\/41\/2023\/10\/sm_1698062329.260125.jpg","keywords":["Africa Press","Africa Press-Tchad","Tchad"],"articleSection":["Photo","Politique","to-homepage","Top Nouvelles","Toutes les actualit\u00e9s"],"inLanguage":"fr-FR","potentialAction":[{"@type":"CommentAction","name":"Comment","target":["https:\/\/www.africa-press.net\/tchad\/politique\/transition-au-la-francophonie-depeche-une-delegation-a-ndjamena#respond"]}]},{"@type":"WebPage","@id":"https:\/\/www.africa-press.net\/tchad\/politique\/transition-au-la-francophonie-depeche-une-delegation-a-ndjamena","url":"https:\/\/www.africa-press.net\/tchad\/politique\/transition-au-la-francophonie-depeche-une-delegation-a-ndjamena","name":"Transition au La Francophonie d\u00e9p\u00eache une d\u00e9l\u00e9gation \u00e0 Ndjamena - tchad","isPartOf":{"@id":"https:\/\/www.africa-press.net\/tchad\/#website"},"primaryImageOfPage":{"@id":"https:\/\/www.africa-press.net\/tchad\/politique\/transition-au-la-francophonie-depeche-une-delegation-a-ndjamena#primaryimage"},"image":{"@id":"https:\/\/www.africa-press.net\/tchad\/politique\/transition-au-la-francophonie-depeche-une-delegation-a-ndjamena#primaryimage"},"thumbnailUrl":"https:\/\/static.africa-press.net\/tchad\/sites\/41\/2023\/10\/sm_1698062329.260125.jpg","datePublished":"2023-10-23T15:21:34+00:00","dateModified":"2023-10-23T15:29:24+00:00","author":{"@id":"https:\/\/www.africa-press.net\/tchad\/#\/schema\/person\/2b1cf3cd81a31e3cd26889ca66d677f1"},"description":"Au Tchad le ministre d\u2019E\u0301tat en charge des Affaires e\u0301trange\u0300res, des Tchadiens de l\u2019E\u0301tranger et de la Coope\u0301ration Int ...","breadcrumb":{"@id":"https:\/\/www.africa-press.net\/tchad\/politique\/transition-au-la-francophonie-depeche-une-delegation-a-ndjamena#breadcrumb"},"inLanguage":"fr-FR","potentialAction":[{"@type":"ReadAction","target":["https:\/\/www.africa-press.net\/tchad\/politique\/transition-au-la-francophonie-depeche-une-delegation-a-ndjamena"]}]},{"@type":"ImageObject","inLanguage":"fr-FR","@id":"https:\/\/www.africa-press.net\/tchad\/politique\/transition-au-la-francophonie-depeche-une-delegation-a-ndjamena#primaryimage","url":"https:\/\/static.africa-press.net\/tchad\/sites\/41\/2023\/10\/sm_1698062329.260125.jpg","contentUrl":"https:\/\/static.africa-press.net\/tchad\/sites\/41\/2023\/10\/sm_1698062329.260125.jpg","width":720,"height":480,"caption":"Transition au La Francophonie d\u00e9p\u00eache une d\u00e9l\u00e9gation \u00e0 Ndjamena"},{"@type":"BreadcrumbList","@id":"https:\/\/www.africa-press.net\/tchad\/politique\/transition-au-la-francophonie-depeche-une-delegation-a-ndjamena#breadcrumb","itemListElement":[{"@type":"ListItem","position":1,"name":"Accueil","item":"https:\/\/www.africa-press.net\/tchad\/"},{"@type":"ListItem","position":2,"name":"Transition au La Francophonie d\u00e9p\u00eache une d\u00e9l\u00e9gation \u00e0 Ndjamena"}]},{"@type":"WebSite","@id":"https:\/\/www.africa-press.net\/tchad\/#website","url":"https:\/\/www.africa-press.net\/tchad\/","name":"tchad","description":"Just another Africa News Agency Sites site","potentialAction":[{"@type":"SearchAction","target":{"@type":"EntryPoint","urlTemplate":"https:\/\/www.africa-press.net\/tchad\/?s={search_term_string}"},"query-input":{"@type":"PropertyValueSpecification","valueRequired":true,"valueName":"search_term_string"}}],"inLanguage":"fr-FR"},{"@type":"Person","@id":"https:\/\/www.africa-press.net\/tchad\/#\/schema\/person\/2b1cf3cd81a31e3cd26889ca66d677f1","name":"cfeditorfr"}]}},"_links":{"self":[{"href":"https:\/\/www.africa-press.net\/tchad\/wp-json\/wp\/v2\/posts\/52752","targetHints":{"allow":["GET"]}}],"collection":[{"href":"https:\/\/www.africa-press.net\/tchad\/wp-json\/wp\/v2\/posts"}],"about":[{"href":"https:\/\/www.africa-press.net\/tchad\/wp-json\/wp\/v2\/types\/post"}],"author":[{"embeddable":true,"href":"https:\/\/www.africa-press.net\/tchad\/wp-json\/wp\/v2\/users\/82"}],"replies":[{"embeddable":true,"href":"https:\/\/www.africa-press.net\/tchad\/wp-json\/wp\/v2\/comments?post=52752"}],"version-history":[{"count":0,"href":"https:\/\/www.africa-press.net\/tchad\/wp-json\/wp\/v2\/posts\/52752\/revisions"}],"wp:featuredmedia":[{"embeddable":true,"href":"https:\/\/www.africa-press.net\/tchad\/wp-json\/wp\/v2\/media\/52751"}],"wp:attachment":[{"href":"https:\/\/www.africa-press.net\/tchad\/wp-json\/wp\/v2\/media?parent=52752"}],"wp:term":[{"taxonomy":"category","embeddable":true,"href":"https:\/\/www.africa-press.net\/tchad\/wp-json\/wp\/v2\/categories?post=52752"},{"taxonomy":"post_tag","embeddable":true,"href":"https:\/\/www.africa-press.net\/tchad\/wp-json\/wp\/v2\/tags?post=52752"}],"curies":[{"name":"wp","href":"https:\/\/api.w.org\/{rel}","templated":true}]}}