{"id":52764,"date":"2023-10-24T06:09:23","date_gmt":"2023-10-24T06:09:23","guid":{"rendered":"https:\/\/www.africa-press.net\/tchad\/politique\/lac-birnigoni-une-ile-discutee-par-le-tchad-et-le-cameroun"},"modified":"2023-10-24T06:33:31","modified_gmt":"2023-10-24T06:33:31","slug":"lac-birnigoni-une-ile-discutee-par-le-tchad-et-le-cameroun","status":"publish","type":"post","link":"https:\/\/www.africa-press.net\/tchad\/politique\/lac-birnigoni-une-ile-discutee-par-le-tchad-et-le-cameroun","title":{"rendered":"Lac  Birnigoni, une \u00eele discut\u00e9e par le Tchad et le Cameroun"},"content":{"rendered":"<p><span style=\"color: #ff6600\"><strong>Africa-Press &#8211; Tchad. <\/strong><\/span>Birnigouni est une i\u0302le situe\u0301e dans le lac Tchad est devenue un proble\u0300me entre le Tchad et le Cameroun. Cette i\u0302le est occupe\u0301e par l&rsquo;arme\u0301e nationale tchadienne vu son pour combattre la secte ne\u0301buleuse de Boko Haram, car celle-ci constitue un couloir de mobilite\u0301 pour Boko Haram. Les autorite\u0301s camerounaises ont par la suite de\u0301clare\u0301 que cette partie de terre leur revient de droit, ce qui les permet de demander le retrait des militaires tchadiens.<\/p>\n<p>Le repre\u0301sentant de Chef d&rsquo;e\u0301tat major ge\u0301ne\u0301ral d&rsquo;arme\u0301es, le Ge\u0301ne\u0301ral a de\u0301clare\u0301 que les autorite\u0301s militaires du Tchad ont retire\u0301 les militaires qui se trouvent dans cette i\u0302le pour favoriser le dialogue entre les deux parties jusqu&rsquo;a\u0300 ce qu&rsquo;une solution pacifique soit trouve\u0301e.<\/p>\n<p>En qualite\u0301 de facilitateur, la force mixte multinationale, par la voie de son commandant adjoint a souligne\u0301 que cette question ne peut pas e\u0302tre re\u0301solue par les militaires. Il s&rsquo;agit d&rsquo;une question de territoire et pour cette question ce sont les autorite\u0301s administratives qui sont habilite\u0301es a\u0300 trancher, a de\u0301clare\u0301 le le Ge\u0301ne\u0301ral Mahamat Yaya Mahamat, commandant adjoint de la force mixte multinationale.<\/p>\n<p>La se\u0301curite\u0301 de l&rsquo;i\u0302le et la population qui s&rsquo;y trouvent e\u0301tant la priorite\u0301 de deux parties, un compromis e\u0301tait trouve\u0301, notamment la mise en place d&rsquo;une force mixte qui sera charge\u0301e de la se\u0301curite\u0301 de la population en attendant de trouver une solution finale a\u0300 ce litige.<\/p>\n<p><strong>Pour plus d&rsquo;informations et d&rsquo;analyses sur la <a href=\"https:\/\/www.africa-press.net\/tchad\">Tchad<\/a>, suivez <a href=\"https:\/\/www.africa-press.net\/\">Africa-Press<\/a><\/strong><\/p>\n","protected":false},"excerpt":{"rendered":"<p>Africa-Press &#8211; Tchad. Birnigouni est une i\u0302le situe\u0301e dans le lac Tchad est devenue un proble\u0300me entre le Tchad et le Cameroun. Cette i\u0302le est occupe\u0301e par l&rsquo;arme\u0301e nationale tchadienne vu son pour combattre la secte ne\u0301buleuse de Boko Haram, car celle-ci constitue un couloir de mobilite\u0301 pour Boko Haram. Les autorite\u0301s camerounaises ont par [&hellip;]<\/p>\n","protected":false},"author":82,"featured_media":52763,"comment_status":"open","ping_status":"closed","sticky":false,"template":"","format":"standard","meta":{"footnotes":""},"categories":[2,20,10],"tags":[37,292,29],"class_list":["post-52764","post","type-post","status-publish","format-standard","has-post-thumbnail","hentry","category-politique","category-top-nouvelles","category-toutes-les-actualites","tag-africa-press","tag-africa-press-tchad","tag-tchad"],"yoast_head":"<!-- This site is optimized with the Yoast SEO Premium plugin v26.1 (Yoast SEO v27.0) - https:\/\/yoast.com\/product\/yoast-seo-premium-wordpress\/ -->\n<title>Lac Birnigoni, une \u00eele discut\u00e9e par le Tchad et le Cameroun - tchad<\/title>\n<meta name=\"description\" content=\"Birnigouni est une i\u0302le situe\u0301e dans le lac Tchad est devenue un proble\u0300me entre le Tchad et le Cameroun. Cette i\u0302le est ...\" \/>\n<meta name=\"robots\" content=\"index, follow, max-snippet:-1, max-image-preview:large, max-video-preview:-1\" \/>\n<link rel=\"canonical\" href=\"https:\/\/www.africa-press.net\/tchad\/politique\/lac-birnigoni-une-ile-discutee-par-le-tchad-et-le-cameroun\" \/>\n<meta property=\"og:locale\" content=\"fr_FR\" \/>\n<meta property=\"og:type\" content=\"article\" \/>\n<meta property=\"og:title\" content=\"Lac Birnigoni, une \u00eele discut\u00e9e par le Tchad et le Cameroun\" \/>\n<meta property=\"og:description\" content=\"Birnigouni est une i\u0302le situe\u0301e dans le lac Tchad est devenue un proble\u0300me entre le Tchad et le Cameroun. Cette i\u0302le est ...\" \/>\n<meta property=\"og:url\" content=\"https:\/\/www.africa-press.net\/tchad\/politique\/lac-birnigoni-une-ile-discutee-par-le-tchad-et-le-cameroun\" \/>\n<meta property=\"og:site_name\" content=\"tchad\" \/>\n<meta property=\"article:published_time\" content=\"2023-10-24T06:09:23+00:00\" \/>\n<meta property=\"article:modified_time\" content=\"2023-10-24T06:33:31+00:00\" \/>\n<meta property=\"og:image\" content=\"https:\/\/static.africa-press.net\/tchad\/sites\/41\/2023\/10\/sm_1698116509.026898.jpg\" \/>\n\t<meta property=\"og:image:width\" content=\"1020\" \/>\n\t<meta property=\"og:image:height\" content=\"459\" \/>\n\t<meta property=\"og:image:type\" content=\"image\/jpeg\" \/>\n<meta name=\"author\" content=\"cfeditorfr\" \/>\n<meta name=\"twitter:card\" content=\"summary_large_image\" \/>\n<meta name=\"twitter:label1\" content=\"\u00c9crit par\" \/>\n\t<meta name=\"twitter:data1\" content=\"cfeditorfr\" \/>\n\t<meta name=\"twitter:label2\" content=\"Dur\u00e9e de lecture estim\u00e9e\" \/>\n\t<meta name=\"twitter:data2\" content=\"2 minutes\" \/>\n<script type=\"application\/ld+json\" class=\"yoast-schema-graph\">{\"@context\":\"https:\/\/schema.org\",\"@graph\":[{\"@type\":\"Article\",\"@id\":\"https:\/\/www.africa-press.net\/tchad\/politique\/lac-birnigoni-une-ile-discutee-par-le-tchad-et-le-cameroun#article\",\"isPartOf\":{\"@id\":\"https:\/\/www.africa-press.net\/tchad\/politique\/lac-birnigoni-une-ile-discutee-par-le-tchad-et-le-cameroun\"},\"author\":{\"name\":\"cfeditorfr\",\"@id\":\"https:\/\/www.africa-press.net\/tchad\/#\/schema\/person\/2b1cf3cd81a31e3cd26889ca66d677f1\"},\"headline\":\"Lac Birnigoni, une \u00eele discut\u00e9e par le Tchad et le Cameroun\",\"datePublished\":\"2023-10-24T06:09:23+00:00\",\"dateModified\":\"2023-10-24T06:33:31+00:00\",\"mainEntityOfPage\":{\"@id\":\"https:\/\/www.africa-press.net\/tchad\/politique\/lac-birnigoni-une-ile-discutee-par-le-tchad-et-le-cameroun\"},\"wordCount\":298,\"commentCount\":0,\"image\":{\"@id\":\"https:\/\/www.africa-press.net\/tchad\/politique\/lac-birnigoni-une-ile-discutee-par-le-tchad-et-le-cameroun#primaryimage\"},\"thumbnailUrl\":\"https:\/\/static.africa-press.net\/tchad\/sites\/41\/2023\/10\/sm_1698116509.026898.jpg\",\"keywords\":[\"Africa Press\",\"Africa Press-Tchad\",\"Tchad\"],\"articleSection\":[\"Politique\",\"Top Nouvelles\",\"Toutes les actualit\u00e9s\"],\"inLanguage\":\"fr-FR\",\"potentialAction\":[{\"@type\":\"CommentAction\",\"name\":\"Comment\",\"target\":[\"https:\/\/www.africa-press.net\/tchad\/politique\/lac-birnigoni-une-ile-discutee-par-le-tchad-et-le-cameroun#respond\"]}]},{\"@type\":\"WebPage\",\"@id\":\"https:\/\/www.africa-press.net\/tchad\/politique\/lac-birnigoni-une-ile-discutee-par-le-tchad-et-le-cameroun\",\"url\":\"https:\/\/www.africa-press.net\/tchad\/politique\/lac-birnigoni-une-ile-discutee-par-le-tchad-et-le-cameroun\",\"name\":\"Lac Birnigoni, une \u00eele discut\u00e9e par le Tchad et le Cameroun - tchad\",\"isPartOf\":{\"@id\":\"https:\/\/www.africa-press.net\/tchad\/#website\"},\"primaryImageOfPage\":{\"@id\":\"https:\/\/www.africa-press.net\/tchad\/politique\/lac-birnigoni-une-ile-discutee-par-le-tchad-et-le-cameroun#primaryimage\"},\"image\":{\"@id\":\"https:\/\/www.africa-press.net\/tchad\/politique\/lac-birnigoni-une-ile-discutee-par-le-tchad-et-le-cameroun#primaryimage\"},\"thumbnailUrl\":\"https:\/\/static.africa-press.net\/tchad\/sites\/41\/2023\/10\/sm_1698116509.026898.jpg\",\"datePublished\":\"2023-10-24T06:09:23+00:00\",\"dateModified\":\"2023-10-24T06:33:31+00:00\",\"author\":{\"@id\":\"https:\/\/www.africa-press.net\/tchad\/#\/schema\/person\/2b1cf3cd81a31e3cd26889ca66d677f1\"},\"description\":\"Birnigouni est une i\u0302le situe\u0301e dans le lac Tchad est devenue un proble\u0300me entre le Tchad et le Cameroun. Cette i\u0302le est ...\",\"breadcrumb\":{\"@id\":\"https:\/\/www.africa-press.net\/tchad\/politique\/lac-birnigoni-une-ile-discutee-par-le-tchad-et-le-cameroun#breadcrumb\"},\"inLanguage\":\"fr-FR\",\"potentialAction\":[{\"@type\":\"ReadAction\",\"target\":[\"https:\/\/www.africa-press.net\/tchad\/politique\/lac-birnigoni-une-ile-discutee-par-le-tchad-et-le-cameroun\"]}]},{\"@type\":\"ImageObject\",\"inLanguage\":\"fr-FR\",\"@id\":\"https:\/\/www.africa-press.net\/tchad\/politique\/lac-birnigoni-une-ile-discutee-par-le-tchad-et-le-cameroun#primaryimage\",\"url\":\"https:\/\/static.africa-press.net\/tchad\/sites\/41\/2023\/10\/sm_1698116509.026898.jpg\",\"contentUrl\":\"https:\/\/static.africa-press.net\/tchad\/sites\/41\/2023\/10\/sm_1698116509.026898.jpg\",\"width\":1020,\"height\":459,\"caption\":\"Lac Birnigoni, une \u00eele discut\u00e9e par le Tchad et le Cameroun\"},{\"@type\":\"BreadcrumbList\",\"@id\":\"https:\/\/www.africa-press.net\/tchad\/politique\/lac-birnigoni-une-ile-discutee-par-le-tchad-et-le-cameroun#breadcrumb\",\"itemListElement\":[{\"@type\":\"ListItem\",\"position\":1,\"name\":\"Accueil\",\"item\":\"https:\/\/www.africa-press.net\/tchad\/\"},{\"@type\":\"ListItem\",\"position\":2,\"name\":\"Lac Birnigoni, une \u00eele discut\u00e9e par le Tchad et le Cameroun\"}]},{\"@type\":\"WebSite\",\"@id\":\"https:\/\/www.africa-press.net\/tchad\/#website\",\"url\":\"https:\/\/www.africa-press.net\/tchad\/\",\"name\":\"tchad\",\"description\":\"Just another Africa News Agency Sites site\",\"potentialAction\":[{\"@type\":\"SearchAction\",\"target\":{\"@type\":\"EntryPoint\",\"urlTemplate\":\"https:\/\/www.africa-press.net\/tchad\/?s={search_term_string}\"},\"query-input\":{\"@type\":\"PropertyValueSpecification\",\"valueRequired\":true,\"valueName\":\"search_term_string\"}}],\"inLanguage\":\"fr-FR\"},{\"@type\":\"Person\",\"@id\":\"https:\/\/www.africa-press.net\/tchad\/#\/schema\/person\/2b1cf3cd81a31e3cd26889ca66d677f1\",\"name\":\"cfeditorfr\"}]}<\/script>\n<!-- \/ Yoast SEO Premium plugin. -->","yoast_head_json":{"title":"Lac Birnigoni, une \u00eele discut\u00e9e par le Tchad et le Cameroun - tchad","description":"Birnigouni est une i\u0302le situe\u0301e dans le lac Tchad est devenue un proble\u0300me entre le Tchad et le Cameroun. Cette i\u0302le est ...","robots":{"index":"index","follow":"follow","max-snippet":"max-snippet:-1","max-image-preview":"max-image-preview:large","max-video-preview":"max-video-preview:-1"},"canonical":"https:\/\/www.africa-press.net\/tchad\/politique\/lac-birnigoni-une-ile-discutee-par-le-tchad-et-le-cameroun","og_locale":"fr_FR","og_type":"article","og_title":"Lac Birnigoni, une \u00eele discut\u00e9e par le Tchad et le Cameroun","og_description":"Birnigouni est une i\u0302le situe\u0301e dans le lac Tchad est devenue un proble\u0300me entre le Tchad et le Cameroun. Cette i\u0302le est ...","og_url":"https:\/\/www.africa-press.net\/tchad\/politique\/lac-birnigoni-une-ile-discutee-par-le-tchad-et-le-cameroun","og_site_name":"tchad","article_published_time":"2023-10-24T06:09:23+00:00","article_modified_time":"2023-10-24T06:33:31+00:00","og_image":[{"width":1020,"height":459,"url":"https:\/\/static.africa-press.net\/tchad\/sites\/41\/2023\/10\/sm_1698116509.026898.jpg","type":"image\/jpeg"}],"author":"cfeditorfr","twitter_card":"summary_large_image","twitter_misc":{"\u00c9crit par":"cfeditorfr","Dur\u00e9e de lecture estim\u00e9e":"2 minutes"},"schema":{"@context":"https:\/\/schema.org","@graph":[{"@type":"Article","@id":"https:\/\/www.africa-press.net\/tchad\/politique\/lac-birnigoni-une-ile-discutee-par-le-tchad-et-le-cameroun#article","isPartOf":{"@id":"https:\/\/www.africa-press.net\/tchad\/politique\/lac-birnigoni-une-ile-discutee-par-le-tchad-et-le-cameroun"},"author":{"name":"cfeditorfr","@id":"https:\/\/www.africa-press.net\/tchad\/#\/schema\/person\/2b1cf3cd81a31e3cd26889ca66d677f1"},"headline":"Lac Birnigoni, une \u00eele discut\u00e9e par le Tchad et le Cameroun","datePublished":"2023-10-24T06:09:23+00:00","dateModified":"2023-10-24T06:33:31+00:00","mainEntityOfPage":{"@id":"https:\/\/www.africa-press.net\/tchad\/politique\/lac-birnigoni-une-ile-discutee-par-le-tchad-et-le-cameroun"},"wordCount":298,"commentCount":0,"image":{"@id":"https:\/\/www.africa-press.net\/tchad\/politique\/lac-birnigoni-une-ile-discutee-par-le-tchad-et-le-cameroun#primaryimage"},"thumbnailUrl":"https:\/\/static.africa-press.net\/tchad\/sites\/41\/2023\/10\/sm_1698116509.026898.jpg","keywords":["Africa Press","Africa Press-Tchad","Tchad"],"articleSection":["Politique","Top Nouvelles","Toutes les actualit\u00e9s"],"inLanguage":"fr-FR","potentialAction":[{"@type":"CommentAction","name":"Comment","target":["https:\/\/www.africa-press.net\/tchad\/politique\/lac-birnigoni-une-ile-discutee-par-le-tchad-et-le-cameroun#respond"]}]},{"@type":"WebPage","@id":"https:\/\/www.africa-press.net\/tchad\/politique\/lac-birnigoni-une-ile-discutee-par-le-tchad-et-le-cameroun","url":"https:\/\/www.africa-press.net\/tchad\/politique\/lac-birnigoni-une-ile-discutee-par-le-tchad-et-le-cameroun","name":"Lac Birnigoni, une \u00eele discut\u00e9e par le Tchad et le Cameroun - tchad","isPartOf":{"@id":"https:\/\/www.africa-press.net\/tchad\/#website"},"primaryImageOfPage":{"@id":"https:\/\/www.africa-press.net\/tchad\/politique\/lac-birnigoni-une-ile-discutee-par-le-tchad-et-le-cameroun#primaryimage"},"image":{"@id":"https:\/\/www.africa-press.net\/tchad\/politique\/lac-birnigoni-une-ile-discutee-par-le-tchad-et-le-cameroun#primaryimage"},"thumbnailUrl":"https:\/\/static.africa-press.net\/tchad\/sites\/41\/2023\/10\/sm_1698116509.026898.jpg","datePublished":"2023-10-24T06:09:23+00:00","dateModified":"2023-10-24T06:33:31+00:00","author":{"@id":"https:\/\/www.africa-press.net\/tchad\/#\/schema\/person\/2b1cf3cd81a31e3cd26889ca66d677f1"},"description":"Birnigouni est une i\u0302le situe\u0301e dans le lac Tchad est devenue un proble\u0300me entre le Tchad et le Cameroun. Cette i\u0302le est ...","breadcrumb":{"@id":"https:\/\/www.africa-press.net\/tchad\/politique\/lac-birnigoni-une-ile-discutee-par-le-tchad-et-le-cameroun#breadcrumb"},"inLanguage":"fr-FR","potentialAction":[{"@type":"ReadAction","target":["https:\/\/www.africa-press.net\/tchad\/politique\/lac-birnigoni-une-ile-discutee-par-le-tchad-et-le-cameroun"]}]},{"@type":"ImageObject","inLanguage":"fr-FR","@id":"https:\/\/www.africa-press.net\/tchad\/politique\/lac-birnigoni-une-ile-discutee-par-le-tchad-et-le-cameroun#primaryimage","url":"https:\/\/static.africa-press.net\/tchad\/sites\/41\/2023\/10\/sm_1698116509.026898.jpg","contentUrl":"https:\/\/static.africa-press.net\/tchad\/sites\/41\/2023\/10\/sm_1698116509.026898.jpg","width":1020,"height":459,"caption":"Lac Birnigoni, une \u00eele discut\u00e9e par le Tchad et le Cameroun"},{"@type":"BreadcrumbList","@id":"https:\/\/www.africa-press.net\/tchad\/politique\/lac-birnigoni-une-ile-discutee-par-le-tchad-et-le-cameroun#breadcrumb","itemListElement":[{"@type":"ListItem","position":1,"name":"Accueil","item":"https:\/\/www.africa-press.net\/tchad\/"},{"@type":"ListItem","position":2,"name":"Lac Birnigoni, une \u00eele discut\u00e9e par le Tchad et le Cameroun"}]},{"@type":"WebSite","@id":"https:\/\/www.africa-press.net\/tchad\/#website","url":"https:\/\/www.africa-press.net\/tchad\/","name":"tchad","description":"Just another Africa News Agency Sites site","potentialAction":[{"@type":"SearchAction","target":{"@type":"EntryPoint","urlTemplate":"https:\/\/www.africa-press.net\/tchad\/?s={search_term_string}"},"query-input":{"@type":"PropertyValueSpecification","valueRequired":true,"valueName":"search_term_string"}}],"inLanguage":"fr-FR"},{"@type":"Person","@id":"https:\/\/www.africa-press.net\/tchad\/#\/schema\/person\/2b1cf3cd81a31e3cd26889ca66d677f1","name":"cfeditorfr"}]}},"_links":{"self":[{"href":"https:\/\/www.africa-press.net\/tchad\/wp-json\/wp\/v2\/posts\/52764","targetHints":{"allow":["GET"]}}],"collection":[{"href":"https:\/\/www.africa-press.net\/tchad\/wp-json\/wp\/v2\/posts"}],"about":[{"href":"https:\/\/www.africa-press.net\/tchad\/wp-json\/wp\/v2\/types\/post"}],"author":[{"embeddable":true,"href":"https:\/\/www.africa-press.net\/tchad\/wp-json\/wp\/v2\/users\/82"}],"replies":[{"embeddable":true,"href":"https:\/\/www.africa-press.net\/tchad\/wp-json\/wp\/v2\/comments?post=52764"}],"version-history":[{"count":0,"href":"https:\/\/www.africa-press.net\/tchad\/wp-json\/wp\/v2\/posts\/52764\/revisions"}],"wp:featuredmedia":[{"embeddable":true,"href":"https:\/\/www.africa-press.net\/tchad\/wp-json\/wp\/v2\/media\/52763"}],"wp:attachment":[{"href":"https:\/\/www.africa-press.net\/tchad\/wp-json\/wp\/v2\/media?parent=52764"}],"wp:term":[{"taxonomy":"category","embeddable":true,"href":"https:\/\/www.africa-press.net\/tchad\/wp-json\/wp\/v2\/categories?post=52764"},{"taxonomy":"post_tag","embeddable":true,"href":"https:\/\/www.africa-press.net\/tchad\/wp-json\/wp\/v2\/tags?post=52764"}],"curies":[{"name":"wp","href":"https:\/\/api.w.org\/{rel}","templated":true}]}}