{"id":52771,"date":"2023-10-24T06:00:40","date_gmt":"2023-10-24T06:00:40","guid":{"rendered":"https:\/\/www.africa-press.net\/tchad\/politique\/le-ministre-des-affaires-etrangeres-du-tchad-recu-a-lome-par-le-president-faure-gnassingbe-2"},"modified":"2023-10-24T17:07:34","modified_gmt":"2023-10-24T17:07:34","slug":"le-ministre-des-affaires-etrangeres-du-tchad-recu-a-lome-par-le-president-faure-gnassingbe-2","status":"publish","type":"post","link":"https:\/\/www.africa-press.net\/tchad\/politique\/le-ministre-des-affaires-etrangeres-du-tchad-recu-a-lome-par-le-president-faure-gnassingbe-2","title":{"rendered":"Le ministre des Affaires \u00e9trang\u00e8res du Tchad re\u00e7u \u00e0 Lom\u00e9 par le Pr\u00e9sident Faure Gnassingb\u00e9"},"content":{"rendered":"<p><span style=\"color: #ff6600\"><strong>Africa-Press &#8211; Tchad. <\/strong><\/span>En marge de la 1e\u0300re e\u0301dition du Forum Paix et Se\u0301curite\u0301 qui s&rsquo;est tenue du 21 au 23 Octobre a\u0300 Lome\u0301, la capitale togolaise, l&rsquo;ambassadeur Mahamat Saleh Annadif \u00ab a e\u0301te\u0301 rec\u0327u par le pre\u0301sident Faure Gnassingbe\u0301, Pre\u0301sident de la Re\u0301publique du Togo, le dimanche 22 Octobre \u00bb, a souligne\u0301 le ministe\u0300re des Affaires e\u0301trange\u0300res du Tchad.<\/p>\n<p>\u00ab Avec le Chef de l\u2019E\u0301tat togolais, plusieurs sujets d&rsquo;inte\u0301re\u0302t commun ont e\u0301te\u0301 aborde\u0301s, notamment la transition en cours au Tchad. A\u0300 cet e\u0301gard, le Chef de la diplomatie tchadienne a exprime\u0301, au nom du Pre\u0301sident de Transition, Pre\u0301sident de la Re\u0301publique, le Ge\u0301ne\u0301ral Mahamat Idriss Deby Itno, et au nom du peuple tchadien, nos remerciements pour le soutien multiple apporte\u0301 au Tchad par la Re\u0301publique s\u0153ur du Togo depuis le de\u0301but de la mise en place de la transition suite au de\u0301ce\u0300s tragique du Mare\u0301chal du Tchad, Idriss Deby Itno \u00bb, a indique\u0301 le ministe\u0300re.<\/p>\n<p><strong>Pour plus d&rsquo;informations et d&rsquo;analyses sur la <a href=\"https:\/\/www.africa-press.net\/tchad\">Tchad<\/a>, suivez <a href=\"https:\/\/www.africa-press.net\/\">Africa-Press<\/a><\/strong><\/p>\n","protected":false},"excerpt":{"rendered":"<p>Africa-Press &#8211; Tchad. En marge de la 1e\u0300re e\u0301dition du Forum Paix et Se\u0301curite\u0301 qui s&rsquo;est tenue du 21 au 23 Octobre a\u0300 Lome\u0301, la capitale togolaise, l&rsquo;ambassadeur Mahamat Saleh Annadif \u00ab a e\u0301te\u0301 rec\u0327u par le pre\u0301sident Faure Gnassingbe\u0301, Pre\u0301sident de la Re\u0301publique du Togo, le dimanche 22 Octobre \u00bb, a souligne\u0301 le ministe\u0300re [&hellip;]<\/p>\n","protected":false},"author":82,"featured_media":52770,"comment_status":"open","ping_status":"closed","sticky":false,"template":"","format":"standard","meta":{"footnotes":""},"categories":[2,10],"tags":[37,292,29],"class_list":["post-52771","post","type-post","status-publish","format-standard","has-post-thumbnail","hentry","category-politique","category-toutes-les-actualites","tag-africa-press","tag-africa-press-tchad","tag-tchad"],"yoast_head":"<!-- This site is optimized with the Yoast SEO Premium plugin v26.1 (Yoast SEO v27.0) - https:\/\/yoast.com\/product\/yoast-seo-premium-wordpress\/ -->\n<title>Le ministre des Affaires \u00e9trang\u00e8res du Tchad re\u00e7u \u00e0 Lom\u00e9 par le Pr\u00e9sident Faure Gnassingb\u00e9 - tchad<\/title>\n<meta name=\"description\" content=\"En marge de la 1e\u0300re e\u0301dition du Forum Paix et Se\u0301curite\u0301 qui s&#039;est tenue du 21 au 23 Octobre a\u0300 Lome\u0301, la capitale togo ...\" \/>\n<meta name=\"robots\" content=\"index, follow, max-snippet:-1, max-image-preview:large, max-video-preview:-1\" \/>\n<link rel=\"canonical\" href=\"https:\/\/www.africa-press.net\/tchad\/politique\/le-ministre-des-affaires-etrangeres-du-tchad-recu-a-lome-par-le-president-faure-gnassingbe-2\" \/>\n<meta property=\"og:locale\" content=\"fr_FR\" \/>\n<meta property=\"og:type\" content=\"article\" \/>\n<meta property=\"og:title\" content=\"Le ministre des Affaires \u00e9trang\u00e8res du Tchad re\u00e7u \u00e0 Lom\u00e9 par le Pr\u00e9sident Faure Gnassingb\u00e9\" \/>\n<meta property=\"og:description\" content=\"En marge de la 1e\u0300re e\u0301dition du Forum Paix et Se\u0301curite\u0301 qui s&#039;est tenue du 21 au 23 Octobre a\u0300 Lome\u0301, la capitale togo ...\" \/>\n<meta property=\"og:url\" content=\"https:\/\/www.africa-press.net\/tchad\/politique\/le-ministre-des-affaires-etrangeres-du-tchad-recu-a-lome-par-le-president-faure-gnassingbe-2\" \/>\n<meta property=\"og:site_name\" content=\"tchad\" \/>\n<meta property=\"article:published_time\" content=\"2023-10-24T06:00:40+00:00\" \/>\n<meta property=\"article:modified_time\" content=\"2023-10-24T17:07:34+00:00\" \/>\n<meta property=\"og:image\" content=\"https:\/\/static.africa-press.net\/tchad\/sites\/41\/2023\/10\/sm_1698116841.561938.jpg\" \/>\n\t<meta property=\"og:image:width\" content=\"960\" \/>\n\t<meta property=\"og:image:height\" content=\"540\" \/>\n\t<meta property=\"og:image:type\" content=\"image\/jpeg\" \/>\n<meta name=\"author\" content=\"cfeditorfr\" \/>\n<meta name=\"twitter:card\" content=\"summary_large_image\" \/>\n<meta name=\"twitter:label1\" content=\"\u00c9crit par\" \/>\n\t<meta name=\"twitter:data1\" content=\"cfeditorfr\" \/>\n\t<meta name=\"twitter:label2\" content=\"Dur\u00e9e de lecture estim\u00e9e\" \/>\n\t<meta name=\"twitter:data2\" content=\"1 minute\" \/>\n<script type=\"application\/ld+json\" class=\"yoast-schema-graph\">{\"@context\":\"https:\/\/schema.org\",\"@graph\":[{\"@type\":\"Article\",\"@id\":\"https:\/\/www.africa-press.net\/tchad\/politique\/le-ministre-des-affaires-etrangeres-du-tchad-recu-a-lome-par-le-president-faure-gnassingbe-2#article\",\"isPartOf\":{\"@id\":\"https:\/\/www.africa-press.net\/tchad\/politique\/le-ministre-des-affaires-etrangeres-du-tchad-recu-a-lome-par-le-president-faure-gnassingbe-2\"},\"author\":{\"name\":\"cfeditorfr\",\"@id\":\"https:\/\/www.africa-press.net\/tchad\/#\/schema\/person\/2b1cf3cd81a31e3cd26889ca66d677f1\"},\"headline\":\"Le ministre des Affaires \u00e9trang\u00e8res du Tchad re\u00e7u \u00e0 Lom\u00e9 par le Pr\u00e9sident Faure Gnassingb\u00e9\",\"datePublished\":\"2023-10-24T06:00:40+00:00\",\"dateModified\":\"2023-10-24T17:07:34+00:00\",\"mainEntityOfPage\":{\"@id\":\"https:\/\/www.africa-press.net\/tchad\/politique\/le-ministre-des-affaires-etrangeres-du-tchad-recu-a-lome-par-le-president-faure-gnassingbe-2\"},\"wordCount\":211,\"commentCount\":0,\"image\":{\"@id\":\"https:\/\/www.africa-press.net\/tchad\/politique\/le-ministre-des-affaires-etrangeres-du-tchad-recu-a-lome-par-le-president-faure-gnassingbe-2#primaryimage\"},\"thumbnailUrl\":\"https:\/\/static.africa-press.net\/tchad\/sites\/41\/2023\/10\/sm_1698116841.561938.jpg\",\"keywords\":[\"Africa Press\",\"Africa Press-Tchad\",\"Tchad\"],\"articleSection\":[\"Politique\",\"Toutes les actualit\u00e9s\"],\"inLanguage\":\"fr-FR\",\"potentialAction\":[{\"@type\":\"CommentAction\",\"name\":\"Comment\",\"target\":[\"https:\/\/www.africa-press.net\/tchad\/politique\/le-ministre-des-affaires-etrangeres-du-tchad-recu-a-lome-par-le-president-faure-gnassingbe-2#respond\"]}]},{\"@type\":\"WebPage\",\"@id\":\"https:\/\/www.africa-press.net\/tchad\/politique\/le-ministre-des-affaires-etrangeres-du-tchad-recu-a-lome-par-le-president-faure-gnassingbe-2\",\"url\":\"https:\/\/www.africa-press.net\/tchad\/politique\/le-ministre-des-affaires-etrangeres-du-tchad-recu-a-lome-par-le-president-faure-gnassingbe-2\",\"name\":\"Le ministre des Affaires \u00e9trang\u00e8res du Tchad re\u00e7u \u00e0 Lom\u00e9 par le Pr\u00e9sident Faure Gnassingb\u00e9 - tchad\",\"isPartOf\":{\"@id\":\"https:\/\/www.africa-press.net\/tchad\/#website\"},\"primaryImageOfPage\":{\"@id\":\"https:\/\/www.africa-press.net\/tchad\/politique\/le-ministre-des-affaires-etrangeres-du-tchad-recu-a-lome-par-le-president-faure-gnassingbe-2#primaryimage\"},\"image\":{\"@id\":\"https:\/\/www.africa-press.net\/tchad\/politique\/le-ministre-des-affaires-etrangeres-du-tchad-recu-a-lome-par-le-president-faure-gnassingbe-2#primaryimage\"},\"thumbnailUrl\":\"https:\/\/static.africa-press.net\/tchad\/sites\/41\/2023\/10\/sm_1698116841.561938.jpg\",\"datePublished\":\"2023-10-24T06:00:40+00:00\",\"dateModified\":\"2023-10-24T17:07:34+00:00\",\"author\":{\"@id\":\"https:\/\/www.africa-press.net\/tchad\/#\/schema\/person\/2b1cf3cd81a31e3cd26889ca66d677f1\"},\"description\":\"En marge de la 1e\u0300re e\u0301dition du Forum Paix et Se\u0301curite\u0301 qui s'est tenue du 21 au 23 Octobre a\u0300 Lome\u0301, la capitale togo ...\",\"breadcrumb\":{\"@id\":\"https:\/\/www.africa-press.net\/tchad\/politique\/le-ministre-des-affaires-etrangeres-du-tchad-recu-a-lome-par-le-president-faure-gnassingbe-2#breadcrumb\"},\"inLanguage\":\"fr-FR\",\"potentialAction\":[{\"@type\":\"ReadAction\",\"target\":[\"https:\/\/www.africa-press.net\/tchad\/politique\/le-ministre-des-affaires-etrangeres-du-tchad-recu-a-lome-par-le-president-faure-gnassingbe-2\"]}]},{\"@type\":\"ImageObject\",\"inLanguage\":\"fr-FR\",\"@id\":\"https:\/\/www.africa-press.net\/tchad\/politique\/le-ministre-des-affaires-etrangeres-du-tchad-recu-a-lome-par-le-president-faure-gnassingbe-2#primaryimage\",\"url\":\"https:\/\/static.africa-press.net\/tchad\/sites\/41\/2023\/10\/sm_1698116841.561938.jpg\",\"contentUrl\":\"https:\/\/static.africa-press.net\/tchad\/sites\/41\/2023\/10\/sm_1698116841.561938.jpg\",\"width\":960,\"height\":540,\"caption\":\"Le ministre des Affaires \u00e9trang\u00e8res du Tchad re\u00e7u \u00e0 Lom\u00e9 par le Pr\u00e9sident Faure Gnassingb\u00e9\"},{\"@type\":\"BreadcrumbList\",\"@id\":\"https:\/\/www.africa-press.net\/tchad\/politique\/le-ministre-des-affaires-etrangeres-du-tchad-recu-a-lome-par-le-president-faure-gnassingbe-2#breadcrumb\",\"itemListElement\":[{\"@type\":\"ListItem\",\"position\":1,\"name\":\"Accueil\",\"item\":\"https:\/\/www.africa-press.net\/tchad\/\"},{\"@type\":\"ListItem\",\"position\":2,\"name\":\"Le ministre des Affaires \u00e9trang\u00e8res du Tchad re\u00e7u \u00e0 Lom\u00e9 par le Pr\u00e9sident Faure Gnassingb\u00e9\"}]},{\"@type\":\"WebSite\",\"@id\":\"https:\/\/www.africa-press.net\/tchad\/#website\",\"url\":\"https:\/\/www.africa-press.net\/tchad\/\",\"name\":\"tchad\",\"description\":\"Just another Africa News Agency Sites site\",\"potentialAction\":[{\"@type\":\"SearchAction\",\"target\":{\"@type\":\"EntryPoint\",\"urlTemplate\":\"https:\/\/www.africa-press.net\/tchad\/?s={search_term_string}\"},\"query-input\":{\"@type\":\"PropertyValueSpecification\",\"valueRequired\":true,\"valueName\":\"search_term_string\"}}],\"inLanguage\":\"fr-FR\"},{\"@type\":\"Person\",\"@id\":\"https:\/\/www.africa-press.net\/tchad\/#\/schema\/person\/2b1cf3cd81a31e3cd26889ca66d677f1\",\"name\":\"cfeditorfr\"}]}<\/script>\n<!-- \/ Yoast SEO Premium plugin. -->","yoast_head_json":{"title":"Le ministre des Affaires \u00e9trang\u00e8res du Tchad re\u00e7u \u00e0 Lom\u00e9 par le Pr\u00e9sident Faure Gnassingb\u00e9 - tchad","description":"En marge de la 1e\u0300re e\u0301dition du Forum Paix et Se\u0301curite\u0301 qui s'est tenue du 21 au 23 Octobre a\u0300 Lome\u0301, la capitale togo ...","robots":{"index":"index","follow":"follow","max-snippet":"max-snippet:-1","max-image-preview":"max-image-preview:large","max-video-preview":"max-video-preview:-1"},"canonical":"https:\/\/www.africa-press.net\/tchad\/politique\/le-ministre-des-affaires-etrangeres-du-tchad-recu-a-lome-par-le-president-faure-gnassingbe-2","og_locale":"fr_FR","og_type":"article","og_title":"Le ministre des Affaires \u00e9trang\u00e8res du Tchad re\u00e7u \u00e0 Lom\u00e9 par le Pr\u00e9sident Faure Gnassingb\u00e9","og_description":"En marge de la 1e\u0300re e\u0301dition du Forum Paix et Se\u0301curite\u0301 qui s'est tenue du 21 au 23 Octobre a\u0300 Lome\u0301, la capitale togo ...","og_url":"https:\/\/www.africa-press.net\/tchad\/politique\/le-ministre-des-affaires-etrangeres-du-tchad-recu-a-lome-par-le-president-faure-gnassingbe-2","og_site_name":"tchad","article_published_time":"2023-10-24T06:00:40+00:00","article_modified_time":"2023-10-24T17:07:34+00:00","og_image":[{"width":960,"height":540,"url":"https:\/\/static.africa-press.net\/tchad\/sites\/41\/2023\/10\/sm_1698116841.561938.jpg","type":"image\/jpeg"}],"author":"cfeditorfr","twitter_card":"summary_large_image","twitter_misc":{"\u00c9crit par":"cfeditorfr","Dur\u00e9e de lecture estim\u00e9e":"1 minute"},"schema":{"@context":"https:\/\/schema.org","@graph":[{"@type":"Article","@id":"https:\/\/www.africa-press.net\/tchad\/politique\/le-ministre-des-affaires-etrangeres-du-tchad-recu-a-lome-par-le-president-faure-gnassingbe-2#article","isPartOf":{"@id":"https:\/\/www.africa-press.net\/tchad\/politique\/le-ministre-des-affaires-etrangeres-du-tchad-recu-a-lome-par-le-president-faure-gnassingbe-2"},"author":{"name":"cfeditorfr","@id":"https:\/\/www.africa-press.net\/tchad\/#\/schema\/person\/2b1cf3cd81a31e3cd26889ca66d677f1"},"headline":"Le ministre des Affaires \u00e9trang\u00e8res du Tchad re\u00e7u \u00e0 Lom\u00e9 par le Pr\u00e9sident Faure Gnassingb\u00e9","datePublished":"2023-10-24T06:00:40+00:00","dateModified":"2023-10-24T17:07:34+00:00","mainEntityOfPage":{"@id":"https:\/\/www.africa-press.net\/tchad\/politique\/le-ministre-des-affaires-etrangeres-du-tchad-recu-a-lome-par-le-president-faure-gnassingbe-2"},"wordCount":211,"commentCount":0,"image":{"@id":"https:\/\/www.africa-press.net\/tchad\/politique\/le-ministre-des-affaires-etrangeres-du-tchad-recu-a-lome-par-le-president-faure-gnassingbe-2#primaryimage"},"thumbnailUrl":"https:\/\/static.africa-press.net\/tchad\/sites\/41\/2023\/10\/sm_1698116841.561938.jpg","keywords":["Africa Press","Africa Press-Tchad","Tchad"],"articleSection":["Politique","Toutes les actualit\u00e9s"],"inLanguage":"fr-FR","potentialAction":[{"@type":"CommentAction","name":"Comment","target":["https:\/\/www.africa-press.net\/tchad\/politique\/le-ministre-des-affaires-etrangeres-du-tchad-recu-a-lome-par-le-president-faure-gnassingbe-2#respond"]}]},{"@type":"WebPage","@id":"https:\/\/www.africa-press.net\/tchad\/politique\/le-ministre-des-affaires-etrangeres-du-tchad-recu-a-lome-par-le-president-faure-gnassingbe-2","url":"https:\/\/www.africa-press.net\/tchad\/politique\/le-ministre-des-affaires-etrangeres-du-tchad-recu-a-lome-par-le-president-faure-gnassingbe-2","name":"Le ministre des Affaires \u00e9trang\u00e8res du Tchad re\u00e7u \u00e0 Lom\u00e9 par le Pr\u00e9sident Faure Gnassingb\u00e9 - tchad","isPartOf":{"@id":"https:\/\/www.africa-press.net\/tchad\/#website"},"primaryImageOfPage":{"@id":"https:\/\/www.africa-press.net\/tchad\/politique\/le-ministre-des-affaires-etrangeres-du-tchad-recu-a-lome-par-le-president-faure-gnassingbe-2#primaryimage"},"image":{"@id":"https:\/\/www.africa-press.net\/tchad\/politique\/le-ministre-des-affaires-etrangeres-du-tchad-recu-a-lome-par-le-president-faure-gnassingbe-2#primaryimage"},"thumbnailUrl":"https:\/\/static.africa-press.net\/tchad\/sites\/41\/2023\/10\/sm_1698116841.561938.jpg","datePublished":"2023-10-24T06:00:40+00:00","dateModified":"2023-10-24T17:07:34+00:00","author":{"@id":"https:\/\/www.africa-press.net\/tchad\/#\/schema\/person\/2b1cf3cd81a31e3cd26889ca66d677f1"},"description":"En marge de la 1e\u0300re e\u0301dition du Forum Paix et Se\u0301curite\u0301 qui s'est tenue du 21 au 23 Octobre a\u0300 Lome\u0301, la capitale togo ...","breadcrumb":{"@id":"https:\/\/www.africa-press.net\/tchad\/politique\/le-ministre-des-affaires-etrangeres-du-tchad-recu-a-lome-par-le-president-faure-gnassingbe-2#breadcrumb"},"inLanguage":"fr-FR","potentialAction":[{"@type":"ReadAction","target":["https:\/\/www.africa-press.net\/tchad\/politique\/le-ministre-des-affaires-etrangeres-du-tchad-recu-a-lome-par-le-president-faure-gnassingbe-2"]}]},{"@type":"ImageObject","inLanguage":"fr-FR","@id":"https:\/\/www.africa-press.net\/tchad\/politique\/le-ministre-des-affaires-etrangeres-du-tchad-recu-a-lome-par-le-president-faure-gnassingbe-2#primaryimage","url":"https:\/\/static.africa-press.net\/tchad\/sites\/41\/2023\/10\/sm_1698116841.561938.jpg","contentUrl":"https:\/\/static.africa-press.net\/tchad\/sites\/41\/2023\/10\/sm_1698116841.561938.jpg","width":960,"height":540,"caption":"Le ministre des Affaires \u00e9trang\u00e8res du Tchad re\u00e7u \u00e0 Lom\u00e9 par le Pr\u00e9sident Faure Gnassingb\u00e9"},{"@type":"BreadcrumbList","@id":"https:\/\/www.africa-press.net\/tchad\/politique\/le-ministre-des-affaires-etrangeres-du-tchad-recu-a-lome-par-le-president-faure-gnassingbe-2#breadcrumb","itemListElement":[{"@type":"ListItem","position":1,"name":"Accueil","item":"https:\/\/www.africa-press.net\/tchad\/"},{"@type":"ListItem","position":2,"name":"Le ministre des Affaires \u00e9trang\u00e8res du Tchad re\u00e7u \u00e0 Lom\u00e9 par le Pr\u00e9sident Faure Gnassingb\u00e9"}]},{"@type":"WebSite","@id":"https:\/\/www.africa-press.net\/tchad\/#website","url":"https:\/\/www.africa-press.net\/tchad\/","name":"tchad","description":"Just another Africa News Agency Sites site","potentialAction":[{"@type":"SearchAction","target":{"@type":"EntryPoint","urlTemplate":"https:\/\/www.africa-press.net\/tchad\/?s={search_term_string}"},"query-input":{"@type":"PropertyValueSpecification","valueRequired":true,"valueName":"search_term_string"}}],"inLanguage":"fr-FR"},{"@type":"Person","@id":"https:\/\/www.africa-press.net\/tchad\/#\/schema\/person\/2b1cf3cd81a31e3cd26889ca66d677f1","name":"cfeditorfr"}]}},"_links":{"self":[{"href":"https:\/\/www.africa-press.net\/tchad\/wp-json\/wp\/v2\/posts\/52771","targetHints":{"allow":["GET"]}}],"collection":[{"href":"https:\/\/www.africa-press.net\/tchad\/wp-json\/wp\/v2\/posts"}],"about":[{"href":"https:\/\/www.africa-press.net\/tchad\/wp-json\/wp\/v2\/types\/post"}],"author":[{"embeddable":true,"href":"https:\/\/www.africa-press.net\/tchad\/wp-json\/wp\/v2\/users\/82"}],"replies":[{"embeddable":true,"href":"https:\/\/www.africa-press.net\/tchad\/wp-json\/wp\/v2\/comments?post=52771"}],"version-history":[{"count":0,"href":"https:\/\/www.africa-press.net\/tchad\/wp-json\/wp\/v2\/posts\/52771\/revisions"}],"wp:featuredmedia":[{"embeddable":true,"href":"https:\/\/www.africa-press.net\/tchad\/wp-json\/wp\/v2\/media\/52770"}],"wp:attachment":[{"href":"https:\/\/www.africa-press.net\/tchad\/wp-json\/wp\/v2\/media?parent=52771"}],"wp:term":[{"taxonomy":"category","embeddable":true,"href":"https:\/\/www.africa-press.net\/tchad\/wp-json\/wp\/v2\/categories?post=52771"},{"taxonomy":"post_tag","embeddable":true,"href":"https:\/\/www.africa-press.net\/tchad\/wp-json\/wp\/v2\/tags?post=52771"}],"curies":[{"name":"wp","href":"https:\/\/api.w.org\/{rel}","templated":true}]}}