{"id":52788,"date":"2023-10-24T18:26:23","date_gmt":"2023-10-24T18:26:23","guid":{"rendered":"https:\/\/www.africa-press.net\/tchad\/politique\/ludp-reclame-une-enquete-internationale-sur-les-evenements-du-20-octobre"},"modified":"2023-10-24T19:02:45","modified_gmt":"2023-10-24T19:02:45","slug":"ludp-reclame-une-enquete-internationale-sur-les-evenements-du-20-octobre","status":"publish","type":"post","link":"https:\/\/www.africa-press.net\/tchad\/politique\/ludp-reclame-une-enquete-internationale-sur-les-evenements-du-20-octobre","title":{"rendered":"l&rsquo;UDP r\u00e9clame une enqu\u00eate internationale sur les \u00e9v\u00e9nements du 20 octobre"},"content":{"rendered":"<p><span style=\"color: #ff6600\"><strong>Africa-Press &#8211; Tchad. <\/strong><\/span>Le pr\u00e9sident de l&rsquo;Union des D\u00e9mocrates pour le D\u00e9veloppement et le Progr\u00e8s (UDP), Max Kemkoye, a tenu un point de presse le 21 octobre 2023 pour marquer le triste anniversaire des \u00e9v\u00e9nements du 20 octobre de l&rsquo;ann\u00e9e pr\u00e9c\u00e9dente et dresser un bilan qu&rsquo;il juge n\u00e9gatif de la deuxi\u00e8me phase de transition gouvernementale.<\/p>\n<p>Max Kemkoye a rappele\u0301 les conse\u0301quences tragiques des e\u0301ve\u0301nements du 20 octobre 2022 a\u0300 Ndjamena, Moundou, Doba et Koumra, de\u0301nonc\u0327ant l&rsquo;arrestation, la torture, l&#8217;emprisonnement, et la de\u0301portation de jeunes manifestants. Il a critique\u0301 la manipulation de la situation, soulignant que l&rsquo;impunite\u0301 re\u0300gne.<\/p>\n<p>Le pre\u0301sident de l&rsquo;UDP a e\u0301galement e\u0301voque\u0301 les proble\u0300mes socio-e\u0301conomiques de la deuxie\u0300me phase de transition, notamment la hausse des prix, la privatisation de l&rsquo;e\u0301ducation publique, l&rsquo;augmentation des prix du carburant et des transports, la nationalisation du pe\u0301trole, les conflits communautaires, l&rsquo;accaparement de terres, et la nomination excessive d&rsquo;officiers ge\u0301ne\u0301raux.<\/p>\n<p>Max Kemkoye a re\u0301clame\u0301 une enque\u0302te internationale pour faire la lumie\u0300re sur les e\u0301ve\u0301nements du 20 octobre. Il a e\u0301galement appele\u0301 a\u0300 une prise de conscience collective pour de\u0301fendre la ve\u0301rite\u0301, la justice, le pardon et la re\u0301conciliation, et empe\u0302cher que les morts ne tombent dans l&rsquo;oubli.<\/p>\n<p><strong>Pour plus d&rsquo;informations et d&rsquo;analyses sur la <a href=\"https:\/\/www.africa-press.net\/tchad\">Tchad<\/a>, suivez <a href=\"https:\/\/www.africa-press.net\/\">Africa-Press<\/a><\/strong><\/p>\n","protected":false},"excerpt":{"rendered":"<p>Africa-Press &#8211; Tchad. Le pr\u00e9sident de l&rsquo;Union des D\u00e9mocrates pour le D\u00e9veloppement et le Progr\u00e8s (UDP), Max Kemkoye, a tenu un point de presse le 21 octobre 2023 pour marquer le triste anniversaire des \u00e9v\u00e9nements du 20 octobre de l&rsquo;ann\u00e9e pr\u00e9c\u00e9dente et dresser un bilan qu&rsquo;il juge n\u00e9gatif de la deuxi\u00e8me phase de transition gouvernementale. [&hellip;]<\/p>\n","protected":false},"author":82,"featured_media":52787,"comment_status":"open","ping_status":"closed","sticky":false,"template":"","format":"standard","meta":{"footnotes":""},"categories":[2,10],"tags":[37,292,29],"class_list":["post-52788","post","type-post","status-publish","format-standard","has-post-thumbnail","hentry","category-politique","category-toutes-les-actualites","tag-africa-press","tag-africa-press-tchad","tag-tchad"],"yoast_head":"<!-- This site is optimized with the Yoast SEO Premium plugin v26.1 (Yoast SEO v27.0) - https:\/\/yoast.com\/product\/yoast-seo-premium-wordpress\/ -->\n<title>l&#039;UDP r\u00e9clame une enqu\u00eate internationale sur les \u00e9v\u00e9nements du 20 octobre - tchad<\/title>\n<meta name=\"description\" content=\"Le pre\u0301sident de l&#039;Union des De\u0301mocrates pour le De\u0301veloppement et le Progre\u0300s (UDP), Max Kemkoye, a tenu un point de presse ...\" \/>\n<meta name=\"robots\" content=\"index, follow, max-snippet:-1, max-image-preview:large, max-video-preview:-1\" \/>\n<link rel=\"canonical\" href=\"https:\/\/www.africa-press.net\/tchad\/politique\/ludp-reclame-une-enquete-internationale-sur-les-evenements-du-20-octobre\" \/>\n<meta property=\"og:locale\" content=\"fr_FR\" \/>\n<meta property=\"og:type\" content=\"article\" \/>\n<meta property=\"og:title\" content=\"l&#039;UDP r\u00e9clame une enqu\u00eate internationale sur les \u00e9v\u00e9nements du 20 octobre\" \/>\n<meta property=\"og:description\" content=\"Le pre\u0301sident de l&#039;Union des De\u0301mocrates pour le De\u0301veloppement et le Progre\u0300s (UDP), Max Kemkoye, a tenu un point de presse ...\" \/>\n<meta property=\"og:url\" content=\"https:\/\/www.africa-press.net\/tchad\/politique\/ludp-reclame-une-enquete-internationale-sur-les-evenements-du-20-octobre\" \/>\n<meta property=\"og:site_name\" content=\"tchad\" \/>\n<meta property=\"article:published_time\" content=\"2023-10-24T18:26:23+00:00\" \/>\n<meta property=\"article:modified_time\" content=\"2023-10-24T19:02:45+00:00\" \/>\n<meta property=\"og:image\" content=\"https:\/\/static.africa-press.net\/tchad\/sites\/41\/2023\/10\/sm_1698161443.201219.jpg\" \/>\n\t<meta property=\"og:image:width\" content=\"730\" \/>\n\t<meta property=\"og:image:height\" content=\"555\" \/>\n\t<meta property=\"og:image:type\" content=\"image\/jpeg\" \/>\n<meta name=\"author\" content=\"cfeditorfr\" \/>\n<meta name=\"twitter:card\" content=\"summary_large_image\" \/>\n<meta name=\"twitter:label1\" content=\"\u00c9crit par\" \/>\n\t<meta name=\"twitter:data1\" content=\"cfeditorfr\" \/>\n\t<meta name=\"twitter:label2\" content=\"Dur\u00e9e de lecture estim\u00e9e\" \/>\n\t<meta name=\"twitter:data2\" content=\"2 minutes\" \/>\n<script type=\"application\/ld+json\" class=\"yoast-schema-graph\">{\"@context\":\"https:\/\/schema.org\",\"@graph\":[{\"@type\":\"Article\",\"@id\":\"https:\/\/www.africa-press.net\/tchad\/politique\/ludp-reclame-une-enquete-internationale-sur-les-evenements-du-20-octobre#article\",\"isPartOf\":{\"@id\":\"https:\/\/www.africa-press.net\/tchad\/politique\/ludp-reclame-une-enquete-internationale-sur-les-evenements-du-20-octobre\"},\"author\":{\"name\":\"cfeditorfr\",\"@id\":\"https:\/\/www.africa-press.net\/tchad\/#\/schema\/person\/2b1cf3cd81a31e3cd26889ca66d677f1\"},\"headline\":\"l&rsquo;UDP r\u00e9clame une enqu\u00eate internationale sur les \u00e9v\u00e9nements du 20 octobre\",\"datePublished\":\"2023-10-24T18:26:23+00:00\",\"dateModified\":\"2023-10-24T19:02:45+00:00\",\"mainEntityOfPage\":{\"@id\":\"https:\/\/www.africa-press.net\/tchad\/politique\/ludp-reclame-une-enquete-internationale-sur-les-evenements-du-20-octobre\"},\"wordCount\":263,\"commentCount\":0,\"image\":{\"@id\":\"https:\/\/www.africa-press.net\/tchad\/politique\/ludp-reclame-une-enquete-internationale-sur-les-evenements-du-20-octobre#primaryimage\"},\"thumbnailUrl\":\"https:\/\/static.africa-press.net\/tchad\/sites\/41\/2023\/10\/sm_1698161443.201219.jpg\",\"keywords\":[\"Africa Press\",\"Africa Press-Tchad\",\"Tchad\"],\"articleSection\":[\"Politique\",\"Toutes les actualit\u00e9s\"],\"inLanguage\":\"fr-FR\",\"potentialAction\":[{\"@type\":\"CommentAction\",\"name\":\"Comment\",\"target\":[\"https:\/\/www.africa-press.net\/tchad\/politique\/ludp-reclame-une-enquete-internationale-sur-les-evenements-du-20-octobre#respond\"]}]},{\"@type\":\"WebPage\",\"@id\":\"https:\/\/www.africa-press.net\/tchad\/politique\/ludp-reclame-une-enquete-internationale-sur-les-evenements-du-20-octobre\",\"url\":\"https:\/\/www.africa-press.net\/tchad\/politique\/ludp-reclame-une-enquete-internationale-sur-les-evenements-du-20-octobre\",\"name\":\"l'UDP r\u00e9clame une enqu\u00eate internationale sur les \u00e9v\u00e9nements du 20 octobre - tchad\",\"isPartOf\":{\"@id\":\"https:\/\/www.africa-press.net\/tchad\/#website\"},\"primaryImageOfPage\":{\"@id\":\"https:\/\/www.africa-press.net\/tchad\/politique\/ludp-reclame-une-enquete-internationale-sur-les-evenements-du-20-octobre#primaryimage\"},\"image\":{\"@id\":\"https:\/\/www.africa-press.net\/tchad\/politique\/ludp-reclame-une-enquete-internationale-sur-les-evenements-du-20-octobre#primaryimage\"},\"thumbnailUrl\":\"https:\/\/static.africa-press.net\/tchad\/sites\/41\/2023\/10\/sm_1698161443.201219.jpg\",\"datePublished\":\"2023-10-24T18:26:23+00:00\",\"dateModified\":\"2023-10-24T19:02:45+00:00\",\"author\":{\"@id\":\"https:\/\/www.africa-press.net\/tchad\/#\/schema\/person\/2b1cf3cd81a31e3cd26889ca66d677f1\"},\"description\":\"Le pre\u0301sident de l'Union des De\u0301mocrates pour le De\u0301veloppement et le Progre\u0300s (UDP), Max Kemkoye, a tenu un point de presse ...\",\"breadcrumb\":{\"@id\":\"https:\/\/www.africa-press.net\/tchad\/politique\/ludp-reclame-une-enquete-internationale-sur-les-evenements-du-20-octobre#breadcrumb\"},\"inLanguage\":\"fr-FR\",\"potentialAction\":[{\"@type\":\"ReadAction\",\"target\":[\"https:\/\/www.africa-press.net\/tchad\/politique\/ludp-reclame-une-enquete-internationale-sur-les-evenements-du-20-octobre\"]}]},{\"@type\":\"ImageObject\",\"inLanguage\":\"fr-FR\",\"@id\":\"https:\/\/www.africa-press.net\/tchad\/politique\/ludp-reclame-une-enquete-internationale-sur-les-evenements-du-20-octobre#primaryimage\",\"url\":\"https:\/\/static.africa-press.net\/tchad\/sites\/41\/2023\/10\/sm_1698161443.201219.jpg\",\"contentUrl\":\"https:\/\/static.africa-press.net\/tchad\/sites\/41\/2023\/10\/sm_1698161443.201219.jpg\",\"width\":730,\"height\":555,\"caption\":\"l'UDP r\u00e9clame une enqu\u00eate internationale sur les \u00e9v\u00e9nements du 20 octobre\"},{\"@type\":\"BreadcrumbList\",\"@id\":\"https:\/\/www.africa-press.net\/tchad\/politique\/ludp-reclame-une-enquete-internationale-sur-les-evenements-du-20-octobre#breadcrumb\",\"itemListElement\":[{\"@type\":\"ListItem\",\"position\":1,\"name\":\"Accueil\",\"item\":\"https:\/\/www.africa-press.net\/tchad\/\"},{\"@type\":\"ListItem\",\"position\":2,\"name\":\"l&#8217;UDP r\u00e9clame une enqu\u00eate internationale sur les \u00e9v\u00e9nements du 20 octobre\"}]},{\"@type\":\"WebSite\",\"@id\":\"https:\/\/www.africa-press.net\/tchad\/#website\",\"url\":\"https:\/\/www.africa-press.net\/tchad\/\",\"name\":\"tchad\",\"description\":\"Just another Africa News Agency Sites site\",\"potentialAction\":[{\"@type\":\"SearchAction\",\"target\":{\"@type\":\"EntryPoint\",\"urlTemplate\":\"https:\/\/www.africa-press.net\/tchad\/?s={search_term_string}\"},\"query-input\":{\"@type\":\"PropertyValueSpecification\",\"valueRequired\":true,\"valueName\":\"search_term_string\"}}],\"inLanguage\":\"fr-FR\"},{\"@type\":\"Person\",\"@id\":\"https:\/\/www.africa-press.net\/tchad\/#\/schema\/person\/2b1cf3cd81a31e3cd26889ca66d677f1\",\"name\":\"cfeditorfr\"}]}<\/script>\n<!-- \/ Yoast SEO Premium plugin. -->","yoast_head_json":{"title":"l'UDP r\u00e9clame une enqu\u00eate internationale sur les \u00e9v\u00e9nements du 20 octobre - tchad","description":"Le pre\u0301sident de l'Union des De\u0301mocrates pour le De\u0301veloppement et le Progre\u0300s (UDP), Max Kemkoye, a tenu un point de presse ...","robots":{"index":"index","follow":"follow","max-snippet":"max-snippet:-1","max-image-preview":"max-image-preview:large","max-video-preview":"max-video-preview:-1"},"canonical":"https:\/\/www.africa-press.net\/tchad\/politique\/ludp-reclame-une-enquete-internationale-sur-les-evenements-du-20-octobre","og_locale":"fr_FR","og_type":"article","og_title":"l'UDP r\u00e9clame une enqu\u00eate internationale sur les \u00e9v\u00e9nements du 20 octobre","og_description":"Le pre\u0301sident de l'Union des De\u0301mocrates pour le De\u0301veloppement et le Progre\u0300s (UDP), Max Kemkoye, a tenu un point de presse ...","og_url":"https:\/\/www.africa-press.net\/tchad\/politique\/ludp-reclame-une-enquete-internationale-sur-les-evenements-du-20-octobre","og_site_name":"tchad","article_published_time":"2023-10-24T18:26:23+00:00","article_modified_time":"2023-10-24T19:02:45+00:00","og_image":[{"width":730,"height":555,"url":"https:\/\/static.africa-press.net\/tchad\/sites\/41\/2023\/10\/sm_1698161443.201219.jpg","type":"image\/jpeg"}],"author":"cfeditorfr","twitter_card":"summary_large_image","twitter_misc":{"\u00c9crit par":"cfeditorfr","Dur\u00e9e de lecture estim\u00e9e":"2 minutes"},"schema":{"@context":"https:\/\/schema.org","@graph":[{"@type":"Article","@id":"https:\/\/www.africa-press.net\/tchad\/politique\/ludp-reclame-une-enquete-internationale-sur-les-evenements-du-20-octobre#article","isPartOf":{"@id":"https:\/\/www.africa-press.net\/tchad\/politique\/ludp-reclame-une-enquete-internationale-sur-les-evenements-du-20-octobre"},"author":{"name":"cfeditorfr","@id":"https:\/\/www.africa-press.net\/tchad\/#\/schema\/person\/2b1cf3cd81a31e3cd26889ca66d677f1"},"headline":"l&rsquo;UDP r\u00e9clame une enqu\u00eate internationale sur les \u00e9v\u00e9nements du 20 octobre","datePublished":"2023-10-24T18:26:23+00:00","dateModified":"2023-10-24T19:02:45+00:00","mainEntityOfPage":{"@id":"https:\/\/www.africa-press.net\/tchad\/politique\/ludp-reclame-une-enquete-internationale-sur-les-evenements-du-20-octobre"},"wordCount":263,"commentCount":0,"image":{"@id":"https:\/\/www.africa-press.net\/tchad\/politique\/ludp-reclame-une-enquete-internationale-sur-les-evenements-du-20-octobre#primaryimage"},"thumbnailUrl":"https:\/\/static.africa-press.net\/tchad\/sites\/41\/2023\/10\/sm_1698161443.201219.jpg","keywords":["Africa Press","Africa Press-Tchad","Tchad"],"articleSection":["Politique","Toutes les actualit\u00e9s"],"inLanguage":"fr-FR","potentialAction":[{"@type":"CommentAction","name":"Comment","target":["https:\/\/www.africa-press.net\/tchad\/politique\/ludp-reclame-une-enquete-internationale-sur-les-evenements-du-20-octobre#respond"]}]},{"@type":"WebPage","@id":"https:\/\/www.africa-press.net\/tchad\/politique\/ludp-reclame-une-enquete-internationale-sur-les-evenements-du-20-octobre","url":"https:\/\/www.africa-press.net\/tchad\/politique\/ludp-reclame-une-enquete-internationale-sur-les-evenements-du-20-octobre","name":"l'UDP r\u00e9clame une enqu\u00eate internationale sur les \u00e9v\u00e9nements du 20 octobre - tchad","isPartOf":{"@id":"https:\/\/www.africa-press.net\/tchad\/#website"},"primaryImageOfPage":{"@id":"https:\/\/www.africa-press.net\/tchad\/politique\/ludp-reclame-une-enquete-internationale-sur-les-evenements-du-20-octobre#primaryimage"},"image":{"@id":"https:\/\/www.africa-press.net\/tchad\/politique\/ludp-reclame-une-enquete-internationale-sur-les-evenements-du-20-octobre#primaryimage"},"thumbnailUrl":"https:\/\/static.africa-press.net\/tchad\/sites\/41\/2023\/10\/sm_1698161443.201219.jpg","datePublished":"2023-10-24T18:26:23+00:00","dateModified":"2023-10-24T19:02:45+00:00","author":{"@id":"https:\/\/www.africa-press.net\/tchad\/#\/schema\/person\/2b1cf3cd81a31e3cd26889ca66d677f1"},"description":"Le pre\u0301sident de l'Union des De\u0301mocrates pour le De\u0301veloppement et le Progre\u0300s (UDP), Max Kemkoye, a tenu un point de presse ...","breadcrumb":{"@id":"https:\/\/www.africa-press.net\/tchad\/politique\/ludp-reclame-une-enquete-internationale-sur-les-evenements-du-20-octobre#breadcrumb"},"inLanguage":"fr-FR","potentialAction":[{"@type":"ReadAction","target":["https:\/\/www.africa-press.net\/tchad\/politique\/ludp-reclame-une-enquete-internationale-sur-les-evenements-du-20-octobre"]}]},{"@type":"ImageObject","inLanguage":"fr-FR","@id":"https:\/\/www.africa-press.net\/tchad\/politique\/ludp-reclame-une-enquete-internationale-sur-les-evenements-du-20-octobre#primaryimage","url":"https:\/\/static.africa-press.net\/tchad\/sites\/41\/2023\/10\/sm_1698161443.201219.jpg","contentUrl":"https:\/\/static.africa-press.net\/tchad\/sites\/41\/2023\/10\/sm_1698161443.201219.jpg","width":730,"height":555,"caption":"l'UDP r\u00e9clame une enqu\u00eate internationale sur les \u00e9v\u00e9nements du 20 octobre"},{"@type":"BreadcrumbList","@id":"https:\/\/www.africa-press.net\/tchad\/politique\/ludp-reclame-une-enquete-internationale-sur-les-evenements-du-20-octobre#breadcrumb","itemListElement":[{"@type":"ListItem","position":1,"name":"Accueil","item":"https:\/\/www.africa-press.net\/tchad\/"},{"@type":"ListItem","position":2,"name":"l&#8217;UDP r\u00e9clame une enqu\u00eate internationale sur les \u00e9v\u00e9nements du 20 octobre"}]},{"@type":"WebSite","@id":"https:\/\/www.africa-press.net\/tchad\/#website","url":"https:\/\/www.africa-press.net\/tchad\/","name":"tchad","description":"Just another Africa News Agency Sites site","potentialAction":[{"@type":"SearchAction","target":{"@type":"EntryPoint","urlTemplate":"https:\/\/www.africa-press.net\/tchad\/?s={search_term_string}"},"query-input":{"@type":"PropertyValueSpecification","valueRequired":true,"valueName":"search_term_string"}}],"inLanguage":"fr-FR"},{"@type":"Person","@id":"https:\/\/www.africa-press.net\/tchad\/#\/schema\/person\/2b1cf3cd81a31e3cd26889ca66d677f1","name":"cfeditorfr"}]}},"_links":{"self":[{"href":"https:\/\/www.africa-press.net\/tchad\/wp-json\/wp\/v2\/posts\/52788","targetHints":{"allow":["GET"]}}],"collection":[{"href":"https:\/\/www.africa-press.net\/tchad\/wp-json\/wp\/v2\/posts"}],"about":[{"href":"https:\/\/www.africa-press.net\/tchad\/wp-json\/wp\/v2\/types\/post"}],"author":[{"embeddable":true,"href":"https:\/\/www.africa-press.net\/tchad\/wp-json\/wp\/v2\/users\/82"}],"replies":[{"embeddable":true,"href":"https:\/\/www.africa-press.net\/tchad\/wp-json\/wp\/v2\/comments?post=52788"}],"version-history":[{"count":0,"href":"https:\/\/www.africa-press.net\/tchad\/wp-json\/wp\/v2\/posts\/52788\/revisions"}],"wp:featuredmedia":[{"embeddable":true,"href":"https:\/\/www.africa-press.net\/tchad\/wp-json\/wp\/v2\/media\/52787"}],"wp:attachment":[{"href":"https:\/\/www.africa-press.net\/tchad\/wp-json\/wp\/v2\/media?parent=52788"}],"wp:term":[{"taxonomy":"category","embeddable":true,"href":"https:\/\/www.africa-press.net\/tchad\/wp-json\/wp\/v2\/categories?post=52788"},{"taxonomy":"post_tag","embeddable":true,"href":"https:\/\/www.africa-press.net\/tchad\/wp-json\/wp\/v2\/tags?post=52788"}],"curies":[{"name":"wp","href":"https:\/\/api.w.org\/{rel}","templated":true}]}}