{"id":52810,"date":"2023-10-24T18:29:13","date_gmt":"2023-10-24T18:29:13","guid":{"rendered":"https:\/\/www.africa-press.net\/tchad\/politique\/letat-veut-evacuer-880-reserves-anarchiquement-occupees-a-ndjamena"},"modified":"2023-10-24T19:09:19","modified_gmt":"2023-10-24T19:09:19","slug":"letat-veut-evacuer-880-reserves-anarchiquement-occupees-a-ndjamena","status":"publish","type":"post","link":"https:\/\/www.africa-press.net\/tchad\/economie\/letat-veut-evacuer-880-reserves-anarchiquement-occupees-a-ndjamena","title":{"rendered":"l\u2019\u00c9tat veut \u00e9vacuer 880 r\u00e9serves anarchiquement occup\u00e9es \u00e0 N\u2019Djamena"},"content":{"rendered":"<p><span style=\"color: #ff6600\"><strong>Africa-Press &#8211; Tchad. <\/strong><\/span>Le Premier ministre, Chef du Gouvernement d\u2019Union Nationale, Monsieur Saleh KEBZABO, a pre\u0301side\u0301 ce lundi 23 octobre 2023, une re\u0301union de travail sur les travaux de recensement des re\u0301serves foncie\u0300res de la ville de N\u2019Djame\u0301na.<\/p>\n<p>Selon le rapport pre\u0301sente\u0301 par le ministre de l\u2019Ame\u0301nagement du Territoire, de l\u2019Habitat et de l\u2019Urbanisme, sur mille cinq cent vingt-neuf (1529) re\u0301serves re\u0301pertorie\u0301es dans la ville de N\u2019Djame\u0301na, quatre cent trois (403) sont occupe\u0301es par des constructions a\u0300 usage d\u2019habitation, quatre-vingt-huit (88) par des constructions a\u0300 usage commercial et trois cent quatre-vingt-neuf (389) par des constructions e\u0301tatiques et prive\u0301es a\u0300 caracte\u0300re d\u2019utilite\u0301 publique. Les occupations de ces re\u0301serves sont, pour la plupart, ille\u0301gales.<\/p>\n<p>Tre\u0300s pre\u0301occupe\u0301 par cette spoliation des re\u0301serves foncie\u0300res, le Premier ministre, apre\u0300s avoir e\u0301coute\u0301 les ministres concerne\u0301s et les techniciens, a demande\u0301 que les instructions du Pre\u0301sident de la Re\u0301publique sur cette question soient exe\u0301cute\u0301es sans de\u0301lai.<\/p>\n<p>Un comite\u0301 interministe\u0301riel sera mis sur pied a\u0300 l\u2019effet de proposer des pistes d\u2019exe\u0301cution.<\/p>\n<p><strong>Pour plus d&rsquo;informations et d&rsquo;analyses sur la <a href=\"https:\/\/www.africa-press.net\/tchad\">Tchad<\/a>, suivez <a href=\"https:\/\/www.africa-press.net\/\">Africa-Press<\/a><\/strong><\/p>\n","protected":false},"excerpt":{"rendered":"<p>Africa-Press &#8211; Tchad. Le Premier ministre, Chef du Gouvernement d\u2019Union Nationale, Monsieur Saleh KEBZABO, a pre\u0301side\u0301 ce lundi 23 octobre 2023, une re\u0301union de travail sur les travaux de recensement des re\u0301serves foncie\u0300res de la ville de N\u2019Djame\u0301na. Selon le rapport pre\u0301sente\u0301 par le ministre de l\u2019Ame\u0301nagement du Territoire, de l\u2019Habitat et de l\u2019Urbanisme, sur [&hellip;]<\/p>\n","protected":false},"author":82,"featured_media":52808,"comment_status":"open","ping_status":"closed","sticky":false,"template":"","format":"standard","meta":{"footnotes":""},"categories":[3,10],"tags":[37,292,29],"class_list":["post-52810","post","type-post","status-publish","format-standard","has-post-thumbnail","hentry","category-economie","category-toutes-les-actualites","tag-africa-press","tag-africa-press-tchad","tag-tchad"],"yoast_head":"<!-- This site is optimized with the Yoast SEO Premium plugin v26.1 (Yoast SEO v27.0) - https:\/\/yoast.com\/product\/yoast-seo-premium-wordpress\/ -->\n<title>l\u2019\u00c9tat veut \u00e9vacuer 880 r\u00e9serves anarchiquement occup\u00e9es \u00e0 N\u2019Djamena - tchad<\/title>\n<meta name=\"description\" content=\"Le Premier ministre, Chef du Gouvernement d\u2019Union Nationale, Monsieur Saleh KEBZABO, a pre\u0301side\u0301 ce lundi 23 octobre 202 ...\" \/>\n<meta name=\"robots\" content=\"index, follow, max-snippet:-1, max-image-preview:large, max-video-preview:-1\" \/>\n<link rel=\"canonical\" href=\"https:\/\/www.africa-press.net\/tchad\/economie\/letat-veut-evacuer-880-reserves-anarchiquement-occupees-a-ndjamena\" \/>\n<meta property=\"og:locale\" content=\"fr_FR\" \/>\n<meta property=\"og:type\" content=\"article\" \/>\n<meta property=\"og:title\" content=\"l\u2019\u00c9tat veut \u00e9vacuer 880 r\u00e9serves anarchiquement occup\u00e9es \u00e0 N\u2019Djamena\" \/>\n<meta property=\"og:description\" content=\"Le Premier ministre, Chef du Gouvernement d\u2019Union Nationale, Monsieur Saleh KEBZABO, a pre\u0301side\u0301 ce lundi 23 octobre 202 ...\" \/>\n<meta property=\"og:url\" content=\"https:\/\/www.africa-press.net\/tchad\/economie\/letat-veut-evacuer-880-reserves-anarchiquement-occupees-a-ndjamena\" \/>\n<meta property=\"og:site_name\" content=\"tchad\" \/>\n<meta property=\"article:published_time\" content=\"2023-10-24T18:29:13+00:00\" \/>\n<meta property=\"article:modified_time\" content=\"2023-10-24T19:09:19+00:00\" \/>\n<meta property=\"og:image\" content=\"https:\/\/static.africa-press.net\/tchad\/sites\/41\/2023\/10\/sm_1698161840.914653.jpg\" \/>\n\t<meta property=\"og:image:width\" content=\"929\" \/>\n\t<meta property=\"og:image:height\" content=\"575\" \/>\n\t<meta property=\"og:image:type\" content=\"image\/jpeg\" \/>\n<meta name=\"author\" content=\"cfeditorfr\" \/>\n<meta name=\"twitter:card\" content=\"summary_large_image\" \/>\n<meta name=\"twitter:label1\" content=\"\u00c9crit par\" \/>\n\t<meta name=\"twitter:data1\" content=\"cfeditorfr\" \/>\n\t<meta name=\"twitter:label2\" content=\"Dur\u00e9e de lecture estim\u00e9e\" \/>\n\t<meta name=\"twitter:data2\" content=\"1 minute\" \/>\n<script type=\"application\/ld+json\" class=\"yoast-schema-graph\">{\"@context\":\"https:\/\/schema.org\",\"@graph\":[{\"@type\":\"Article\",\"@id\":\"https:\/\/www.africa-press.net\/tchad\/economie\/letat-veut-evacuer-880-reserves-anarchiquement-occupees-a-ndjamena#article\",\"isPartOf\":{\"@id\":\"https:\/\/www.africa-press.net\/tchad\/economie\/letat-veut-evacuer-880-reserves-anarchiquement-occupees-a-ndjamena\"},\"author\":{\"name\":\"cfeditorfr\",\"@id\":\"https:\/\/www.africa-press.net\/tchad\/#\/schema\/person\/2b1cf3cd81a31e3cd26889ca66d677f1\"},\"headline\":\"l\u2019\u00c9tat veut \u00e9vacuer 880 r\u00e9serves anarchiquement occup\u00e9es \u00e0 N\u2019Djamena\",\"datePublished\":\"2023-10-24T18:29:13+00:00\",\"dateModified\":\"2023-10-24T19:09:19+00:00\",\"mainEntityOfPage\":{\"@id\":\"https:\/\/www.africa-press.net\/tchad\/economie\/letat-veut-evacuer-880-reserves-anarchiquement-occupees-a-ndjamena\"},\"wordCount\":221,\"commentCount\":0,\"image\":{\"@id\":\"https:\/\/www.africa-press.net\/tchad\/economie\/letat-veut-evacuer-880-reserves-anarchiquement-occupees-a-ndjamena#primaryimage\"},\"thumbnailUrl\":\"https:\/\/static.africa-press.net\/tchad\/sites\/41\/2023\/10\/sm_1698161840.914653.jpg\",\"keywords\":[\"Africa Press\",\"Africa Press-Tchad\",\"Tchad\"],\"articleSection\":[\"\u00c9conomie\",\"Toutes les actualit\u00e9s\"],\"inLanguage\":\"fr-FR\",\"potentialAction\":[{\"@type\":\"CommentAction\",\"name\":\"Comment\",\"target\":[\"https:\/\/www.africa-press.net\/tchad\/economie\/letat-veut-evacuer-880-reserves-anarchiquement-occupees-a-ndjamena#respond\"]}]},{\"@type\":\"WebPage\",\"@id\":\"https:\/\/www.africa-press.net\/tchad\/economie\/letat-veut-evacuer-880-reserves-anarchiquement-occupees-a-ndjamena\",\"url\":\"https:\/\/www.africa-press.net\/tchad\/economie\/letat-veut-evacuer-880-reserves-anarchiquement-occupees-a-ndjamena\",\"name\":\"l\u2019\u00c9tat veut \u00e9vacuer 880 r\u00e9serves anarchiquement occup\u00e9es \u00e0 N\u2019Djamena - tchad\",\"isPartOf\":{\"@id\":\"https:\/\/www.africa-press.net\/tchad\/#website\"},\"primaryImageOfPage\":{\"@id\":\"https:\/\/www.africa-press.net\/tchad\/economie\/letat-veut-evacuer-880-reserves-anarchiquement-occupees-a-ndjamena#primaryimage\"},\"image\":{\"@id\":\"https:\/\/www.africa-press.net\/tchad\/economie\/letat-veut-evacuer-880-reserves-anarchiquement-occupees-a-ndjamena#primaryimage\"},\"thumbnailUrl\":\"https:\/\/static.africa-press.net\/tchad\/sites\/41\/2023\/10\/sm_1698161840.914653.jpg\",\"datePublished\":\"2023-10-24T18:29:13+00:00\",\"dateModified\":\"2023-10-24T19:09:19+00:00\",\"author\":{\"@id\":\"https:\/\/www.africa-press.net\/tchad\/#\/schema\/person\/2b1cf3cd81a31e3cd26889ca66d677f1\"},\"description\":\"Le Premier ministre, Chef du Gouvernement d\u2019Union Nationale, Monsieur Saleh KEBZABO, a pre\u0301side\u0301 ce lundi 23 octobre 202 ...\",\"breadcrumb\":{\"@id\":\"https:\/\/www.africa-press.net\/tchad\/economie\/letat-veut-evacuer-880-reserves-anarchiquement-occupees-a-ndjamena#breadcrumb\"},\"inLanguage\":\"fr-FR\",\"potentialAction\":[{\"@type\":\"ReadAction\",\"target\":[\"https:\/\/www.africa-press.net\/tchad\/economie\/letat-veut-evacuer-880-reserves-anarchiquement-occupees-a-ndjamena\"]}]},{\"@type\":\"ImageObject\",\"inLanguage\":\"fr-FR\",\"@id\":\"https:\/\/www.africa-press.net\/tchad\/economie\/letat-veut-evacuer-880-reserves-anarchiquement-occupees-a-ndjamena#primaryimage\",\"url\":\"https:\/\/static.africa-press.net\/tchad\/sites\/41\/2023\/10\/sm_1698161840.914653.jpg\",\"contentUrl\":\"https:\/\/static.africa-press.net\/tchad\/sites\/41\/2023\/10\/sm_1698161840.914653.jpg\",\"width\":929,\"height\":575,\"caption\":\"l\u2019\u00c9tat veut \u00e9vacuer 880 r\u00e9serves anarchiquement occup\u00e9es \u00e0 N\u2019Djamena\"},{\"@type\":\"BreadcrumbList\",\"@id\":\"https:\/\/www.africa-press.net\/tchad\/economie\/letat-veut-evacuer-880-reserves-anarchiquement-occupees-a-ndjamena#breadcrumb\",\"itemListElement\":[{\"@type\":\"ListItem\",\"position\":1,\"name\":\"Accueil\",\"item\":\"https:\/\/www.africa-press.net\/tchad\/\"},{\"@type\":\"ListItem\",\"position\":2,\"name\":\"l\u2019\u00c9tat veut \u00e9vacuer 880 r\u00e9serves anarchiquement occup\u00e9es \u00e0 N\u2019Djamena\"}]},{\"@type\":\"WebSite\",\"@id\":\"https:\/\/www.africa-press.net\/tchad\/#website\",\"url\":\"https:\/\/www.africa-press.net\/tchad\/\",\"name\":\"tchad\",\"description\":\"Just another Africa News Agency Sites site\",\"potentialAction\":[{\"@type\":\"SearchAction\",\"target\":{\"@type\":\"EntryPoint\",\"urlTemplate\":\"https:\/\/www.africa-press.net\/tchad\/?s={search_term_string}\"},\"query-input\":{\"@type\":\"PropertyValueSpecification\",\"valueRequired\":true,\"valueName\":\"search_term_string\"}}],\"inLanguage\":\"fr-FR\"},{\"@type\":\"Person\",\"@id\":\"https:\/\/www.africa-press.net\/tchad\/#\/schema\/person\/2b1cf3cd81a31e3cd26889ca66d677f1\",\"name\":\"cfeditorfr\"}]}<\/script>\n<!-- \/ Yoast SEO Premium plugin. -->","yoast_head_json":{"title":"l\u2019\u00c9tat veut \u00e9vacuer 880 r\u00e9serves anarchiquement occup\u00e9es \u00e0 N\u2019Djamena - tchad","description":"Le Premier ministre, Chef du Gouvernement d\u2019Union Nationale, Monsieur Saleh KEBZABO, a pre\u0301side\u0301 ce lundi 23 octobre 202 ...","robots":{"index":"index","follow":"follow","max-snippet":"max-snippet:-1","max-image-preview":"max-image-preview:large","max-video-preview":"max-video-preview:-1"},"canonical":"https:\/\/www.africa-press.net\/tchad\/economie\/letat-veut-evacuer-880-reserves-anarchiquement-occupees-a-ndjamena","og_locale":"fr_FR","og_type":"article","og_title":"l\u2019\u00c9tat veut \u00e9vacuer 880 r\u00e9serves anarchiquement occup\u00e9es \u00e0 N\u2019Djamena","og_description":"Le Premier ministre, Chef du Gouvernement d\u2019Union Nationale, Monsieur Saleh KEBZABO, a pre\u0301side\u0301 ce lundi 23 octobre 202 ...","og_url":"https:\/\/www.africa-press.net\/tchad\/economie\/letat-veut-evacuer-880-reserves-anarchiquement-occupees-a-ndjamena","og_site_name":"tchad","article_published_time":"2023-10-24T18:29:13+00:00","article_modified_time":"2023-10-24T19:09:19+00:00","og_image":[{"width":929,"height":575,"url":"https:\/\/static.africa-press.net\/tchad\/sites\/41\/2023\/10\/sm_1698161840.914653.jpg","type":"image\/jpeg"}],"author":"cfeditorfr","twitter_card":"summary_large_image","twitter_misc":{"\u00c9crit par":"cfeditorfr","Dur\u00e9e de lecture estim\u00e9e":"1 minute"},"schema":{"@context":"https:\/\/schema.org","@graph":[{"@type":"Article","@id":"https:\/\/www.africa-press.net\/tchad\/economie\/letat-veut-evacuer-880-reserves-anarchiquement-occupees-a-ndjamena#article","isPartOf":{"@id":"https:\/\/www.africa-press.net\/tchad\/economie\/letat-veut-evacuer-880-reserves-anarchiquement-occupees-a-ndjamena"},"author":{"name":"cfeditorfr","@id":"https:\/\/www.africa-press.net\/tchad\/#\/schema\/person\/2b1cf3cd81a31e3cd26889ca66d677f1"},"headline":"l\u2019\u00c9tat veut \u00e9vacuer 880 r\u00e9serves anarchiquement occup\u00e9es \u00e0 N\u2019Djamena","datePublished":"2023-10-24T18:29:13+00:00","dateModified":"2023-10-24T19:09:19+00:00","mainEntityOfPage":{"@id":"https:\/\/www.africa-press.net\/tchad\/economie\/letat-veut-evacuer-880-reserves-anarchiquement-occupees-a-ndjamena"},"wordCount":221,"commentCount":0,"image":{"@id":"https:\/\/www.africa-press.net\/tchad\/economie\/letat-veut-evacuer-880-reserves-anarchiquement-occupees-a-ndjamena#primaryimage"},"thumbnailUrl":"https:\/\/static.africa-press.net\/tchad\/sites\/41\/2023\/10\/sm_1698161840.914653.jpg","keywords":["Africa Press","Africa Press-Tchad","Tchad"],"articleSection":["\u00c9conomie","Toutes les actualit\u00e9s"],"inLanguage":"fr-FR","potentialAction":[{"@type":"CommentAction","name":"Comment","target":["https:\/\/www.africa-press.net\/tchad\/economie\/letat-veut-evacuer-880-reserves-anarchiquement-occupees-a-ndjamena#respond"]}]},{"@type":"WebPage","@id":"https:\/\/www.africa-press.net\/tchad\/economie\/letat-veut-evacuer-880-reserves-anarchiquement-occupees-a-ndjamena","url":"https:\/\/www.africa-press.net\/tchad\/economie\/letat-veut-evacuer-880-reserves-anarchiquement-occupees-a-ndjamena","name":"l\u2019\u00c9tat veut \u00e9vacuer 880 r\u00e9serves anarchiquement occup\u00e9es \u00e0 N\u2019Djamena - tchad","isPartOf":{"@id":"https:\/\/www.africa-press.net\/tchad\/#website"},"primaryImageOfPage":{"@id":"https:\/\/www.africa-press.net\/tchad\/economie\/letat-veut-evacuer-880-reserves-anarchiquement-occupees-a-ndjamena#primaryimage"},"image":{"@id":"https:\/\/www.africa-press.net\/tchad\/economie\/letat-veut-evacuer-880-reserves-anarchiquement-occupees-a-ndjamena#primaryimage"},"thumbnailUrl":"https:\/\/static.africa-press.net\/tchad\/sites\/41\/2023\/10\/sm_1698161840.914653.jpg","datePublished":"2023-10-24T18:29:13+00:00","dateModified":"2023-10-24T19:09:19+00:00","author":{"@id":"https:\/\/www.africa-press.net\/tchad\/#\/schema\/person\/2b1cf3cd81a31e3cd26889ca66d677f1"},"description":"Le Premier ministre, Chef du Gouvernement d\u2019Union Nationale, Monsieur Saleh KEBZABO, a pre\u0301side\u0301 ce lundi 23 octobre 202 ...","breadcrumb":{"@id":"https:\/\/www.africa-press.net\/tchad\/economie\/letat-veut-evacuer-880-reserves-anarchiquement-occupees-a-ndjamena#breadcrumb"},"inLanguage":"fr-FR","potentialAction":[{"@type":"ReadAction","target":["https:\/\/www.africa-press.net\/tchad\/economie\/letat-veut-evacuer-880-reserves-anarchiquement-occupees-a-ndjamena"]}]},{"@type":"ImageObject","inLanguage":"fr-FR","@id":"https:\/\/www.africa-press.net\/tchad\/economie\/letat-veut-evacuer-880-reserves-anarchiquement-occupees-a-ndjamena#primaryimage","url":"https:\/\/static.africa-press.net\/tchad\/sites\/41\/2023\/10\/sm_1698161840.914653.jpg","contentUrl":"https:\/\/static.africa-press.net\/tchad\/sites\/41\/2023\/10\/sm_1698161840.914653.jpg","width":929,"height":575,"caption":"l\u2019\u00c9tat veut \u00e9vacuer 880 r\u00e9serves anarchiquement occup\u00e9es \u00e0 N\u2019Djamena"},{"@type":"BreadcrumbList","@id":"https:\/\/www.africa-press.net\/tchad\/economie\/letat-veut-evacuer-880-reserves-anarchiquement-occupees-a-ndjamena#breadcrumb","itemListElement":[{"@type":"ListItem","position":1,"name":"Accueil","item":"https:\/\/www.africa-press.net\/tchad\/"},{"@type":"ListItem","position":2,"name":"l\u2019\u00c9tat veut \u00e9vacuer 880 r\u00e9serves anarchiquement occup\u00e9es \u00e0 N\u2019Djamena"}]},{"@type":"WebSite","@id":"https:\/\/www.africa-press.net\/tchad\/#website","url":"https:\/\/www.africa-press.net\/tchad\/","name":"tchad","description":"Just another Africa News Agency Sites site","potentialAction":[{"@type":"SearchAction","target":{"@type":"EntryPoint","urlTemplate":"https:\/\/www.africa-press.net\/tchad\/?s={search_term_string}"},"query-input":{"@type":"PropertyValueSpecification","valueRequired":true,"valueName":"search_term_string"}}],"inLanguage":"fr-FR"},{"@type":"Person","@id":"https:\/\/www.africa-press.net\/tchad\/#\/schema\/person\/2b1cf3cd81a31e3cd26889ca66d677f1","name":"cfeditorfr"}]}},"_links":{"self":[{"href":"https:\/\/www.africa-press.net\/tchad\/wp-json\/wp\/v2\/posts\/52810","targetHints":{"allow":["GET"]}}],"collection":[{"href":"https:\/\/www.africa-press.net\/tchad\/wp-json\/wp\/v2\/posts"}],"about":[{"href":"https:\/\/www.africa-press.net\/tchad\/wp-json\/wp\/v2\/types\/post"}],"author":[{"embeddable":true,"href":"https:\/\/www.africa-press.net\/tchad\/wp-json\/wp\/v2\/users\/82"}],"replies":[{"embeddable":true,"href":"https:\/\/www.africa-press.net\/tchad\/wp-json\/wp\/v2\/comments?post=52810"}],"version-history":[{"count":0,"href":"https:\/\/www.africa-press.net\/tchad\/wp-json\/wp\/v2\/posts\/52810\/revisions"}],"wp:featuredmedia":[{"embeddable":true,"href":"https:\/\/www.africa-press.net\/tchad\/wp-json\/wp\/v2\/media\/52808"}],"wp:attachment":[{"href":"https:\/\/www.africa-press.net\/tchad\/wp-json\/wp\/v2\/media?parent=52810"}],"wp:term":[{"taxonomy":"category","embeddable":true,"href":"https:\/\/www.africa-press.net\/tchad\/wp-json\/wp\/v2\/categories?post=52810"},{"taxonomy":"post_tag","embeddable":true,"href":"https:\/\/www.africa-press.net\/tchad\/wp-json\/wp\/v2\/tags?post=52810"}],"curies":[{"name":"wp","href":"https:\/\/api.w.org\/{rel}","templated":true}]}}