{"id":52814,"date":"2023-10-24T18:31:13","date_gmt":"2023-10-24T18:31:13","guid":{"rendered":"https:\/\/www.africa-press.net\/tchad\/politique\/le-tchad-rejette-les-recommandations-du-departement-detat-americain-sur-le-20-octobre-2022"},"modified":"2023-10-24T19:10:26","modified_gmt":"2023-10-24T19:10:26","slug":"le-tchad-rejette-les-recommandations-du-departement-detat-americain-sur-le-20-octobre-2022","status":"publish","type":"post","link":"https:\/\/www.africa-press.net\/tchad\/politique\/le-tchad-rejette-les-recommandations-du-departement-detat-americain-sur-le-20-octobre-2022","title":{"rendered":"Le Tchad rejette les recommandations du D\u00e9partement d\u2019\u00c9tat Am\u00e9ricain sur le 20 octobre 2022"},"content":{"rendered":"<p><span style=\"color: #ff6600\"><strong>Africa-Press &#8211; Tchad. <\/strong><\/span>N&rsquo;djamena &#8211; Le Ministe\u0300re de la Justice et des Droits Humains du Tchad a e\u0301mis une re\u0301ponse aux de\u0301clarations re\u0301centes du porte-parole du De\u0301partement d&rsquo;E\u0301tat Ame\u0301ricain, M. Matthew Miller, concernant les e\u0301ve\u0301nements du 20 octobre 2022.<\/p>\n<p>Le ministe\u0300re a souligne\u0301 que les de\u0301clarations du De\u0301partement d&rsquo;E\u0301tat semblaient biaise\u0301es et constituaient des injonctions au gouvernement tchadien pour ouvrir des enque\u0302tes sur ces e\u0301ve\u0301nements et traduire les auteurs en justice. Cependant, il a re\u0301affirme\u0301 que, dans l&rsquo;exercice de sa souverainete\u0301 et conforme\u0301ment aux lois nationales et internationales, le gouvernement tchadien avait de\u0301ja\u0300 pris des mesures pour faire toute la lumie\u0300re sur ces e\u0301ve\u0301nements.<\/p>\n<p>Des enque\u0302tes ont e\u0301te\u0301 lance\u0301es dans les re\u0301gions ou\u0300 des manifestations ont eu lieu, et les juridictions compe\u0301tentes ont e\u0301mis des de\u0301cisions en toute inde\u0301pendance. Certaines des personnes condamne\u0301es ont ensuite e\u0301te\u0301 gracie\u0301es par le Pre\u0301sident de Transition dans le cadre de sa politique de re\u0301conciliation nationale.<\/p>\n<p>Le ministe\u0300re de la Justice a rappele\u0301 que le processus judiciaire n&rsquo;e\u0301tait pas a\u0300 de\u0301battre dans l&rsquo;espace public, mais qu&rsquo;il devait se de\u0301rouler devant les instances approprie\u0301es. Toute personne affecte\u0301e par ces e\u0301ve\u0301nements a le droit de saisir les tribunaux pour faire valoir ses droits.<\/p>\n<p>Le ministe\u0300re a e\u0301galement souligne\u0301 que plusieurs dossiers d&rsquo;instruction lie\u0301s aux e\u0301ve\u0301nements du 20 octobre 2022 e\u0301taient en cours, actuellement entre les mains des cabinets d&rsquo;instruction et de la police judiciaire. Il a insiste\u0301 sur le fait que le gouvernement tchadien respectait la se\u0301paration des pouvoirs et ne s&rsquo;inge\u0301rait pas dans le processus judiciaire.<\/p>\n<p>Finalement, le ministe\u0300re de la Justice a rappele\u0301 que, au-dela\u0300 des de\u0301clarations du De\u0301partement d&rsquo;E\u0301tat, il n&rsquo;accepterait pas de lec\u0327ons de la part des E\u0301tats-Unis en ce qui concerne le traitement des affaires judiciaires et le respect des droits de l&rsquo;homme.<\/p>\n<p><strong>Pour plus d&rsquo;informations et d&rsquo;analyses sur la <a href=\"https:\/\/www.africa-press.net\/tchad\">Tchad<\/a>, suivez <a href=\"https:\/\/www.africa-press.net\/\">Africa-Press<\/a><\/strong><\/p>\n","protected":false},"excerpt":{"rendered":"<p>Africa-Press &#8211; Tchad. N&rsquo;djamena &#8211; Le Ministe\u0300re de la Justice et des Droits Humains du Tchad a e\u0301mis une re\u0301ponse aux de\u0301clarations re\u0301centes du porte-parole du De\u0301partement d&rsquo;E\u0301tat Ame\u0301ricain, M. Matthew Miller, concernant les e\u0301ve\u0301nements du 20 octobre 2022. Le ministe\u0300re a souligne\u0301 que les de\u0301clarations du De\u0301partement d&rsquo;E\u0301tat semblaient biaise\u0301es et constituaient des injonctions [&hellip;]<\/p>\n","protected":false},"author":82,"featured_media":52813,"comment_status":"open","ping_status":"closed","sticky":false,"template":"","format":"standard","meta":{"footnotes":""},"categories":[2,10],"tags":[37,292,29],"class_list":["post-52814","post","type-post","status-publish","format-standard","has-post-thumbnail","hentry","category-politique","category-toutes-les-actualites","tag-africa-press","tag-africa-press-tchad","tag-tchad"],"yoast_head":"<!-- This site is optimized with the Yoast SEO Premium plugin v26.1 (Yoast SEO v27.0) - https:\/\/yoast.com\/product\/yoast-seo-premium-wordpress\/ -->\n<title>Le Tchad rejette les recommandations du D\u00e9partement d\u2019\u00c9tat Am\u00e9ricain sur le 20 octobre 2022 - tchad<\/title>\n<meta name=\"description\" content=\"N&#039;djamena - Le Ministe\u0300re de la Justice et des Droits Humains du Tchad a e\u0301mis une re\u0301ponse aux de\u0301clarations re\u0301centes ...\" \/>\n<meta name=\"robots\" content=\"index, follow, max-snippet:-1, max-image-preview:large, max-video-preview:-1\" \/>\n<link rel=\"canonical\" href=\"https:\/\/www.africa-press.net\/tchad\/politique\/le-tchad-rejette-les-recommandations-du-departement-detat-americain-sur-le-20-octobre-2022\" \/>\n<meta property=\"og:locale\" content=\"fr_FR\" \/>\n<meta property=\"og:type\" content=\"article\" \/>\n<meta property=\"og:title\" content=\"Le Tchad rejette les recommandations du D\u00e9partement d\u2019\u00c9tat Am\u00e9ricain sur le 20 octobre 2022\" \/>\n<meta property=\"og:description\" content=\"N&#039;djamena - Le Ministe\u0300re de la Justice et des Droits Humains du Tchad a e\u0301mis une re\u0301ponse aux de\u0301clarations re\u0301centes ...\" \/>\n<meta property=\"og:url\" content=\"https:\/\/www.africa-press.net\/tchad\/politique\/le-tchad-rejette-les-recommandations-du-departement-detat-americain-sur-le-20-octobre-2022\" \/>\n<meta property=\"og:site_name\" content=\"tchad\" \/>\n<meta property=\"article:published_time\" content=\"2023-10-24T18:31:13+00:00\" \/>\n<meta property=\"article:modified_time\" content=\"2023-10-24T19:10:26+00:00\" \/>\n<meta property=\"og:image\" content=\"https:\/\/static.africa-press.net\/tchad\/sites\/41\/2023\/10\/sm_1698161903.570292.jpg\" \/>\n\t<meta property=\"og:image:width\" content=\"1152\" \/>\n\t<meta property=\"og:image:height\" content=\"719\" \/>\n\t<meta property=\"og:image:type\" content=\"image\/jpeg\" \/>\n<meta name=\"author\" content=\"cfeditorfr\" \/>\n<meta name=\"twitter:card\" content=\"summary_large_image\" \/>\n<meta name=\"twitter:label1\" content=\"\u00c9crit par\" \/>\n\t<meta name=\"twitter:data1\" content=\"cfeditorfr\" \/>\n\t<meta name=\"twitter:label2\" content=\"Dur\u00e9e de lecture estim\u00e9e\" \/>\n\t<meta name=\"twitter:data2\" content=\"2 minutes\" \/>\n<script type=\"application\/ld+json\" class=\"yoast-schema-graph\">{\"@context\":\"https:\/\/schema.org\",\"@graph\":[{\"@type\":\"Article\",\"@id\":\"https:\/\/www.africa-press.net\/tchad\/politique\/le-tchad-rejette-les-recommandations-du-departement-detat-americain-sur-le-20-octobre-2022#article\",\"isPartOf\":{\"@id\":\"https:\/\/www.africa-press.net\/tchad\/politique\/le-tchad-rejette-les-recommandations-du-departement-detat-americain-sur-le-20-octobre-2022\"},\"author\":{\"name\":\"cfeditorfr\",\"@id\":\"https:\/\/www.africa-press.net\/tchad\/#\/schema\/person\/2b1cf3cd81a31e3cd26889ca66d677f1\"},\"headline\":\"Le Tchad rejette les recommandations du D\u00e9partement d\u2019\u00c9tat Am\u00e9ricain sur le 20 octobre 2022\",\"datePublished\":\"2023-10-24T18:31:13+00:00\",\"dateModified\":\"2023-10-24T19:10:26+00:00\",\"mainEntityOfPage\":{\"@id\":\"https:\/\/www.africa-press.net\/tchad\/politique\/le-tchad-rejette-les-recommandations-du-departement-detat-americain-sur-le-20-octobre-2022\"},\"wordCount\":386,\"commentCount\":0,\"image\":{\"@id\":\"https:\/\/www.africa-press.net\/tchad\/politique\/le-tchad-rejette-les-recommandations-du-departement-detat-americain-sur-le-20-octobre-2022#primaryimage\"},\"thumbnailUrl\":\"https:\/\/static.africa-press.net\/tchad\/sites\/41\/2023\/10\/sm_1698161903.570292.jpg\",\"keywords\":[\"Africa Press\",\"Africa Press-Tchad\",\"Tchad\"],\"articleSection\":[\"Politique\",\"Toutes les actualit\u00e9s\"],\"inLanguage\":\"fr-FR\",\"potentialAction\":[{\"@type\":\"CommentAction\",\"name\":\"Comment\",\"target\":[\"https:\/\/www.africa-press.net\/tchad\/politique\/le-tchad-rejette-les-recommandations-du-departement-detat-americain-sur-le-20-octobre-2022#respond\"]}]},{\"@type\":\"WebPage\",\"@id\":\"https:\/\/www.africa-press.net\/tchad\/politique\/le-tchad-rejette-les-recommandations-du-departement-detat-americain-sur-le-20-octobre-2022\",\"url\":\"https:\/\/www.africa-press.net\/tchad\/politique\/le-tchad-rejette-les-recommandations-du-departement-detat-americain-sur-le-20-octobre-2022\",\"name\":\"Le Tchad rejette les recommandations du D\u00e9partement d\u2019\u00c9tat Am\u00e9ricain sur le 20 octobre 2022 - tchad\",\"isPartOf\":{\"@id\":\"https:\/\/www.africa-press.net\/tchad\/#website\"},\"primaryImageOfPage\":{\"@id\":\"https:\/\/www.africa-press.net\/tchad\/politique\/le-tchad-rejette-les-recommandations-du-departement-detat-americain-sur-le-20-octobre-2022#primaryimage\"},\"image\":{\"@id\":\"https:\/\/www.africa-press.net\/tchad\/politique\/le-tchad-rejette-les-recommandations-du-departement-detat-americain-sur-le-20-octobre-2022#primaryimage\"},\"thumbnailUrl\":\"https:\/\/static.africa-press.net\/tchad\/sites\/41\/2023\/10\/sm_1698161903.570292.jpg\",\"datePublished\":\"2023-10-24T18:31:13+00:00\",\"dateModified\":\"2023-10-24T19:10:26+00:00\",\"author\":{\"@id\":\"https:\/\/www.africa-press.net\/tchad\/#\/schema\/person\/2b1cf3cd81a31e3cd26889ca66d677f1\"},\"description\":\"N'djamena - Le Ministe\u0300re de la Justice et des Droits Humains du Tchad a e\u0301mis une re\u0301ponse aux de\u0301clarations re\u0301centes ...\",\"breadcrumb\":{\"@id\":\"https:\/\/www.africa-press.net\/tchad\/politique\/le-tchad-rejette-les-recommandations-du-departement-detat-americain-sur-le-20-octobre-2022#breadcrumb\"},\"inLanguage\":\"fr-FR\",\"potentialAction\":[{\"@type\":\"ReadAction\",\"target\":[\"https:\/\/www.africa-press.net\/tchad\/politique\/le-tchad-rejette-les-recommandations-du-departement-detat-americain-sur-le-20-octobre-2022\"]}]},{\"@type\":\"ImageObject\",\"inLanguage\":\"fr-FR\",\"@id\":\"https:\/\/www.africa-press.net\/tchad\/politique\/le-tchad-rejette-les-recommandations-du-departement-detat-americain-sur-le-20-octobre-2022#primaryimage\",\"url\":\"https:\/\/static.africa-press.net\/tchad\/sites\/41\/2023\/10\/sm_1698161903.570292.jpg\",\"contentUrl\":\"https:\/\/static.africa-press.net\/tchad\/sites\/41\/2023\/10\/sm_1698161903.570292.jpg\",\"width\":1152,\"height\":719,\"caption\":\"Le Tchad rejette les recommandations du D\u00e9partement d\u2019\u00c9tat Am\u00e9ricain sur le 20 octobre 2022\"},{\"@type\":\"BreadcrumbList\",\"@id\":\"https:\/\/www.africa-press.net\/tchad\/politique\/le-tchad-rejette-les-recommandations-du-departement-detat-americain-sur-le-20-octobre-2022#breadcrumb\",\"itemListElement\":[{\"@type\":\"ListItem\",\"position\":1,\"name\":\"Accueil\",\"item\":\"https:\/\/www.africa-press.net\/tchad\/\"},{\"@type\":\"ListItem\",\"position\":2,\"name\":\"Le Tchad rejette les recommandations du D\u00e9partement d\u2019\u00c9tat Am\u00e9ricain sur le 20 octobre 2022\"}]},{\"@type\":\"WebSite\",\"@id\":\"https:\/\/www.africa-press.net\/tchad\/#website\",\"url\":\"https:\/\/www.africa-press.net\/tchad\/\",\"name\":\"tchad\",\"description\":\"Just another Africa News Agency Sites site\",\"potentialAction\":[{\"@type\":\"SearchAction\",\"target\":{\"@type\":\"EntryPoint\",\"urlTemplate\":\"https:\/\/www.africa-press.net\/tchad\/?s={search_term_string}\"},\"query-input\":{\"@type\":\"PropertyValueSpecification\",\"valueRequired\":true,\"valueName\":\"search_term_string\"}}],\"inLanguage\":\"fr-FR\"},{\"@type\":\"Person\",\"@id\":\"https:\/\/www.africa-press.net\/tchad\/#\/schema\/person\/2b1cf3cd81a31e3cd26889ca66d677f1\",\"name\":\"cfeditorfr\"}]}<\/script>\n<!-- \/ Yoast SEO Premium plugin. -->","yoast_head_json":{"title":"Le Tchad rejette les recommandations du D\u00e9partement d\u2019\u00c9tat Am\u00e9ricain sur le 20 octobre 2022 - tchad","description":"N'djamena - Le Ministe\u0300re de la Justice et des Droits Humains du Tchad a e\u0301mis une re\u0301ponse aux de\u0301clarations re\u0301centes ...","robots":{"index":"index","follow":"follow","max-snippet":"max-snippet:-1","max-image-preview":"max-image-preview:large","max-video-preview":"max-video-preview:-1"},"canonical":"https:\/\/www.africa-press.net\/tchad\/politique\/le-tchad-rejette-les-recommandations-du-departement-detat-americain-sur-le-20-octobre-2022","og_locale":"fr_FR","og_type":"article","og_title":"Le Tchad rejette les recommandations du D\u00e9partement d\u2019\u00c9tat Am\u00e9ricain sur le 20 octobre 2022","og_description":"N'djamena - Le Ministe\u0300re de la Justice et des Droits Humains du Tchad a e\u0301mis une re\u0301ponse aux de\u0301clarations re\u0301centes ...","og_url":"https:\/\/www.africa-press.net\/tchad\/politique\/le-tchad-rejette-les-recommandations-du-departement-detat-americain-sur-le-20-octobre-2022","og_site_name":"tchad","article_published_time":"2023-10-24T18:31:13+00:00","article_modified_time":"2023-10-24T19:10:26+00:00","og_image":[{"width":1152,"height":719,"url":"https:\/\/static.africa-press.net\/tchad\/sites\/41\/2023\/10\/sm_1698161903.570292.jpg","type":"image\/jpeg"}],"author":"cfeditorfr","twitter_card":"summary_large_image","twitter_misc":{"\u00c9crit par":"cfeditorfr","Dur\u00e9e de lecture estim\u00e9e":"2 minutes"},"schema":{"@context":"https:\/\/schema.org","@graph":[{"@type":"Article","@id":"https:\/\/www.africa-press.net\/tchad\/politique\/le-tchad-rejette-les-recommandations-du-departement-detat-americain-sur-le-20-octobre-2022#article","isPartOf":{"@id":"https:\/\/www.africa-press.net\/tchad\/politique\/le-tchad-rejette-les-recommandations-du-departement-detat-americain-sur-le-20-octobre-2022"},"author":{"name":"cfeditorfr","@id":"https:\/\/www.africa-press.net\/tchad\/#\/schema\/person\/2b1cf3cd81a31e3cd26889ca66d677f1"},"headline":"Le Tchad rejette les recommandations du D\u00e9partement d\u2019\u00c9tat Am\u00e9ricain sur le 20 octobre 2022","datePublished":"2023-10-24T18:31:13+00:00","dateModified":"2023-10-24T19:10:26+00:00","mainEntityOfPage":{"@id":"https:\/\/www.africa-press.net\/tchad\/politique\/le-tchad-rejette-les-recommandations-du-departement-detat-americain-sur-le-20-octobre-2022"},"wordCount":386,"commentCount":0,"image":{"@id":"https:\/\/www.africa-press.net\/tchad\/politique\/le-tchad-rejette-les-recommandations-du-departement-detat-americain-sur-le-20-octobre-2022#primaryimage"},"thumbnailUrl":"https:\/\/static.africa-press.net\/tchad\/sites\/41\/2023\/10\/sm_1698161903.570292.jpg","keywords":["Africa Press","Africa Press-Tchad","Tchad"],"articleSection":["Politique","Toutes les actualit\u00e9s"],"inLanguage":"fr-FR","potentialAction":[{"@type":"CommentAction","name":"Comment","target":["https:\/\/www.africa-press.net\/tchad\/politique\/le-tchad-rejette-les-recommandations-du-departement-detat-americain-sur-le-20-octobre-2022#respond"]}]},{"@type":"WebPage","@id":"https:\/\/www.africa-press.net\/tchad\/politique\/le-tchad-rejette-les-recommandations-du-departement-detat-americain-sur-le-20-octobre-2022","url":"https:\/\/www.africa-press.net\/tchad\/politique\/le-tchad-rejette-les-recommandations-du-departement-detat-americain-sur-le-20-octobre-2022","name":"Le Tchad rejette les recommandations du D\u00e9partement d\u2019\u00c9tat Am\u00e9ricain sur le 20 octobre 2022 - tchad","isPartOf":{"@id":"https:\/\/www.africa-press.net\/tchad\/#website"},"primaryImageOfPage":{"@id":"https:\/\/www.africa-press.net\/tchad\/politique\/le-tchad-rejette-les-recommandations-du-departement-detat-americain-sur-le-20-octobre-2022#primaryimage"},"image":{"@id":"https:\/\/www.africa-press.net\/tchad\/politique\/le-tchad-rejette-les-recommandations-du-departement-detat-americain-sur-le-20-octobre-2022#primaryimage"},"thumbnailUrl":"https:\/\/static.africa-press.net\/tchad\/sites\/41\/2023\/10\/sm_1698161903.570292.jpg","datePublished":"2023-10-24T18:31:13+00:00","dateModified":"2023-10-24T19:10:26+00:00","author":{"@id":"https:\/\/www.africa-press.net\/tchad\/#\/schema\/person\/2b1cf3cd81a31e3cd26889ca66d677f1"},"description":"N'djamena - Le Ministe\u0300re de la Justice et des Droits Humains du Tchad a e\u0301mis une re\u0301ponse aux de\u0301clarations re\u0301centes ...","breadcrumb":{"@id":"https:\/\/www.africa-press.net\/tchad\/politique\/le-tchad-rejette-les-recommandations-du-departement-detat-americain-sur-le-20-octobre-2022#breadcrumb"},"inLanguage":"fr-FR","potentialAction":[{"@type":"ReadAction","target":["https:\/\/www.africa-press.net\/tchad\/politique\/le-tchad-rejette-les-recommandations-du-departement-detat-americain-sur-le-20-octobre-2022"]}]},{"@type":"ImageObject","inLanguage":"fr-FR","@id":"https:\/\/www.africa-press.net\/tchad\/politique\/le-tchad-rejette-les-recommandations-du-departement-detat-americain-sur-le-20-octobre-2022#primaryimage","url":"https:\/\/static.africa-press.net\/tchad\/sites\/41\/2023\/10\/sm_1698161903.570292.jpg","contentUrl":"https:\/\/static.africa-press.net\/tchad\/sites\/41\/2023\/10\/sm_1698161903.570292.jpg","width":1152,"height":719,"caption":"Le Tchad rejette les recommandations du D\u00e9partement d\u2019\u00c9tat Am\u00e9ricain sur le 20 octobre 2022"},{"@type":"BreadcrumbList","@id":"https:\/\/www.africa-press.net\/tchad\/politique\/le-tchad-rejette-les-recommandations-du-departement-detat-americain-sur-le-20-octobre-2022#breadcrumb","itemListElement":[{"@type":"ListItem","position":1,"name":"Accueil","item":"https:\/\/www.africa-press.net\/tchad\/"},{"@type":"ListItem","position":2,"name":"Le Tchad rejette les recommandations du D\u00e9partement d\u2019\u00c9tat Am\u00e9ricain sur le 20 octobre 2022"}]},{"@type":"WebSite","@id":"https:\/\/www.africa-press.net\/tchad\/#website","url":"https:\/\/www.africa-press.net\/tchad\/","name":"tchad","description":"Just another Africa News Agency Sites site","potentialAction":[{"@type":"SearchAction","target":{"@type":"EntryPoint","urlTemplate":"https:\/\/www.africa-press.net\/tchad\/?s={search_term_string}"},"query-input":{"@type":"PropertyValueSpecification","valueRequired":true,"valueName":"search_term_string"}}],"inLanguage":"fr-FR"},{"@type":"Person","@id":"https:\/\/www.africa-press.net\/tchad\/#\/schema\/person\/2b1cf3cd81a31e3cd26889ca66d677f1","name":"cfeditorfr"}]}},"_links":{"self":[{"href":"https:\/\/www.africa-press.net\/tchad\/wp-json\/wp\/v2\/posts\/52814","targetHints":{"allow":["GET"]}}],"collection":[{"href":"https:\/\/www.africa-press.net\/tchad\/wp-json\/wp\/v2\/posts"}],"about":[{"href":"https:\/\/www.africa-press.net\/tchad\/wp-json\/wp\/v2\/types\/post"}],"author":[{"embeddable":true,"href":"https:\/\/www.africa-press.net\/tchad\/wp-json\/wp\/v2\/users\/82"}],"replies":[{"embeddable":true,"href":"https:\/\/www.africa-press.net\/tchad\/wp-json\/wp\/v2\/comments?post=52814"}],"version-history":[{"count":0,"href":"https:\/\/www.africa-press.net\/tchad\/wp-json\/wp\/v2\/posts\/52814\/revisions"}],"wp:featuredmedia":[{"embeddable":true,"href":"https:\/\/www.africa-press.net\/tchad\/wp-json\/wp\/v2\/media\/52813"}],"wp:attachment":[{"href":"https:\/\/www.africa-press.net\/tchad\/wp-json\/wp\/v2\/media?parent=52814"}],"wp:term":[{"taxonomy":"category","embeddable":true,"href":"https:\/\/www.africa-press.net\/tchad\/wp-json\/wp\/v2\/categories?post=52814"},{"taxonomy":"post_tag","embeddable":true,"href":"https:\/\/www.africa-press.net\/tchad\/wp-json\/wp\/v2\/tags?post=52814"}],"curies":[{"name":"wp","href":"https:\/\/api.w.org\/{rel}","templated":true}]}}