{"id":52828,"date":"2023-10-24T18:32:26","date_gmt":"2023-10-24T18:32:26","guid":{"rendered":"https:\/\/www.africa-press.net\/tchad\/politique\/mission-conjointe-du-ministere-de-la-sante-et-du-pads-pour-le-suivi-des-activites-au-batha"},"modified":"2023-10-24T19:15:47","modified_gmt":"2023-10-24T19:15:47","slug":"mission-conjointe-du-ministere-de-la-sante-et-du-pads-pour-le-suivi-des-activites-au-batha","status":"publish","type":"post","link":"https:\/\/www.africa-press.net\/tchad\/toutes-les-actualites\/mission-conjointe-du-ministere-de-la-sante-et-du-pads-pour-le-suivi-des-activites-au-batha","title":{"rendered":"mission conjointe du minist\u00e8re de la Sant\u00e9 et du PADS pour le suivi des activit\u00e9s au Batha"},"content":{"rendered":"<p><span style=\"color: #ff6600\"><strong>Africa-Press &#8211; Tchad. <\/strong><\/span>Dans le cadre du suivi des activite\u0301s du PADS dans le Batha, une mission conjointe du ministe\u0300re de la Sante\u0301 publique et du PADS, compose\u0301e du directeur ge\u0301ne\u0301ral du ministe\u0300re, du coordinateur du PADS, se\u0301journe a\u0300 Ati.<\/p>\n<p>Cette mission est e\u0301galement compose\u0301e de plusieurs cadres des ministe\u0300res, dont le ministe\u0300re de la Sante\u0301 publique, le ministe\u0300re du Plan et de l&rsquo;E\u0301conomie, ainsi que le ministe\u0300re de l&rsquo;E\u0301levage et de la Production animale.<\/p>\n<p>Accompagne\u0301e du de\u0301le\u0301gue\u0301 sanitaire et du conseiller technique du PADS, la mission s&rsquo;est rendue au gouvernorat et a\u0300 la commune de la ville, pour e\u0301changer avec les autorite\u0301s locales sur les re\u0301alisations et les de\u0301fis du projet PADS, lors de la phase 3, ainsi que pour projeter la phase 4.<\/p>\n<p>Dans son intervention de circonstance, le directeur ge\u0301ne\u0301ral du ministe\u0300re de la Sante\u0301 publique, le Dr Yam-madji Aliace, a explique\u0301 l&rsquo;objectif de leur mission, axe\u0301 sur le suivi des activite\u0301s. Le maire de la ville d&rsquo;Ati, Abakar Moussa Kai\u0308dallah, a exprime\u0301 sa gratitude envers le PADS et la Coope\u0301ration suisse, pour les re\u0301alisations de la de\u0301le\u0301gation sanitaire du Batha, citant l&rsquo;exemple du district sanitaire d&rsquo;Andjamena Bilala, comme une re\u0301ussite exemplaire.<\/p>\n<p>Un plaidoyer a e\u0301te\u0301 lance\u0301 pour renforcer davantage la de\u0301le\u0301gation sanitaire et accroi\u0302tre le soutien aux radios communautaires. L&rsquo;implication de la communication, notamment la sensibilisation communautaire, a e\u0301te\u0301 largement discute\u0301e lors de cette re\u0301union.<\/p>\n<p><strong>Pour plus d&rsquo;informations et d&rsquo;analyses sur la <a href=\"https:\/\/www.africa-press.net\/tchad\">Tchad<\/a>, suivez <a href=\"https:\/\/www.africa-press.net\/\">Africa-Press<\/a><\/strong><\/p>\n","protected":false},"excerpt":{"rendered":"<p>Africa-Press &#8211; Tchad. Dans le cadre du suivi des activite\u0301s du PADS dans le Batha, une mission conjointe du ministe\u0300re de la Sante\u0301 publique et du PADS, compose\u0301e du directeur ge\u0301ne\u0301ral du ministe\u0300re, du coordinateur du PADS, se\u0301journe a\u0300 Ati. Cette mission est e\u0301galement compose\u0301e de plusieurs cadres des ministe\u0300res, dont le ministe\u0300re de la [&hellip;]<\/p>\n","protected":false},"author":82,"featured_media":52827,"comment_status":"open","ping_status":"closed","sticky":false,"template":"","format":"standard","meta":{"footnotes":""},"categories":[21,10],"tags":[37,292,29],"class_list":["post-52828","post","type-post","status-publish","format-standard","has-post-thumbnail","hentry","category-communaute","category-toutes-les-actualites","tag-africa-press","tag-africa-press-tchad","tag-tchad"],"yoast_head":"<!-- This site is optimized with the Yoast SEO Premium plugin v26.1 (Yoast SEO v27.0) - https:\/\/yoast.com\/product\/yoast-seo-premium-wordpress\/ -->\n<title>mission conjointe du minist\u00e8re de la Sant\u00e9 et du PADS pour le suivi des activit\u00e9s au Batha - tchad<\/title>\n<meta name=\"description\" content=\"Dans le cadre du suivi des activite\u0301s du PADS dans le Batha, une mission conjointe du ministe\u0300re de la Sante\u0301 publique e ...\" \/>\n<meta name=\"robots\" content=\"index, follow, max-snippet:-1, max-image-preview:large, max-video-preview:-1\" \/>\n<link rel=\"canonical\" href=\"https:\/\/www.africa-press.net\/tchad\/toutes-les-actualites\/mission-conjointe-du-ministere-de-la-sante-et-du-pads-pour-le-suivi-des-activites-au-batha\" \/>\n<meta property=\"og:locale\" content=\"fr_FR\" \/>\n<meta property=\"og:type\" content=\"article\" \/>\n<meta property=\"og:title\" content=\"mission conjointe du minist\u00e8re de la Sant\u00e9 et du PADS pour le suivi des activit\u00e9s au Batha\" \/>\n<meta property=\"og:description\" content=\"Dans le cadre du suivi des activite\u0301s du PADS dans le Batha, une mission conjointe du ministe\u0300re de la Sante\u0301 publique e ...\" \/>\n<meta property=\"og:url\" content=\"https:\/\/www.africa-press.net\/tchad\/toutes-les-actualites\/mission-conjointe-du-ministere-de-la-sante-et-du-pads-pour-le-suivi-des-activites-au-batha\" \/>\n<meta property=\"og:site_name\" content=\"tchad\" \/>\n<meta property=\"article:published_time\" content=\"2023-10-24T18:32:26+00:00\" \/>\n<meta property=\"article:modified_time\" content=\"2023-10-24T19:15:47+00:00\" \/>\n<meta property=\"og:image\" content=\"https:\/\/static.africa-press.net\/tchad\/sites\/41\/2023\/10\/sm_1698162093.457454.jpg\" \/>\n\t<meta property=\"og:image:width\" content=\"1280\" \/>\n\t<meta property=\"og:image:height\" content=\"720\" \/>\n\t<meta property=\"og:image:type\" content=\"image\/jpeg\" \/>\n<meta name=\"author\" content=\"cfeditorfr\" \/>\n<meta name=\"twitter:card\" content=\"summary_large_image\" \/>\n<meta name=\"twitter:label1\" content=\"\u00c9crit par\" \/>\n\t<meta name=\"twitter:data1\" content=\"cfeditorfr\" \/>\n\t<meta name=\"twitter:label2\" content=\"Dur\u00e9e de lecture estim\u00e9e\" \/>\n\t<meta name=\"twitter:data2\" content=\"2 minutes\" \/>\n<script type=\"application\/ld+json\" class=\"yoast-schema-graph\">{\"@context\":\"https:\/\/schema.org\",\"@graph\":[{\"@type\":\"Article\",\"@id\":\"https:\/\/www.africa-press.net\/tchad\/toutes-les-actualites\/mission-conjointe-du-ministere-de-la-sante-et-du-pads-pour-le-suivi-des-activites-au-batha#article\",\"isPartOf\":{\"@id\":\"https:\/\/www.africa-press.net\/tchad\/toutes-les-actualites\/mission-conjointe-du-ministere-de-la-sante-et-du-pads-pour-le-suivi-des-activites-au-batha\"},\"author\":{\"name\":\"cfeditorfr\",\"@id\":\"https:\/\/www.africa-press.net\/tchad\/#\/schema\/person\/2b1cf3cd81a31e3cd26889ca66d677f1\"},\"headline\":\"mission conjointe du minist\u00e8re de la Sant\u00e9 et du PADS pour le suivi des activit\u00e9s au Batha\",\"datePublished\":\"2023-10-24T18:32:26+00:00\",\"dateModified\":\"2023-10-24T19:15:47+00:00\",\"mainEntityOfPage\":{\"@id\":\"https:\/\/www.africa-press.net\/tchad\/toutes-les-actualites\/mission-conjointe-du-ministere-de-la-sante-et-du-pads-pour-le-suivi-des-activites-au-batha\"},\"wordCount\":305,\"commentCount\":0,\"image\":{\"@id\":\"https:\/\/www.africa-press.net\/tchad\/toutes-les-actualites\/mission-conjointe-du-ministere-de-la-sante-et-du-pads-pour-le-suivi-des-activites-au-batha#primaryimage\"},\"thumbnailUrl\":\"https:\/\/static.africa-press.net\/tchad\/sites\/41\/2023\/10\/sm_1698162093.457454.jpg\",\"keywords\":[\"Africa Press\",\"Africa Press-Tchad\",\"Tchad\"],\"articleSection\":[\"Communaut\u00e9\",\"Toutes les actualit\u00e9s\"],\"inLanguage\":\"fr-FR\",\"potentialAction\":[{\"@type\":\"CommentAction\",\"name\":\"Comment\",\"target\":[\"https:\/\/www.africa-press.net\/tchad\/toutes-les-actualites\/mission-conjointe-du-ministere-de-la-sante-et-du-pads-pour-le-suivi-des-activites-au-batha#respond\"]}]},{\"@type\":\"WebPage\",\"@id\":\"https:\/\/www.africa-press.net\/tchad\/toutes-les-actualites\/mission-conjointe-du-ministere-de-la-sante-et-du-pads-pour-le-suivi-des-activites-au-batha\",\"url\":\"https:\/\/www.africa-press.net\/tchad\/toutes-les-actualites\/mission-conjointe-du-ministere-de-la-sante-et-du-pads-pour-le-suivi-des-activites-au-batha\",\"name\":\"mission conjointe du minist\u00e8re de la Sant\u00e9 et du PADS pour le suivi des activit\u00e9s au Batha - tchad\",\"isPartOf\":{\"@id\":\"https:\/\/www.africa-press.net\/tchad\/#website\"},\"primaryImageOfPage\":{\"@id\":\"https:\/\/www.africa-press.net\/tchad\/toutes-les-actualites\/mission-conjointe-du-ministere-de-la-sante-et-du-pads-pour-le-suivi-des-activites-au-batha#primaryimage\"},\"image\":{\"@id\":\"https:\/\/www.africa-press.net\/tchad\/toutes-les-actualites\/mission-conjointe-du-ministere-de-la-sante-et-du-pads-pour-le-suivi-des-activites-au-batha#primaryimage\"},\"thumbnailUrl\":\"https:\/\/static.africa-press.net\/tchad\/sites\/41\/2023\/10\/sm_1698162093.457454.jpg\",\"datePublished\":\"2023-10-24T18:32:26+00:00\",\"dateModified\":\"2023-10-24T19:15:47+00:00\",\"author\":{\"@id\":\"https:\/\/www.africa-press.net\/tchad\/#\/schema\/person\/2b1cf3cd81a31e3cd26889ca66d677f1\"},\"description\":\"Dans le cadre du suivi des activite\u0301s du PADS dans le Batha, une mission conjointe du ministe\u0300re de la Sante\u0301 publique e ...\",\"breadcrumb\":{\"@id\":\"https:\/\/www.africa-press.net\/tchad\/toutes-les-actualites\/mission-conjointe-du-ministere-de-la-sante-et-du-pads-pour-le-suivi-des-activites-au-batha#breadcrumb\"},\"inLanguage\":\"fr-FR\",\"potentialAction\":[{\"@type\":\"ReadAction\",\"target\":[\"https:\/\/www.africa-press.net\/tchad\/toutes-les-actualites\/mission-conjointe-du-ministere-de-la-sante-et-du-pads-pour-le-suivi-des-activites-au-batha\"]}]},{\"@type\":\"ImageObject\",\"inLanguage\":\"fr-FR\",\"@id\":\"https:\/\/www.africa-press.net\/tchad\/toutes-les-actualites\/mission-conjointe-du-ministere-de-la-sante-et-du-pads-pour-le-suivi-des-activites-au-batha#primaryimage\",\"url\":\"https:\/\/static.africa-press.net\/tchad\/sites\/41\/2023\/10\/sm_1698162093.457454.jpg\",\"contentUrl\":\"https:\/\/static.africa-press.net\/tchad\/sites\/41\/2023\/10\/sm_1698162093.457454.jpg\",\"width\":1280,\"height\":720,\"caption\":\"mission conjointe du minist\u00e8re de la Sant\u00e9 et du PADS pour le suivi des activit\u00e9s au Batha\"},{\"@type\":\"BreadcrumbList\",\"@id\":\"https:\/\/www.africa-press.net\/tchad\/toutes-les-actualites\/mission-conjointe-du-ministere-de-la-sante-et-du-pads-pour-le-suivi-des-activites-au-batha#breadcrumb\",\"itemListElement\":[{\"@type\":\"ListItem\",\"position\":1,\"name\":\"Accueil\",\"item\":\"https:\/\/www.africa-press.net\/tchad\/\"},{\"@type\":\"ListItem\",\"position\":2,\"name\":\"mission conjointe du minist\u00e8re de la Sant\u00e9 et du PADS pour le suivi des activit\u00e9s au Batha\"}]},{\"@type\":\"WebSite\",\"@id\":\"https:\/\/www.africa-press.net\/tchad\/#website\",\"url\":\"https:\/\/www.africa-press.net\/tchad\/\",\"name\":\"tchad\",\"description\":\"Just another Africa News Agency Sites site\",\"potentialAction\":[{\"@type\":\"SearchAction\",\"target\":{\"@type\":\"EntryPoint\",\"urlTemplate\":\"https:\/\/www.africa-press.net\/tchad\/?s={search_term_string}\"},\"query-input\":{\"@type\":\"PropertyValueSpecification\",\"valueRequired\":true,\"valueName\":\"search_term_string\"}}],\"inLanguage\":\"fr-FR\"},{\"@type\":\"Person\",\"@id\":\"https:\/\/www.africa-press.net\/tchad\/#\/schema\/person\/2b1cf3cd81a31e3cd26889ca66d677f1\",\"name\":\"cfeditorfr\"}]}<\/script>\n<!-- \/ Yoast SEO Premium plugin. -->","yoast_head_json":{"title":"mission conjointe du minist\u00e8re de la Sant\u00e9 et du PADS pour le suivi des activit\u00e9s au Batha - tchad","description":"Dans le cadre du suivi des activite\u0301s du PADS dans le Batha, une mission conjointe du ministe\u0300re de la Sante\u0301 publique e ...","robots":{"index":"index","follow":"follow","max-snippet":"max-snippet:-1","max-image-preview":"max-image-preview:large","max-video-preview":"max-video-preview:-1"},"canonical":"https:\/\/www.africa-press.net\/tchad\/toutes-les-actualites\/mission-conjointe-du-ministere-de-la-sante-et-du-pads-pour-le-suivi-des-activites-au-batha","og_locale":"fr_FR","og_type":"article","og_title":"mission conjointe du minist\u00e8re de la Sant\u00e9 et du PADS pour le suivi des activit\u00e9s au Batha","og_description":"Dans le cadre du suivi des activite\u0301s du PADS dans le Batha, une mission conjointe du ministe\u0300re de la Sante\u0301 publique e ...","og_url":"https:\/\/www.africa-press.net\/tchad\/toutes-les-actualites\/mission-conjointe-du-ministere-de-la-sante-et-du-pads-pour-le-suivi-des-activites-au-batha","og_site_name":"tchad","article_published_time":"2023-10-24T18:32:26+00:00","article_modified_time":"2023-10-24T19:15:47+00:00","og_image":[{"width":1280,"height":720,"url":"https:\/\/static.africa-press.net\/tchad\/sites\/41\/2023\/10\/sm_1698162093.457454.jpg","type":"image\/jpeg"}],"author":"cfeditorfr","twitter_card":"summary_large_image","twitter_misc":{"\u00c9crit par":"cfeditorfr","Dur\u00e9e de lecture estim\u00e9e":"2 minutes"},"schema":{"@context":"https:\/\/schema.org","@graph":[{"@type":"Article","@id":"https:\/\/www.africa-press.net\/tchad\/toutes-les-actualites\/mission-conjointe-du-ministere-de-la-sante-et-du-pads-pour-le-suivi-des-activites-au-batha#article","isPartOf":{"@id":"https:\/\/www.africa-press.net\/tchad\/toutes-les-actualites\/mission-conjointe-du-ministere-de-la-sante-et-du-pads-pour-le-suivi-des-activites-au-batha"},"author":{"name":"cfeditorfr","@id":"https:\/\/www.africa-press.net\/tchad\/#\/schema\/person\/2b1cf3cd81a31e3cd26889ca66d677f1"},"headline":"mission conjointe du minist\u00e8re de la Sant\u00e9 et du PADS pour le suivi des activit\u00e9s au Batha","datePublished":"2023-10-24T18:32:26+00:00","dateModified":"2023-10-24T19:15:47+00:00","mainEntityOfPage":{"@id":"https:\/\/www.africa-press.net\/tchad\/toutes-les-actualites\/mission-conjointe-du-ministere-de-la-sante-et-du-pads-pour-le-suivi-des-activites-au-batha"},"wordCount":305,"commentCount":0,"image":{"@id":"https:\/\/www.africa-press.net\/tchad\/toutes-les-actualites\/mission-conjointe-du-ministere-de-la-sante-et-du-pads-pour-le-suivi-des-activites-au-batha#primaryimage"},"thumbnailUrl":"https:\/\/static.africa-press.net\/tchad\/sites\/41\/2023\/10\/sm_1698162093.457454.jpg","keywords":["Africa Press","Africa Press-Tchad","Tchad"],"articleSection":["Communaut\u00e9","Toutes les actualit\u00e9s"],"inLanguage":"fr-FR","potentialAction":[{"@type":"CommentAction","name":"Comment","target":["https:\/\/www.africa-press.net\/tchad\/toutes-les-actualites\/mission-conjointe-du-ministere-de-la-sante-et-du-pads-pour-le-suivi-des-activites-au-batha#respond"]}]},{"@type":"WebPage","@id":"https:\/\/www.africa-press.net\/tchad\/toutes-les-actualites\/mission-conjointe-du-ministere-de-la-sante-et-du-pads-pour-le-suivi-des-activites-au-batha","url":"https:\/\/www.africa-press.net\/tchad\/toutes-les-actualites\/mission-conjointe-du-ministere-de-la-sante-et-du-pads-pour-le-suivi-des-activites-au-batha","name":"mission conjointe du minist\u00e8re de la Sant\u00e9 et du PADS pour le suivi des activit\u00e9s au Batha - tchad","isPartOf":{"@id":"https:\/\/www.africa-press.net\/tchad\/#website"},"primaryImageOfPage":{"@id":"https:\/\/www.africa-press.net\/tchad\/toutes-les-actualites\/mission-conjointe-du-ministere-de-la-sante-et-du-pads-pour-le-suivi-des-activites-au-batha#primaryimage"},"image":{"@id":"https:\/\/www.africa-press.net\/tchad\/toutes-les-actualites\/mission-conjointe-du-ministere-de-la-sante-et-du-pads-pour-le-suivi-des-activites-au-batha#primaryimage"},"thumbnailUrl":"https:\/\/static.africa-press.net\/tchad\/sites\/41\/2023\/10\/sm_1698162093.457454.jpg","datePublished":"2023-10-24T18:32:26+00:00","dateModified":"2023-10-24T19:15:47+00:00","author":{"@id":"https:\/\/www.africa-press.net\/tchad\/#\/schema\/person\/2b1cf3cd81a31e3cd26889ca66d677f1"},"description":"Dans le cadre du suivi des activite\u0301s du PADS dans le Batha, une mission conjointe du ministe\u0300re de la Sante\u0301 publique e ...","breadcrumb":{"@id":"https:\/\/www.africa-press.net\/tchad\/toutes-les-actualites\/mission-conjointe-du-ministere-de-la-sante-et-du-pads-pour-le-suivi-des-activites-au-batha#breadcrumb"},"inLanguage":"fr-FR","potentialAction":[{"@type":"ReadAction","target":["https:\/\/www.africa-press.net\/tchad\/toutes-les-actualites\/mission-conjointe-du-ministere-de-la-sante-et-du-pads-pour-le-suivi-des-activites-au-batha"]}]},{"@type":"ImageObject","inLanguage":"fr-FR","@id":"https:\/\/www.africa-press.net\/tchad\/toutes-les-actualites\/mission-conjointe-du-ministere-de-la-sante-et-du-pads-pour-le-suivi-des-activites-au-batha#primaryimage","url":"https:\/\/static.africa-press.net\/tchad\/sites\/41\/2023\/10\/sm_1698162093.457454.jpg","contentUrl":"https:\/\/static.africa-press.net\/tchad\/sites\/41\/2023\/10\/sm_1698162093.457454.jpg","width":1280,"height":720,"caption":"mission conjointe du minist\u00e8re de la Sant\u00e9 et du PADS pour le suivi des activit\u00e9s au Batha"},{"@type":"BreadcrumbList","@id":"https:\/\/www.africa-press.net\/tchad\/toutes-les-actualites\/mission-conjointe-du-ministere-de-la-sante-et-du-pads-pour-le-suivi-des-activites-au-batha#breadcrumb","itemListElement":[{"@type":"ListItem","position":1,"name":"Accueil","item":"https:\/\/www.africa-press.net\/tchad\/"},{"@type":"ListItem","position":2,"name":"mission conjointe du minist\u00e8re de la Sant\u00e9 et du PADS pour le suivi des activit\u00e9s au Batha"}]},{"@type":"WebSite","@id":"https:\/\/www.africa-press.net\/tchad\/#website","url":"https:\/\/www.africa-press.net\/tchad\/","name":"tchad","description":"Just another Africa News Agency Sites site","potentialAction":[{"@type":"SearchAction","target":{"@type":"EntryPoint","urlTemplate":"https:\/\/www.africa-press.net\/tchad\/?s={search_term_string}"},"query-input":{"@type":"PropertyValueSpecification","valueRequired":true,"valueName":"search_term_string"}}],"inLanguage":"fr-FR"},{"@type":"Person","@id":"https:\/\/www.africa-press.net\/tchad\/#\/schema\/person\/2b1cf3cd81a31e3cd26889ca66d677f1","name":"cfeditorfr"}]}},"_links":{"self":[{"href":"https:\/\/www.africa-press.net\/tchad\/wp-json\/wp\/v2\/posts\/52828","targetHints":{"allow":["GET"]}}],"collection":[{"href":"https:\/\/www.africa-press.net\/tchad\/wp-json\/wp\/v2\/posts"}],"about":[{"href":"https:\/\/www.africa-press.net\/tchad\/wp-json\/wp\/v2\/types\/post"}],"author":[{"embeddable":true,"href":"https:\/\/www.africa-press.net\/tchad\/wp-json\/wp\/v2\/users\/82"}],"replies":[{"embeddable":true,"href":"https:\/\/www.africa-press.net\/tchad\/wp-json\/wp\/v2\/comments?post=52828"}],"version-history":[{"count":0,"href":"https:\/\/www.africa-press.net\/tchad\/wp-json\/wp\/v2\/posts\/52828\/revisions"}],"wp:featuredmedia":[{"embeddable":true,"href":"https:\/\/www.africa-press.net\/tchad\/wp-json\/wp\/v2\/media\/52827"}],"wp:attachment":[{"href":"https:\/\/www.africa-press.net\/tchad\/wp-json\/wp\/v2\/media?parent=52828"}],"wp:term":[{"taxonomy":"category","embeddable":true,"href":"https:\/\/www.africa-press.net\/tchad\/wp-json\/wp\/v2\/categories?post=52828"},{"taxonomy":"post_tag","embeddable":true,"href":"https:\/\/www.africa-press.net\/tchad\/wp-json\/wp\/v2\/tags?post=52828"}],"curies":[{"name":"wp","href":"https:\/\/api.w.org\/{rel}","templated":true}]}}