{"id":52830,"date":"2023-10-24T18:32:37","date_gmt":"2023-10-24T18:32:37","guid":{"rendered":"https:\/\/www.africa-press.net\/tchad\/politique\/des-journalistes-et-pedagogues-en-formation-sur-leducation-aux-medias-et-a-linformation"},"modified":"2023-10-24T19:16:38","modified_gmt":"2023-10-24T19:16:38","slug":"des-journalistes-et-pedagogues-en-formation-sur-leducation-aux-medias-et-a-linformation","status":"publish","type":"post","link":"https:\/\/www.africa-press.net\/tchad\/culture-et-art\/des-journalistes-et-pedagogues-en-formation-sur-leducation-aux-medias-et-a-linformation","title":{"rendered":"des journalistes et p\u00e9dagogues en formation sur l&rsquo;\u00e9ducation aux m\u00e9dias et \u00e0 l&rsquo;information"},"content":{"rendered":"<p><span style=\"color: #ff6600\"><strong>Africa-Press &#8211; Tchad. <\/strong><\/span>La Maison des me\u0301dias du Tchad, en partenariat avec Media Excel Formation, organise du 24 au 27 octobre, un atelier de formation sur l&rsquo;e\u0301ducation aux me\u0301dias et a\u0300 l&rsquo;information. Cet atelier est place\u0301 sous le the\u0300me : \u00ab l&rsquo;e\u0301ducation aux me\u0301dias et l&rsquo;information : des citoyens mieux forme\u0301s et informe\u0301s, gage d&rsquo;une transition apaise\u0301e au Tchad \u00bb.<\/p>\n<p>Cet atelier se tient dans un contexte marque\u0301 ces dernie\u0300res anne\u0301es par des messages faisant l&rsquo;apologie de la haine qui circule dans les re\u0301seaux sociaux. Cette situation touche a\u0300 des nombreux enjeux, tels que la de\u0301mocratie, la paix et le vivre ensemble, au sein des communaute\u0301s tchadiennes.<\/p>\n<p>Cet atelier a pour objectif, la conscientisation des journalistes prive\u0301s et publics, sur leur responsabilite\u0301 sociale, la formation des pe\u0301dagogues sur la collecte et le traitement de l&rsquo;information et l&rsquo;insertion de l&rsquo;e\u0301ducation aux me\u0301dias et l&rsquo;information dans les curricula au Tchad.<\/p>\n<p>Le secre\u0301taire ge\u0301ne\u0301ral de Media Excel Formation, Nagotimti Bambe\u0301 a souligne\u0301 que ce projet de formation vise a\u0300 favoriser un regard croise\u0301 sur l&rsquo;exercice du me\u0301tier du journaliste au Tchad, afin de permettre aux journalistes d&rsquo;avoir une perception du public et, plus spe\u0301cifiquement le milieu enseignant.<\/p>\n<p>Lanc\u0327ant l&rsquo;ouverture de l&rsquo;atelier, le pre\u0301sident de la commission e\u0301ducation nationale au Conseil national de transition, Manadji Tolkem Bertin, a de\u0301clare\u0301 que les me\u0301dias publics comme prive\u0301s, et les e\u0301diteurs, ont un ro\u0302le important a\u0300 jouer dans la promotion d&rsquo;une transition raisonnable, inclusive et pacifique.<\/p>\n<p>\u00ab C&rsquo;est a\u0300 eux qu&rsquo;il revient d&rsquo;accompagner le processus par la production des contenus me\u0301diatiques et les enseignements qui favorisent la pre\u0301vention des conflits et la promotion de la paix, l&rsquo;unite\u0301 et la cohe\u0301sion sociale \u00bb, a-t-il ajoute\u0301.<\/p>\n<p><strong>Pour plus d&rsquo;informations et d&rsquo;analyses sur la <a href=\"https:\/\/www.africa-press.net\/tchad\">Tchad<\/a>, suivez <a href=\"https:\/\/www.africa-press.net\/\">Africa-Press<\/a><\/strong><\/p>\n","protected":false},"excerpt":{"rendered":"<p>Africa-Press &#8211; Tchad. La Maison des me\u0301dias du Tchad, en partenariat avec Media Excel Formation, organise du 24 au 27 octobre, un atelier de formation sur l&rsquo;e\u0301ducation aux me\u0301dias et a\u0300 l&rsquo;information. Cet atelier est place\u0301 sous le the\u0300me : \u00ab l&rsquo;e\u0301ducation aux me\u0301dias et l&rsquo;information : des citoyens mieux forme\u0301s et informe\u0301s, gage d&rsquo;une [&hellip;]<\/p>\n","protected":false},"author":82,"featured_media":52829,"comment_status":"open","ping_status":"closed","sticky":false,"template":"","format":"standard","meta":{"footnotes":""},"categories":[5,8,10],"tags":[37,292,29],"class_list":["post-52830","post","type-post","status-publish","format-standard","has-post-thumbnail","hentry","category-culture-et-art","category-photo","category-toutes-les-actualites","tag-africa-press","tag-africa-press-tchad","tag-tchad"],"yoast_head":"<!-- This site is optimized with the Yoast SEO Premium plugin v26.1 (Yoast SEO v27.0) - https:\/\/yoast.com\/product\/yoast-seo-premium-wordpress\/ -->\n<title>des journalistes et p\u00e9dagogues en formation sur l&#039;\u00e9ducation aux m\u00e9dias et \u00e0 l&#039;information - tchad<\/title>\n<meta name=\"description\" content=\"La Maison des me\u0301dias du Tchad, en partenariat avec Media Excel Formation, organise du 24 au 27 octobre, un atelier de f ...\" \/>\n<meta name=\"robots\" content=\"index, follow, max-snippet:-1, max-image-preview:large, max-video-preview:-1\" \/>\n<link rel=\"canonical\" href=\"https:\/\/www.africa-press.net\/tchad\/culture-et-art\/des-journalistes-et-pedagogues-en-formation-sur-leducation-aux-medias-et-a-linformation\" \/>\n<meta property=\"og:locale\" content=\"fr_FR\" \/>\n<meta property=\"og:type\" content=\"article\" \/>\n<meta property=\"og:title\" content=\"des journalistes et p\u00e9dagogues en formation sur l&#039;\u00e9ducation aux m\u00e9dias et \u00e0 l&#039;information\" \/>\n<meta property=\"og:description\" content=\"La Maison des me\u0301dias du Tchad, en partenariat avec Media Excel Formation, organise du 24 au 27 octobre, un atelier de f ...\" \/>\n<meta property=\"og:url\" content=\"https:\/\/www.africa-press.net\/tchad\/culture-et-art\/des-journalistes-et-pedagogues-en-formation-sur-leducation-aux-medias-et-a-linformation\" \/>\n<meta property=\"og:site_name\" content=\"tchad\" \/>\n<meta property=\"article:published_time\" content=\"2023-10-24T18:32:37+00:00\" \/>\n<meta property=\"article:modified_time\" content=\"2023-10-24T19:16:38+00:00\" \/>\n<meta property=\"og:image\" content=\"https:\/\/static.africa-press.net\/tchad\/sites\/41\/2023\/10\/sm_1698162130.497941.jpg\" \/>\n\t<meta property=\"og:image:width\" content=\"1080\" \/>\n\t<meta property=\"og:image:height\" content=\"486\" \/>\n\t<meta property=\"og:image:type\" content=\"image\/jpeg\" \/>\n<meta name=\"author\" content=\"cfeditorfr\" \/>\n<meta name=\"twitter:card\" content=\"summary_large_image\" \/>\n<meta name=\"twitter:label1\" content=\"\u00c9crit par\" \/>\n\t<meta name=\"twitter:data1\" content=\"cfeditorfr\" \/>\n\t<meta name=\"twitter:label2\" content=\"Dur\u00e9e de lecture estim\u00e9e\" \/>\n\t<meta name=\"twitter:data2\" content=\"2 minutes\" \/>\n<script type=\"application\/ld+json\" class=\"yoast-schema-graph\">{\"@context\":\"https:\/\/schema.org\",\"@graph\":[{\"@type\":\"Article\",\"@id\":\"https:\/\/www.africa-press.net\/tchad\/culture-et-art\/des-journalistes-et-pedagogues-en-formation-sur-leducation-aux-medias-et-a-linformation#article\",\"isPartOf\":{\"@id\":\"https:\/\/www.africa-press.net\/tchad\/culture-et-art\/des-journalistes-et-pedagogues-en-formation-sur-leducation-aux-medias-et-a-linformation\"},\"author\":{\"name\":\"cfeditorfr\",\"@id\":\"https:\/\/www.africa-press.net\/tchad\/#\/schema\/person\/2b1cf3cd81a31e3cd26889ca66d677f1\"},\"headline\":\"des journalistes et p\u00e9dagogues en formation sur l&rsquo;\u00e9ducation aux m\u00e9dias et \u00e0 l&rsquo;information\",\"datePublished\":\"2023-10-24T18:32:37+00:00\",\"dateModified\":\"2023-10-24T19:16:38+00:00\",\"mainEntityOfPage\":{\"@id\":\"https:\/\/www.africa-press.net\/tchad\/culture-et-art\/des-journalistes-et-pedagogues-en-formation-sur-leducation-aux-medias-et-a-linformation\"},\"wordCount\":350,\"commentCount\":0,\"image\":{\"@id\":\"https:\/\/www.africa-press.net\/tchad\/culture-et-art\/des-journalistes-et-pedagogues-en-formation-sur-leducation-aux-medias-et-a-linformation#primaryimage\"},\"thumbnailUrl\":\"https:\/\/static.africa-press.net\/tchad\/sites\/41\/2023\/10\/sm_1698162130.497941.jpg\",\"keywords\":[\"Africa Press\",\"Africa Press-Tchad\",\"Tchad\"],\"articleSection\":[\"Culture et Art\",\"Photo\",\"Toutes les actualit\u00e9s\"],\"inLanguage\":\"fr-FR\",\"potentialAction\":[{\"@type\":\"CommentAction\",\"name\":\"Comment\",\"target\":[\"https:\/\/www.africa-press.net\/tchad\/culture-et-art\/des-journalistes-et-pedagogues-en-formation-sur-leducation-aux-medias-et-a-linformation#respond\"]}]},{\"@type\":\"WebPage\",\"@id\":\"https:\/\/www.africa-press.net\/tchad\/culture-et-art\/des-journalistes-et-pedagogues-en-formation-sur-leducation-aux-medias-et-a-linformation\",\"url\":\"https:\/\/www.africa-press.net\/tchad\/culture-et-art\/des-journalistes-et-pedagogues-en-formation-sur-leducation-aux-medias-et-a-linformation\",\"name\":\"des journalistes et p\u00e9dagogues en formation sur l'\u00e9ducation aux m\u00e9dias et \u00e0 l'information - tchad\",\"isPartOf\":{\"@id\":\"https:\/\/www.africa-press.net\/tchad\/#website\"},\"primaryImageOfPage\":{\"@id\":\"https:\/\/www.africa-press.net\/tchad\/culture-et-art\/des-journalistes-et-pedagogues-en-formation-sur-leducation-aux-medias-et-a-linformation#primaryimage\"},\"image\":{\"@id\":\"https:\/\/www.africa-press.net\/tchad\/culture-et-art\/des-journalistes-et-pedagogues-en-formation-sur-leducation-aux-medias-et-a-linformation#primaryimage\"},\"thumbnailUrl\":\"https:\/\/static.africa-press.net\/tchad\/sites\/41\/2023\/10\/sm_1698162130.497941.jpg\",\"datePublished\":\"2023-10-24T18:32:37+00:00\",\"dateModified\":\"2023-10-24T19:16:38+00:00\",\"author\":{\"@id\":\"https:\/\/www.africa-press.net\/tchad\/#\/schema\/person\/2b1cf3cd81a31e3cd26889ca66d677f1\"},\"description\":\"La Maison des me\u0301dias du Tchad, en partenariat avec Media Excel Formation, organise du 24 au 27 octobre, un atelier de f ...\",\"breadcrumb\":{\"@id\":\"https:\/\/www.africa-press.net\/tchad\/culture-et-art\/des-journalistes-et-pedagogues-en-formation-sur-leducation-aux-medias-et-a-linformation#breadcrumb\"},\"inLanguage\":\"fr-FR\",\"potentialAction\":[{\"@type\":\"ReadAction\",\"target\":[\"https:\/\/www.africa-press.net\/tchad\/culture-et-art\/des-journalistes-et-pedagogues-en-formation-sur-leducation-aux-medias-et-a-linformation\"]}]},{\"@type\":\"ImageObject\",\"inLanguage\":\"fr-FR\",\"@id\":\"https:\/\/www.africa-press.net\/tchad\/culture-et-art\/des-journalistes-et-pedagogues-en-formation-sur-leducation-aux-medias-et-a-linformation#primaryimage\",\"url\":\"https:\/\/static.africa-press.net\/tchad\/sites\/41\/2023\/10\/sm_1698162130.497941.jpg\",\"contentUrl\":\"https:\/\/static.africa-press.net\/tchad\/sites\/41\/2023\/10\/sm_1698162130.497941.jpg\",\"width\":1080,\"height\":486,\"caption\":\"des journalistes et p\u00e9dagogues en formation sur l'\u00e9ducation aux m\u00e9dias et \u00e0 l'information\"},{\"@type\":\"BreadcrumbList\",\"@id\":\"https:\/\/www.africa-press.net\/tchad\/culture-et-art\/des-journalistes-et-pedagogues-en-formation-sur-leducation-aux-medias-et-a-linformation#breadcrumb\",\"itemListElement\":[{\"@type\":\"ListItem\",\"position\":1,\"name\":\"Accueil\",\"item\":\"https:\/\/www.africa-press.net\/tchad\/\"},{\"@type\":\"ListItem\",\"position\":2,\"name\":\"des journalistes et p\u00e9dagogues en formation sur l&#8217;\u00e9ducation aux m\u00e9dias et \u00e0 l&#8217;information\"}]},{\"@type\":\"WebSite\",\"@id\":\"https:\/\/www.africa-press.net\/tchad\/#website\",\"url\":\"https:\/\/www.africa-press.net\/tchad\/\",\"name\":\"tchad\",\"description\":\"Just another Africa News Agency Sites site\",\"potentialAction\":[{\"@type\":\"SearchAction\",\"target\":{\"@type\":\"EntryPoint\",\"urlTemplate\":\"https:\/\/www.africa-press.net\/tchad\/?s={search_term_string}\"},\"query-input\":{\"@type\":\"PropertyValueSpecification\",\"valueRequired\":true,\"valueName\":\"search_term_string\"}}],\"inLanguage\":\"fr-FR\"},{\"@type\":\"Person\",\"@id\":\"https:\/\/www.africa-press.net\/tchad\/#\/schema\/person\/2b1cf3cd81a31e3cd26889ca66d677f1\",\"name\":\"cfeditorfr\"}]}<\/script>\n<!-- \/ Yoast SEO Premium plugin. -->","yoast_head_json":{"title":"des journalistes et p\u00e9dagogues en formation sur l'\u00e9ducation aux m\u00e9dias et \u00e0 l'information - tchad","description":"La Maison des me\u0301dias du Tchad, en partenariat avec Media Excel Formation, organise du 24 au 27 octobre, un atelier de f ...","robots":{"index":"index","follow":"follow","max-snippet":"max-snippet:-1","max-image-preview":"max-image-preview:large","max-video-preview":"max-video-preview:-1"},"canonical":"https:\/\/www.africa-press.net\/tchad\/culture-et-art\/des-journalistes-et-pedagogues-en-formation-sur-leducation-aux-medias-et-a-linformation","og_locale":"fr_FR","og_type":"article","og_title":"des journalistes et p\u00e9dagogues en formation sur l'\u00e9ducation aux m\u00e9dias et \u00e0 l'information","og_description":"La Maison des me\u0301dias du Tchad, en partenariat avec Media Excel Formation, organise du 24 au 27 octobre, un atelier de f ...","og_url":"https:\/\/www.africa-press.net\/tchad\/culture-et-art\/des-journalistes-et-pedagogues-en-formation-sur-leducation-aux-medias-et-a-linformation","og_site_name":"tchad","article_published_time":"2023-10-24T18:32:37+00:00","article_modified_time":"2023-10-24T19:16:38+00:00","og_image":[{"width":1080,"height":486,"url":"https:\/\/static.africa-press.net\/tchad\/sites\/41\/2023\/10\/sm_1698162130.497941.jpg","type":"image\/jpeg"}],"author":"cfeditorfr","twitter_card":"summary_large_image","twitter_misc":{"\u00c9crit par":"cfeditorfr","Dur\u00e9e de lecture estim\u00e9e":"2 minutes"},"schema":{"@context":"https:\/\/schema.org","@graph":[{"@type":"Article","@id":"https:\/\/www.africa-press.net\/tchad\/culture-et-art\/des-journalistes-et-pedagogues-en-formation-sur-leducation-aux-medias-et-a-linformation#article","isPartOf":{"@id":"https:\/\/www.africa-press.net\/tchad\/culture-et-art\/des-journalistes-et-pedagogues-en-formation-sur-leducation-aux-medias-et-a-linformation"},"author":{"name":"cfeditorfr","@id":"https:\/\/www.africa-press.net\/tchad\/#\/schema\/person\/2b1cf3cd81a31e3cd26889ca66d677f1"},"headline":"des journalistes et p\u00e9dagogues en formation sur l&rsquo;\u00e9ducation aux m\u00e9dias et \u00e0 l&rsquo;information","datePublished":"2023-10-24T18:32:37+00:00","dateModified":"2023-10-24T19:16:38+00:00","mainEntityOfPage":{"@id":"https:\/\/www.africa-press.net\/tchad\/culture-et-art\/des-journalistes-et-pedagogues-en-formation-sur-leducation-aux-medias-et-a-linformation"},"wordCount":350,"commentCount":0,"image":{"@id":"https:\/\/www.africa-press.net\/tchad\/culture-et-art\/des-journalistes-et-pedagogues-en-formation-sur-leducation-aux-medias-et-a-linformation#primaryimage"},"thumbnailUrl":"https:\/\/static.africa-press.net\/tchad\/sites\/41\/2023\/10\/sm_1698162130.497941.jpg","keywords":["Africa Press","Africa Press-Tchad","Tchad"],"articleSection":["Culture et Art","Photo","Toutes les actualit\u00e9s"],"inLanguage":"fr-FR","potentialAction":[{"@type":"CommentAction","name":"Comment","target":["https:\/\/www.africa-press.net\/tchad\/culture-et-art\/des-journalistes-et-pedagogues-en-formation-sur-leducation-aux-medias-et-a-linformation#respond"]}]},{"@type":"WebPage","@id":"https:\/\/www.africa-press.net\/tchad\/culture-et-art\/des-journalistes-et-pedagogues-en-formation-sur-leducation-aux-medias-et-a-linformation","url":"https:\/\/www.africa-press.net\/tchad\/culture-et-art\/des-journalistes-et-pedagogues-en-formation-sur-leducation-aux-medias-et-a-linformation","name":"des journalistes et p\u00e9dagogues en formation sur l'\u00e9ducation aux m\u00e9dias et \u00e0 l'information - tchad","isPartOf":{"@id":"https:\/\/www.africa-press.net\/tchad\/#website"},"primaryImageOfPage":{"@id":"https:\/\/www.africa-press.net\/tchad\/culture-et-art\/des-journalistes-et-pedagogues-en-formation-sur-leducation-aux-medias-et-a-linformation#primaryimage"},"image":{"@id":"https:\/\/www.africa-press.net\/tchad\/culture-et-art\/des-journalistes-et-pedagogues-en-formation-sur-leducation-aux-medias-et-a-linformation#primaryimage"},"thumbnailUrl":"https:\/\/static.africa-press.net\/tchad\/sites\/41\/2023\/10\/sm_1698162130.497941.jpg","datePublished":"2023-10-24T18:32:37+00:00","dateModified":"2023-10-24T19:16:38+00:00","author":{"@id":"https:\/\/www.africa-press.net\/tchad\/#\/schema\/person\/2b1cf3cd81a31e3cd26889ca66d677f1"},"description":"La Maison des me\u0301dias du Tchad, en partenariat avec Media Excel Formation, organise du 24 au 27 octobre, un atelier de f ...","breadcrumb":{"@id":"https:\/\/www.africa-press.net\/tchad\/culture-et-art\/des-journalistes-et-pedagogues-en-formation-sur-leducation-aux-medias-et-a-linformation#breadcrumb"},"inLanguage":"fr-FR","potentialAction":[{"@type":"ReadAction","target":["https:\/\/www.africa-press.net\/tchad\/culture-et-art\/des-journalistes-et-pedagogues-en-formation-sur-leducation-aux-medias-et-a-linformation"]}]},{"@type":"ImageObject","inLanguage":"fr-FR","@id":"https:\/\/www.africa-press.net\/tchad\/culture-et-art\/des-journalistes-et-pedagogues-en-formation-sur-leducation-aux-medias-et-a-linformation#primaryimage","url":"https:\/\/static.africa-press.net\/tchad\/sites\/41\/2023\/10\/sm_1698162130.497941.jpg","contentUrl":"https:\/\/static.africa-press.net\/tchad\/sites\/41\/2023\/10\/sm_1698162130.497941.jpg","width":1080,"height":486,"caption":"des journalistes et p\u00e9dagogues en formation sur l'\u00e9ducation aux m\u00e9dias et \u00e0 l'information"},{"@type":"BreadcrumbList","@id":"https:\/\/www.africa-press.net\/tchad\/culture-et-art\/des-journalistes-et-pedagogues-en-formation-sur-leducation-aux-medias-et-a-linformation#breadcrumb","itemListElement":[{"@type":"ListItem","position":1,"name":"Accueil","item":"https:\/\/www.africa-press.net\/tchad\/"},{"@type":"ListItem","position":2,"name":"des journalistes et p\u00e9dagogues en formation sur l&#8217;\u00e9ducation aux m\u00e9dias et \u00e0 l&#8217;information"}]},{"@type":"WebSite","@id":"https:\/\/www.africa-press.net\/tchad\/#website","url":"https:\/\/www.africa-press.net\/tchad\/","name":"tchad","description":"Just another Africa News Agency Sites site","potentialAction":[{"@type":"SearchAction","target":{"@type":"EntryPoint","urlTemplate":"https:\/\/www.africa-press.net\/tchad\/?s={search_term_string}"},"query-input":{"@type":"PropertyValueSpecification","valueRequired":true,"valueName":"search_term_string"}}],"inLanguage":"fr-FR"},{"@type":"Person","@id":"https:\/\/www.africa-press.net\/tchad\/#\/schema\/person\/2b1cf3cd81a31e3cd26889ca66d677f1","name":"cfeditorfr"}]}},"_links":{"self":[{"href":"https:\/\/www.africa-press.net\/tchad\/wp-json\/wp\/v2\/posts\/52830","targetHints":{"allow":["GET"]}}],"collection":[{"href":"https:\/\/www.africa-press.net\/tchad\/wp-json\/wp\/v2\/posts"}],"about":[{"href":"https:\/\/www.africa-press.net\/tchad\/wp-json\/wp\/v2\/types\/post"}],"author":[{"embeddable":true,"href":"https:\/\/www.africa-press.net\/tchad\/wp-json\/wp\/v2\/users\/82"}],"replies":[{"embeddable":true,"href":"https:\/\/www.africa-press.net\/tchad\/wp-json\/wp\/v2\/comments?post=52830"}],"version-history":[{"count":0,"href":"https:\/\/www.africa-press.net\/tchad\/wp-json\/wp\/v2\/posts\/52830\/revisions"}],"wp:featuredmedia":[{"embeddable":true,"href":"https:\/\/www.africa-press.net\/tchad\/wp-json\/wp\/v2\/media\/52829"}],"wp:attachment":[{"href":"https:\/\/www.africa-press.net\/tchad\/wp-json\/wp\/v2\/media?parent=52830"}],"wp:term":[{"taxonomy":"category","embeddable":true,"href":"https:\/\/www.africa-press.net\/tchad\/wp-json\/wp\/v2\/categories?post=52830"},{"taxonomy":"post_tag","embeddable":true,"href":"https:\/\/www.africa-press.net\/tchad\/wp-json\/wp\/v2\/tags?post=52830"}],"curies":[{"name":"wp","href":"https:\/\/api.w.org\/{rel}","templated":true}]}}