{"id":52832,"date":"2023-10-24T18:33:03","date_gmt":"2023-10-24T18:33:03","guid":{"rendered":"https:\/\/www.africa-press.net\/tchad\/politique\/le-maire-de-bebedjia-annonce-un-projet-delectrification-solaire"},"modified":"2023-10-24T19:17:45","modified_gmt":"2023-10-24T19:17:45","slug":"le-maire-de-bebedjia-annonce-un-projet-delectrification-solaire","status":"publish","type":"post","link":"https:\/\/www.africa-press.net\/tchad\/toutes-les-actualites\/le-maire-de-bebedjia-annonce-un-projet-delectrification-solaire","title":{"rendered":"le maire de B\u00e9b\u00e9djia annonce un projet d&rsquo;\u00e9lectrification solaire"},"content":{"rendered":"<p><span style=\"color: #ff6600\"><strong>Africa-Press &#8211; Tchad. <\/strong><\/span>Le 24 octobre 2023, le maire de Be\u0301be\u0301djia, Maina Norbert Doumsengar, a organise\u0301 une re\u0301union avec diverses couches sociales de la ville pour discuter du projet d&rsquo;e\u0301lectrification solaire.<\/p>\n<p>Le projet d&rsquo;e\u0301lectrification de Be\u0301be\u0301djia, par l&rsquo;interme\u0301diaire d&rsquo;un champ solaire a e\u0301te\u0301 au c\u0153ur des discussions lors de cette re\u0301union, a\u0300 laquelle ont participe\u0301 les chefs de quartiers, les religieux, les chefs de services civils et militaires, la socie\u0301te\u0301 civile, ainsi que les autorite\u0301s administratives.<\/p>\n<p>Dans son discours d&rsquo;ouverture, le maire a explique\u0301 les ante\u0301ce\u0301dents du partenariat entre Be\u0301be\u0301djia et Bruxelles qui a conduit a\u0300 cet accord. Le contrat de partenariat a e\u0301te\u0301 signe\u0301 en 2019, pour la gestion de la centrale thermique et de l&rsquo;installation du parc solaire de 600 kW.<\/p>\n<p>En ce qui concerne le financement, le maire Maina Norbert Doumsengar a pre\u0301cise\u0301 que le montant s&rsquo;e\u0301levait a\u0300 950 000 euros, re\u0301partis entre le gouvernement belge et Finesco, avec 70 000 euros et 250 000 euros respectivement. Il a e\u0301galement explique\u0301 la proce\u0301dure de la signature de l&rsquo;arre\u0302te\u0301 interministe\u0301riel a\u0300 Bruxelles, le 9 fe\u0301vrier 2023, qui a octroye\u0301 le financement du gouvernement belge pour ce projet.<\/p>\n<p>Au cours des de\u0301bats, les diffe\u0301rentes parties prenantes ont souleve\u0301 des pre\u0301occupations, notamment en ce qui concerne la politique locale, y compris la cre\u0301ation de postes dans la fonction publique locale par la mairie, pour offrir des opportunite\u0301s aux jeunes et lutter contre les pratiques ne\u0301fastes.<\/p>\n<p>Le maire a salue\u0301 l&rsquo;engagement des participants dans ces discussions, qui devraient contribuer a\u0300 transformer l&rsquo;e\u0301lectrification de Be\u0301be\u0301djia. Il a toutefois souligne\u0301 l&rsquo;importance d&rsquo;un changement de mentalite\u0301 pour garantir la durabilite\u0301 de ces installations en e\u0301nergie solaire.<\/p>\n<p>Un pas prometteur pour la population, mais un travail de sensibilisation reste a\u0300 accomplir pour s&rsquo;assurer que cette source d&rsquo;e\u0301nergie renouvelable sera ge\u0301re\u0301e de manie\u0300re responsable.<\/p>\n<p><strong>Pour plus d&rsquo;informations et d&rsquo;analyses sur la <a href=\"https:\/\/www.africa-press.net\/tchad\">Tchad<\/a>, suivez <a href=\"https:\/\/www.africa-press.net\/\">Africa-Press<\/a><\/strong><\/p>\n","protected":false},"excerpt":{"rendered":"<p>Africa-Press &#8211; Tchad. Le 24 octobre 2023, le maire de Be\u0301be\u0301djia, Maina Norbert Doumsengar, a organise\u0301 une re\u0301union avec diverses couches sociales de la ville pour discuter du projet d&rsquo;e\u0301lectrification solaire. Le projet d&rsquo;e\u0301lectrification de Be\u0301be\u0301djia, par l&rsquo;interme\u0301diaire d&rsquo;un champ solaire a e\u0301te\u0301 au c\u0153ur des discussions lors de cette re\u0301union, a\u0300 laquelle ont participe\u0301 [&hellip;]<\/p>\n","protected":false},"author":82,"featured_media":52831,"comment_status":"open","ping_status":"closed","sticky":false,"template":"","format":"standard","meta":{"footnotes":""},"categories":[21,10],"tags":[37,292,29],"class_list":["post-52832","post","type-post","status-publish","format-standard","has-post-thumbnail","hentry","category-communaute","category-toutes-les-actualites","tag-africa-press","tag-africa-press-tchad","tag-tchad"],"yoast_head":"<!-- This site is optimized with the Yoast SEO Premium plugin v26.1 (Yoast SEO v27.0) - https:\/\/yoast.com\/product\/yoast-seo-premium-wordpress\/ -->\n<title>le maire de B\u00e9b\u00e9djia annonce un projet d&#039;\u00e9lectrification solaire - tchad<\/title>\n<meta name=\"description\" content=\"Le 24 octobre 2023, le maire de Be\u0301be\u0301djia, Maina Norbert Doumsengar, a organise\u0301 une re\u0301union avec diverses couches soc ...\" \/>\n<meta name=\"robots\" content=\"index, follow, max-snippet:-1, max-image-preview:large, max-video-preview:-1\" \/>\n<link rel=\"canonical\" href=\"https:\/\/www.africa-press.net\/tchad\/toutes-les-actualites\/le-maire-de-bebedjia-annonce-un-projet-delectrification-solaire\" \/>\n<meta property=\"og:locale\" content=\"fr_FR\" \/>\n<meta property=\"og:type\" content=\"article\" \/>\n<meta property=\"og:title\" content=\"le maire de B\u00e9b\u00e9djia annonce un projet d&#039;\u00e9lectrification solaire\" \/>\n<meta property=\"og:description\" content=\"Le 24 octobre 2023, le maire de Be\u0301be\u0301djia, Maina Norbert Doumsengar, a organise\u0301 une re\u0301union avec diverses couches soc ...\" \/>\n<meta property=\"og:url\" content=\"https:\/\/www.africa-press.net\/tchad\/toutes-les-actualites\/le-maire-de-bebedjia-annonce-un-projet-delectrification-solaire\" \/>\n<meta property=\"og:site_name\" content=\"tchad\" \/>\n<meta property=\"article:published_time\" content=\"2023-10-24T18:33:03+00:00\" \/>\n<meta property=\"article:modified_time\" content=\"2023-10-24T19:17:45+00:00\" \/>\n<meta property=\"og:image\" content=\"https:\/\/static.africa-press.net\/tchad\/sites\/41\/2023\/10\/sm_1698162174.113558.jpg\" \/>\n\t<meta property=\"og:image:width\" content=\"958\" \/>\n\t<meta property=\"og:image:height\" content=\"718\" \/>\n\t<meta property=\"og:image:type\" content=\"image\/jpeg\" \/>\n<meta name=\"author\" content=\"cfeditorfr\" \/>\n<meta name=\"twitter:card\" content=\"summary_large_image\" \/>\n<meta name=\"twitter:label1\" content=\"\u00c9crit par\" \/>\n\t<meta name=\"twitter:data1\" content=\"cfeditorfr\" \/>\n\t<meta name=\"twitter:label2\" content=\"Dur\u00e9e de lecture estim\u00e9e\" \/>\n\t<meta name=\"twitter:data2\" content=\"2 minutes\" \/>\n<script type=\"application\/ld+json\" class=\"yoast-schema-graph\">{\"@context\":\"https:\/\/schema.org\",\"@graph\":[{\"@type\":\"Article\",\"@id\":\"https:\/\/www.africa-press.net\/tchad\/toutes-les-actualites\/le-maire-de-bebedjia-annonce-un-projet-delectrification-solaire#article\",\"isPartOf\":{\"@id\":\"https:\/\/www.africa-press.net\/tchad\/toutes-les-actualites\/le-maire-de-bebedjia-annonce-un-projet-delectrification-solaire\"},\"author\":{\"name\":\"cfeditorfr\",\"@id\":\"https:\/\/www.africa-press.net\/tchad\/#\/schema\/person\/2b1cf3cd81a31e3cd26889ca66d677f1\"},\"headline\":\"le maire de B\u00e9b\u00e9djia annonce un projet d&rsquo;\u00e9lectrification solaire\",\"datePublished\":\"2023-10-24T18:33:03+00:00\",\"dateModified\":\"2023-10-24T19:17:45+00:00\",\"mainEntityOfPage\":{\"@id\":\"https:\/\/www.africa-press.net\/tchad\/toutes-les-actualites\/le-maire-de-bebedjia-annonce-un-projet-delectrification-solaire\"},\"wordCount\":364,\"commentCount\":0,\"image\":{\"@id\":\"https:\/\/www.africa-press.net\/tchad\/toutes-les-actualites\/le-maire-de-bebedjia-annonce-un-projet-delectrification-solaire#primaryimage\"},\"thumbnailUrl\":\"https:\/\/static.africa-press.net\/tchad\/sites\/41\/2023\/10\/sm_1698162174.113558.jpg\",\"keywords\":[\"Africa Press\",\"Africa Press-Tchad\",\"Tchad\"],\"articleSection\":[\"Communaut\u00e9\",\"Toutes les actualit\u00e9s\"],\"inLanguage\":\"fr-FR\",\"potentialAction\":[{\"@type\":\"CommentAction\",\"name\":\"Comment\",\"target\":[\"https:\/\/www.africa-press.net\/tchad\/toutes-les-actualites\/le-maire-de-bebedjia-annonce-un-projet-delectrification-solaire#respond\"]}]},{\"@type\":\"WebPage\",\"@id\":\"https:\/\/www.africa-press.net\/tchad\/toutes-les-actualites\/le-maire-de-bebedjia-annonce-un-projet-delectrification-solaire\",\"url\":\"https:\/\/www.africa-press.net\/tchad\/toutes-les-actualites\/le-maire-de-bebedjia-annonce-un-projet-delectrification-solaire\",\"name\":\"le maire de B\u00e9b\u00e9djia annonce un projet d'\u00e9lectrification solaire - tchad\",\"isPartOf\":{\"@id\":\"https:\/\/www.africa-press.net\/tchad\/#website\"},\"primaryImageOfPage\":{\"@id\":\"https:\/\/www.africa-press.net\/tchad\/toutes-les-actualites\/le-maire-de-bebedjia-annonce-un-projet-delectrification-solaire#primaryimage\"},\"image\":{\"@id\":\"https:\/\/www.africa-press.net\/tchad\/toutes-les-actualites\/le-maire-de-bebedjia-annonce-un-projet-delectrification-solaire#primaryimage\"},\"thumbnailUrl\":\"https:\/\/static.africa-press.net\/tchad\/sites\/41\/2023\/10\/sm_1698162174.113558.jpg\",\"datePublished\":\"2023-10-24T18:33:03+00:00\",\"dateModified\":\"2023-10-24T19:17:45+00:00\",\"author\":{\"@id\":\"https:\/\/www.africa-press.net\/tchad\/#\/schema\/person\/2b1cf3cd81a31e3cd26889ca66d677f1\"},\"description\":\"Le 24 octobre 2023, le maire de Be\u0301be\u0301djia, Maina Norbert Doumsengar, a organise\u0301 une re\u0301union avec diverses couches soc ...\",\"breadcrumb\":{\"@id\":\"https:\/\/www.africa-press.net\/tchad\/toutes-les-actualites\/le-maire-de-bebedjia-annonce-un-projet-delectrification-solaire#breadcrumb\"},\"inLanguage\":\"fr-FR\",\"potentialAction\":[{\"@type\":\"ReadAction\",\"target\":[\"https:\/\/www.africa-press.net\/tchad\/toutes-les-actualites\/le-maire-de-bebedjia-annonce-un-projet-delectrification-solaire\"]}]},{\"@type\":\"ImageObject\",\"inLanguage\":\"fr-FR\",\"@id\":\"https:\/\/www.africa-press.net\/tchad\/toutes-les-actualites\/le-maire-de-bebedjia-annonce-un-projet-delectrification-solaire#primaryimage\",\"url\":\"https:\/\/static.africa-press.net\/tchad\/sites\/41\/2023\/10\/sm_1698162174.113558.jpg\",\"contentUrl\":\"https:\/\/static.africa-press.net\/tchad\/sites\/41\/2023\/10\/sm_1698162174.113558.jpg\",\"width\":958,\"height\":718,\"caption\":\"le maire de B\u00e9b\u00e9djia annonce un projet d'\u00e9lectrification solaire\"},{\"@type\":\"BreadcrumbList\",\"@id\":\"https:\/\/www.africa-press.net\/tchad\/toutes-les-actualites\/le-maire-de-bebedjia-annonce-un-projet-delectrification-solaire#breadcrumb\",\"itemListElement\":[{\"@type\":\"ListItem\",\"position\":1,\"name\":\"Accueil\",\"item\":\"https:\/\/www.africa-press.net\/tchad\/\"},{\"@type\":\"ListItem\",\"position\":2,\"name\":\"le maire de B\u00e9b\u00e9djia annonce un projet d&#8217;\u00e9lectrification solaire\"}]},{\"@type\":\"WebSite\",\"@id\":\"https:\/\/www.africa-press.net\/tchad\/#website\",\"url\":\"https:\/\/www.africa-press.net\/tchad\/\",\"name\":\"tchad\",\"description\":\"Just another Africa News Agency Sites site\",\"potentialAction\":[{\"@type\":\"SearchAction\",\"target\":{\"@type\":\"EntryPoint\",\"urlTemplate\":\"https:\/\/www.africa-press.net\/tchad\/?s={search_term_string}\"},\"query-input\":{\"@type\":\"PropertyValueSpecification\",\"valueRequired\":true,\"valueName\":\"search_term_string\"}}],\"inLanguage\":\"fr-FR\"},{\"@type\":\"Person\",\"@id\":\"https:\/\/www.africa-press.net\/tchad\/#\/schema\/person\/2b1cf3cd81a31e3cd26889ca66d677f1\",\"name\":\"cfeditorfr\"}]}<\/script>\n<!-- \/ Yoast SEO Premium plugin. -->","yoast_head_json":{"title":"le maire de B\u00e9b\u00e9djia annonce un projet d'\u00e9lectrification solaire - tchad","description":"Le 24 octobre 2023, le maire de Be\u0301be\u0301djia, Maina Norbert Doumsengar, a organise\u0301 une re\u0301union avec diverses couches soc ...","robots":{"index":"index","follow":"follow","max-snippet":"max-snippet:-1","max-image-preview":"max-image-preview:large","max-video-preview":"max-video-preview:-1"},"canonical":"https:\/\/www.africa-press.net\/tchad\/toutes-les-actualites\/le-maire-de-bebedjia-annonce-un-projet-delectrification-solaire","og_locale":"fr_FR","og_type":"article","og_title":"le maire de B\u00e9b\u00e9djia annonce un projet d'\u00e9lectrification solaire","og_description":"Le 24 octobre 2023, le maire de Be\u0301be\u0301djia, Maina Norbert Doumsengar, a organise\u0301 une re\u0301union avec diverses couches soc ...","og_url":"https:\/\/www.africa-press.net\/tchad\/toutes-les-actualites\/le-maire-de-bebedjia-annonce-un-projet-delectrification-solaire","og_site_name":"tchad","article_published_time":"2023-10-24T18:33:03+00:00","article_modified_time":"2023-10-24T19:17:45+00:00","og_image":[{"width":958,"height":718,"url":"https:\/\/static.africa-press.net\/tchad\/sites\/41\/2023\/10\/sm_1698162174.113558.jpg","type":"image\/jpeg"}],"author":"cfeditorfr","twitter_card":"summary_large_image","twitter_misc":{"\u00c9crit par":"cfeditorfr","Dur\u00e9e de lecture estim\u00e9e":"2 minutes"},"schema":{"@context":"https:\/\/schema.org","@graph":[{"@type":"Article","@id":"https:\/\/www.africa-press.net\/tchad\/toutes-les-actualites\/le-maire-de-bebedjia-annonce-un-projet-delectrification-solaire#article","isPartOf":{"@id":"https:\/\/www.africa-press.net\/tchad\/toutes-les-actualites\/le-maire-de-bebedjia-annonce-un-projet-delectrification-solaire"},"author":{"name":"cfeditorfr","@id":"https:\/\/www.africa-press.net\/tchad\/#\/schema\/person\/2b1cf3cd81a31e3cd26889ca66d677f1"},"headline":"le maire de B\u00e9b\u00e9djia annonce un projet d&rsquo;\u00e9lectrification solaire","datePublished":"2023-10-24T18:33:03+00:00","dateModified":"2023-10-24T19:17:45+00:00","mainEntityOfPage":{"@id":"https:\/\/www.africa-press.net\/tchad\/toutes-les-actualites\/le-maire-de-bebedjia-annonce-un-projet-delectrification-solaire"},"wordCount":364,"commentCount":0,"image":{"@id":"https:\/\/www.africa-press.net\/tchad\/toutes-les-actualites\/le-maire-de-bebedjia-annonce-un-projet-delectrification-solaire#primaryimage"},"thumbnailUrl":"https:\/\/static.africa-press.net\/tchad\/sites\/41\/2023\/10\/sm_1698162174.113558.jpg","keywords":["Africa Press","Africa Press-Tchad","Tchad"],"articleSection":["Communaut\u00e9","Toutes les actualit\u00e9s"],"inLanguage":"fr-FR","potentialAction":[{"@type":"CommentAction","name":"Comment","target":["https:\/\/www.africa-press.net\/tchad\/toutes-les-actualites\/le-maire-de-bebedjia-annonce-un-projet-delectrification-solaire#respond"]}]},{"@type":"WebPage","@id":"https:\/\/www.africa-press.net\/tchad\/toutes-les-actualites\/le-maire-de-bebedjia-annonce-un-projet-delectrification-solaire","url":"https:\/\/www.africa-press.net\/tchad\/toutes-les-actualites\/le-maire-de-bebedjia-annonce-un-projet-delectrification-solaire","name":"le maire de B\u00e9b\u00e9djia annonce un projet d'\u00e9lectrification solaire - tchad","isPartOf":{"@id":"https:\/\/www.africa-press.net\/tchad\/#website"},"primaryImageOfPage":{"@id":"https:\/\/www.africa-press.net\/tchad\/toutes-les-actualites\/le-maire-de-bebedjia-annonce-un-projet-delectrification-solaire#primaryimage"},"image":{"@id":"https:\/\/www.africa-press.net\/tchad\/toutes-les-actualites\/le-maire-de-bebedjia-annonce-un-projet-delectrification-solaire#primaryimage"},"thumbnailUrl":"https:\/\/static.africa-press.net\/tchad\/sites\/41\/2023\/10\/sm_1698162174.113558.jpg","datePublished":"2023-10-24T18:33:03+00:00","dateModified":"2023-10-24T19:17:45+00:00","author":{"@id":"https:\/\/www.africa-press.net\/tchad\/#\/schema\/person\/2b1cf3cd81a31e3cd26889ca66d677f1"},"description":"Le 24 octobre 2023, le maire de Be\u0301be\u0301djia, Maina Norbert Doumsengar, a organise\u0301 une re\u0301union avec diverses couches soc ...","breadcrumb":{"@id":"https:\/\/www.africa-press.net\/tchad\/toutes-les-actualites\/le-maire-de-bebedjia-annonce-un-projet-delectrification-solaire#breadcrumb"},"inLanguage":"fr-FR","potentialAction":[{"@type":"ReadAction","target":["https:\/\/www.africa-press.net\/tchad\/toutes-les-actualites\/le-maire-de-bebedjia-annonce-un-projet-delectrification-solaire"]}]},{"@type":"ImageObject","inLanguage":"fr-FR","@id":"https:\/\/www.africa-press.net\/tchad\/toutes-les-actualites\/le-maire-de-bebedjia-annonce-un-projet-delectrification-solaire#primaryimage","url":"https:\/\/static.africa-press.net\/tchad\/sites\/41\/2023\/10\/sm_1698162174.113558.jpg","contentUrl":"https:\/\/static.africa-press.net\/tchad\/sites\/41\/2023\/10\/sm_1698162174.113558.jpg","width":958,"height":718,"caption":"le maire de B\u00e9b\u00e9djia annonce un projet d'\u00e9lectrification solaire"},{"@type":"BreadcrumbList","@id":"https:\/\/www.africa-press.net\/tchad\/toutes-les-actualites\/le-maire-de-bebedjia-annonce-un-projet-delectrification-solaire#breadcrumb","itemListElement":[{"@type":"ListItem","position":1,"name":"Accueil","item":"https:\/\/www.africa-press.net\/tchad\/"},{"@type":"ListItem","position":2,"name":"le maire de B\u00e9b\u00e9djia annonce un projet d&#8217;\u00e9lectrification solaire"}]},{"@type":"WebSite","@id":"https:\/\/www.africa-press.net\/tchad\/#website","url":"https:\/\/www.africa-press.net\/tchad\/","name":"tchad","description":"Just another Africa News Agency Sites site","potentialAction":[{"@type":"SearchAction","target":{"@type":"EntryPoint","urlTemplate":"https:\/\/www.africa-press.net\/tchad\/?s={search_term_string}"},"query-input":{"@type":"PropertyValueSpecification","valueRequired":true,"valueName":"search_term_string"}}],"inLanguage":"fr-FR"},{"@type":"Person","@id":"https:\/\/www.africa-press.net\/tchad\/#\/schema\/person\/2b1cf3cd81a31e3cd26889ca66d677f1","name":"cfeditorfr"}]}},"_links":{"self":[{"href":"https:\/\/www.africa-press.net\/tchad\/wp-json\/wp\/v2\/posts\/52832","targetHints":{"allow":["GET"]}}],"collection":[{"href":"https:\/\/www.africa-press.net\/tchad\/wp-json\/wp\/v2\/posts"}],"about":[{"href":"https:\/\/www.africa-press.net\/tchad\/wp-json\/wp\/v2\/types\/post"}],"author":[{"embeddable":true,"href":"https:\/\/www.africa-press.net\/tchad\/wp-json\/wp\/v2\/users\/82"}],"replies":[{"embeddable":true,"href":"https:\/\/www.africa-press.net\/tchad\/wp-json\/wp\/v2\/comments?post=52832"}],"version-history":[{"count":0,"href":"https:\/\/www.africa-press.net\/tchad\/wp-json\/wp\/v2\/posts\/52832\/revisions"}],"wp:featuredmedia":[{"embeddable":true,"href":"https:\/\/www.africa-press.net\/tchad\/wp-json\/wp\/v2\/media\/52831"}],"wp:attachment":[{"href":"https:\/\/www.africa-press.net\/tchad\/wp-json\/wp\/v2\/media?parent=52832"}],"wp:term":[{"taxonomy":"category","embeddable":true,"href":"https:\/\/www.africa-press.net\/tchad\/wp-json\/wp\/v2\/categories?post=52832"},{"taxonomy":"post_tag","embeddable":true,"href":"https:\/\/www.africa-press.net\/tchad\/wp-json\/wp\/v2\/tags?post=52832"}],"curies":[{"name":"wp","href":"https:\/\/api.w.org\/{rel}","templated":true}]}}