{"id":52851,"date":"2023-10-25T12:54:45","date_gmt":"2023-10-25T12:54:45","guid":{"rendered":"https:\/\/www.africa-press.net\/tchad\/politique\/le-monde-va-dans-la-mauvaise-direction-pour-arreter-la-deforestation-dici-2030"},"modified":"2023-10-25T13:17:06","modified_gmt":"2023-10-25T13:17:06","slug":"le-monde-va-dans-la-mauvaise-direction-pour-arreter-la-deforestation-dici-2030","status":"publish","type":"post","link":"https:\/\/www.africa-press.net\/tchad\/toutes-les-actualites\/le-monde-va-dans-la-mauvaise-direction-pour-arreter-la-deforestation-dici-2030","title":{"rendered":"Le monde va \u00ab\u00a0dans la mauvaise direction\u00a0\u00bb pour arr\u00eater la d\u00e9forestation d&rsquo;ici 2030"},"content":{"rendered":"<p><span style=\"color: #ff6600\"><strong>Africa-Press &#8211; Tchad. <\/strong><\/span>Une e\u0301valuation annuelle re\u0301ve\u0300le que la de\u0301forestation mondiale s&rsquo;est accrue de 4% en 2022, et que le monde n&rsquo;est toujours pas sur la bonne voie pour respecter l&rsquo;engagement de 2030.<\/p>\n<p>Le monde est en train d&rsquo;e\u0301chouer a\u0300 tenir sa promesse de mettre fin a\u0300 la de\u0301forestation et d&rsquo;inverser son cours d&rsquo;ici 2030, la perte mondiale de surface forestie\u0300re s&rsquo;e\u0301tant accrue l&rsquo;anne\u0301e dernie\u0300re, a averti le 24 octobre 2023 un groupe d&rsquo;ONG et de chercheurs.<\/p>\n<p><b>Un objectif \u00ab\u00a0pas seulement la\u0300 pour faire joli\u00a0\u00bb<\/b><\/p>\n<p>En 2021, les dirigeants de plus de 100 pays et territoires, repre\u0301sentant la grande majorite\u0301 des fore\u0302ts du monde, se sont engage\u0301s a\u0300 juguler et a\u0300 contrer la disparition des fore\u0302ts d&rsquo;ici a\u0300 2030. Mais une e\u0301valuation annuelle publie\u0301e le 24 octobre a re\u0301ve\u0301le\u0301 que la de\u0301forestation mondiale s&rsquo;est accrue de 4% l&rsquo;anne\u0301e dernie\u0300re, et que le monde n&rsquo;est toujours pas sur la bonne voie pour respecter l&rsquo;engagement de 2030.<\/p>\n<p>\u00ab\u00a0L&rsquo;objectif de 2030 n&rsquo;est pas seulement la\u0300 pour faire joli, il est essentiel pour maintenir un climat vivable pour l&rsquo;humanite\u0301\u00a0\u00bb, souligne Erin Matson, l&rsquo;une des principales autrices de ce rapport intitule\u0301 \u00ab\u00a0Evaluation de la De\u0301claration sur les fore\u0302ts\u00a0\u00bb. Les fore\u0302ts ne constituent pas seulement des habitats essentiels a\u0300 la vie animale, elles sont aussi d&rsquo;importants re\u0301gulateurs du climat mondial et des puits de carbone qui absorbent les e\u0301missions provenant des activite\u0301s humaines.<\/p>\n<p>L&rsquo;anne\u0301e dernie\u0300re, la de\u0301forestation a e\u0301te\u0301 supe\u0301rieure de plus de 20% a\u0300 ce qu&rsquo;elle aurait du\u0302 e\u0302tre pour respecter l&rsquo;engagement des dirigeants. Quelque 6,6 millions d&rsquo;hectares de fore\u0302t ont e\u0301te\u0301 perdus, dont une grande partie de fore\u0302t primaire dans les re\u0301gions tropicales. L&rsquo;e\u0301valuation, supervise\u0301e par plus d&rsquo;une vingtaine d&rsquo;organisations environnementales et d&rsquo;organismes de recherche, met e\u0301galement en garde contre le fait que la de\u0301gradation des fore\u0302ts reste un proble\u0300me majeur.<\/p>\n<p>Le terme de de\u0301gradation fait re\u0301fe\u0301rence a\u0300 un large e\u0301ventail de dommages, y compris les incendies de fore\u0302t et la perte de biodiversite\u0301, qui affectent l&rsquo;e\u0301tat ge\u0301ne\u0301ral d&rsquo;une fore\u0302t. \u00ab\u00a0Les donne\u0301es d&rsquo;une anne\u0301e sur l&rsquo;autre ont tendance a\u0300 changer. Une anne\u0301e n&rsquo;est donc pas la solution ide\u0301ale\u00a0\u00bb, estime Mme Matson. \u00ab\u00a0Mais ce qui est vraiment important, c&rsquo;est la tendance. Et depuis la pe\u0301riode de re\u0301fe\u0301rence de 2018 a\u0300 2020, nous allons dans la mauvaise direction.\u00a0\u00bb<\/p>\n<p><b>Des progre\u0300s menace\u0301s<\/b><\/p>\n<p>Le tableau n&rsquo;est pas entie\u0300rement ne\u0301gatif, une cinquantaine de pays ayant e\u0301te\u0301 juge\u0301s en bonne voie pour mettre fin a\u0300 la de\u0301forestation. Le Bre\u0301sil, l&rsquo;Indone\u0301sie et la Malaisie ont notamment enregistre\u0301 des \u00ab\u00a0re\u0301ductions spectaculaires\u00a0\u00bb de la disparition des fore\u0302ts. Ces progre\u0300s sont toutefois menace\u0301s, pre\u0301vient le rapport.<\/p>\n<p>Le succe\u0300s de l&rsquo;Indone\u0301sie est en partie lie\u0301 a\u0300 un moratoire sur la de\u0301forestation, mais certains craignent que la nouvelle le\u0301gislation sur la cre\u0301ation d&#8217;emplois n&rsquo;affaiblisse cet engagement. Au Bre\u0301sil, tandis que la protection de l&rsquo;Amazonie suscite un regain d&rsquo;inte\u0301re\u0302t, un autre e\u0301cosyste\u0300me-cle\u0301, la savane du Cerrado, est devenu une cible.<\/p>\n<p>Le rapport loue les nouvelles re\u0300gles introduites par l&rsquo;Union europe\u0301enne visant a\u0300 bloquer les importations de produits de base qui favorisent la de\u0301forestation. Mais il appelle a\u0300 une action mondiale plus forte, notamment en consacrant davantage de fonds a\u0300 la protection des fore\u0302ts et en mettant fin aux subventions accorde\u0301es a\u0300 des secteurs tels que l&rsquo;agriculture, qui favorisent la de\u0301forestation.<\/p>\n<p>\u00ab\u00a0Le monde laisse tomber les fore\u0302ts, ce qui a des conse\u0301quences de\u0301vastatrices a\u0300 l&rsquo;e\u0301chelle mondiale\u00a0\u00bb, avertit Fran Price, responsable mondiale des fore\u0302ts au Fonds mondial pour la nature (WWF). \u00ab\u00a0Depuis que l&rsquo;engagement mondial (&#8230;) a e\u0301te\u0301 pris, une zone de fore\u0302t tropicale de la taille du Danemark a e\u0301te\u0301 perdue\u00a0\u00bb, met-elle en avant.<\/p>\n<p>La publication du rapport survient avant la tenue de la COP28, confe\u0301rence des Nations unies sur le climat, qui re\u0301unira les dirigeants du monde a\u0300 Dubai\u0308 du 30 novembre au 12 de\u0301cembre. La de\u0301forestation risque cependant de passer au second plan, derrie\u0300re les discussions sur les e\u0301nergies renouvelables et l&rsquo;avenir des combustibles fossiles. \u00ab\u00a0Nous voulons que la nature et la fore\u0302t soient une priorite\u0301. Nous craignons que (les discussions) ne soient pas a\u0300 la hauteur\u00a0\u00bb, de\u0301plore Mme Price.<\/p>\n<p><strong>Pour plus d&rsquo;informations et d&rsquo;analyses sur la <a href=\"https:\/\/www.africa-press.net\/tchad\">Tchad<\/a>, suivez <a href=\"https:\/\/www.africa-press.net\/\">Africa-Press<\/a><\/strong><\/p>\n","protected":false},"excerpt":{"rendered":"<p>Africa-Press &#8211; Tchad. Une e\u0301valuation annuelle re\u0301ve\u0300le que la de\u0301forestation mondiale s&rsquo;est accrue de 4% en 2022, et que le monde n&rsquo;est toujours pas sur la bonne voie pour respecter l&rsquo;engagement de 2030. Le monde est en train d&rsquo;e\u0301chouer a\u0300 tenir sa promesse de mettre fin a\u0300 la de\u0301forestation et d&rsquo;inverser son cours d&rsquo;ici 2030, [&hellip;]<\/p>\n","protected":false},"author":82,"featured_media":52850,"comment_status":"open","ping_status":"closed","sticky":false,"template":"","format":"standard","meta":{"footnotes":""},"categories":[22,10],"tags":[37,292,29],"class_list":["post-52851","post","type-post","status-publish","format-standard","has-post-thumbnail","hentry","category-divers","category-toutes-les-actualites","tag-africa-press","tag-africa-press-tchad","tag-tchad"],"yoast_head":"<!-- This site is optimized with the Yoast SEO Premium plugin v26.1 (Yoast SEO v27.0) - https:\/\/yoast.com\/product\/yoast-seo-premium-wordpress\/ -->\n<title>Le monde va &quot;dans la mauvaise direction&quot; pour arr\u00eater la d\u00e9forestation d&#039;ici 2030 - tchad<\/title>\n<meta name=\"description\" content=\"Une e\u0301valuation annuelle re\u0301ve\u0300le que la de\u0301forestation mondiale s&#039;est accrue de 4% en 2022, et que le monde n&#039;est toujo ...\" \/>\n<meta name=\"robots\" content=\"index, follow, max-snippet:-1, max-image-preview:large, max-video-preview:-1\" \/>\n<link rel=\"canonical\" href=\"https:\/\/www.africa-press.net\/tchad\/toutes-les-actualites\/le-monde-va-dans-la-mauvaise-direction-pour-arreter-la-deforestation-dici-2030\" \/>\n<meta property=\"og:locale\" content=\"fr_FR\" \/>\n<meta property=\"og:type\" content=\"article\" \/>\n<meta property=\"og:title\" content=\"Le monde va &quot;dans la mauvaise direction&quot; pour arr\u00eater la d\u00e9forestation d&#039;ici 2030\" \/>\n<meta property=\"og:description\" content=\"Une e\u0301valuation annuelle re\u0301ve\u0300le que la de\u0301forestation mondiale s&#039;est accrue de 4% en 2022, et que le monde n&#039;est toujo ...\" \/>\n<meta property=\"og:url\" content=\"https:\/\/www.africa-press.net\/tchad\/toutes-les-actualites\/le-monde-va-dans-la-mauvaise-direction-pour-arreter-la-deforestation-dici-2030\" \/>\n<meta property=\"og:site_name\" content=\"tchad\" \/>\n<meta property=\"article:published_time\" content=\"2023-10-25T12:54:45+00:00\" \/>\n<meta property=\"article:modified_time\" content=\"2023-10-25T13:17:06+00:00\" \/>\n<meta property=\"og:image\" content=\"https:\/\/static.africa-press.net\/tchad\/sites\/41\/2023\/10\/sm_1698227182.952592.jpg\" \/>\n\t<meta property=\"og:image:width\" content=\"1200\" \/>\n\t<meta property=\"og:image:height\" content=\"900\" \/>\n\t<meta property=\"og:image:type\" content=\"image\/jpeg\" \/>\n<meta name=\"author\" content=\"cfeditorfr\" \/>\n<meta name=\"twitter:card\" content=\"summary_large_image\" \/>\n<meta name=\"twitter:label1\" content=\"\u00c9crit par\" \/>\n\t<meta name=\"twitter:data1\" content=\"cfeditorfr\" \/>\n\t<meta name=\"twitter:label2\" content=\"Dur\u00e9e de lecture estim\u00e9e\" \/>\n\t<meta name=\"twitter:data2\" content=\"4 minutes\" \/>\n<script type=\"application\/ld+json\" class=\"yoast-schema-graph\">{\"@context\":\"https:\/\/schema.org\",\"@graph\":[{\"@type\":\"Article\",\"@id\":\"https:\/\/www.africa-press.net\/tchad\/toutes-les-actualites\/le-monde-va-dans-la-mauvaise-direction-pour-arreter-la-deforestation-dici-2030#article\",\"isPartOf\":{\"@id\":\"https:\/\/www.africa-press.net\/tchad\/toutes-les-actualites\/le-monde-va-dans-la-mauvaise-direction-pour-arreter-la-deforestation-dici-2030\"},\"author\":{\"name\":\"cfeditorfr\",\"@id\":\"https:\/\/www.africa-press.net\/tchad\/#\/schema\/person\/2b1cf3cd81a31e3cd26889ca66d677f1\"},\"headline\":\"Le monde va \u00ab\u00a0dans la mauvaise direction\u00a0\u00bb pour arr\u00eater la d\u00e9forestation d&rsquo;ici 2030\",\"datePublished\":\"2023-10-25T12:54:45+00:00\",\"dateModified\":\"2023-10-25T13:17:06+00:00\",\"mainEntityOfPage\":{\"@id\":\"https:\/\/www.africa-press.net\/tchad\/toutes-les-actualites\/le-monde-va-dans-la-mauvaise-direction-pour-arreter-la-deforestation-dici-2030\"},\"wordCount\":821,\"commentCount\":0,\"image\":{\"@id\":\"https:\/\/www.africa-press.net\/tchad\/toutes-les-actualites\/le-monde-va-dans-la-mauvaise-direction-pour-arreter-la-deforestation-dici-2030#primaryimage\"},\"thumbnailUrl\":\"https:\/\/static.africa-press.net\/tchad\/sites\/41\/2023\/10\/sm_1698227182.952592.jpg\",\"keywords\":[\"Africa Press\",\"Africa Press-Tchad\",\"Tchad\"],\"articleSection\":[\"Divers\",\"Toutes les actualit\u00e9s\"],\"inLanguage\":\"fr-FR\",\"potentialAction\":[{\"@type\":\"CommentAction\",\"name\":\"Comment\",\"target\":[\"https:\/\/www.africa-press.net\/tchad\/toutes-les-actualites\/le-monde-va-dans-la-mauvaise-direction-pour-arreter-la-deforestation-dici-2030#respond\"]}]},{\"@type\":\"WebPage\",\"@id\":\"https:\/\/www.africa-press.net\/tchad\/toutes-les-actualites\/le-monde-va-dans-la-mauvaise-direction-pour-arreter-la-deforestation-dici-2030\",\"url\":\"https:\/\/www.africa-press.net\/tchad\/toutes-les-actualites\/le-monde-va-dans-la-mauvaise-direction-pour-arreter-la-deforestation-dici-2030\",\"name\":\"Le monde va \\\"dans la mauvaise direction\\\" pour arr\u00eater la d\u00e9forestation d'ici 2030 - tchad\",\"isPartOf\":{\"@id\":\"https:\/\/www.africa-press.net\/tchad\/#website\"},\"primaryImageOfPage\":{\"@id\":\"https:\/\/www.africa-press.net\/tchad\/toutes-les-actualites\/le-monde-va-dans-la-mauvaise-direction-pour-arreter-la-deforestation-dici-2030#primaryimage\"},\"image\":{\"@id\":\"https:\/\/www.africa-press.net\/tchad\/toutes-les-actualites\/le-monde-va-dans-la-mauvaise-direction-pour-arreter-la-deforestation-dici-2030#primaryimage\"},\"thumbnailUrl\":\"https:\/\/static.africa-press.net\/tchad\/sites\/41\/2023\/10\/sm_1698227182.952592.jpg\",\"datePublished\":\"2023-10-25T12:54:45+00:00\",\"dateModified\":\"2023-10-25T13:17:06+00:00\",\"author\":{\"@id\":\"https:\/\/www.africa-press.net\/tchad\/#\/schema\/person\/2b1cf3cd81a31e3cd26889ca66d677f1\"},\"description\":\"Une e\u0301valuation annuelle re\u0301ve\u0300le que la de\u0301forestation mondiale s'est accrue de 4% en 2022, et que le monde n'est toujo ...\",\"breadcrumb\":{\"@id\":\"https:\/\/www.africa-press.net\/tchad\/toutes-les-actualites\/le-monde-va-dans-la-mauvaise-direction-pour-arreter-la-deforestation-dici-2030#breadcrumb\"},\"inLanguage\":\"fr-FR\",\"potentialAction\":[{\"@type\":\"ReadAction\",\"target\":[\"https:\/\/www.africa-press.net\/tchad\/toutes-les-actualites\/le-monde-va-dans-la-mauvaise-direction-pour-arreter-la-deforestation-dici-2030\"]}]},{\"@type\":\"ImageObject\",\"inLanguage\":\"fr-FR\",\"@id\":\"https:\/\/www.africa-press.net\/tchad\/toutes-les-actualites\/le-monde-va-dans-la-mauvaise-direction-pour-arreter-la-deforestation-dici-2030#primaryimage\",\"url\":\"https:\/\/static.africa-press.net\/tchad\/sites\/41\/2023\/10\/sm_1698227182.952592.jpg\",\"contentUrl\":\"https:\/\/static.africa-press.net\/tchad\/sites\/41\/2023\/10\/sm_1698227182.952592.jpg\",\"width\":1200,\"height\":900,\"caption\":\"Le monde va \\\"dans la mauvaise direction\\\" pour arr\u00eater la d\u00e9forestation d'ici 2030\"},{\"@type\":\"BreadcrumbList\",\"@id\":\"https:\/\/www.africa-press.net\/tchad\/toutes-les-actualites\/le-monde-va-dans-la-mauvaise-direction-pour-arreter-la-deforestation-dici-2030#breadcrumb\",\"itemListElement\":[{\"@type\":\"ListItem\",\"position\":1,\"name\":\"Accueil\",\"item\":\"https:\/\/www.africa-press.net\/tchad\/\"},{\"@type\":\"ListItem\",\"position\":2,\"name\":\"Le monde va &#8220;dans la mauvaise direction&#8221; pour arr\u00eater la d\u00e9forestation d&#8217;ici 2030\"}]},{\"@type\":\"WebSite\",\"@id\":\"https:\/\/www.africa-press.net\/tchad\/#website\",\"url\":\"https:\/\/www.africa-press.net\/tchad\/\",\"name\":\"tchad\",\"description\":\"Just another Africa News Agency Sites site\",\"potentialAction\":[{\"@type\":\"SearchAction\",\"target\":{\"@type\":\"EntryPoint\",\"urlTemplate\":\"https:\/\/www.africa-press.net\/tchad\/?s={search_term_string}\"},\"query-input\":{\"@type\":\"PropertyValueSpecification\",\"valueRequired\":true,\"valueName\":\"search_term_string\"}}],\"inLanguage\":\"fr-FR\"},{\"@type\":\"Person\",\"@id\":\"https:\/\/www.africa-press.net\/tchad\/#\/schema\/person\/2b1cf3cd81a31e3cd26889ca66d677f1\",\"name\":\"cfeditorfr\"}]}<\/script>\n<!-- \/ Yoast SEO Premium plugin. -->","yoast_head_json":{"title":"Le monde va \"dans la mauvaise direction\" pour arr\u00eater la d\u00e9forestation d'ici 2030 - tchad","description":"Une e\u0301valuation annuelle re\u0301ve\u0300le que la de\u0301forestation mondiale s'est accrue de 4% en 2022, et que le monde n'est toujo ...","robots":{"index":"index","follow":"follow","max-snippet":"max-snippet:-1","max-image-preview":"max-image-preview:large","max-video-preview":"max-video-preview:-1"},"canonical":"https:\/\/www.africa-press.net\/tchad\/toutes-les-actualites\/le-monde-va-dans-la-mauvaise-direction-pour-arreter-la-deforestation-dici-2030","og_locale":"fr_FR","og_type":"article","og_title":"Le monde va \"dans la mauvaise direction\" pour arr\u00eater la d\u00e9forestation d'ici 2030","og_description":"Une e\u0301valuation annuelle re\u0301ve\u0300le que la de\u0301forestation mondiale s'est accrue de 4% en 2022, et que le monde n'est toujo ...","og_url":"https:\/\/www.africa-press.net\/tchad\/toutes-les-actualites\/le-monde-va-dans-la-mauvaise-direction-pour-arreter-la-deforestation-dici-2030","og_site_name":"tchad","article_published_time":"2023-10-25T12:54:45+00:00","article_modified_time":"2023-10-25T13:17:06+00:00","og_image":[{"width":1200,"height":900,"url":"https:\/\/static.africa-press.net\/tchad\/sites\/41\/2023\/10\/sm_1698227182.952592.jpg","type":"image\/jpeg"}],"author":"cfeditorfr","twitter_card":"summary_large_image","twitter_misc":{"\u00c9crit par":"cfeditorfr","Dur\u00e9e de lecture estim\u00e9e":"4 minutes"},"schema":{"@context":"https:\/\/schema.org","@graph":[{"@type":"Article","@id":"https:\/\/www.africa-press.net\/tchad\/toutes-les-actualites\/le-monde-va-dans-la-mauvaise-direction-pour-arreter-la-deforestation-dici-2030#article","isPartOf":{"@id":"https:\/\/www.africa-press.net\/tchad\/toutes-les-actualites\/le-monde-va-dans-la-mauvaise-direction-pour-arreter-la-deforestation-dici-2030"},"author":{"name":"cfeditorfr","@id":"https:\/\/www.africa-press.net\/tchad\/#\/schema\/person\/2b1cf3cd81a31e3cd26889ca66d677f1"},"headline":"Le monde va \u00ab\u00a0dans la mauvaise direction\u00a0\u00bb pour arr\u00eater la d\u00e9forestation d&rsquo;ici 2030","datePublished":"2023-10-25T12:54:45+00:00","dateModified":"2023-10-25T13:17:06+00:00","mainEntityOfPage":{"@id":"https:\/\/www.africa-press.net\/tchad\/toutes-les-actualites\/le-monde-va-dans-la-mauvaise-direction-pour-arreter-la-deforestation-dici-2030"},"wordCount":821,"commentCount":0,"image":{"@id":"https:\/\/www.africa-press.net\/tchad\/toutes-les-actualites\/le-monde-va-dans-la-mauvaise-direction-pour-arreter-la-deforestation-dici-2030#primaryimage"},"thumbnailUrl":"https:\/\/static.africa-press.net\/tchad\/sites\/41\/2023\/10\/sm_1698227182.952592.jpg","keywords":["Africa Press","Africa Press-Tchad","Tchad"],"articleSection":["Divers","Toutes les actualit\u00e9s"],"inLanguage":"fr-FR","potentialAction":[{"@type":"CommentAction","name":"Comment","target":["https:\/\/www.africa-press.net\/tchad\/toutes-les-actualites\/le-monde-va-dans-la-mauvaise-direction-pour-arreter-la-deforestation-dici-2030#respond"]}]},{"@type":"WebPage","@id":"https:\/\/www.africa-press.net\/tchad\/toutes-les-actualites\/le-monde-va-dans-la-mauvaise-direction-pour-arreter-la-deforestation-dici-2030","url":"https:\/\/www.africa-press.net\/tchad\/toutes-les-actualites\/le-monde-va-dans-la-mauvaise-direction-pour-arreter-la-deforestation-dici-2030","name":"Le monde va \"dans la mauvaise direction\" pour arr\u00eater la d\u00e9forestation d'ici 2030 - tchad","isPartOf":{"@id":"https:\/\/www.africa-press.net\/tchad\/#website"},"primaryImageOfPage":{"@id":"https:\/\/www.africa-press.net\/tchad\/toutes-les-actualites\/le-monde-va-dans-la-mauvaise-direction-pour-arreter-la-deforestation-dici-2030#primaryimage"},"image":{"@id":"https:\/\/www.africa-press.net\/tchad\/toutes-les-actualites\/le-monde-va-dans-la-mauvaise-direction-pour-arreter-la-deforestation-dici-2030#primaryimage"},"thumbnailUrl":"https:\/\/static.africa-press.net\/tchad\/sites\/41\/2023\/10\/sm_1698227182.952592.jpg","datePublished":"2023-10-25T12:54:45+00:00","dateModified":"2023-10-25T13:17:06+00:00","author":{"@id":"https:\/\/www.africa-press.net\/tchad\/#\/schema\/person\/2b1cf3cd81a31e3cd26889ca66d677f1"},"description":"Une e\u0301valuation annuelle re\u0301ve\u0300le que la de\u0301forestation mondiale s'est accrue de 4% en 2022, et que le monde n'est toujo ...","breadcrumb":{"@id":"https:\/\/www.africa-press.net\/tchad\/toutes-les-actualites\/le-monde-va-dans-la-mauvaise-direction-pour-arreter-la-deforestation-dici-2030#breadcrumb"},"inLanguage":"fr-FR","potentialAction":[{"@type":"ReadAction","target":["https:\/\/www.africa-press.net\/tchad\/toutes-les-actualites\/le-monde-va-dans-la-mauvaise-direction-pour-arreter-la-deforestation-dici-2030"]}]},{"@type":"ImageObject","inLanguage":"fr-FR","@id":"https:\/\/www.africa-press.net\/tchad\/toutes-les-actualites\/le-monde-va-dans-la-mauvaise-direction-pour-arreter-la-deforestation-dici-2030#primaryimage","url":"https:\/\/static.africa-press.net\/tchad\/sites\/41\/2023\/10\/sm_1698227182.952592.jpg","contentUrl":"https:\/\/static.africa-press.net\/tchad\/sites\/41\/2023\/10\/sm_1698227182.952592.jpg","width":1200,"height":900,"caption":"Le monde va \"dans la mauvaise direction\" pour arr\u00eater la d\u00e9forestation d'ici 2030"},{"@type":"BreadcrumbList","@id":"https:\/\/www.africa-press.net\/tchad\/toutes-les-actualites\/le-monde-va-dans-la-mauvaise-direction-pour-arreter-la-deforestation-dici-2030#breadcrumb","itemListElement":[{"@type":"ListItem","position":1,"name":"Accueil","item":"https:\/\/www.africa-press.net\/tchad\/"},{"@type":"ListItem","position":2,"name":"Le monde va &#8220;dans la mauvaise direction&#8221; pour arr\u00eater la d\u00e9forestation d&#8217;ici 2030"}]},{"@type":"WebSite","@id":"https:\/\/www.africa-press.net\/tchad\/#website","url":"https:\/\/www.africa-press.net\/tchad\/","name":"tchad","description":"Just another Africa News Agency Sites site","potentialAction":[{"@type":"SearchAction","target":{"@type":"EntryPoint","urlTemplate":"https:\/\/www.africa-press.net\/tchad\/?s={search_term_string}"},"query-input":{"@type":"PropertyValueSpecification","valueRequired":true,"valueName":"search_term_string"}}],"inLanguage":"fr-FR"},{"@type":"Person","@id":"https:\/\/www.africa-press.net\/tchad\/#\/schema\/person\/2b1cf3cd81a31e3cd26889ca66d677f1","name":"cfeditorfr"}]}},"_links":{"self":[{"href":"https:\/\/www.africa-press.net\/tchad\/wp-json\/wp\/v2\/posts\/52851","targetHints":{"allow":["GET"]}}],"collection":[{"href":"https:\/\/www.africa-press.net\/tchad\/wp-json\/wp\/v2\/posts"}],"about":[{"href":"https:\/\/www.africa-press.net\/tchad\/wp-json\/wp\/v2\/types\/post"}],"author":[{"embeddable":true,"href":"https:\/\/www.africa-press.net\/tchad\/wp-json\/wp\/v2\/users\/82"}],"replies":[{"embeddable":true,"href":"https:\/\/www.africa-press.net\/tchad\/wp-json\/wp\/v2\/comments?post=52851"}],"version-history":[{"count":0,"href":"https:\/\/www.africa-press.net\/tchad\/wp-json\/wp\/v2\/posts\/52851\/revisions"}],"wp:featuredmedia":[{"embeddable":true,"href":"https:\/\/www.africa-press.net\/tchad\/wp-json\/wp\/v2\/media\/52850"}],"wp:attachment":[{"href":"https:\/\/www.africa-press.net\/tchad\/wp-json\/wp\/v2\/media?parent=52851"}],"wp:term":[{"taxonomy":"category","embeddable":true,"href":"https:\/\/www.africa-press.net\/tchad\/wp-json\/wp\/v2\/categories?post=52851"},{"taxonomy":"post_tag","embeddable":true,"href":"https:\/\/www.africa-press.net\/tchad\/wp-json\/wp\/v2\/tags?post=52851"}],"curies":[{"name":"wp","href":"https:\/\/api.w.org\/{rel}","templated":true}]}}