{"id":52859,"date":"2023-10-25T16:31:13","date_gmt":"2023-10-25T16:31:13","guid":{"rendered":"https:\/\/www.africa-press.net\/tchad\/politique\/moundou-toujours-sans-autorite-communale-depuis-le-19-septembre-dernier"},"modified":"2023-10-25T16:47:29","modified_gmt":"2023-10-25T16:47:29","slug":"moundou-toujours-sans-autorite-communale-depuis-le-19-septembre-dernier","status":"publish","type":"post","link":"https:\/\/www.africa-press.net\/tchad\/politique\/moundou-toujours-sans-autorite-communale-depuis-le-19-septembre-dernier","title":{"rendered":"Moundou toujours sans autorit\u00e9 communale depuis le 19 septembre dernier"},"content":{"rendered":"<p><span style=\"color: #ff6600\"><strong>Africa-Press &#8211; Tchad. <\/strong><\/span>A la suite du de\u0301cret n\u00b02634\/PT\/PM\/MATDBG\/2023 pris en date du 19 septembre 2023, sur proposition du Ministre de l&rsquo;Administration du Territoire, de la De\u0301centralisation et de la Bonne Gouvernance, il a e\u0301te\u0301 de\u0301cide\u0301 de la dissolution du Conseil Communal de Moundou en conse\u0301quence des \u00ab\u00a0graves dysfonctionnements\u00a0\u00bb constate\u0301s.<\/p>\n<p>Le me\u0302me de\u0301cret pre\u0301cisait en son article 2, que l&rsquo;autorite\u0301 inte\u0301rimaire devait e\u0302tre mise en place sous les quinze (15) jours suivant ladite de\u0301cision re\u0301glementaire pour assurer provisoirement les fonctions du Conseil Communal.<\/p>\n<p>Jusqu&rsquo;aujourd&rsquo;hui, aucune \u00ab\u00a0autorite\u0301 inte\u0301rimaire\u00a0\u00bb n&rsquo;a encore e\u0301te\u0301 mise sur pied depuis de\u0301ja\u0300 plus de 30 jours. Le silence inexplique\u0301e du Gouvernement de Transition sur cette question cruciale de l&rsquo;exe\u0301cutif communal n&rsquo;a pas laisse\u0301 indiffe\u0301rent plus d&rsquo;un dont le Pre\u0301sident du parti politique Ensemble pour la De\u0301mocratie et la Souverainete\u0301 (E.D.S), M. DIONKEYE HUBERT, qui qualifie ce silence de \u00ab\u00a0tergiversation\u00a0\u00bb et de\u0301nonce un \u00ab\u00a0coup de bonneteau politique\u00a0\u00bb tout en affirmant ne pas avoir compris \u00ab\u00a0pourquoi de\u0301cre\u0301ter pour annoncer une autorite\u0301 inte\u0301rimaire et ne pas poursuivre a\u0300 cet effet\u00a0\u00bb. Contacte\u0301 par te\u0301le\u0301phone, le responsable politique n&rsquo;a pas manque\u0301 d&rsquo;interpeller le gouvernement de transition a\u0300 prendre ses responsabilite\u0301s et nommer un \u00ab\u00a0nouveau locataire\u00a0\u00bb afin que la commune de Moundou, capitale e\u0301conomique du Tchad, puisse retrouver un champ d&rsquo;exercice normal au risque de laisser perdurer une situation d&rsquo;anarchie politique.<\/p>\n<p><strong>Pour plus d&rsquo;informations et d&rsquo;analyses sur la <a href=\"https:\/\/www.africa-press.net\/tchad\">Tchad<\/a>, suivez <a href=\"https:\/\/www.africa-press.net\/\">Africa-Press<\/a><\/strong><\/p>\n","protected":false},"excerpt":{"rendered":"<p>Africa-Press &#8211; Tchad. A la suite du de\u0301cret n\u00b02634\/PT\/PM\/MATDBG\/2023 pris en date du 19 septembre 2023, sur proposition du Ministre de l&rsquo;Administration du Territoire, de la De\u0301centralisation et de la Bonne Gouvernance, il a e\u0301te\u0301 de\u0301cide\u0301 de la dissolution du Conseil Communal de Moundou en conse\u0301quence des \u00ab\u00a0graves dysfonctionnements\u00a0\u00bb constate\u0301s. Le me\u0302me de\u0301cret pre\u0301cisait en [&hellip;]<\/p>\n","protected":false},"author":82,"featured_media":52858,"comment_status":"open","ping_status":"closed","sticky":false,"template":"","format":"standard","meta":{"footnotes":""},"categories":[2,10],"tags":[37,292,29],"class_list":["post-52859","post","type-post","status-publish","format-standard","has-post-thumbnail","hentry","category-politique","category-toutes-les-actualites","tag-africa-press","tag-africa-press-tchad","tag-tchad"],"yoast_head":"<!-- This site is optimized with the Yoast SEO Premium plugin v26.1 (Yoast SEO v27.0) - https:\/\/yoast.com\/product\/yoast-seo-premium-wordpress\/ -->\n<title>Moundou toujours sans autorit\u00e9 communale depuis le 19 septembre dernier - tchad<\/title>\n<meta name=\"description\" content=\"A la suite du de\u0301cret n\u00b02634\/PT\/PM\/MATDBG\/2023 pris en date du 19 septembre 2023, sur proposition du Ministre de l&#039;Admin ...\" \/>\n<meta name=\"robots\" content=\"index, follow, max-snippet:-1, max-image-preview:large, max-video-preview:-1\" \/>\n<link rel=\"canonical\" href=\"https:\/\/www.africa-press.net\/tchad\/politique\/moundou-toujours-sans-autorite-communale-depuis-le-19-septembre-dernier\" \/>\n<meta property=\"og:locale\" content=\"fr_FR\" \/>\n<meta property=\"og:type\" content=\"article\" \/>\n<meta property=\"og:title\" content=\"Moundou toujours sans autorit\u00e9 communale depuis le 19 septembre dernier\" \/>\n<meta property=\"og:description\" content=\"A la suite du de\u0301cret n\u00b02634\/PT\/PM\/MATDBG\/2023 pris en date du 19 septembre 2023, sur proposition du Ministre de l&#039;Admin ...\" \/>\n<meta property=\"og:url\" content=\"https:\/\/www.africa-press.net\/tchad\/politique\/moundou-toujours-sans-autorite-communale-depuis-le-19-septembre-dernier\" \/>\n<meta property=\"og:site_name\" content=\"tchad\" \/>\n<meta property=\"article:published_time\" content=\"2023-10-25T16:31:13+00:00\" \/>\n<meta property=\"article:modified_time\" content=\"2023-10-25T16:47:29+00:00\" \/>\n<meta property=\"og:image\" content=\"https:\/\/static.africa-press.net\/tchad\/sites\/41\/2023\/10\/sm_1698239763.662563.jpg\" \/>\n\t<meta property=\"og:image:width\" content=\"1280\" \/>\n\t<meta property=\"og:image:height\" content=\"720\" \/>\n\t<meta property=\"og:image:type\" content=\"image\/jpeg\" \/>\n<meta name=\"author\" content=\"cfeditorfr\" \/>\n<meta name=\"twitter:card\" content=\"summary_large_image\" \/>\n<meta name=\"twitter:label1\" content=\"\u00c9crit par\" \/>\n\t<meta name=\"twitter:data1\" content=\"cfeditorfr\" \/>\n\t<meta name=\"twitter:label2\" content=\"Dur\u00e9e de lecture estim\u00e9e\" \/>\n\t<meta name=\"twitter:data2\" content=\"2 minutes\" \/>\n<script type=\"application\/ld+json\" class=\"yoast-schema-graph\">{\"@context\":\"https:\/\/schema.org\",\"@graph\":[{\"@type\":\"Article\",\"@id\":\"https:\/\/www.africa-press.net\/tchad\/politique\/moundou-toujours-sans-autorite-communale-depuis-le-19-septembre-dernier#article\",\"isPartOf\":{\"@id\":\"https:\/\/www.africa-press.net\/tchad\/politique\/moundou-toujours-sans-autorite-communale-depuis-le-19-septembre-dernier\"},\"author\":{\"name\":\"cfeditorfr\",\"@id\":\"https:\/\/www.africa-press.net\/tchad\/#\/schema\/person\/2b1cf3cd81a31e3cd26889ca66d677f1\"},\"headline\":\"Moundou toujours sans autorit\u00e9 communale depuis le 19 septembre dernier\",\"datePublished\":\"2023-10-25T16:31:13+00:00\",\"dateModified\":\"2023-10-25T16:47:29+00:00\",\"mainEntityOfPage\":{\"@id\":\"https:\/\/www.africa-press.net\/tchad\/politique\/moundou-toujours-sans-autorite-communale-depuis-le-19-septembre-dernier\"},\"wordCount\":280,\"commentCount\":0,\"image\":{\"@id\":\"https:\/\/www.africa-press.net\/tchad\/politique\/moundou-toujours-sans-autorite-communale-depuis-le-19-septembre-dernier#primaryimage\"},\"thumbnailUrl\":\"https:\/\/static.africa-press.net\/tchad\/sites\/41\/2023\/10\/sm_1698239763.662563.jpg\",\"keywords\":[\"Africa Press\",\"Africa Press-Tchad\",\"Tchad\"],\"articleSection\":[\"Politique\",\"Toutes les actualit\u00e9s\"],\"inLanguage\":\"fr-FR\",\"potentialAction\":[{\"@type\":\"CommentAction\",\"name\":\"Comment\",\"target\":[\"https:\/\/www.africa-press.net\/tchad\/politique\/moundou-toujours-sans-autorite-communale-depuis-le-19-septembre-dernier#respond\"]}]},{\"@type\":\"WebPage\",\"@id\":\"https:\/\/www.africa-press.net\/tchad\/politique\/moundou-toujours-sans-autorite-communale-depuis-le-19-septembre-dernier\",\"url\":\"https:\/\/www.africa-press.net\/tchad\/politique\/moundou-toujours-sans-autorite-communale-depuis-le-19-septembre-dernier\",\"name\":\"Moundou toujours sans autorit\u00e9 communale depuis le 19 septembre dernier - tchad\",\"isPartOf\":{\"@id\":\"https:\/\/www.africa-press.net\/tchad\/#website\"},\"primaryImageOfPage\":{\"@id\":\"https:\/\/www.africa-press.net\/tchad\/politique\/moundou-toujours-sans-autorite-communale-depuis-le-19-septembre-dernier#primaryimage\"},\"image\":{\"@id\":\"https:\/\/www.africa-press.net\/tchad\/politique\/moundou-toujours-sans-autorite-communale-depuis-le-19-septembre-dernier#primaryimage\"},\"thumbnailUrl\":\"https:\/\/static.africa-press.net\/tchad\/sites\/41\/2023\/10\/sm_1698239763.662563.jpg\",\"datePublished\":\"2023-10-25T16:31:13+00:00\",\"dateModified\":\"2023-10-25T16:47:29+00:00\",\"author\":{\"@id\":\"https:\/\/www.africa-press.net\/tchad\/#\/schema\/person\/2b1cf3cd81a31e3cd26889ca66d677f1\"},\"description\":\"A la suite du de\u0301cret n\u00b02634\/PT\/PM\/MATDBG\/2023 pris en date du 19 septembre 2023, sur proposition du Ministre de l'Admin ...\",\"breadcrumb\":{\"@id\":\"https:\/\/www.africa-press.net\/tchad\/politique\/moundou-toujours-sans-autorite-communale-depuis-le-19-septembre-dernier#breadcrumb\"},\"inLanguage\":\"fr-FR\",\"potentialAction\":[{\"@type\":\"ReadAction\",\"target\":[\"https:\/\/www.africa-press.net\/tchad\/politique\/moundou-toujours-sans-autorite-communale-depuis-le-19-septembre-dernier\"]}]},{\"@type\":\"ImageObject\",\"inLanguage\":\"fr-FR\",\"@id\":\"https:\/\/www.africa-press.net\/tchad\/politique\/moundou-toujours-sans-autorite-communale-depuis-le-19-septembre-dernier#primaryimage\",\"url\":\"https:\/\/static.africa-press.net\/tchad\/sites\/41\/2023\/10\/sm_1698239763.662563.jpg\",\"contentUrl\":\"https:\/\/static.africa-press.net\/tchad\/sites\/41\/2023\/10\/sm_1698239763.662563.jpg\",\"width\":1280,\"height\":720,\"caption\":\"Moundou toujours sans autorit\u00e9 communale depuis le 19 septembre dernier\"},{\"@type\":\"BreadcrumbList\",\"@id\":\"https:\/\/www.africa-press.net\/tchad\/politique\/moundou-toujours-sans-autorite-communale-depuis-le-19-septembre-dernier#breadcrumb\",\"itemListElement\":[{\"@type\":\"ListItem\",\"position\":1,\"name\":\"Accueil\",\"item\":\"https:\/\/www.africa-press.net\/tchad\/\"},{\"@type\":\"ListItem\",\"position\":2,\"name\":\"Moundou toujours sans autorit\u00e9 communale depuis le 19 septembre dernier\"}]},{\"@type\":\"WebSite\",\"@id\":\"https:\/\/www.africa-press.net\/tchad\/#website\",\"url\":\"https:\/\/www.africa-press.net\/tchad\/\",\"name\":\"tchad\",\"description\":\"Just another Africa News Agency Sites site\",\"potentialAction\":[{\"@type\":\"SearchAction\",\"target\":{\"@type\":\"EntryPoint\",\"urlTemplate\":\"https:\/\/www.africa-press.net\/tchad\/?s={search_term_string}\"},\"query-input\":{\"@type\":\"PropertyValueSpecification\",\"valueRequired\":true,\"valueName\":\"search_term_string\"}}],\"inLanguage\":\"fr-FR\"},{\"@type\":\"Person\",\"@id\":\"https:\/\/www.africa-press.net\/tchad\/#\/schema\/person\/2b1cf3cd81a31e3cd26889ca66d677f1\",\"name\":\"cfeditorfr\"}]}<\/script>\n<!-- \/ Yoast SEO Premium plugin. -->","yoast_head_json":{"title":"Moundou toujours sans autorit\u00e9 communale depuis le 19 septembre dernier - tchad","description":"A la suite du de\u0301cret n\u00b02634\/PT\/PM\/MATDBG\/2023 pris en date du 19 septembre 2023, sur proposition du Ministre de l'Admin ...","robots":{"index":"index","follow":"follow","max-snippet":"max-snippet:-1","max-image-preview":"max-image-preview:large","max-video-preview":"max-video-preview:-1"},"canonical":"https:\/\/www.africa-press.net\/tchad\/politique\/moundou-toujours-sans-autorite-communale-depuis-le-19-septembre-dernier","og_locale":"fr_FR","og_type":"article","og_title":"Moundou toujours sans autorit\u00e9 communale depuis le 19 septembre dernier","og_description":"A la suite du de\u0301cret n\u00b02634\/PT\/PM\/MATDBG\/2023 pris en date du 19 septembre 2023, sur proposition du Ministre de l'Admin ...","og_url":"https:\/\/www.africa-press.net\/tchad\/politique\/moundou-toujours-sans-autorite-communale-depuis-le-19-septembre-dernier","og_site_name":"tchad","article_published_time":"2023-10-25T16:31:13+00:00","article_modified_time":"2023-10-25T16:47:29+00:00","og_image":[{"width":1280,"height":720,"url":"https:\/\/static.africa-press.net\/tchad\/sites\/41\/2023\/10\/sm_1698239763.662563.jpg","type":"image\/jpeg"}],"author":"cfeditorfr","twitter_card":"summary_large_image","twitter_misc":{"\u00c9crit par":"cfeditorfr","Dur\u00e9e de lecture estim\u00e9e":"2 minutes"},"schema":{"@context":"https:\/\/schema.org","@graph":[{"@type":"Article","@id":"https:\/\/www.africa-press.net\/tchad\/politique\/moundou-toujours-sans-autorite-communale-depuis-le-19-septembre-dernier#article","isPartOf":{"@id":"https:\/\/www.africa-press.net\/tchad\/politique\/moundou-toujours-sans-autorite-communale-depuis-le-19-septembre-dernier"},"author":{"name":"cfeditorfr","@id":"https:\/\/www.africa-press.net\/tchad\/#\/schema\/person\/2b1cf3cd81a31e3cd26889ca66d677f1"},"headline":"Moundou toujours sans autorit\u00e9 communale depuis le 19 septembre dernier","datePublished":"2023-10-25T16:31:13+00:00","dateModified":"2023-10-25T16:47:29+00:00","mainEntityOfPage":{"@id":"https:\/\/www.africa-press.net\/tchad\/politique\/moundou-toujours-sans-autorite-communale-depuis-le-19-septembre-dernier"},"wordCount":280,"commentCount":0,"image":{"@id":"https:\/\/www.africa-press.net\/tchad\/politique\/moundou-toujours-sans-autorite-communale-depuis-le-19-septembre-dernier#primaryimage"},"thumbnailUrl":"https:\/\/static.africa-press.net\/tchad\/sites\/41\/2023\/10\/sm_1698239763.662563.jpg","keywords":["Africa Press","Africa Press-Tchad","Tchad"],"articleSection":["Politique","Toutes les actualit\u00e9s"],"inLanguage":"fr-FR","potentialAction":[{"@type":"CommentAction","name":"Comment","target":["https:\/\/www.africa-press.net\/tchad\/politique\/moundou-toujours-sans-autorite-communale-depuis-le-19-septembre-dernier#respond"]}]},{"@type":"WebPage","@id":"https:\/\/www.africa-press.net\/tchad\/politique\/moundou-toujours-sans-autorite-communale-depuis-le-19-septembre-dernier","url":"https:\/\/www.africa-press.net\/tchad\/politique\/moundou-toujours-sans-autorite-communale-depuis-le-19-septembre-dernier","name":"Moundou toujours sans autorit\u00e9 communale depuis le 19 septembre dernier - tchad","isPartOf":{"@id":"https:\/\/www.africa-press.net\/tchad\/#website"},"primaryImageOfPage":{"@id":"https:\/\/www.africa-press.net\/tchad\/politique\/moundou-toujours-sans-autorite-communale-depuis-le-19-septembre-dernier#primaryimage"},"image":{"@id":"https:\/\/www.africa-press.net\/tchad\/politique\/moundou-toujours-sans-autorite-communale-depuis-le-19-septembre-dernier#primaryimage"},"thumbnailUrl":"https:\/\/static.africa-press.net\/tchad\/sites\/41\/2023\/10\/sm_1698239763.662563.jpg","datePublished":"2023-10-25T16:31:13+00:00","dateModified":"2023-10-25T16:47:29+00:00","author":{"@id":"https:\/\/www.africa-press.net\/tchad\/#\/schema\/person\/2b1cf3cd81a31e3cd26889ca66d677f1"},"description":"A la suite du de\u0301cret n\u00b02634\/PT\/PM\/MATDBG\/2023 pris en date du 19 septembre 2023, sur proposition du Ministre de l'Admin ...","breadcrumb":{"@id":"https:\/\/www.africa-press.net\/tchad\/politique\/moundou-toujours-sans-autorite-communale-depuis-le-19-septembre-dernier#breadcrumb"},"inLanguage":"fr-FR","potentialAction":[{"@type":"ReadAction","target":["https:\/\/www.africa-press.net\/tchad\/politique\/moundou-toujours-sans-autorite-communale-depuis-le-19-septembre-dernier"]}]},{"@type":"ImageObject","inLanguage":"fr-FR","@id":"https:\/\/www.africa-press.net\/tchad\/politique\/moundou-toujours-sans-autorite-communale-depuis-le-19-septembre-dernier#primaryimage","url":"https:\/\/static.africa-press.net\/tchad\/sites\/41\/2023\/10\/sm_1698239763.662563.jpg","contentUrl":"https:\/\/static.africa-press.net\/tchad\/sites\/41\/2023\/10\/sm_1698239763.662563.jpg","width":1280,"height":720,"caption":"Moundou toujours sans autorit\u00e9 communale depuis le 19 septembre dernier"},{"@type":"BreadcrumbList","@id":"https:\/\/www.africa-press.net\/tchad\/politique\/moundou-toujours-sans-autorite-communale-depuis-le-19-septembre-dernier#breadcrumb","itemListElement":[{"@type":"ListItem","position":1,"name":"Accueil","item":"https:\/\/www.africa-press.net\/tchad\/"},{"@type":"ListItem","position":2,"name":"Moundou toujours sans autorit\u00e9 communale depuis le 19 septembre dernier"}]},{"@type":"WebSite","@id":"https:\/\/www.africa-press.net\/tchad\/#website","url":"https:\/\/www.africa-press.net\/tchad\/","name":"tchad","description":"Just another Africa News Agency Sites site","potentialAction":[{"@type":"SearchAction","target":{"@type":"EntryPoint","urlTemplate":"https:\/\/www.africa-press.net\/tchad\/?s={search_term_string}"},"query-input":{"@type":"PropertyValueSpecification","valueRequired":true,"valueName":"search_term_string"}}],"inLanguage":"fr-FR"},{"@type":"Person","@id":"https:\/\/www.africa-press.net\/tchad\/#\/schema\/person\/2b1cf3cd81a31e3cd26889ca66d677f1","name":"cfeditorfr"}]}},"_links":{"self":[{"href":"https:\/\/www.africa-press.net\/tchad\/wp-json\/wp\/v2\/posts\/52859","targetHints":{"allow":["GET"]}}],"collection":[{"href":"https:\/\/www.africa-press.net\/tchad\/wp-json\/wp\/v2\/posts"}],"about":[{"href":"https:\/\/www.africa-press.net\/tchad\/wp-json\/wp\/v2\/types\/post"}],"author":[{"embeddable":true,"href":"https:\/\/www.africa-press.net\/tchad\/wp-json\/wp\/v2\/users\/82"}],"replies":[{"embeddable":true,"href":"https:\/\/www.africa-press.net\/tchad\/wp-json\/wp\/v2\/comments?post=52859"}],"version-history":[{"count":0,"href":"https:\/\/www.africa-press.net\/tchad\/wp-json\/wp\/v2\/posts\/52859\/revisions"}],"wp:featuredmedia":[{"embeddable":true,"href":"https:\/\/www.africa-press.net\/tchad\/wp-json\/wp\/v2\/media\/52858"}],"wp:attachment":[{"href":"https:\/\/www.africa-press.net\/tchad\/wp-json\/wp\/v2\/media?parent=52859"}],"wp:term":[{"taxonomy":"category","embeddable":true,"href":"https:\/\/www.africa-press.net\/tchad\/wp-json\/wp\/v2\/categories?post=52859"},{"taxonomy":"post_tag","embeddable":true,"href":"https:\/\/www.africa-press.net\/tchad\/wp-json\/wp\/v2\/tags?post=52859"}],"curies":[{"name":"wp","href":"https:\/\/api.w.org\/{rel}","templated":true}]}}