{"id":52864,"date":"2023-10-25T16:32:11","date_gmt":"2023-10-25T16:32:11","guid":{"rendered":"https:\/\/www.africa-press.net\/tchad\/politique\/mobilisation-pour-la-vaccination-contre-la-poliomyelite-a-kelo"},"modified":"2023-10-25T16:48:36","modified_gmt":"2023-10-25T16:48:36","slug":"mobilisation-pour-la-vaccination-contre-la-poliomyelite-a-kelo","status":"publish","type":"post","link":"https:\/\/www.africa-press.net\/tchad\/toutes-les-actualites\/mobilisation-pour-la-vaccination-contre-la-poliomyelite-a-kelo","title":{"rendered":"mobilisation pour la vaccination contre la poliomy\u00e9lite \u00e0 Kelo"},"content":{"rendered":"<p><span style=\"color: #ff6600\"><strong>Africa-Press &#8211; Tchad. <\/strong><\/span>Le pre\u0301fet Doud Souleymane Ousmane a pre\u0301side\u0301 ce mardi 24 octobre 2023 une rencontre de mobilisation, en pre\u0301sence des leaders des communaute\u0301s. Cette campagne de vaccination contre la poliomye\u0301lite concerne les enfants de 0 a\u0300 59 mois.<\/p>\n<p>La strate\u0301gie adopte\u0301e est celle du porte a\u0300 porte. Le me\u0301decin chef du district sanitaire de Kelo, Dr Djatto Sebastian demande l\u2019appui des leaders des communaute\u0301s, pour la re\u0301ussite de cette campagne qui vise a\u0300 interrompre la chaine de transmission de ce virus, afin qu\u2019aucun enfant ne soit atteint.<\/p>\n<p>Pour le consultant de l\u2019OMS, Mbaihornom Lucien, il souligne que la couverture vaccinale a\u0300 la base est faible. Il existe encore au Tchad des cas de virus de polio de\u0301rive\u0301. Il e\u0301nume\u0300re qu\u2019au Tchad, 43 enfants de\u0301piste\u0301s avec des cas de polio dans une dizaine des villes du Tchad, parmi lesquelles les villes voisines de la Tandjile\u0301, comme Moundou, Bongor, Fianga et autres.<\/p>\n<p>Ainsi donc, la population de la Tandjile\u0301 ouest a inte\u0301re\u0302t a\u0300 faire vacciner ses enfants pour les prote\u0301ger contre cette maladie. Clo\u0302turant la se\u0301ance, le pre\u0301fet Doud Souleymane Ousmane demande a\u0300 la population de sa circonscription administrative de faire sortir les enfants pour la vaccination.<\/p>\n<p>Par ailleurs, il exhorte les leaders des communaute\u0301s a\u0300 sensibiliser la population pour une prise de conscience. Cette campagne commence le 3 et prend fin le 5 novembre 2023.<\/p>\n<p><strong>Pour plus d&rsquo;informations et d&rsquo;analyses sur la <a href=\"https:\/\/www.africa-press.net\/tchad\">Tchad<\/a>, suivez <a href=\"https:\/\/www.africa-press.net\/\">Africa-Press<\/a><\/strong><\/p>\n","protected":false},"excerpt":{"rendered":"<p>Africa-Press &#8211; Tchad. Le pre\u0301fet Doud Souleymane Ousmane a pre\u0301side\u0301 ce mardi 24 octobre 2023 une rencontre de mobilisation, en pre\u0301sence des leaders des communaute\u0301s. Cette campagne de vaccination contre la poliomye\u0301lite concerne les enfants de 0 a\u0300 59 mois. La strate\u0301gie adopte\u0301e est celle du porte a\u0300 porte. Le me\u0301decin chef du district sanitaire [&hellip;]<\/p>\n","protected":false},"author":82,"featured_media":52862,"comment_status":"open","ping_status":"closed","sticky":false,"template":"","format":"standard","meta":{"footnotes":""},"categories":[21,10],"tags":[37,292,29],"class_list":["post-52864","post","type-post","status-publish","format-standard","has-post-thumbnail","hentry","category-communaute","category-toutes-les-actualites","tag-africa-press","tag-africa-press-tchad","tag-tchad"],"yoast_head":"<!-- This site is optimized with the Yoast SEO Premium plugin v26.1 (Yoast SEO v27.0) - https:\/\/yoast.com\/product\/yoast-seo-premium-wordpress\/ -->\n<title>mobilisation pour la vaccination contre la poliomy\u00e9lite \u00e0 Kelo - tchad<\/title>\n<meta name=\"description\" content=\"Le pre\u0301fet Doud Souleymane Ousmane a pre\u0301side\u0301 ce mardi 24 octobre 2023 une rencontre de mobilisation, en pre\u0301sence des ...\" \/>\n<meta name=\"robots\" content=\"index, follow, max-snippet:-1, max-image-preview:large, max-video-preview:-1\" \/>\n<link rel=\"canonical\" href=\"https:\/\/www.africa-press.net\/tchad\/toutes-les-actualites\/mobilisation-pour-la-vaccination-contre-la-poliomyelite-a-kelo\" \/>\n<meta property=\"og:locale\" content=\"fr_FR\" \/>\n<meta property=\"og:type\" content=\"article\" \/>\n<meta property=\"og:title\" content=\"mobilisation pour la vaccination contre la poliomy\u00e9lite \u00e0 Kelo\" \/>\n<meta property=\"og:description\" content=\"Le pre\u0301fet Doud Souleymane Ousmane a pre\u0301side\u0301 ce mardi 24 octobre 2023 une rencontre de mobilisation, en pre\u0301sence des ...\" \/>\n<meta property=\"og:url\" content=\"https:\/\/www.africa-press.net\/tchad\/toutes-les-actualites\/mobilisation-pour-la-vaccination-contre-la-poliomyelite-a-kelo\" \/>\n<meta property=\"og:site_name\" content=\"tchad\" \/>\n<meta property=\"article:published_time\" content=\"2023-10-25T16:32:11+00:00\" \/>\n<meta property=\"article:modified_time\" content=\"2023-10-25T16:48:36+00:00\" \/>\n<meta property=\"og:image\" content=\"https:\/\/static.africa-press.net\/tchad\/sites\/41\/2023\/10\/sm_1698239825.469384.jpg\" \/>\n\t<meta property=\"og:image:width\" content=\"984\" \/>\n\t<meta property=\"og:image:height\" content=\"432\" \/>\n\t<meta property=\"og:image:type\" content=\"image\/jpeg\" \/>\n<meta name=\"author\" content=\"cfeditorfr\" \/>\n<meta name=\"twitter:card\" content=\"summary_large_image\" \/>\n<meta name=\"twitter:label1\" content=\"\u00c9crit par\" \/>\n\t<meta name=\"twitter:data1\" content=\"cfeditorfr\" \/>\n\t<meta name=\"twitter:label2\" content=\"Dur\u00e9e de lecture estim\u00e9e\" \/>\n\t<meta name=\"twitter:data2\" content=\"2 minutes\" \/>\n<script type=\"application\/ld+json\" class=\"yoast-schema-graph\">{\"@context\":\"https:\/\/schema.org\",\"@graph\":[{\"@type\":\"Article\",\"@id\":\"https:\/\/www.africa-press.net\/tchad\/toutes-les-actualites\/mobilisation-pour-la-vaccination-contre-la-poliomyelite-a-kelo#article\",\"isPartOf\":{\"@id\":\"https:\/\/www.africa-press.net\/tchad\/toutes-les-actualites\/mobilisation-pour-la-vaccination-contre-la-poliomyelite-a-kelo\"},\"author\":{\"name\":\"cfeditorfr\",\"@id\":\"https:\/\/www.africa-press.net\/tchad\/#\/schema\/person\/2b1cf3cd81a31e3cd26889ca66d677f1\"},\"headline\":\"mobilisation pour la vaccination contre la poliomy\u00e9lite \u00e0 Kelo\",\"datePublished\":\"2023-10-25T16:32:11+00:00\",\"dateModified\":\"2023-10-25T16:48:36+00:00\",\"mainEntityOfPage\":{\"@id\":\"https:\/\/www.africa-press.net\/tchad\/toutes-les-actualites\/mobilisation-pour-la-vaccination-contre-la-poliomyelite-a-kelo\"},\"wordCount\":265,\"commentCount\":0,\"image\":{\"@id\":\"https:\/\/www.africa-press.net\/tchad\/toutes-les-actualites\/mobilisation-pour-la-vaccination-contre-la-poliomyelite-a-kelo#primaryimage\"},\"thumbnailUrl\":\"https:\/\/static.africa-press.net\/tchad\/sites\/41\/2023\/10\/sm_1698239825.469384.jpg\",\"keywords\":[\"Africa Press\",\"Africa Press-Tchad\",\"Tchad\"],\"articleSection\":[\"Communaut\u00e9\",\"Toutes les actualit\u00e9s\"],\"inLanguage\":\"fr-FR\",\"potentialAction\":[{\"@type\":\"CommentAction\",\"name\":\"Comment\",\"target\":[\"https:\/\/www.africa-press.net\/tchad\/toutes-les-actualites\/mobilisation-pour-la-vaccination-contre-la-poliomyelite-a-kelo#respond\"]}]},{\"@type\":\"WebPage\",\"@id\":\"https:\/\/www.africa-press.net\/tchad\/toutes-les-actualites\/mobilisation-pour-la-vaccination-contre-la-poliomyelite-a-kelo\",\"url\":\"https:\/\/www.africa-press.net\/tchad\/toutes-les-actualites\/mobilisation-pour-la-vaccination-contre-la-poliomyelite-a-kelo\",\"name\":\"mobilisation pour la vaccination contre la poliomy\u00e9lite \u00e0 Kelo - tchad\",\"isPartOf\":{\"@id\":\"https:\/\/www.africa-press.net\/tchad\/#website\"},\"primaryImageOfPage\":{\"@id\":\"https:\/\/www.africa-press.net\/tchad\/toutes-les-actualites\/mobilisation-pour-la-vaccination-contre-la-poliomyelite-a-kelo#primaryimage\"},\"image\":{\"@id\":\"https:\/\/www.africa-press.net\/tchad\/toutes-les-actualites\/mobilisation-pour-la-vaccination-contre-la-poliomyelite-a-kelo#primaryimage\"},\"thumbnailUrl\":\"https:\/\/static.africa-press.net\/tchad\/sites\/41\/2023\/10\/sm_1698239825.469384.jpg\",\"datePublished\":\"2023-10-25T16:32:11+00:00\",\"dateModified\":\"2023-10-25T16:48:36+00:00\",\"author\":{\"@id\":\"https:\/\/www.africa-press.net\/tchad\/#\/schema\/person\/2b1cf3cd81a31e3cd26889ca66d677f1\"},\"description\":\"Le pre\u0301fet Doud Souleymane Ousmane a pre\u0301side\u0301 ce mardi 24 octobre 2023 une rencontre de mobilisation, en pre\u0301sence des ...\",\"breadcrumb\":{\"@id\":\"https:\/\/www.africa-press.net\/tchad\/toutes-les-actualites\/mobilisation-pour-la-vaccination-contre-la-poliomyelite-a-kelo#breadcrumb\"},\"inLanguage\":\"fr-FR\",\"potentialAction\":[{\"@type\":\"ReadAction\",\"target\":[\"https:\/\/www.africa-press.net\/tchad\/toutes-les-actualites\/mobilisation-pour-la-vaccination-contre-la-poliomyelite-a-kelo\"]}]},{\"@type\":\"ImageObject\",\"inLanguage\":\"fr-FR\",\"@id\":\"https:\/\/www.africa-press.net\/tchad\/toutes-les-actualites\/mobilisation-pour-la-vaccination-contre-la-poliomyelite-a-kelo#primaryimage\",\"url\":\"https:\/\/static.africa-press.net\/tchad\/sites\/41\/2023\/10\/sm_1698239825.469384.jpg\",\"contentUrl\":\"https:\/\/static.africa-press.net\/tchad\/sites\/41\/2023\/10\/sm_1698239825.469384.jpg\",\"width\":984,\"height\":432,\"caption\":\"mobilisation pour la vaccination contre la poliomy\u00e9lite \u00e0 Kelo\"},{\"@type\":\"BreadcrumbList\",\"@id\":\"https:\/\/www.africa-press.net\/tchad\/toutes-les-actualites\/mobilisation-pour-la-vaccination-contre-la-poliomyelite-a-kelo#breadcrumb\",\"itemListElement\":[{\"@type\":\"ListItem\",\"position\":1,\"name\":\"Accueil\",\"item\":\"https:\/\/www.africa-press.net\/tchad\/\"},{\"@type\":\"ListItem\",\"position\":2,\"name\":\"mobilisation pour la vaccination contre la poliomy\u00e9lite \u00e0 Kelo\"}]},{\"@type\":\"WebSite\",\"@id\":\"https:\/\/www.africa-press.net\/tchad\/#website\",\"url\":\"https:\/\/www.africa-press.net\/tchad\/\",\"name\":\"tchad\",\"description\":\"Just another Africa News Agency Sites site\",\"potentialAction\":[{\"@type\":\"SearchAction\",\"target\":{\"@type\":\"EntryPoint\",\"urlTemplate\":\"https:\/\/www.africa-press.net\/tchad\/?s={search_term_string}\"},\"query-input\":{\"@type\":\"PropertyValueSpecification\",\"valueRequired\":true,\"valueName\":\"search_term_string\"}}],\"inLanguage\":\"fr-FR\"},{\"@type\":\"Person\",\"@id\":\"https:\/\/www.africa-press.net\/tchad\/#\/schema\/person\/2b1cf3cd81a31e3cd26889ca66d677f1\",\"name\":\"cfeditorfr\"}]}<\/script>\n<!-- \/ Yoast SEO Premium plugin. -->","yoast_head_json":{"title":"mobilisation pour la vaccination contre la poliomy\u00e9lite \u00e0 Kelo - tchad","description":"Le pre\u0301fet Doud Souleymane Ousmane a pre\u0301side\u0301 ce mardi 24 octobre 2023 une rencontre de mobilisation, en pre\u0301sence des ...","robots":{"index":"index","follow":"follow","max-snippet":"max-snippet:-1","max-image-preview":"max-image-preview:large","max-video-preview":"max-video-preview:-1"},"canonical":"https:\/\/www.africa-press.net\/tchad\/toutes-les-actualites\/mobilisation-pour-la-vaccination-contre-la-poliomyelite-a-kelo","og_locale":"fr_FR","og_type":"article","og_title":"mobilisation pour la vaccination contre la poliomy\u00e9lite \u00e0 Kelo","og_description":"Le pre\u0301fet Doud Souleymane Ousmane a pre\u0301side\u0301 ce mardi 24 octobre 2023 une rencontre de mobilisation, en pre\u0301sence des ...","og_url":"https:\/\/www.africa-press.net\/tchad\/toutes-les-actualites\/mobilisation-pour-la-vaccination-contre-la-poliomyelite-a-kelo","og_site_name":"tchad","article_published_time":"2023-10-25T16:32:11+00:00","article_modified_time":"2023-10-25T16:48:36+00:00","og_image":[{"width":984,"height":432,"url":"https:\/\/static.africa-press.net\/tchad\/sites\/41\/2023\/10\/sm_1698239825.469384.jpg","type":"image\/jpeg"}],"author":"cfeditorfr","twitter_card":"summary_large_image","twitter_misc":{"\u00c9crit par":"cfeditorfr","Dur\u00e9e de lecture estim\u00e9e":"2 minutes"},"schema":{"@context":"https:\/\/schema.org","@graph":[{"@type":"Article","@id":"https:\/\/www.africa-press.net\/tchad\/toutes-les-actualites\/mobilisation-pour-la-vaccination-contre-la-poliomyelite-a-kelo#article","isPartOf":{"@id":"https:\/\/www.africa-press.net\/tchad\/toutes-les-actualites\/mobilisation-pour-la-vaccination-contre-la-poliomyelite-a-kelo"},"author":{"name":"cfeditorfr","@id":"https:\/\/www.africa-press.net\/tchad\/#\/schema\/person\/2b1cf3cd81a31e3cd26889ca66d677f1"},"headline":"mobilisation pour la vaccination contre la poliomy\u00e9lite \u00e0 Kelo","datePublished":"2023-10-25T16:32:11+00:00","dateModified":"2023-10-25T16:48:36+00:00","mainEntityOfPage":{"@id":"https:\/\/www.africa-press.net\/tchad\/toutes-les-actualites\/mobilisation-pour-la-vaccination-contre-la-poliomyelite-a-kelo"},"wordCount":265,"commentCount":0,"image":{"@id":"https:\/\/www.africa-press.net\/tchad\/toutes-les-actualites\/mobilisation-pour-la-vaccination-contre-la-poliomyelite-a-kelo#primaryimage"},"thumbnailUrl":"https:\/\/static.africa-press.net\/tchad\/sites\/41\/2023\/10\/sm_1698239825.469384.jpg","keywords":["Africa Press","Africa Press-Tchad","Tchad"],"articleSection":["Communaut\u00e9","Toutes les actualit\u00e9s"],"inLanguage":"fr-FR","potentialAction":[{"@type":"CommentAction","name":"Comment","target":["https:\/\/www.africa-press.net\/tchad\/toutes-les-actualites\/mobilisation-pour-la-vaccination-contre-la-poliomyelite-a-kelo#respond"]}]},{"@type":"WebPage","@id":"https:\/\/www.africa-press.net\/tchad\/toutes-les-actualites\/mobilisation-pour-la-vaccination-contre-la-poliomyelite-a-kelo","url":"https:\/\/www.africa-press.net\/tchad\/toutes-les-actualites\/mobilisation-pour-la-vaccination-contre-la-poliomyelite-a-kelo","name":"mobilisation pour la vaccination contre la poliomy\u00e9lite \u00e0 Kelo - tchad","isPartOf":{"@id":"https:\/\/www.africa-press.net\/tchad\/#website"},"primaryImageOfPage":{"@id":"https:\/\/www.africa-press.net\/tchad\/toutes-les-actualites\/mobilisation-pour-la-vaccination-contre-la-poliomyelite-a-kelo#primaryimage"},"image":{"@id":"https:\/\/www.africa-press.net\/tchad\/toutes-les-actualites\/mobilisation-pour-la-vaccination-contre-la-poliomyelite-a-kelo#primaryimage"},"thumbnailUrl":"https:\/\/static.africa-press.net\/tchad\/sites\/41\/2023\/10\/sm_1698239825.469384.jpg","datePublished":"2023-10-25T16:32:11+00:00","dateModified":"2023-10-25T16:48:36+00:00","author":{"@id":"https:\/\/www.africa-press.net\/tchad\/#\/schema\/person\/2b1cf3cd81a31e3cd26889ca66d677f1"},"description":"Le pre\u0301fet Doud Souleymane Ousmane a pre\u0301side\u0301 ce mardi 24 octobre 2023 une rencontre de mobilisation, en pre\u0301sence des ...","breadcrumb":{"@id":"https:\/\/www.africa-press.net\/tchad\/toutes-les-actualites\/mobilisation-pour-la-vaccination-contre-la-poliomyelite-a-kelo#breadcrumb"},"inLanguage":"fr-FR","potentialAction":[{"@type":"ReadAction","target":["https:\/\/www.africa-press.net\/tchad\/toutes-les-actualites\/mobilisation-pour-la-vaccination-contre-la-poliomyelite-a-kelo"]}]},{"@type":"ImageObject","inLanguage":"fr-FR","@id":"https:\/\/www.africa-press.net\/tchad\/toutes-les-actualites\/mobilisation-pour-la-vaccination-contre-la-poliomyelite-a-kelo#primaryimage","url":"https:\/\/static.africa-press.net\/tchad\/sites\/41\/2023\/10\/sm_1698239825.469384.jpg","contentUrl":"https:\/\/static.africa-press.net\/tchad\/sites\/41\/2023\/10\/sm_1698239825.469384.jpg","width":984,"height":432,"caption":"mobilisation pour la vaccination contre la poliomy\u00e9lite \u00e0 Kelo"},{"@type":"BreadcrumbList","@id":"https:\/\/www.africa-press.net\/tchad\/toutes-les-actualites\/mobilisation-pour-la-vaccination-contre-la-poliomyelite-a-kelo#breadcrumb","itemListElement":[{"@type":"ListItem","position":1,"name":"Accueil","item":"https:\/\/www.africa-press.net\/tchad\/"},{"@type":"ListItem","position":2,"name":"mobilisation pour la vaccination contre la poliomy\u00e9lite \u00e0 Kelo"}]},{"@type":"WebSite","@id":"https:\/\/www.africa-press.net\/tchad\/#website","url":"https:\/\/www.africa-press.net\/tchad\/","name":"tchad","description":"Just another Africa News Agency Sites site","potentialAction":[{"@type":"SearchAction","target":{"@type":"EntryPoint","urlTemplate":"https:\/\/www.africa-press.net\/tchad\/?s={search_term_string}"},"query-input":{"@type":"PropertyValueSpecification","valueRequired":true,"valueName":"search_term_string"}}],"inLanguage":"fr-FR"},{"@type":"Person","@id":"https:\/\/www.africa-press.net\/tchad\/#\/schema\/person\/2b1cf3cd81a31e3cd26889ca66d677f1","name":"cfeditorfr"}]}},"_links":{"self":[{"href":"https:\/\/www.africa-press.net\/tchad\/wp-json\/wp\/v2\/posts\/52864","targetHints":{"allow":["GET"]}}],"collection":[{"href":"https:\/\/www.africa-press.net\/tchad\/wp-json\/wp\/v2\/posts"}],"about":[{"href":"https:\/\/www.africa-press.net\/tchad\/wp-json\/wp\/v2\/types\/post"}],"author":[{"embeddable":true,"href":"https:\/\/www.africa-press.net\/tchad\/wp-json\/wp\/v2\/users\/82"}],"replies":[{"embeddable":true,"href":"https:\/\/www.africa-press.net\/tchad\/wp-json\/wp\/v2\/comments?post=52864"}],"version-history":[{"count":0,"href":"https:\/\/www.africa-press.net\/tchad\/wp-json\/wp\/v2\/posts\/52864\/revisions"}],"wp:featuredmedia":[{"embeddable":true,"href":"https:\/\/www.africa-press.net\/tchad\/wp-json\/wp\/v2\/media\/52862"}],"wp:attachment":[{"href":"https:\/\/www.africa-press.net\/tchad\/wp-json\/wp\/v2\/media?parent=52864"}],"wp:term":[{"taxonomy":"category","embeddable":true,"href":"https:\/\/www.africa-press.net\/tchad\/wp-json\/wp\/v2\/categories?post=52864"},{"taxonomy":"post_tag","embeddable":true,"href":"https:\/\/www.africa-press.net\/tchad\/wp-json\/wp\/v2\/tags?post=52864"}],"curies":[{"name":"wp","href":"https:\/\/api.w.org\/{rel}","templated":true}]}}