{"id":52928,"date":"2023-10-26T15:41:16","date_gmt":"2023-10-26T15:41:16","guid":{"rendered":"https:\/\/www.africa-press.net\/tchad\/politique\/le-reseau-des-defenseurs-du-droit-foncier-installe-dans-le-departement-de-bahr-azoum"},"modified":"2023-10-26T15:49:53","modified_gmt":"2023-10-26T15:49:53","slug":"le-reseau-des-defenseurs-du-droit-foncier-installe-dans-le-departement-de-bahr-azoum","status":"publish","type":"post","link":"https:\/\/www.africa-press.net\/tchad\/culture-et-art\/le-reseau-des-defenseurs-du-droit-foncier-installe-dans-le-departement-de-bahr-azoum","title":{"rendered":"le R\u00e9seau des d\u00e9fenseurs du droit foncier install\u00e9 dans le d\u00e9partement de Bahr-Azoum"},"content":{"rendered":"<p><span style=\"color: #ff6600\"><strong>Africa-Press &#8211; Tchad. <\/strong><\/span>Cre\u0301e\u0301 le 3 mai 2023 sous le folio 025 dans la province du Salamat, de\u0301partement de Bahr-Azoum, le Re\u0301seau des de\u0301fenseurs du droit foncier (RDDF) est une organisation qui regroupe 19 associations \u0153uvrant dans le domaine du foncier.<\/p>\n<p>Il se veut un cadre apolitique, lai\u0308c et a\u0300 but non-lucratif. L&rsquo;organe a pour vocation de promouvoir le droit a\u0300 la terre, les droits humains, le genre, la de\u0301fense des populations vulne\u0301rables, le vivre-ensemble, la gestion pacifique des conflits fonciers et tout autre conflit entre les populations du de\u0301partement.<\/p>\n<p>Selon le pre\u0301sident Youssouf Ali Abakar, le re\u0301seau est un cadre convivial de rencontre et d\u2019e\u0301changes entre les habitants du de\u0301partement de Bahr-Azoum, et ceux des autres de\u0301partements qui composent la province, et aussi entre les communaute\u0301s.<\/p>\n<p>Le sous-pre\u0301fet d&rsquo;Am-Timan rurale, Haroun Egrei Erdi, souligne que le re\u0301seau est ne\u0301 d\u2019un besoin de participer pour trancher les diffe\u0301rends et d\u2019accompagner les habitants dans leur droit foncier.<\/p>\n<p>Il ajoute qu&rsquo;il vise e\u0301galement a\u0300 e\u0301tablir des re\u0300gles claires et pre\u0301cises pour l&rsquo;enregistrement des biens immobiliers, la de\u0301limitation des proprie\u0301te\u0301s, la re\u0301solution des conflits fonciers et la mise en place de syste\u0300mes d&rsquo;enregistrement fiables.<\/p>\n<p>Il faut signaler que l&rsquo;organisation cherche e\u0301galement a\u0300 promouvoir l&rsquo;utilisation rationnelle des ressources foncie\u0300res et a\u0300 pre\u0301server l&rsquo;environnement.<\/p>\n<p><strong>Pour plus d&rsquo;informations et d&rsquo;analyses sur la <a href=\"https:\/\/www.africa-press.net\/tchad\">Tchad<\/a>, suivez <a href=\"https:\/\/www.africa-press.net\/\">Africa-Press<\/a><\/strong><\/p>\n","protected":false},"excerpt":{"rendered":"<p>Africa-Press &#8211; Tchad. Cre\u0301e\u0301 le 3 mai 2023 sous le folio 025 dans la province du Salamat, de\u0301partement de Bahr-Azoum, le Re\u0301seau des de\u0301fenseurs du droit foncier (RDDF) est une organisation qui regroupe 19 associations \u0153uvrant dans le domaine du foncier. Il se veut un cadre apolitique, lai\u0308c et a\u0300 but non-lucratif. L&rsquo;organe a pour [&hellip;]<\/p>\n","protected":false},"author":82,"featured_media":52926,"comment_status":"open","ping_status":"closed","sticky":false,"template":"","format":"standard","meta":{"footnotes":""},"categories":[5,10],"tags":[37,292,29],"class_list":["post-52928","post","type-post","status-publish","format-standard","has-post-thumbnail","hentry","category-culture-et-art","category-toutes-les-actualites","tag-africa-press","tag-africa-press-tchad","tag-tchad"],"yoast_head":"<!-- This site is optimized with the Yoast SEO Premium plugin v26.1 (Yoast SEO v27.0) - https:\/\/yoast.com\/product\/yoast-seo-premium-wordpress\/ -->\n<title>le R\u00e9seau des d\u00e9fenseurs du droit foncier install\u00e9 dans le d\u00e9partement de Bahr-Azoum - tchad<\/title>\n<meta name=\"description\" content=\"Cre\u0301e\u0301 le 3 mai 2023 sous le folio 025 dans la province du Salamat, de\u0301partement de Bahr-Azoum, le Re\u0301seau des de\u0301fenseu ...\" \/>\n<meta name=\"robots\" content=\"index, follow, max-snippet:-1, max-image-preview:large, max-video-preview:-1\" \/>\n<link rel=\"canonical\" href=\"https:\/\/www.africa-press.net\/tchad\/culture-et-art\/le-reseau-des-defenseurs-du-droit-foncier-installe-dans-le-departement-de-bahr-azoum\" \/>\n<meta property=\"og:locale\" content=\"fr_FR\" \/>\n<meta property=\"og:type\" content=\"article\" \/>\n<meta property=\"og:title\" content=\"le R\u00e9seau des d\u00e9fenseurs du droit foncier install\u00e9 dans le d\u00e9partement de Bahr-Azoum\" \/>\n<meta property=\"og:description\" content=\"Cre\u0301e\u0301 le 3 mai 2023 sous le folio 025 dans la province du Salamat, de\u0301partement de Bahr-Azoum, le Re\u0301seau des de\u0301fenseu ...\" \/>\n<meta property=\"og:url\" content=\"https:\/\/www.africa-press.net\/tchad\/culture-et-art\/le-reseau-des-defenseurs-du-droit-foncier-installe-dans-le-departement-de-bahr-azoum\" \/>\n<meta property=\"og:site_name\" content=\"tchad\" \/>\n<meta property=\"article:published_time\" content=\"2023-10-26T15:41:16+00:00\" \/>\n<meta property=\"article:modified_time\" content=\"2023-10-26T15:49:53+00:00\" \/>\n<meta property=\"og:image\" content=\"https:\/\/static.africa-press.net\/tchad\/sites\/41\/2023\/10\/sm_1698322709.637288.jpg\" \/>\n\t<meta property=\"og:image:width\" content=\"1653\" \/>\n\t<meta property=\"og:image:height\" content=\"930\" \/>\n\t<meta property=\"og:image:type\" content=\"image\/jpeg\" \/>\n<meta name=\"author\" content=\"cfeditorfr\" \/>\n<meta name=\"twitter:card\" content=\"summary_large_image\" \/>\n<meta name=\"twitter:label1\" content=\"\u00c9crit par\" \/>\n\t<meta name=\"twitter:data1\" content=\"cfeditorfr\" \/>\n\t<meta name=\"twitter:label2\" content=\"Dur\u00e9e de lecture estim\u00e9e\" \/>\n\t<meta name=\"twitter:data2\" content=\"2 minutes\" \/>\n<script type=\"application\/ld+json\" class=\"yoast-schema-graph\">{\"@context\":\"https:\/\/schema.org\",\"@graph\":[{\"@type\":\"Article\",\"@id\":\"https:\/\/www.africa-press.net\/tchad\/culture-et-art\/le-reseau-des-defenseurs-du-droit-foncier-installe-dans-le-departement-de-bahr-azoum#article\",\"isPartOf\":{\"@id\":\"https:\/\/www.africa-press.net\/tchad\/culture-et-art\/le-reseau-des-defenseurs-du-droit-foncier-installe-dans-le-departement-de-bahr-azoum\"},\"author\":{\"name\":\"cfeditorfr\",\"@id\":\"https:\/\/www.africa-press.net\/tchad\/#\/schema\/person\/2b1cf3cd81a31e3cd26889ca66d677f1\"},\"headline\":\"le R\u00e9seau des d\u00e9fenseurs du droit foncier install\u00e9 dans le d\u00e9partement de Bahr-Azoum\",\"datePublished\":\"2023-10-26T15:41:16+00:00\",\"dateModified\":\"2023-10-26T15:49:53+00:00\",\"mainEntityOfPage\":{\"@id\":\"https:\/\/www.africa-press.net\/tchad\/culture-et-art\/le-reseau-des-defenseurs-du-droit-foncier-installe-dans-le-departement-de-bahr-azoum\"},\"wordCount\":273,\"commentCount\":0,\"image\":{\"@id\":\"https:\/\/www.africa-press.net\/tchad\/culture-et-art\/le-reseau-des-defenseurs-du-droit-foncier-installe-dans-le-departement-de-bahr-azoum#primaryimage\"},\"thumbnailUrl\":\"https:\/\/static.africa-press.net\/tchad\/sites\/41\/2023\/10\/sm_1698322709.637288.jpg\",\"keywords\":[\"Africa Press\",\"Africa Press-Tchad\",\"Tchad\"],\"articleSection\":[\"Culture et Art\",\"Toutes les actualit\u00e9s\"],\"inLanguage\":\"fr-FR\",\"potentialAction\":[{\"@type\":\"CommentAction\",\"name\":\"Comment\",\"target\":[\"https:\/\/www.africa-press.net\/tchad\/culture-et-art\/le-reseau-des-defenseurs-du-droit-foncier-installe-dans-le-departement-de-bahr-azoum#respond\"]}]},{\"@type\":\"WebPage\",\"@id\":\"https:\/\/www.africa-press.net\/tchad\/culture-et-art\/le-reseau-des-defenseurs-du-droit-foncier-installe-dans-le-departement-de-bahr-azoum\",\"url\":\"https:\/\/www.africa-press.net\/tchad\/culture-et-art\/le-reseau-des-defenseurs-du-droit-foncier-installe-dans-le-departement-de-bahr-azoum\",\"name\":\"le R\u00e9seau des d\u00e9fenseurs du droit foncier install\u00e9 dans le d\u00e9partement de Bahr-Azoum - tchad\",\"isPartOf\":{\"@id\":\"https:\/\/www.africa-press.net\/tchad\/#website\"},\"primaryImageOfPage\":{\"@id\":\"https:\/\/www.africa-press.net\/tchad\/culture-et-art\/le-reseau-des-defenseurs-du-droit-foncier-installe-dans-le-departement-de-bahr-azoum#primaryimage\"},\"image\":{\"@id\":\"https:\/\/www.africa-press.net\/tchad\/culture-et-art\/le-reseau-des-defenseurs-du-droit-foncier-installe-dans-le-departement-de-bahr-azoum#primaryimage\"},\"thumbnailUrl\":\"https:\/\/static.africa-press.net\/tchad\/sites\/41\/2023\/10\/sm_1698322709.637288.jpg\",\"datePublished\":\"2023-10-26T15:41:16+00:00\",\"dateModified\":\"2023-10-26T15:49:53+00:00\",\"author\":{\"@id\":\"https:\/\/www.africa-press.net\/tchad\/#\/schema\/person\/2b1cf3cd81a31e3cd26889ca66d677f1\"},\"description\":\"Cre\u0301e\u0301 le 3 mai 2023 sous le folio 025 dans la province du Salamat, de\u0301partement de Bahr-Azoum, le Re\u0301seau des de\u0301fenseu ...\",\"breadcrumb\":{\"@id\":\"https:\/\/www.africa-press.net\/tchad\/culture-et-art\/le-reseau-des-defenseurs-du-droit-foncier-installe-dans-le-departement-de-bahr-azoum#breadcrumb\"},\"inLanguage\":\"fr-FR\",\"potentialAction\":[{\"@type\":\"ReadAction\",\"target\":[\"https:\/\/www.africa-press.net\/tchad\/culture-et-art\/le-reseau-des-defenseurs-du-droit-foncier-installe-dans-le-departement-de-bahr-azoum\"]}]},{\"@type\":\"ImageObject\",\"inLanguage\":\"fr-FR\",\"@id\":\"https:\/\/www.africa-press.net\/tchad\/culture-et-art\/le-reseau-des-defenseurs-du-droit-foncier-installe-dans-le-departement-de-bahr-azoum#primaryimage\",\"url\":\"https:\/\/static.africa-press.net\/tchad\/sites\/41\/2023\/10\/sm_1698322709.637288.jpg\",\"contentUrl\":\"https:\/\/static.africa-press.net\/tchad\/sites\/41\/2023\/10\/sm_1698322709.637288.jpg\",\"width\":1653,\"height\":930,\"caption\":\"le R\u00e9seau des d\u00e9fenseurs du droit foncier install\u00e9 dans le d\u00e9partement de Bahr-Azoum\"},{\"@type\":\"BreadcrumbList\",\"@id\":\"https:\/\/www.africa-press.net\/tchad\/culture-et-art\/le-reseau-des-defenseurs-du-droit-foncier-installe-dans-le-departement-de-bahr-azoum#breadcrumb\",\"itemListElement\":[{\"@type\":\"ListItem\",\"position\":1,\"name\":\"Accueil\",\"item\":\"https:\/\/www.africa-press.net\/tchad\/\"},{\"@type\":\"ListItem\",\"position\":2,\"name\":\"le R\u00e9seau des d\u00e9fenseurs du droit foncier install\u00e9 dans le d\u00e9partement de Bahr-Azoum\"}]},{\"@type\":\"WebSite\",\"@id\":\"https:\/\/www.africa-press.net\/tchad\/#website\",\"url\":\"https:\/\/www.africa-press.net\/tchad\/\",\"name\":\"tchad\",\"description\":\"Just another Africa News Agency Sites site\",\"potentialAction\":[{\"@type\":\"SearchAction\",\"target\":{\"@type\":\"EntryPoint\",\"urlTemplate\":\"https:\/\/www.africa-press.net\/tchad\/?s={search_term_string}\"},\"query-input\":{\"@type\":\"PropertyValueSpecification\",\"valueRequired\":true,\"valueName\":\"search_term_string\"}}],\"inLanguage\":\"fr-FR\"},{\"@type\":\"Person\",\"@id\":\"https:\/\/www.africa-press.net\/tchad\/#\/schema\/person\/2b1cf3cd81a31e3cd26889ca66d677f1\",\"name\":\"cfeditorfr\"}]}<\/script>\n<!-- \/ Yoast SEO Premium plugin. -->","yoast_head_json":{"title":"le R\u00e9seau des d\u00e9fenseurs du droit foncier install\u00e9 dans le d\u00e9partement de Bahr-Azoum - tchad","description":"Cre\u0301e\u0301 le 3 mai 2023 sous le folio 025 dans la province du Salamat, de\u0301partement de Bahr-Azoum, le Re\u0301seau des de\u0301fenseu ...","robots":{"index":"index","follow":"follow","max-snippet":"max-snippet:-1","max-image-preview":"max-image-preview:large","max-video-preview":"max-video-preview:-1"},"canonical":"https:\/\/www.africa-press.net\/tchad\/culture-et-art\/le-reseau-des-defenseurs-du-droit-foncier-installe-dans-le-departement-de-bahr-azoum","og_locale":"fr_FR","og_type":"article","og_title":"le R\u00e9seau des d\u00e9fenseurs du droit foncier install\u00e9 dans le d\u00e9partement de Bahr-Azoum","og_description":"Cre\u0301e\u0301 le 3 mai 2023 sous le folio 025 dans la province du Salamat, de\u0301partement de Bahr-Azoum, le Re\u0301seau des de\u0301fenseu ...","og_url":"https:\/\/www.africa-press.net\/tchad\/culture-et-art\/le-reseau-des-defenseurs-du-droit-foncier-installe-dans-le-departement-de-bahr-azoum","og_site_name":"tchad","article_published_time":"2023-10-26T15:41:16+00:00","article_modified_time":"2023-10-26T15:49:53+00:00","og_image":[{"width":1653,"height":930,"url":"https:\/\/static.africa-press.net\/tchad\/sites\/41\/2023\/10\/sm_1698322709.637288.jpg","type":"image\/jpeg"}],"author":"cfeditorfr","twitter_card":"summary_large_image","twitter_misc":{"\u00c9crit par":"cfeditorfr","Dur\u00e9e de lecture estim\u00e9e":"2 minutes"},"schema":{"@context":"https:\/\/schema.org","@graph":[{"@type":"Article","@id":"https:\/\/www.africa-press.net\/tchad\/culture-et-art\/le-reseau-des-defenseurs-du-droit-foncier-installe-dans-le-departement-de-bahr-azoum#article","isPartOf":{"@id":"https:\/\/www.africa-press.net\/tchad\/culture-et-art\/le-reseau-des-defenseurs-du-droit-foncier-installe-dans-le-departement-de-bahr-azoum"},"author":{"name":"cfeditorfr","@id":"https:\/\/www.africa-press.net\/tchad\/#\/schema\/person\/2b1cf3cd81a31e3cd26889ca66d677f1"},"headline":"le R\u00e9seau des d\u00e9fenseurs du droit foncier install\u00e9 dans le d\u00e9partement de Bahr-Azoum","datePublished":"2023-10-26T15:41:16+00:00","dateModified":"2023-10-26T15:49:53+00:00","mainEntityOfPage":{"@id":"https:\/\/www.africa-press.net\/tchad\/culture-et-art\/le-reseau-des-defenseurs-du-droit-foncier-installe-dans-le-departement-de-bahr-azoum"},"wordCount":273,"commentCount":0,"image":{"@id":"https:\/\/www.africa-press.net\/tchad\/culture-et-art\/le-reseau-des-defenseurs-du-droit-foncier-installe-dans-le-departement-de-bahr-azoum#primaryimage"},"thumbnailUrl":"https:\/\/static.africa-press.net\/tchad\/sites\/41\/2023\/10\/sm_1698322709.637288.jpg","keywords":["Africa Press","Africa Press-Tchad","Tchad"],"articleSection":["Culture et Art","Toutes les actualit\u00e9s"],"inLanguage":"fr-FR","potentialAction":[{"@type":"CommentAction","name":"Comment","target":["https:\/\/www.africa-press.net\/tchad\/culture-et-art\/le-reseau-des-defenseurs-du-droit-foncier-installe-dans-le-departement-de-bahr-azoum#respond"]}]},{"@type":"WebPage","@id":"https:\/\/www.africa-press.net\/tchad\/culture-et-art\/le-reseau-des-defenseurs-du-droit-foncier-installe-dans-le-departement-de-bahr-azoum","url":"https:\/\/www.africa-press.net\/tchad\/culture-et-art\/le-reseau-des-defenseurs-du-droit-foncier-installe-dans-le-departement-de-bahr-azoum","name":"le R\u00e9seau des d\u00e9fenseurs du droit foncier install\u00e9 dans le d\u00e9partement de Bahr-Azoum - tchad","isPartOf":{"@id":"https:\/\/www.africa-press.net\/tchad\/#website"},"primaryImageOfPage":{"@id":"https:\/\/www.africa-press.net\/tchad\/culture-et-art\/le-reseau-des-defenseurs-du-droit-foncier-installe-dans-le-departement-de-bahr-azoum#primaryimage"},"image":{"@id":"https:\/\/www.africa-press.net\/tchad\/culture-et-art\/le-reseau-des-defenseurs-du-droit-foncier-installe-dans-le-departement-de-bahr-azoum#primaryimage"},"thumbnailUrl":"https:\/\/static.africa-press.net\/tchad\/sites\/41\/2023\/10\/sm_1698322709.637288.jpg","datePublished":"2023-10-26T15:41:16+00:00","dateModified":"2023-10-26T15:49:53+00:00","author":{"@id":"https:\/\/www.africa-press.net\/tchad\/#\/schema\/person\/2b1cf3cd81a31e3cd26889ca66d677f1"},"description":"Cre\u0301e\u0301 le 3 mai 2023 sous le folio 025 dans la province du Salamat, de\u0301partement de Bahr-Azoum, le Re\u0301seau des de\u0301fenseu ...","breadcrumb":{"@id":"https:\/\/www.africa-press.net\/tchad\/culture-et-art\/le-reseau-des-defenseurs-du-droit-foncier-installe-dans-le-departement-de-bahr-azoum#breadcrumb"},"inLanguage":"fr-FR","potentialAction":[{"@type":"ReadAction","target":["https:\/\/www.africa-press.net\/tchad\/culture-et-art\/le-reseau-des-defenseurs-du-droit-foncier-installe-dans-le-departement-de-bahr-azoum"]}]},{"@type":"ImageObject","inLanguage":"fr-FR","@id":"https:\/\/www.africa-press.net\/tchad\/culture-et-art\/le-reseau-des-defenseurs-du-droit-foncier-installe-dans-le-departement-de-bahr-azoum#primaryimage","url":"https:\/\/static.africa-press.net\/tchad\/sites\/41\/2023\/10\/sm_1698322709.637288.jpg","contentUrl":"https:\/\/static.africa-press.net\/tchad\/sites\/41\/2023\/10\/sm_1698322709.637288.jpg","width":1653,"height":930,"caption":"le R\u00e9seau des d\u00e9fenseurs du droit foncier install\u00e9 dans le d\u00e9partement de Bahr-Azoum"},{"@type":"BreadcrumbList","@id":"https:\/\/www.africa-press.net\/tchad\/culture-et-art\/le-reseau-des-defenseurs-du-droit-foncier-installe-dans-le-departement-de-bahr-azoum#breadcrumb","itemListElement":[{"@type":"ListItem","position":1,"name":"Accueil","item":"https:\/\/www.africa-press.net\/tchad\/"},{"@type":"ListItem","position":2,"name":"le R\u00e9seau des d\u00e9fenseurs du droit foncier install\u00e9 dans le d\u00e9partement de Bahr-Azoum"}]},{"@type":"WebSite","@id":"https:\/\/www.africa-press.net\/tchad\/#website","url":"https:\/\/www.africa-press.net\/tchad\/","name":"tchad","description":"Just another Africa News Agency Sites site","potentialAction":[{"@type":"SearchAction","target":{"@type":"EntryPoint","urlTemplate":"https:\/\/www.africa-press.net\/tchad\/?s={search_term_string}"},"query-input":{"@type":"PropertyValueSpecification","valueRequired":true,"valueName":"search_term_string"}}],"inLanguage":"fr-FR"},{"@type":"Person","@id":"https:\/\/www.africa-press.net\/tchad\/#\/schema\/person\/2b1cf3cd81a31e3cd26889ca66d677f1","name":"cfeditorfr"}]}},"_links":{"self":[{"href":"https:\/\/www.africa-press.net\/tchad\/wp-json\/wp\/v2\/posts\/52928","targetHints":{"allow":["GET"]}}],"collection":[{"href":"https:\/\/www.africa-press.net\/tchad\/wp-json\/wp\/v2\/posts"}],"about":[{"href":"https:\/\/www.africa-press.net\/tchad\/wp-json\/wp\/v2\/types\/post"}],"author":[{"embeddable":true,"href":"https:\/\/www.africa-press.net\/tchad\/wp-json\/wp\/v2\/users\/82"}],"replies":[{"embeddable":true,"href":"https:\/\/www.africa-press.net\/tchad\/wp-json\/wp\/v2\/comments?post=52928"}],"version-history":[{"count":0,"href":"https:\/\/www.africa-press.net\/tchad\/wp-json\/wp\/v2\/posts\/52928\/revisions"}],"wp:featuredmedia":[{"embeddable":true,"href":"https:\/\/www.africa-press.net\/tchad\/wp-json\/wp\/v2\/media\/52926"}],"wp:attachment":[{"href":"https:\/\/www.africa-press.net\/tchad\/wp-json\/wp\/v2\/media?parent=52928"}],"wp:term":[{"taxonomy":"category","embeddable":true,"href":"https:\/\/www.africa-press.net\/tchad\/wp-json\/wp\/v2\/categories?post=52928"},{"taxonomy":"post_tag","embeddable":true,"href":"https:\/\/www.africa-press.net\/tchad\/wp-json\/wp\/v2\/tags?post=52928"}],"curies":[{"name":"wp","href":"https:\/\/api.w.org\/{rel}","templated":true}]}}