{"id":52931,"date":"2023-10-26T15:41:42","date_gmt":"2023-10-26T15:41:42","guid":{"rendered":"https:\/\/www.africa-press.net\/tchad\/politique\/les-fonctionnaires-de-police-appeles-a-constituer-leurs-dossiers-de-cartes-professionnelles"},"modified":"2023-10-26T15:50:59","modified_gmt":"2023-10-26T15:50:59","slug":"les-fonctionnaires-de-police-appeles-a-constituer-leurs-dossiers-de-cartes-professionnelles","status":"publish","type":"post","link":"https:\/\/www.africa-press.net\/tchad\/politique\/les-fonctionnaires-de-police-appeles-a-constituer-leurs-dossiers-de-cartes-professionnelles","title":{"rendered":"les fonctionnaires de Police appel\u00e9s \u00e0 constituer leurs dossiers de cartes professionnelles"},"content":{"rendered":"<p><span style=\"color: #ff6600\"><strong>Africa-Press &#8211; Tchad. <\/strong><\/span>Dans un communique\u0301 rendu public ce 25 octobre 2023, le directeur ge\u0301ne\u0301ral de la Police nationale, Ali Adoum Tolly demande a\u0300 tous les fonctionnaires de Police, de constituer leurs dossiers, en vue de la de\u0301livrance de leurs cartes professionnelles, et de les faire transmettre par voie hie\u0301rarchique a\u0300 la direction des ressources humaines et du mate\u0301riel (DRHM).<\/p>\n<p>Chaque dossier est constitue\u0301 des pie\u0300ces suivantes : une copie du de\u0301cret ou de l&rsquo;arre\u0302te\u0301 d&rsquo;inte\u0301gration dans le Corps de la Police nationale ; une copie du de\u0301cret de confirmation, titularisation, du dernier arre\u0302te\u0301 d&rsquo;avancement ou tout autre dernier acte administratif ; une copie du certificat de prise de service et de pre\u0301sence effective au lieu de service ; une copie de l&rsquo;acte de naissance ou du jugement supple\u0301tif ; une copie de la carte d&rsquo;identite\u0301 nationale, passeport ou permis de conduire portant un nume\u0301ro national d&rsquo;identification (NNI) ; deux cartes photos 4&#215;4 en couleur sur fond blanc avec tenue, un galon et sans be\u0301ret.<\/p>\n<p>Enfin, tous les directeurs techniques, commandants des unite\u0301s spe\u0301cialise\u0301es et chefs des services de Police sont tenus d&rsquo;en faire large diffusion.<\/p>\n<p><strong>Pour plus d&rsquo;informations et d&rsquo;analyses sur la <a href=\"https:\/\/www.africa-press.net\/tchad\">Tchad<\/a>, suivez <a href=\"https:\/\/www.africa-press.net\/\">Africa-Press<\/a><\/strong><\/p>\n","protected":false},"excerpt":{"rendered":"<p>Africa-Press &#8211; Tchad. Dans un communique\u0301 rendu public ce 25 octobre 2023, le directeur ge\u0301ne\u0301ral de la Police nationale, Ali Adoum Tolly demande a\u0300 tous les fonctionnaires de Police, de constituer leurs dossiers, en vue de la de\u0301livrance de leurs cartes professionnelles, et de les faire transmettre par voie hie\u0301rarchique a\u0300 la direction des ressources [&hellip;]<\/p>\n","protected":false},"author":82,"featured_media":52929,"comment_status":"open","ping_status":"closed","sticky":false,"template":"","format":"standard","meta":{"footnotes":""},"categories":[2,10],"tags":[37,292,29],"class_list":["post-52931","post","type-post","status-publish","format-standard","has-post-thumbnail","hentry","category-politique","category-toutes-les-actualites","tag-africa-press","tag-africa-press-tchad","tag-tchad"],"yoast_head":"<!-- This site is optimized with the Yoast SEO Premium plugin v26.1 (Yoast SEO v27.0) - https:\/\/yoast.com\/product\/yoast-seo-premium-wordpress\/ -->\n<title>les fonctionnaires de Police appel\u00e9s \u00e0 constituer leurs dossiers de cartes professionnelles - tchad<\/title>\n<meta name=\"description\" content=\"Dans un communique\u0301 rendu public ce 25 octobre 2023, le directeur ge\u0301ne\u0301ral de la Police nationale, Ali Adoum Tolly dema ...\" \/>\n<meta name=\"robots\" content=\"index, follow, max-snippet:-1, max-image-preview:large, max-video-preview:-1\" \/>\n<link rel=\"canonical\" href=\"https:\/\/www.africa-press.net\/tchad\/politique\/les-fonctionnaires-de-police-appeles-a-constituer-leurs-dossiers-de-cartes-professionnelles\" \/>\n<meta property=\"og:locale\" content=\"fr_FR\" \/>\n<meta property=\"og:type\" content=\"article\" \/>\n<meta property=\"og:title\" content=\"les fonctionnaires de Police appel\u00e9s \u00e0 constituer leurs dossiers de cartes professionnelles\" \/>\n<meta property=\"og:description\" content=\"Dans un communique\u0301 rendu public ce 25 octobre 2023, le directeur ge\u0301ne\u0301ral de la Police nationale, Ali Adoum Tolly dema ...\" \/>\n<meta property=\"og:url\" content=\"https:\/\/www.africa-press.net\/tchad\/politique\/les-fonctionnaires-de-police-appeles-a-constituer-leurs-dossiers-de-cartes-professionnelles\" \/>\n<meta property=\"og:site_name\" content=\"tchad\" \/>\n<meta property=\"article:published_time\" content=\"2023-10-26T15:41:42+00:00\" \/>\n<meta property=\"article:modified_time\" content=\"2023-10-26T15:50:59+00:00\" \/>\n<meta property=\"og:image\" content=\"https:\/\/static.africa-press.net\/tchad\/sites\/41\/2023\/10\/sm_1698322758.220802.jpg\" \/>\n\t<meta property=\"og:image:width\" content=\"1551\" \/>\n\t<meta property=\"og:image:height\" content=\"1023\" \/>\n\t<meta property=\"og:image:type\" content=\"image\/jpeg\" \/>\n<meta name=\"author\" content=\"cfeditorfr\" \/>\n<meta name=\"twitter:card\" content=\"summary_large_image\" \/>\n<meta name=\"twitter:label1\" content=\"\u00c9crit par\" \/>\n\t<meta name=\"twitter:data1\" content=\"cfeditorfr\" \/>\n\t<meta name=\"twitter:label2\" content=\"Dur\u00e9e de lecture estim\u00e9e\" \/>\n\t<meta name=\"twitter:data2\" content=\"1 minute\" \/>\n<script type=\"application\/ld+json\" class=\"yoast-schema-graph\">{\"@context\":\"https:\/\/schema.org\",\"@graph\":[{\"@type\":\"Article\",\"@id\":\"https:\/\/www.africa-press.net\/tchad\/politique\/les-fonctionnaires-de-police-appeles-a-constituer-leurs-dossiers-de-cartes-professionnelles#article\",\"isPartOf\":{\"@id\":\"https:\/\/www.africa-press.net\/tchad\/politique\/les-fonctionnaires-de-police-appeles-a-constituer-leurs-dossiers-de-cartes-professionnelles\"},\"author\":{\"name\":\"cfeditorfr\",\"@id\":\"https:\/\/www.africa-press.net\/tchad\/#\/schema\/person\/2b1cf3cd81a31e3cd26889ca66d677f1\"},\"headline\":\"les fonctionnaires de Police appel\u00e9s \u00e0 constituer leurs dossiers de cartes professionnelles\",\"datePublished\":\"2023-10-26T15:41:42+00:00\",\"dateModified\":\"2023-10-26T15:50:59+00:00\",\"mainEntityOfPage\":{\"@id\":\"https:\/\/www.africa-press.net\/tchad\/politique\/les-fonctionnaires-de-police-appeles-a-constituer-leurs-dossiers-de-cartes-professionnelles\"},\"wordCount\":227,\"commentCount\":0,\"image\":{\"@id\":\"https:\/\/www.africa-press.net\/tchad\/politique\/les-fonctionnaires-de-police-appeles-a-constituer-leurs-dossiers-de-cartes-professionnelles#primaryimage\"},\"thumbnailUrl\":\"https:\/\/static.africa-press.net\/tchad\/sites\/41\/2023\/10\/sm_1698322758.220802.jpg\",\"keywords\":[\"Africa Press\",\"Africa Press-Tchad\",\"Tchad\"],\"articleSection\":[\"Politique\",\"Toutes les actualit\u00e9s\"],\"inLanguage\":\"fr-FR\",\"potentialAction\":[{\"@type\":\"CommentAction\",\"name\":\"Comment\",\"target\":[\"https:\/\/www.africa-press.net\/tchad\/politique\/les-fonctionnaires-de-police-appeles-a-constituer-leurs-dossiers-de-cartes-professionnelles#respond\"]}]},{\"@type\":\"WebPage\",\"@id\":\"https:\/\/www.africa-press.net\/tchad\/politique\/les-fonctionnaires-de-police-appeles-a-constituer-leurs-dossiers-de-cartes-professionnelles\",\"url\":\"https:\/\/www.africa-press.net\/tchad\/politique\/les-fonctionnaires-de-police-appeles-a-constituer-leurs-dossiers-de-cartes-professionnelles\",\"name\":\"les fonctionnaires de Police appel\u00e9s \u00e0 constituer leurs dossiers de cartes professionnelles - tchad\",\"isPartOf\":{\"@id\":\"https:\/\/www.africa-press.net\/tchad\/#website\"},\"primaryImageOfPage\":{\"@id\":\"https:\/\/www.africa-press.net\/tchad\/politique\/les-fonctionnaires-de-police-appeles-a-constituer-leurs-dossiers-de-cartes-professionnelles#primaryimage\"},\"image\":{\"@id\":\"https:\/\/www.africa-press.net\/tchad\/politique\/les-fonctionnaires-de-police-appeles-a-constituer-leurs-dossiers-de-cartes-professionnelles#primaryimage\"},\"thumbnailUrl\":\"https:\/\/static.africa-press.net\/tchad\/sites\/41\/2023\/10\/sm_1698322758.220802.jpg\",\"datePublished\":\"2023-10-26T15:41:42+00:00\",\"dateModified\":\"2023-10-26T15:50:59+00:00\",\"author\":{\"@id\":\"https:\/\/www.africa-press.net\/tchad\/#\/schema\/person\/2b1cf3cd81a31e3cd26889ca66d677f1\"},\"description\":\"Dans un communique\u0301 rendu public ce 25 octobre 2023, le directeur ge\u0301ne\u0301ral de la Police nationale, Ali Adoum Tolly dema ...\",\"breadcrumb\":{\"@id\":\"https:\/\/www.africa-press.net\/tchad\/politique\/les-fonctionnaires-de-police-appeles-a-constituer-leurs-dossiers-de-cartes-professionnelles#breadcrumb\"},\"inLanguage\":\"fr-FR\",\"potentialAction\":[{\"@type\":\"ReadAction\",\"target\":[\"https:\/\/www.africa-press.net\/tchad\/politique\/les-fonctionnaires-de-police-appeles-a-constituer-leurs-dossiers-de-cartes-professionnelles\"]}]},{\"@type\":\"ImageObject\",\"inLanguage\":\"fr-FR\",\"@id\":\"https:\/\/www.africa-press.net\/tchad\/politique\/les-fonctionnaires-de-police-appeles-a-constituer-leurs-dossiers-de-cartes-professionnelles#primaryimage\",\"url\":\"https:\/\/static.africa-press.net\/tchad\/sites\/41\/2023\/10\/sm_1698322758.220802.jpg\",\"contentUrl\":\"https:\/\/static.africa-press.net\/tchad\/sites\/41\/2023\/10\/sm_1698322758.220802.jpg\",\"width\":1551,\"height\":1023,\"caption\":\"les fonctionnaires de Police appel\u00e9s \u00e0 constituer leurs dossiers de cartes professionnelles\"},{\"@type\":\"BreadcrumbList\",\"@id\":\"https:\/\/www.africa-press.net\/tchad\/politique\/les-fonctionnaires-de-police-appeles-a-constituer-leurs-dossiers-de-cartes-professionnelles#breadcrumb\",\"itemListElement\":[{\"@type\":\"ListItem\",\"position\":1,\"name\":\"Accueil\",\"item\":\"https:\/\/www.africa-press.net\/tchad\/\"},{\"@type\":\"ListItem\",\"position\":2,\"name\":\"les fonctionnaires de Police appel\u00e9s \u00e0 constituer leurs dossiers de cartes professionnelles\"}]},{\"@type\":\"WebSite\",\"@id\":\"https:\/\/www.africa-press.net\/tchad\/#website\",\"url\":\"https:\/\/www.africa-press.net\/tchad\/\",\"name\":\"tchad\",\"description\":\"Just another Africa News Agency Sites site\",\"potentialAction\":[{\"@type\":\"SearchAction\",\"target\":{\"@type\":\"EntryPoint\",\"urlTemplate\":\"https:\/\/www.africa-press.net\/tchad\/?s={search_term_string}\"},\"query-input\":{\"@type\":\"PropertyValueSpecification\",\"valueRequired\":true,\"valueName\":\"search_term_string\"}}],\"inLanguage\":\"fr-FR\"},{\"@type\":\"Person\",\"@id\":\"https:\/\/www.africa-press.net\/tchad\/#\/schema\/person\/2b1cf3cd81a31e3cd26889ca66d677f1\",\"name\":\"cfeditorfr\"}]}<\/script>\n<!-- \/ Yoast SEO Premium plugin. -->","yoast_head_json":{"title":"les fonctionnaires de Police appel\u00e9s \u00e0 constituer leurs dossiers de cartes professionnelles - tchad","description":"Dans un communique\u0301 rendu public ce 25 octobre 2023, le directeur ge\u0301ne\u0301ral de la Police nationale, Ali Adoum Tolly dema ...","robots":{"index":"index","follow":"follow","max-snippet":"max-snippet:-1","max-image-preview":"max-image-preview:large","max-video-preview":"max-video-preview:-1"},"canonical":"https:\/\/www.africa-press.net\/tchad\/politique\/les-fonctionnaires-de-police-appeles-a-constituer-leurs-dossiers-de-cartes-professionnelles","og_locale":"fr_FR","og_type":"article","og_title":"les fonctionnaires de Police appel\u00e9s \u00e0 constituer leurs dossiers de cartes professionnelles","og_description":"Dans un communique\u0301 rendu public ce 25 octobre 2023, le directeur ge\u0301ne\u0301ral de la Police nationale, Ali Adoum Tolly dema ...","og_url":"https:\/\/www.africa-press.net\/tchad\/politique\/les-fonctionnaires-de-police-appeles-a-constituer-leurs-dossiers-de-cartes-professionnelles","og_site_name":"tchad","article_published_time":"2023-10-26T15:41:42+00:00","article_modified_time":"2023-10-26T15:50:59+00:00","og_image":[{"width":1551,"height":1023,"url":"https:\/\/static.africa-press.net\/tchad\/sites\/41\/2023\/10\/sm_1698322758.220802.jpg","type":"image\/jpeg"}],"author":"cfeditorfr","twitter_card":"summary_large_image","twitter_misc":{"\u00c9crit par":"cfeditorfr","Dur\u00e9e de lecture estim\u00e9e":"1 minute"},"schema":{"@context":"https:\/\/schema.org","@graph":[{"@type":"Article","@id":"https:\/\/www.africa-press.net\/tchad\/politique\/les-fonctionnaires-de-police-appeles-a-constituer-leurs-dossiers-de-cartes-professionnelles#article","isPartOf":{"@id":"https:\/\/www.africa-press.net\/tchad\/politique\/les-fonctionnaires-de-police-appeles-a-constituer-leurs-dossiers-de-cartes-professionnelles"},"author":{"name":"cfeditorfr","@id":"https:\/\/www.africa-press.net\/tchad\/#\/schema\/person\/2b1cf3cd81a31e3cd26889ca66d677f1"},"headline":"les fonctionnaires de Police appel\u00e9s \u00e0 constituer leurs dossiers de cartes professionnelles","datePublished":"2023-10-26T15:41:42+00:00","dateModified":"2023-10-26T15:50:59+00:00","mainEntityOfPage":{"@id":"https:\/\/www.africa-press.net\/tchad\/politique\/les-fonctionnaires-de-police-appeles-a-constituer-leurs-dossiers-de-cartes-professionnelles"},"wordCount":227,"commentCount":0,"image":{"@id":"https:\/\/www.africa-press.net\/tchad\/politique\/les-fonctionnaires-de-police-appeles-a-constituer-leurs-dossiers-de-cartes-professionnelles#primaryimage"},"thumbnailUrl":"https:\/\/static.africa-press.net\/tchad\/sites\/41\/2023\/10\/sm_1698322758.220802.jpg","keywords":["Africa Press","Africa Press-Tchad","Tchad"],"articleSection":["Politique","Toutes les actualit\u00e9s"],"inLanguage":"fr-FR","potentialAction":[{"@type":"CommentAction","name":"Comment","target":["https:\/\/www.africa-press.net\/tchad\/politique\/les-fonctionnaires-de-police-appeles-a-constituer-leurs-dossiers-de-cartes-professionnelles#respond"]}]},{"@type":"WebPage","@id":"https:\/\/www.africa-press.net\/tchad\/politique\/les-fonctionnaires-de-police-appeles-a-constituer-leurs-dossiers-de-cartes-professionnelles","url":"https:\/\/www.africa-press.net\/tchad\/politique\/les-fonctionnaires-de-police-appeles-a-constituer-leurs-dossiers-de-cartes-professionnelles","name":"les fonctionnaires de Police appel\u00e9s \u00e0 constituer leurs dossiers de cartes professionnelles - tchad","isPartOf":{"@id":"https:\/\/www.africa-press.net\/tchad\/#website"},"primaryImageOfPage":{"@id":"https:\/\/www.africa-press.net\/tchad\/politique\/les-fonctionnaires-de-police-appeles-a-constituer-leurs-dossiers-de-cartes-professionnelles#primaryimage"},"image":{"@id":"https:\/\/www.africa-press.net\/tchad\/politique\/les-fonctionnaires-de-police-appeles-a-constituer-leurs-dossiers-de-cartes-professionnelles#primaryimage"},"thumbnailUrl":"https:\/\/static.africa-press.net\/tchad\/sites\/41\/2023\/10\/sm_1698322758.220802.jpg","datePublished":"2023-10-26T15:41:42+00:00","dateModified":"2023-10-26T15:50:59+00:00","author":{"@id":"https:\/\/www.africa-press.net\/tchad\/#\/schema\/person\/2b1cf3cd81a31e3cd26889ca66d677f1"},"description":"Dans un communique\u0301 rendu public ce 25 octobre 2023, le directeur ge\u0301ne\u0301ral de la Police nationale, Ali Adoum Tolly dema ...","breadcrumb":{"@id":"https:\/\/www.africa-press.net\/tchad\/politique\/les-fonctionnaires-de-police-appeles-a-constituer-leurs-dossiers-de-cartes-professionnelles#breadcrumb"},"inLanguage":"fr-FR","potentialAction":[{"@type":"ReadAction","target":["https:\/\/www.africa-press.net\/tchad\/politique\/les-fonctionnaires-de-police-appeles-a-constituer-leurs-dossiers-de-cartes-professionnelles"]}]},{"@type":"ImageObject","inLanguage":"fr-FR","@id":"https:\/\/www.africa-press.net\/tchad\/politique\/les-fonctionnaires-de-police-appeles-a-constituer-leurs-dossiers-de-cartes-professionnelles#primaryimage","url":"https:\/\/static.africa-press.net\/tchad\/sites\/41\/2023\/10\/sm_1698322758.220802.jpg","contentUrl":"https:\/\/static.africa-press.net\/tchad\/sites\/41\/2023\/10\/sm_1698322758.220802.jpg","width":1551,"height":1023,"caption":"les fonctionnaires de Police appel\u00e9s \u00e0 constituer leurs dossiers de cartes professionnelles"},{"@type":"BreadcrumbList","@id":"https:\/\/www.africa-press.net\/tchad\/politique\/les-fonctionnaires-de-police-appeles-a-constituer-leurs-dossiers-de-cartes-professionnelles#breadcrumb","itemListElement":[{"@type":"ListItem","position":1,"name":"Accueil","item":"https:\/\/www.africa-press.net\/tchad\/"},{"@type":"ListItem","position":2,"name":"les fonctionnaires de Police appel\u00e9s \u00e0 constituer leurs dossiers de cartes professionnelles"}]},{"@type":"WebSite","@id":"https:\/\/www.africa-press.net\/tchad\/#website","url":"https:\/\/www.africa-press.net\/tchad\/","name":"tchad","description":"Just another Africa News Agency Sites site","potentialAction":[{"@type":"SearchAction","target":{"@type":"EntryPoint","urlTemplate":"https:\/\/www.africa-press.net\/tchad\/?s={search_term_string}"},"query-input":{"@type":"PropertyValueSpecification","valueRequired":true,"valueName":"search_term_string"}}],"inLanguage":"fr-FR"},{"@type":"Person","@id":"https:\/\/www.africa-press.net\/tchad\/#\/schema\/person\/2b1cf3cd81a31e3cd26889ca66d677f1","name":"cfeditorfr"}]}},"_links":{"self":[{"href":"https:\/\/www.africa-press.net\/tchad\/wp-json\/wp\/v2\/posts\/52931","targetHints":{"allow":["GET"]}}],"collection":[{"href":"https:\/\/www.africa-press.net\/tchad\/wp-json\/wp\/v2\/posts"}],"about":[{"href":"https:\/\/www.africa-press.net\/tchad\/wp-json\/wp\/v2\/types\/post"}],"author":[{"embeddable":true,"href":"https:\/\/www.africa-press.net\/tchad\/wp-json\/wp\/v2\/users\/82"}],"replies":[{"embeddable":true,"href":"https:\/\/www.africa-press.net\/tchad\/wp-json\/wp\/v2\/comments?post=52931"}],"version-history":[{"count":0,"href":"https:\/\/www.africa-press.net\/tchad\/wp-json\/wp\/v2\/posts\/52931\/revisions"}],"wp:featuredmedia":[{"embeddable":true,"href":"https:\/\/www.africa-press.net\/tchad\/wp-json\/wp\/v2\/media\/52929"}],"wp:attachment":[{"href":"https:\/\/www.africa-press.net\/tchad\/wp-json\/wp\/v2\/media?parent=52931"}],"wp:term":[{"taxonomy":"category","embeddable":true,"href":"https:\/\/www.africa-press.net\/tchad\/wp-json\/wp\/v2\/categories?post=52931"},{"taxonomy":"post_tag","embeddable":true,"href":"https:\/\/www.africa-press.net\/tchad\/wp-json\/wp\/v2\/tags?post=52931"}],"curies":[{"name":"wp","href":"https:\/\/api.w.org\/{rel}","templated":true}]}}