{"id":52999,"date":"2023-10-27T16:54:45","date_gmt":"2023-10-27T16:54:45","guid":{"rendered":"https:\/\/www.africa-press.net\/tchad\/politique\/le-reseau-des-organisations-des-jeunes-du-moyen-chari-annonce-une-greve-sans-engin-dans-toute-la-province-du-26-au-28-octobre"},"modified":"2023-10-27T17:45:19","modified_gmt":"2023-10-27T17:45:19","slug":"le-reseau-des-organisations-des-jeunes-du-moyen-chari-annonce-une-greve-sans-engin-dans-toute-la-province-du-26-au-28-octobre","status":"publish","type":"post","link":"https:\/\/www.africa-press.net\/tchad\/toutes-les-actualites\/le-reseau-des-organisations-des-jeunes-du-moyen-chari-annonce-une-greve-sans-engin-dans-toute-la-province-du-26-au-28-octobre","title":{"rendered":"Le R\u00e9seau des Organisations des Jeunes du Moyen Chari annonce une gr\u00e8ve sans engin dans toute la province du 26 au 28 octobre"},"content":{"rendered":"<p><span style=\"color: #ff6600\"><strong>Africa-Press &#8211; Tchad. <\/strong><\/span>Dans ce point de presse, le pre\u0301sident dudit re\u0301seau, Tougondjide\u0301 Leonard, a exprime\u0301 son soutien au combat le\u0301gitime du Gouverneur Ousmane Brahim Djouma contre certains commerc\u0327ants qui s\u2019enrichissent sur le dos de la population. Par ailleurs, il a ajoute que le Re\u0301seau des Organisations des Jeunes du Moyen demande a\u0300 toutes les couches socioprofessionnelles de la province d\u2019observer une deux sans ve\u0301hicule allant du 26 au 28 octobre 2023.<\/p>\n<p>Pour finir, Tougondjide\u0301 Leonard demande a\u0300 toute la jeunesse du Moyen-Chari d\u2019e\u0302tre vigilante et aux associations des consommateurs d\u2019aider le gouverneur dans cette lutte et sollicite e\u0301galement la coope\u0301ration des enseignants de la Grande Sido, dans un esprit de compre\u0301hension, en demandant la reprise des cours mais sans utilisation de ve\u0301hicules, pour soutenir les efforts du Ge\u0301ne\u0301ral Ousmane Brahim Djouma dans l\u2019inte\u0301re\u0302t du pre\u0301sent et de l\u2019avenir de la province.<\/p>\n<p><strong>Pour plus d&rsquo;informations et d&rsquo;analyses sur la <a href=\"https:\/\/www.africa-press.net\/tchad\">Tchad<\/a>, suivez <a href=\"https:\/\/www.africa-press.net\/\">Africa-Press<\/a><\/strong><\/p>\n","protected":false},"excerpt":{"rendered":"<p>Africa-Press &#8211; Tchad. Dans ce point de presse, le pre\u0301sident dudit re\u0301seau, Tougondjide\u0301 Leonard, a exprime\u0301 son soutien au combat le\u0301gitime du Gouverneur Ousmane Brahim Djouma contre certains commerc\u0327ants qui s\u2019enrichissent sur le dos de la population. Par ailleurs, il a ajoute que le Re\u0301seau des Organisations des Jeunes du Moyen demande a\u0300 toutes les [&hellip;]<\/p>\n","protected":false},"author":82,"featured_media":52997,"comment_status":"open","ping_status":"closed","sticky":false,"template":"","format":"standard","meta":{"footnotes":""},"categories":[21,10],"tags":[37,292,29],"class_list":["post-52999","post","type-post","status-publish","format-standard","has-post-thumbnail","hentry","category-communaute","category-toutes-les-actualites","tag-africa-press","tag-africa-press-tchad","tag-tchad"],"yoast_head":"<!-- This site is optimized with the Yoast SEO Premium plugin v26.1 (Yoast SEO v27.0) - https:\/\/yoast.com\/product\/yoast-seo-premium-wordpress\/ -->\n<title>Le R\u00e9seau des Organisations des Jeunes du Moyen Chari annonce une gr\u00e8ve sans engin dans toute la province du 26 au 28 octobre - tchad<\/title>\n<meta name=\"description\" content=\"Dans ce point de presse, le pre\u0301sident dudit re\u0301seau, Tougondjide\u0301 Leonard, a exprime\u0301 son soutien au combat le\u0301gitime d ...\" \/>\n<meta name=\"robots\" content=\"index, follow, max-snippet:-1, max-image-preview:large, max-video-preview:-1\" \/>\n<link rel=\"canonical\" href=\"https:\/\/www.africa-press.net\/tchad\/toutes-les-actualites\/le-reseau-des-organisations-des-jeunes-du-moyen-chari-annonce-une-greve-sans-engin-dans-toute-la-province-du-26-au-28-octobre\" \/>\n<meta property=\"og:locale\" content=\"fr_FR\" \/>\n<meta property=\"og:type\" content=\"article\" \/>\n<meta property=\"og:title\" content=\"Le R\u00e9seau des Organisations des Jeunes du Moyen Chari annonce une gr\u00e8ve sans engin dans toute la province du 26 au 28 octobre\" \/>\n<meta property=\"og:description\" content=\"Dans ce point de presse, le pre\u0301sident dudit re\u0301seau, Tougondjide\u0301 Leonard, a exprime\u0301 son soutien au combat le\u0301gitime d ...\" \/>\n<meta property=\"og:url\" content=\"https:\/\/www.africa-press.net\/tchad\/toutes-les-actualites\/le-reseau-des-organisations-des-jeunes-du-moyen-chari-annonce-une-greve-sans-engin-dans-toute-la-province-du-26-au-28-octobre\" \/>\n<meta property=\"og:site_name\" content=\"tchad\" \/>\n<meta property=\"article:published_time\" content=\"2023-10-27T16:54:45+00:00\" \/>\n<meta property=\"article:modified_time\" content=\"2023-10-27T17:45:19+00:00\" \/>\n<meta property=\"og:image\" content=\"https:\/\/static.africa-press.net\/tchad\/sites\/41\/2023\/10\/sm_1698415953.787806.jpg\" \/>\n\t<meta property=\"og:image:width\" content=\"952\" \/>\n\t<meta property=\"og:image:height\" content=\"486\" \/>\n\t<meta property=\"og:image:type\" content=\"image\/jpeg\" \/>\n<meta name=\"author\" content=\"cfeditorfr\" \/>\n<meta name=\"twitter:card\" content=\"summary_large_image\" \/>\n<meta name=\"twitter:label1\" content=\"\u00c9crit par\" \/>\n\t<meta name=\"twitter:data1\" content=\"cfeditorfr\" \/>\n\t<meta name=\"twitter:label2\" content=\"Dur\u00e9e de lecture estim\u00e9e\" \/>\n\t<meta name=\"twitter:data2\" content=\"1 minute\" \/>\n<script type=\"application\/ld+json\" class=\"yoast-schema-graph\">{\"@context\":\"https:\/\/schema.org\",\"@graph\":[{\"@type\":\"Article\",\"@id\":\"https:\/\/www.africa-press.net\/tchad\/toutes-les-actualites\/le-reseau-des-organisations-des-jeunes-du-moyen-chari-annonce-une-greve-sans-engin-dans-toute-la-province-du-26-au-28-octobre#article\",\"isPartOf\":{\"@id\":\"https:\/\/www.africa-press.net\/tchad\/toutes-les-actualites\/le-reseau-des-organisations-des-jeunes-du-moyen-chari-annonce-une-greve-sans-engin-dans-toute-la-province-du-26-au-28-octobre\"},\"author\":{\"name\":\"cfeditorfr\",\"@id\":\"https:\/\/www.africa-press.net\/tchad\/#\/schema\/person\/2b1cf3cd81a31e3cd26889ca66d677f1\"},\"headline\":\"Le R\u00e9seau des Organisations des Jeunes du Moyen Chari annonce une gr\u00e8ve sans engin dans toute la province du 26 au 28 octobre\",\"datePublished\":\"2023-10-27T16:54:45+00:00\",\"dateModified\":\"2023-10-27T17:45:19+00:00\",\"mainEntityOfPage\":{\"@id\":\"https:\/\/www.africa-press.net\/tchad\/toutes-les-actualites\/le-reseau-des-organisations-des-jeunes-du-moyen-chari-annonce-une-greve-sans-engin-dans-toute-la-province-du-26-au-28-octobre\"},\"wordCount\":196,\"commentCount\":0,\"image\":{\"@id\":\"https:\/\/www.africa-press.net\/tchad\/toutes-les-actualites\/le-reseau-des-organisations-des-jeunes-du-moyen-chari-annonce-une-greve-sans-engin-dans-toute-la-province-du-26-au-28-octobre#primaryimage\"},\"thumbnailUrl\":\"https:\/\/static.africa-press.net\/tchad\/sites\/41\/2023\/10\/sm_1698415953.787806.jpg\",\"keywords\":[\"Africa Press\",\"Africa Press-Tchad\",\"Tchad\"],\"articleSection\":[\"Communaut\u00e9\",\"Toutes les actualit\u00e9s\"],\"inLanguage\":\"fr-FR\",\"potentialAction\":[{\"@type\":\"CommentAction\",\"name\":\"Comment\",\"target\":[\"https:\/\/www.africa-press.net\/tchad\/toutes-les-actualites\/le-reseau-des-organisations-des-jeunes-du-moyen-chari-annonce-une-greve-sans-engin-dans-toute-la-province-du-26-au-28-octobre#respond\"]}]},{\"@type\":\"WebPage\",\"@id\":\"https:\/\/www.africa-press.net\/tchad\/toutes-les-actualites\/le-reseau-des-organisations-des-jeunes-du-moyen-chari-annonce-une-greve-sans-engin-dans-toute-la-province-du-26-au-28-octobre\",\"url\":\"https:\/\/www.africa-press.net\/tchad\/toutes-les-actualites\/le-reseau-des-organisations-des-jeunes-du-moyen-chari-annonce-une-greve-sans-engin-dans-toute-la-province-du-26-au-28-octobre\",\"name\":\"Le R\u00e9seau des Organisations des Jeunes du Moyen Chari annonce une gr\u00e8ve sans engin dans toute la province du 26 au 28 octobre - tchad\",\"isPartOf\":{\"@id\":\"https:\/\/www.africa-press.net\/tchad\/#website\"},\"primaryImageOfPage\":{\"@id\":\"https:\/\/www.africa-press.net\/tchad\/toutes-les-actualites\/le-reseau-des-organisations-des-jeunes-du-moyen-chari-annonce-une-greve-sans-engin-dans-toute-la-province-du-26-au-28-octobre#primaryimage\"},\"image\":{\"@id\":\"https:\/\/www.africa-press.net\/tchad\/toutes-les-actualites\/le-reseau-des-organisations-des-jeunes-du-moyen-chari-annonce-une-greve-sans-engin-dans-toute-la-province-du-26-au-28-octobre#primaryimage\"},\"thumbnailUrl\":\"https:\/\/static.africa-press.net\/tchad\/sites\/41\/2023\/10\/sm_1698415953.787806.jpg\",\"datePublished\":\"2023-10-27T16:54:45+00:00\",\"dateModified\":\"2023-10-27T17:45:19+00:00\",\"author\":{\"@id\":\"https:\/\/www.africa-press.net\/tchad\/#\/schema\/person\/2b1cf3cd81a31e3cd26889ca66d677f1\"},\"description\":\"Dans ce point de presse, le pre\u0301sident dudit re\u0301seau, Tougondjide\u0301 Leonard, a exprime\u0301 son soutien au combat le\u0301gitime d ...\",\"breadcrumb\":{\"@id\":\"https:\/\/www.africa-press.net\/tchad\/toutes-les-actualites\/le-reseau-des-organisations-des-jeunes-du-moyen-chari-annonce-une-greve-sans-engin-dans-toute-la-province-du-26-au-28-octobre#breadcrumb\"},\"inLanguage\":\"fr-FR\",\"potentialAction\":[{\"@type\":\"ReadAction\",\"target\":[\"https:\/\/www.africa-press.net\/tchad\/toutes-les-actualites\/le-reseau-des-organisations-des-jeunes-du-moyen-chari-annonce-une-greve-sans-engin-dans-toute-la-province-du-26-au-28-octobre\"]}]},{\"@type\":\"ImageObject\",\"inLanguage\":\"fr-FR\",\"@id\":\"https:\/\/www.africa-press.net\/tchad\/toutes-les-actualites\/le-reseau-des-organisations-des-jeunes-du-moyen-chari-annonce-une-greve-sans-engin-dans-toute-la-province-du-26-au-28-octobre#primaryimage\",\"url\":\"https:\/\/static.africa-press.net\/tchad\/sites\/41\/2023\/10\/sm_1698415953.787806.jpg\",\"contentUrl\":\"https:\/\/static.africa-press.net\/tchad\/sites\/41\/2023\/10\/sm_1698415953.787806.jpg\",\"width\":952,\"height\":486,\"caption\":\"Le R\u00e9seau des Organisations des Jeunes du Moyen Chari annonce une gr\u00e8ve sans engin dans toute la province du 26 au 28 octobre\"},{\"@type\":\"BreadcrumbList\",\"@id\":\"https:\/\/www.africa-press.net\/tchad\/toutes-les-actualites\/le-reseau-des-organisations-des-jeunes-du-moyen-chari-annonce-une-greve-sans-engin-dans-toute-la-province-du-26-au-28-octobre#breadcrumb\",\"itemListElement\":[{\"@type\":\"ListItem\",\"position\":1,\"name\":\"Accueil\",\"item\":\"https:\/\/www.africa-press.net\/tchad\/\"},{\"@type\":\"ListItem\",\"position\":2,\"name\":\"Le R\u00e9seau des Organisations des Jeunes du Moyen Chari annonce une gr\u00e8ve sans engin dans toute la province du 26 au 28 octobre\"}]},{\"@type\":\"WebSite\",\"@id\":\"https:\/\/www.africa-press.net\/tchad\/#website\",\"url\":\"https:\/\/www.africa-press.net\/tchad\/\",\"name\":\"tchad\",\"description\":\"Just another Africa News Agency Sites site\",\"potentialAction\":[{\"@type\":\"SearchAction\",\"target\":{\"@type\":\"EntryPoint\",\"urlTemplate\":\"https:\/\/www.africa-press.net\/tchad\/?s={search_term_string}\"},\"query-input\":{\"@type\":\"PropertyValueSpecification\",\"valueRequired\":true,\"valueName\":\"search_term_string\"}}],\"inLanguage\":\"fr-FR\"},{\"@type\":\"Person\",\"@id\":\"https:\/\/www.africa-press.net\/tchad\/#\/schema\/person\/2b1cf3cd81a31e3cd26889ca66d677f1\",\"name\":\"cfeditorfr\"}]}<\/script>\n<!-- \/ Yoast SEO Premium plugin. -->","yoast_head_json":{"title":"Le R\u00e9seau des Organisations des Jeunes du Moyen Chari annonce une gr\u00e8ve sans engin dans toute la province du 26 au 28 octobre - tchad","description":"Dans ce point de presse, le pre\u0301sident dudit re\u0301seau, Tougondjide\u0301 Leonard, a exprime\u0301 son soutien au combat le\u0301gitime d ...","robots":{"index":"index","follow":"follow","max-snippet":"max-snippet:-1","max-image-preview":"max-image-preview:large","max-video-preview":"max-video-preview:-1"},"canonical":"https:\/\/www.africa-press.net\/tchad\/toutes-les-actualites\/le-reseau-des-organisations-des-jeunes-du-moyen-chari-annonce-une-greve-sans-engin-dans-toute-la-province-du-26-au-28-octobre","og_locale":"fr_FR","og_type":"article","og_title":"Le R\u00e9seau des Organisations des Jeunes du Moyen Chari annonce une gr\u00e8ve sans engin dans toute la province du 26 au 28 octobre","og_description":"Dans ce point de presse, le pre\u0301sident dudit re\u0301seau, Tougondjide\u0301 Leonard, a exprime\u0301 son soutien au combat le\u0301gitime d ...","og_url":"https:\/\/www.africa-press.net\/tchad\/toutes-les-actualites\/le-reseau-des-organisations-des-jeunes-du-moyen-chari-annonce-une-greve-sans-engin-dans-toute-la-province-du-26-au-28-octobre","og_site_name":"tchad","article_published_time":"2023-10-27T16:54:45+00:00","article_modified_time":"2023-10-27T17:45:19+00:00","og_image":[{"width":952,"height":486,"url":"https:\/\/static.africa-press.net\/tchad\/sites\/41\/2023\/10\/sm_1698415953.787806.jpg","type":"image\/jpeg"}],"author":"cfeditorfr","twitter_card":"summary_large_image","twitter_misc":{"\u00c9crit par":"cfeditorfr","Dur\u00e9e de lecture estim\u00e9e":"1 minute"},"schema":{"@context":"https:\/\/schema.org","@graph":[{"@type":"Article","@id":"https:\/\/www.africa-press.net\/tchad\/toutes-les-actualites\/le-reseau-des-organisations-des-jeunes-du-moyen-chari-annonce-une-greve-sans-engin-dans-toute-la-province-du-26-au-28-octobre#article","isPartOf":{"@id":"https:\/\/www.africa-press.net\/tchad\/toutes-les-actualites\/le-reseau-des-organisations-des-jeunes-du-moyen-chari-annonce-une-greve-sans-engin-dans-toute-la-province-du-26-au-28-octobre"},"author":{"name":"cfeditorfr","@id":"https:\/\/www.africa-press.net\/tchad\/#\/schema\/person\/2b1cf3cd81a31e3cd26889ca66d677f1"},"headline":"Le R\u00e9seau des Organisations des Jeunes du Moyen Chari annonce une gr\u00e8ve sans engin dans toute la province du 26 au 28 octobre","datePublished":"2023-10-27T16:54:45+00:00","dateModified":"2023-10-27T17:45:19+00:00","mainEntityOfPage":{"@id":"https:\/\/www.africa-press.net\/tchad\/toutes-les-actualites\/le-reseau-des-organisations-des-jeunes-du-moyen-chari-annonce-une-greve-sans-engin-dans-toute-la-province-du-26-au-28-octobre"},"wordCount":196,"commentCount":0,"image":{"@id":"https:\/\/www.africa-press.net\/tchad\/toutes-les-actualites\/le-reseau-des-organisations-des-jeunes-du-moyen-chari-annonce-une-greve-sans-engin-dans-toute-la-province-du-26-au-28-octobre#primaryimage"},"thumbnailUrl":"https:\/\/static.africa-press.net\/tchad\/sites\/41\/2023\/10\/sm_1698415953.787806.jpg","keywords":["Africa Press","Africa Press-Tchad","Tchad"],"articleSection":["Communaut\u00e9","Toutes les actualit\u00e9s"],"inLanguage":"fr-FR","potentialAction":[{"@type":"CommentAction","name":"Comment","target":["https:\/\/www.africa-press.net\/tchad\/toutes-les-actualites\/le-reseau-des-organisations-des-jeunes-du-moyen-chari-annonce-une-greve-sans-engin-dans-toute-la-province-du-26-au-28-octobre#respond"]}]},{"@type":"WebPage","@id":"https:\/\/www.africa-press.net\/tchad\/toutes-les-actualites\/le-reseau-des-organisations-des-jeunes-du-moyen-chari-annonce-une-greve-sans-engin-dans-toute-la-province-du-26-au-28-octobre","url":"https:\/\/www.africa-press.net\/tchad\/toutes-les-actualites\/le-reseau-des-organisations-des-jeunes-du-moyen-chari-annonce-une-greve-sans-engin-dans-toute-la-province-du-26-au-28-octobre","name":"Le R\u00e9seau des Organisations des Jeunes du Moyen Chari annonce une gr\u00e8ve sans engin dans toute la province du 26 au 28 octobre - tchad","isPartOf":{"@id":"https:\/\/www.africa-press.net\/tchad\/#website"},"primaryImageOfPage":{"@id":"https:\/\/www.africa-press.net\/tchad\/toutes-les-actualites\/le-reseau-des-organisations-des-jeunes-du-moyen-chari-annonce-une-greve-sans-engin-dans-toute-la-province-du-26-au-28-octobre#primaryimage"},"image":{"@id":"https:\/\/www.africa-press.net\/tchad\/toutes-les-actualites\/le-reseau-des-organisations-des-jeunes-du-moyen-chari-annonce-une-greve-sans-engin-dans-toute-la-province-du-26-au-28-octobre#primaryimage"},"thumbnailUrl":"https:\/\/static.africa-press.net\/tchad\/sites\/41\/2023\/10\/sm_1698415953.787806.jpg","datePublished":"2023-10-27T16:54:45+00:00","dateModified":"2023-10-27T17:45:19+00:00","author":{"@id":"https:\/\/www.africa-press.net\/tchad\/#\/schema\/person\/2b1cf3cd81a31e3cd26889ca66d677f1"},"description":"Dans ce point de presse, le pre\u0301sident dudit re\u0301seau, Tougondjide\u0301 Leonard, a exprime\u0301 son soutien au combat le\u0301gitime d ...","breadcrumb":{"@id":"https:\/\/www.africa-press.net\/tchad\/toutes-les-actualites\/le-reseau-des-organisations-des-jeunes-du-moyen-chari-annonce-une-greve-sans-engin-dans-toute-la-province-du-26-au-28-octobre#breadcrumb"},"inLanguage":"fr-FR","potentialAction":[{"@type":"ReadAction","target":["https:\/\/www.africa-press.net\/tchad\/toutes-les-actualites\/le-reseau-des-organisations-des-jeunes-du-moyen-chari-annonce-une-greve-sans-engin-dans-toute-la-province-du-26-au-28-octobre"]}]},{"@type":"ImageObject","inLanguage":"fr-FR","@id":"https:\/\/www.africa-press.net\/tchad\/toutes-les-actualites\/le-reseau-des-organisations-des-jeunes-du-moyen-chari-annonce-une-greve-sans-engin-dans-toute-la-province-du-26-au-28-octobre#primaryimage","url":"https:\/\/static.africa-press.net\/tchad\/sites\/41\/2023\/10\/sm_1698415953.787806.jpg","contentUrl":"https:\/\/static.africa-press.net\/tchad\/sites\/41\/2023\/10\/sm_1698415953.787806.jpg","width":952,"height":486,"caption":"Le R\u00e9seau des Organisations des Jeunes du Moyen Chari annonce une gr\u00e8ve sans engin dans toute la province du 26 au 28 octobre"},{"@type":"BreadcrumbList","@id":"https:\/\/www.africa-press.net\/tchad\/toutes-les-actualites\/le-reseau-des-organisations-des-jeunes-du-moyen-chari-annonce-une-greve-sans-engin-dans-toute-la-province-du-26-au-28-octobre#breadcrumb","itemListElement":[{"@type":"ListItem","position":1,"name":"Accueil","item":"https:\/\/www.africa-press.net\/tchad\/"},{"@type":"ListItem","position":2,"name":"Le R\u00e9seau des Organisations des Jeunes du Moyen Chari annonce une gr\u00e8ve sans engin dans toute la province du 26 au 28 octobre"}]},{"@type":"WebSite","@id":"https:\/\/www.africa-press.net\/tchad\/#website","url":"https:\/\/www.africa-press.net\/tchad\/","name":"tchad","description":"Just another Africa News Agency Sites site","potentialAction":[{"@type":"SearchAction","target":{"@type":"EntryPoint","urlTemplate":"https:\/\/www.africa-press.net\/tchad\/?s={search_term_string}"},"query-input":{"@type":"PropertyValueSpecification","valueRequired":true,"valueName":"search_term_string"}}],"inLanguage":"fr-FR"},{"@type":"Person","@id":"https:\/\/www.africa-press.net\/tchad\/#\/schema\/person\/2b1cf3cd81a31e3cd26889ca66d677f1","name":"cfeditorfr"}]}},"_links":{"self":[{"href":"https:\/\/www.africa-press.net\/tchad\/wp-json\/wp\/v2\/posts\/52999","targetHints":{"allow":["GET"]}}],"collection":[{"href":"https:\/\/www.africa-press.net\/tchad\/wp-json\/wp\/v2\/posts"}],"about":[{"href":"https:\/\/www.africa-press.net\/tchad\/wp-json\/wp\/v2\/types\/post"}],"author":[{"embeddable":true,"href":"https:\/\/www.africa-press.net\/tchad\/wp-json\/wp\/v2\/users\/82"}],"replies":[{"embeddable":true,"href":"https:\/\/www.africa-press.net\/tchad\/wp-json\/wp\/v2\/comments?post=52999"}],"version-history":[{"count":0,"href":"https:\/\/www.africa-press.net\/tchad\/wp-json\/wp\/v2\/posts\/52999\/revisions"}],"wp:featuredmedia":[{"embeddable":true,"href":"https:\/\/www.africa-press.net\/tchad\/wp-json\/wp\/v2\/media\/52997"}],"wp:attachment":[{"href":"https:\/\/www.africa-press.net\/tchad\/wp-json\/wp\/v2\/media?parent=52999"}],"wp:term":[{"taxonomy":"category","embeddable":true,"href":"https:\/\/www.africa-press.net\/tchad\/wp-json\/wp\/v2\/categories?post=52999"},{"taxonomy":"post_tag","embeddable":true,"href":"https:\/\/www.africa-press.net\/tchad\/wp-json\/wp\/v2\/tags?post=52999"}],"curies":[{"name":"wp","href":"https:\/\/api.w.org\/{rel}","templated":true}]}}