{"id":53001,"date":"2023-10-27T16:55:10","date_gmt":"2023-10-27T16:55:10","guid":{"rendered":"https:\/\/www.africa-press.net\/tchad\/politique\/lonama-se-mobilise-pour-relancer-la-construction-de-la-station-de-lai"},"modified":"2023-10-27T17:46:09","modified_gmt":"2023-10-27T17:46:09","slug":"lonama-se-mobilise-pour-relancer-la-construction-de-la-station-de-lai","status":"publish","type":"post","link":"https:\/\/www.africa-press.net\/tchad\/politique\/lonama-se-mobilise-pour-relancer-la-construction-de-la-station-de-lai","title":{"rendered":"l\u2019ONAMA se mobilise pour relancer la construction de la station de La\u00ef"},"content":{"rendered":"<p><span style=\"color: #ff6600\"><strong>Africa-Press &#8211; Tchad. <\/strong><\/span>Une mission de la direction ge\u0301ne\u0301rale de l&rsquo;Office National des Me\u0301dias et de l&rsquo;Audiovisuel (ONAMA) s&rsquo;est rendue a\u0300 Lai\u0308, pour inspecter le chantier de la station ONAMA de Lai\u0308, dont la construction est a\u0300 l&rsquo;arre\u0302t depuis plus de deux ans, malgre\u0301 un de\u0301lai initial de six mois.<\/p>\n<p>La gouverneure de la Tandjile\u0301, Ildjima Abdraman, a exprime\u0301 son de\u0301sir de voir la station ONAMA de Lai\u0308 fonctionner. Lors de la visite du site, l&rsquo;e\u0301quipe a rec\u0327u une explication de\u0301taille\u0301e des proble\u0300mes, par l&rsquo;inge\u0301nieur de l&rsquo;entreprise TCT, Keikere Nelson Mandela, qui a pre\u0301cise\u0301 que les travaux e\u0301taient acheve\u0301s a\u0300 85 %.<\/p>\n<p>Le chef de la mission, Adam Brahim Tete, directeur des stations provinciales de l&rsquo;ONAMA, a encourage\u0301 le personnel et promis de faire remonter les pre\u0301occupations a\u0300 la direction.<\/p>\n<p>Apre\u0300s Lai\u0308, la mission s&rsquo;est dirige\u0301e vers Pala, chef-lieu de la province du Mayo Kebbi Ouest, pour la me\u0302me mission.<\/p>\n<p><strong>Pour plus d&rsquo;informations et d&rsquo;analyses sur la <a href=\"https:\/\/www.africa-press.net\/tchad\">Tchad<\/a>, suivez <a href=\"https:\/\/www.africa-press.net\/\">Africa-Press<\/a><\/strong><\/p>\n","protected":false},"excerpt":{"rendered":"<p>Africa-Press &#8211; Tchad. Une mission de la direction ge\u0301ne\u0301rale de l&rsquo;Office National des Me\u0301dias et de l&rsquo;Audiovisuel (ONAMA) s&rsquo;est rendue a\u0300 Lai\u0308, pour inspecter le chantier de la station ONAMA de Lai\u0308, dont la construction est a\u0300 l&rsquo;arre\u0302t depuis plus de deux ans, malgre\u0301 un de\u0301lai initial de six mois. La gouverneure de la Tandjile\u0301, [&hellip;]<\/p>\n","protected":false},"author":82,"featured_media":53000,"comment_status":"open","ping_status":"closed","sticky":false,"template":"","format":"standard","meta":{"footnotes":""},"categories":[2,10],"tags":[37,292,29],"class_list":["post-53001","post","type-post","status-publish","format-standard","has-post-thumbnail","hentry","category-politique","category-toutes-les-actualites","tag-africa-press","tag-africa-press-tchad","tag-tchad"],"yoast_head":"<!-- This site is optimized with the Yoast SEO Premium plugin v26.1 (Yoast SEO v27.0) - https:\/\/yoast.com\/product\/yoast-seo-premium-wordpress\/ -->\n<title>l\u2019ONAMA se mobilise pour relancer la construction de la station de La\u00ef - tchad<\/title>\n<meta name=\"description\" content=\"Une mission de la direction ge\u0301ne\u0301rale de l&#039;Office National des Me\u0301dias et de l&#039;Audiovisuel (ONAMA) s&#039;est rendue a\u0300 Lai\u0308 ...\" \/>\n<meta name=\"robots\" content=\"index, follow, max-snippet:-1, max-image-preview:large, max-video-preview:-1\" \/>\n<link rel=\"canonical\" href=\"https:\/\/www.africa-press.net\/tchad\/politique\/lonama-se-mobilise-pour-relancer-la-construction-de-la-station-de-lai\" \/>\n<meta property=\"og:locale\" content=\"fr_FR\" \/>\n<meta property=\"og:type\" content=\"article\" \/>\n<meta property=\"og:title\" content=\"l\u2019ONAMA se mobilise pour relancer la construction de la station de La\u00ef\" \/>\n<meta property=\"og:description\" content=\"Une mission de la direction ge\u0301ne\u0301rale de l&#039;Office National des Me\u0301dias et de l&#039;Audiovisuel (ONAMA) s&#039;est rendue a\u0300 Lai\u0308 ...\" \/>\n<meta property=\"og:url\" content=\"https:\/\/www.africa-press.net\/tchad\/politique\/lonama-se-mobilise-pour-relancer-la-construction-de-la-station-de-lai\" \/>\n<meta property=\"og:site_name\" content=\"tchad\" \/>\n<meta property=\"article:published_time\" content=\"2023-10-27T16:55:10+00:00\" \/>\n<meta property=\"article:modified_time\" content=\"2023-10-27T17:46:09+00:00\" \/>\n<meta property=\"og:image\" content=\"https:\/\/static.africa-press.net\/tchad\/sites\/41\/2023\/10\/sm_1698415982.972048.jpg\" \/>\n\t<meta property=\"og:image:width\" content=\"1040\" \/>\n\t<meta property=\"og:image:height\" content=\"468\" \/>\n\t<meta property=\"og:image:type\" content=\"image\/jpeg\" \/>\n<meta name=\"author\" content=\"cfeditorfr\" \/>\n<meta name=\"twitter:card\" content=\"summary_large_image\" \/>\n<meta name=\"twitter:label1\" content=\"\u00c9crit par\" \/>\n\t<meta name=\"twitter:data1\" content=\"cfeditorfr\" \/>\n\t<meta name=\"twitter:label2\" content=\"Dur\u00e9e de lecture estim\u00e9e\" \/>\n\t<meta name=\"twitter:data2\" content=\"1 minute\" \/>\n<script type=\"application\/ld+json\" class=\"yoast-schema-graph\">{\"@context\":\"https:\/\/schema.org\",\"@graph\":[{\"@type\":\"Article\",\"@id\":\"https:\/\/www.africa-press.net\/tchad\/politique\/lonama-se-mobilise-pour-relancer-la-construction-de-la-station-de-lai#article\",\"isPartOf\":{\"@id\":\"https:\/\/www.africa-press.net\/tchad\/politique\/lonama-se-mobilise-pour-relancer-la-construction-de-la-station-de-lai\"},\"author\":{\"name\":\"cfeditorfr\",\"@id\":\"https:\/\/www.africa-press.net\/tchad\/#\/schema\/person\/2b1cf3cd81a31e3cd26889ca66d677f1\"},\"headline\":\"l\u2019ONAMA se mobilise pour relancer la construction de la station de La\u00ef\",\"datePublished\":\"2023-10-27T16:55:10+00:00\",\"dateModified\":\"2023-10-27T17:46:09+00:00\",\"mainEntityOfPage\":{\"@id\":\"https:\/\/www.africa-press.net\/tchad\/politique\/lonama-se-mobilise-pour-relancer-la-construction-de-la-station-de-lai\"},\"wordCount\":201,\"commentCount\":0,\"image\":{\"@id\":\"https:\/\/www.africa-press.net\/tchad\/politique\/lonama-se-mobilise-pour-relancer-la-construction-de-la-station-de-lai#primaryimage\"},\"thumbnailUrl\":\"https:\/\/static.africa-press.net\/tchad\/sites\/41\/2023\/10\/sm_1698415982.972048.jpg\",\"keywords\":[\"Africa Press\",\"Africa Press-Tchad\",\"Tchad\"],\"articleSection\":[\"Politique\",\"Toutes les actualit\u00e9s\"],\"inLanguage\":\"fr-FR\",\"potentialAction\":[{\"@type\":\"CommentAction\",\"name\":\"Comment\",\"target\":[\"https:\/\/www.africa-press.net\/tchad\/politique\/lonama-se-mobilise-pour-relancer-la-construction-de-la-station-de-lai#respond\"]}]},{\"@type\":\"WebPage\",\"@id\":\"https:\/\/www.africa-press.net\/tchad\/politique\/lonama-se-mobilise-pour-relancer-la-construction-de-la-station-de-lai\",\"url\":\"https:\/\/www.africa-press.net\/tchad\/politique\/lonama-se-mobilise-pour-relancer-la-construction-de-la-station-de-lai\",\"name\":\"l\u2019ONAMA se mobilise pour relancer la construction de la station de La\u00ef - tchad\",\"isPartOf\":{\"@id\":\"https:\/\/www.africa-press.net\/tchad\/#website\"},\"primaryImageOfPage\":{\"@id\":\"https:\/\/www.africa-press.net\/tchad\/politique\/lonama-se-mobilise-pour-relancer-la-construction-de-la-station-de-lai#primaryimage\"},\"image\":{\"@id\":\"https:\/\/www.africa-press.net\/tchad\/politique\/lonama-se-mobilise-pour-relancer-la-construction-de-la-station-de-lai#primaryimage\"},\"thumbnailUrl\":\"https:\/\/static.africa-press.net\/tchad\/sites\/41\/2023\/10\/sm_1698415982.972048.jpg\",\"datePublished\":\"2023-10-27T16:55:10+00:00\",\"dateModified\":\"2023-10-27T17:46:09+00:00\",\"author\":{\"@id\":\"https:\/\/www.africa-press.net\/tchad\/#\/schema\/person\/2b1cf3cd81a31e3cd26889ca66d677f1\"},\"description\":\"Une mission de la direction ge\u0301ne\u0301rale de l'Office National des Me\u0301dias et de l'Audiovisuel (ONAMA) s'est rendue a\u0300 Lai\u0308 ...\",\"breadcrumb\":{\"@id\":\"https:\/\/www.africa-press.net\/tchad\/politique\/lonama-se-mobilise-pour-relancer-la-construction-de-la-station-de-lai#breadcrumb\"},\"inLanguage\":\"fr-FR\",\"potentialAction\":[{\"@type\":\"ReadAction\",\"target\":[\"https:\/\/www.africa-press.net\/tchad\/politique\/lonama-se-mobilise-pour-relancer-la-construction-de-la-station-de-lai\"]}]},{\"@type\":\"ImageObject\",\"inLanguage\":\"fr-FR\",\"@id\":\"https:\/\/www.africa-press.net\/tchad\/politique\/lonama-se-mobilise-pour-relancer-la-construction-de-la-station-de-lai#primaryimage\",\"url\":\"https:\/\/static.africa-press.net\/tchad\/sites\/41\/2023\/10\/sm_1698415982.972048.jpg\",\"contentUrl\":\"https:\/\/static.africa-press.net\/tchad\/sites\/41\/2023\/10\/sm_1698415982.972048.jpg\",\"width\":1040,\"height\":468,\"caption\":\"l\u2019ONAMA se mobilise pour relancer la construction de la station de La\u00ef\"},{\"@type\":\"BreadcrumbList\",\"@id\":\"https:\/\/www.africa-press.net\/tchad\/politique\/lonama-se-mobilise-pour-relancer-la-construction-de-la-station-de-lai#breadcrumb\",\"itemListElement\":[{\"@type\":\"ListItem\",\"position\":1,\"name\":\"Accueil\",\"item\":\"https:\/\/www.africa-press.net\/tchad\/\"},{\"@type\":\"ListItem\",\"position\":2,\"name\":\"l\u2019ONAMA se mobilise pour relancer la construction de la station de La\u00ef\"}]},{\"@type\":\"WebSite\",\"@id\":\"https:\/\/www.africa-press.net\/tchad\/#website\",\"url\":\"https:\/\/www.africa-press.net\/tchad\/\",\"name\":\"tchad\",\"description\":\"Just another Africa News Agency Sites site\",\"potentialAction\":[{\"@type\":\"SearchAction\",\"target\":{\"@type\":\"EntryPoint\",\"urlTemplate\":\"https:\/\/www.africa-press.net\/tchad\/?s={search_term_string}\"},\"query-input\":{\"@type\":\"PropertyValueSpecification\",\"valueRequired\":true,\"valueName\":\"search_term_string\"}}],\"inLanguage\":\"fr-FR\"},{\"@type\":\"Person\",\"@id\":\"https:\/\/www.africa-press.net\/tchad\/#\/schema\/person\/2b1cf3cd81a31e3cd26889ca66d677f1\",\"name\":\"cfeditorfr\"}]}<\/script>\n<!-- \/ Yoast SEO Premium plugin. -->","yoast_head_json":{"title":"l\u2019ONAMA se mobilise pour relancer la construction de la station de La\u00ef - tchad","description":"Une mission de la direction ge\u0301ne\u0301rale de l'Office National des Me\u0301dias et de l'Audiovisuel (ONAMA) s'est rendue a\u0300 Lai\u0308 ...","robots":{"index":"index","follow":"follow","max-snippet":"max-snippet:-1","max-image-preview":"max-image-preview:large","max-video-preview":"max-video-preview:-1"},"canonical":"https:\/\/www.africa-press.net\/tchad\/politique\/lonama-se-mobilise-pour-relancer-la-construction-de-la-station-de-lai","og_locale":"fr_FR","og_type":"article","og_title":"l\u2019ONAMA se mobilise pour relancer la construction de la station de La\u00ef","og_description":"Une mission de la direction ge\u0301ne\u0301rale de l'Office National des Me\u0301dias et de l'Audiovisuel (ONAMA) s'est rendue a\u0300 Lai\u0308 ...","og_url":"https:\/\/www.africa-press.net\/tchad\/politique\/lonama-se-mobilise-pour-relancer-la-construction-de-la-station-de-lai","og_site_name":"tchad","article_published_time":"2023-10-27T16:55:10+00:00","article_modified_time":"2023-10-27T17:46:09+00:00","og_image":[{"width":1040,"height":468,"url":"https:\/\/static.africa-press.net\/tchad\/sites\/41\/2023\/10\/sm_1698415982.972048.jpg","type":"image\/jpeg"}],"author":"cfeditorfr","twitter_card":"summary_large_image","twitter_misc":{"\u00c9crit par":"cfeditorfr","Dur\u00e9e de lecture estim\u00e9e":"1 minute"},"schema":{"@context":"https:\/\/schema.org","@graph":[{"@type":"Article","@id":"https:\/\/www.africa-press.net\/tchad\/politique\/lonama-se-mobilise-pour-relancer-la-construction-de-la-station-de-lai#article","isPartOf":{"@id":"https:\/\/www.africa-press.net\/tchad\/politique\/lonama-se-mobilise-pour-relancer-la-construction-de-la-station-de-lai"},"author":{"name":"cfeditorfr","@id":"https:\/\/www.africa-press.net\/tchad\/#\/schema\/person\/2b1cf3cd81a31e3cd26889ca66d677f1"},"headline":"l\u2019ONAMA se mobilise pour relancer la construction de la station de La\u00ef","datePublished":"2023-10-27T16:55:10+00:00","dateModified":"2023-10-27T17:46:09+00:00","mainEntityOfPage":{"@id":"https:\/\/www.africa-press.net\/tchad\/politique\/lonama-se-mobilise-pour-relancer-la-construction-de-la-station-de-lai"},"wordCount":201,"commentCount":0,"image":{"@id":"https:\/\/www.africa-press.net\/tchad\/politique\/lonama-se-mobilise-pour-relancer-la-construction-de-la-station-de-lai#primaryimage"},"thumbnailUrl":"https:\/\/static.africa-press.net\/tchad\/sites\/41\/2023\/10\/sm_1698415982.972048.jpg","keywords":["Africa Press","Africa Press-Tchad","Tchad"],"articleSection":["Politique","Toutes les actualit\u00e9s"],"inLanguage":"fr-FR","potentialAction":[{"@type":"CommentAction","name":"Comment","target":["https:\/\/www.africa-press.net\/tchad\/politique\/lonama-se-mobilise-pour-relancer-la-construction-de-la-station-de-lai#respond"]}]},{"@type":"WebPage","@id":"https:\/\/www.africa-press.net\/tchad\/politique\/lonama-se-mobilise-pour-relancer-la-construction-de-la-station-de-lai","url":"https:\/\/www.africa-press.net\/tchad\/politique\/lonama-se-mobilise-pour-relancer-la-construction-de-la-station-de-lai","name":"l\u2019ONAMA se mobilise pour relancer la construction de la station de La\u00ef - tchad","isPartOf":{"@id":"https:\/\/www.africa-press.net\/tchad\/#website"},"primaryImageOfPage":{"@id":"https:\/\/www.africa-press.net\/tchad\/politique\/lonama-se-mobilise-pour-relancer-la-construction-de-la-station-de-lai#primaryimage"},"image":{"@id":"https:\/\/www.africa-press.net\/tchad\/politique\/lonama-se-mobilise-pour-relancer-la-construction-de-la-station-de-lai#primaryimage"},"thumbnailUrl":"https:\/\/static.africa-press.net\/tchad\/sites\/41\/2023\/10\/sm_1698415982.972048.jpg","datePublished":"2023-10-27T16:55:10+00:00","dateModified":"2023-10-27T17:46:09+00:00","author":{"@id":"https:\/\/www.africa-press.net\/tchad\/#\/schema\/person\/2b1cf3cd81a31e3cd26889ca66d677f1"},"description":"Une mission de la direction ge\u0301ne\u0301rale de l'Office National des Me\u0301dias et de l'Audiovisuel (ONAMA) s'est rendue a\u0300 Lai\u0308 ...","breadcrumb":{"@id":"https:\/\/www.africa-press.net\/tchad\/politique\/lonama-se-mobilise-pour-relancer-la-construction-de-la-station-de-lai#breadcrumb"},"inLanguage":"fr-FR","potentialAction":[{"@type":"ReadAction","target":["https:\/\/www.africa-press.net\/tchad\/politique\/lonama-se-mobilise-pour-relancer-la-construction-de-la-station-de-lai"]}]},{"@type":"ImageObject","inLanguage":"fr-FR","@id":"https:\/\/www.africa-press.net\/tchad\/politique\/lonama-se-mobilise-pour-relancer-la-construction-de-la-station-de-lai#primaryimage","url":"https:\/\/static.africa-press.net\/tchad\/sites\/41\/2023\/10\/sm_1698415982.972048.jpg","contentUrl":"https:\/\/static.africa-press.net\/tchad\/sites\/41\/2023\/10\/sm_1698415982.972048.jpg","width":1040,"height":468,"caption":"l\u2019ONAMA se mobilise pour relancer la construction de la station de La\u00ef"},{"@type":"BreadcrumbList","@id":"https:\/\/www.africa-press.net\/tchad\/politique\/lonama-se-mobilise-pour-relancer-la-construction-de-la-station-de-lai#breadcrumb","itemListElement":[{"@type":"ListItem","position":1,"name":"Accueil","item":"https:\/\/www.africa-press.net\/tchad\/"},{"@type":"ListItem","position":2,"name":"l\u2019ONAMA se mobilise pour relancer la construction de la station de La\u00ef"}]},{"@type":"WebSite","@id":"https:\/\/www.africa-press.net\/tchad\/#website","url":"https:\/\/www.africa-press.net\/tchad\/","name":"tchad","description":"Just another Africa News Agency Sites site","potentialAction":[{"@type":"SearchAction","target":{"@type":"EntryPoint","urlTemplate":"https:\/\/www.africa-press.net\/tchad\/?s={search_term_string}"},"query-input":{"@type":"PropertyValueSpecification","valueRequired":true,"valueName":"search_term_string"}}],"inLanguage":"fr-FR"},{"@type":"Person","@id":"https:\/\/www.africa-press.net\/tchad\/#\/schema\/person\/2b1cf3cd81a31e3cd26889ca66d677f1","name":"cfeditorfr"}]}},"_links":{"self":[{"href":"https:\/\/www.africa-press.net\/tchad\/wp-json\/wp\/v2\/posts\/53001","targetHints":{"allow":["GET"]}}],"collection":[{"href":"https:\/\/www.africa-press.net\/tchad\/wp-json\/wp\/v2\/posts"}],"about":[{"href":"https:\/\/www.africa-press.net\/tchad\/wp-json\/wp\/v2\/types\/post"}],"author":[{"embeddable":true,"href":"https:\/\/www.africa-press.net\/tchad\/wp-json\/wp\/v2\/users\/82"}],"replies":[{"embeddable":true,"href":"https:\/\/www.africa-press.net\/tchad\/wp-json\/wp\/v2\/comments?post=53001"}],"version-history":[{"count":0,"href":"https:\/\/www.africa-press.net\/tchad\/wp-json\/wp\/v2\/posts\/53001\/revisions"}],"wp:featuredmedia":[{"embeddable":true,"href":"https:\/\/www.africa-press.net\/tchad\/wp-json\/wp\/v2\/media\/53000"}],"wp:attachment":[{"href":"https:\/\/www.africa-press.net\/tchad\/wp-json\/wp\/v2\/media?parent=53001"}],"wp:term":[{"taxonomy":"category","embeddable":true,"href":"https:\/\/www.africa-press.net\/tchad\/wp-json\/wp\/v2\/categories?post=53001"},{"taxonomy":"post_tag","embeddable":true,"href":"https:\/\/www.africa-press.net\/tchad\/wp-json\/wp\/v2\/tags?post=53001"}],"curies":[{"name":"wp","href":"https:\/\/api.w.org\/{rel}","templated":true}]}}