{"id":53004,"date":"2023-10-27T16:55:35","date_gmt":"2023-10-27T16:55:35","guid":{"rendered":"https:\/\/www.africa-press.net\/tchad\/politique\/le-representant-de-lunicef-recu-par-le-ministre-des-affaires-etrangeres"},"modified":"2023-10-27T17:47:24","modified_gmt":"2023-10-27T17:47:24","slug":"le-representant-de-lunicef-recu-par-le-ministre-des-affaires-etrangeres","status":"publish","type":"post","link":"https:\/\/www.africa-press.net\/tchad\/politique\/le-representant-de-lunicef-recu-par-le-ministre-des-affaires-etrangeres","title":{"rendered":"Le repr\u00e9sentant de l\u2019Unicef re\u00e7u par le ministre des Affaires \u00e9trang\u00e8res"},"content":{"rendered":"<p><span style=\"color: #ff6600\"><strong>Africa-Press &#8211; Tchad. <\/strong><\/span>Au Tchad, le ministre des Affaires E\u0301trange\u0300res, des Tchadiens de l\u2019E\u0301tranger et de la Coope\u0301ration Internationale, l\u2019Ambassadeur Mahamat Saleh Annadif \u00ab a rec\u0327u en audience ce vendredi, 27 octobre 2023, le Repre\u0301sentant Re\u0301sident du Fonds des Nations Unies pour l\u2019Enfance (UNICEF), M. Jack Bauer \u00bb, a annonce\u0301 le ministe\u0300re ce vendredi.<\/p>\n<p>\u00ab Les deux personnalite\u0301s ont e\u0301change\u0301 sur le futur programme de coope\u0301ration. Protection des droits de l\u2019enfant, sante\u0301 maternelle et infantile, pre\u0301vention de la malnutrition et e\u0301ducation constituent entre autres, les volets de ce programme triennal. M. Jack Bauer a profite\u0301 de cette occasion pour informer l\u2019Ambassadeur Mahamat Saleh Annadif de la visite prochaine de la Directrice Exe\u0301cutive de l\u2019UNICEF au Tchad. Visite qui lui permettra de s\u2019impre\u0301gner de la situation des enfants vivant en territoire tchadien \u00bb, a ajoute\u0301 le ministe\u0300re.<\/p>\n<p>Il est a\u0300 noter que la vision du programme de coope\u0301ration entre l\u2019Unicef et le Tchad pour 2024-2026 s\u2019inspire du Plan-cadre de coope\u0301ration des Nations Unies pour le de\u0301veloppement durable (UNSDCF) 2024-2026. Cette vision consiste a\u0300 aider les enfants et les adolescents, filles et garc\u0327ons, en particulier les plus vulne\u0301rables et les plus exclus, a\u0300 exercer leurs droits et a\u0300 renforcer leurs compe\u0301tences gra\u0302ce a\u0300 des services inte\u0301gre\u0301s, re\u0301silients et de qualite\u0301, adapte\u0301s aux changements climatiques, qui leur permettront de grandir dans un environnement su\u0302r et propice a\u0300 leur de\u0301veloppement.<\/p>\n<p>En appui a\u0300 l\u2019application de la Politique nationale de protection de l\u2019enfant, adopte\u0301e en 2023 par le Gouvernement du Tchad, l\u2019UNICEF a souligne\u0301 qu\u2019elle renforcera le syste\u0300me de protection de l\u2019enfance et de justice afin que les enfants puissent vivre dans un environnement qui les prote\u0300ge de toute forme de violence, d\u2019exploitation ou de pratiques ne\u0301fastes, et leur donne acce\u0300s a\u0300 une prise en charge inte\u0301gre\u0301e et a\u0300 des services d\u2019enregistrement des naissances. Cela contribuera notamment a\u0300 pre\u0301venir le recrutement des enfants par les groupes et forces arme\u0301s.<\/p>\n<p><strong>Pour plus d&rsquo;informations et d&rsquo;analyses sur la <a href=\"https:\/\/www.africa-press.net\/tchad\">Tchad<\/a>, suivez <a href=\"https:\/\/www.africa-press.net\/\">Africa-Press<\/a><\/strong><\/p>\n","protected":false},"excerpt":{"rendered":"<p>Africa-Press &#8211; Tchad. Au Tchad, le ministre des Affaires E\u0301trange\u0300res, des Tchadiens de l\u2019E\u0301tranger et de la Coope\u0301ration Internationale, l\u2019Ambassadeur Mahamat Saleh Annadif \u00ab a rec\u0327u en audience ce vendredi, 27 octobre 2023, le Repre\u0301sentant Re\u0301sident du Fonds des Nations Unies pour l\u2019Enfance (UNICEF), M. Jack Bauer \u00bb, a annonce\u0301 le ministe\u0300re ce vendredi. \u00ab [&hellip;]<\/p>\n","protected":false},"author":82,"featured_media":53003,"comment_status":"open","ping_status":"closed","sticky":false,"template":"","format":"standard","meta":{"footnotes":""},"categories":[2,20,10],"tags":[37,292,29],"class_list":["post-53004","post","type-post","status-publish","format-standard","has-post-thumbnail","hentry","category-politique","category-top-nouvelles","category-toutes-les-actualites","tag-africa-press","tag-africa-press-tchad","tag-tchad"],"yoast_head":"<!-- This site is optimized with the Yoast SEO Premium plugin v26.1 (Yoast SEO v27.0) - https:\/\/yoast.com\/product\/yoast-seo-premium-wordpress\/ -->\n<title>Le repr\u00e9sentant de l\u2019Unicef re\u00e7u par le ministre des Affaires \u00e9trang\u00e8res - tchad<\/title>\n<meta name=\"description\" content=\"Au Tchad, le ministre des Affaires E\u0301trange\u0300res, des Tchadiens de l\u2019E\u0301tranger et de la Coope\u0301ration Internationale, l\u2019Am ...\" \/>\n<meta name=\"robots\" content=\"index, follow, max-snippet:-1, max-image-preview:large, max-video-preview:-1\" \/>\n<link rel=\"canonical\" href=\"https:\/\/www.africa-press.net\/tchad\/politique\/le-representant-de-lunicef-recu-par-le-ministre-des-affaires-etrangeres\" \/>\n<meta property=\"og:locale\" content=\"fr_FR\" \/>\n<meta property=\"og:type\" content=\"article\" \/>\n<meta property=\"og:title\" content=\"Le repr\u00e9sentant de l\u2019Unicef re\u00e7u par le ministre des Affaires \u00e9trang\u00e8res\" \/>\n<meta property=\"og:description\" content=\"Au Tchad, le ministre des Affaires E\u0301trange\u0300res, des Tchadiens de l\u2019E\u0301tranger et de la Coope\u0301ration Internationale, l\u2019Am ...\" \/>\n<meta property=\"og:url\" content=\"https:\/\/www.africa-press.net\/tchad\/politique\/le-representant-de-lunicef-recu-par-le-ministre-des-affaires-etrangeres\" \/>\n<meta property=\"og:site_name\" content=\"tchad\" \/>\n<meta property=\"article:published_time\" content=\"2023-10-27T16:55:35+00:00\" \/>\n<meta property=\"article:modified_time\" content=\"2023-10-27T17:47:24+00:00\" \/>\n<meta property=\"og:image\" content=\"https:\/\/static.africa-press.net\/tchad\/sites\/41\/2023\/10\/sm_1698416073.506221.jpg\" \/>\n\t<meta property=\"og:image:width\" content=\"1280\" \/>\n\t<meta property=\"og:image:height\" content=\"720\" \/>\n\t<meta property=\"og:image:type\" content=\"image\/jpeg\" \/>\n<meta name=\"author\" content=\"cfeditorfr\" \/>\n<meta name=\"twitter:card\" content=\"summary_large_image\" \/>\n<meta name=\"twitter:label1\" content=\"\u00c9crit par\" \/>\n\t<meta name=\"twitter:data1\" content=\"cfeditorfr\" \/>\n\t<meta name=\"twitter:label2\" content=\"Dur\u00e9e de lecture estim\u00e9e\" \/>\n\t<meta name=\"twitter:data2\" content=\"2 minutes\" \/>\n<script type=\"application\/ld+json\" class=\"yoast-schema-graph\">{\"@context\":\"https:\/\/schema.org\",\"@graph\":[{\"@type\":\"Article\",\"@id\":\"https:\/\/www.africa-press.net\/tchad\/politique\/le-representant-de-lunicef-recu-par-le-ministre-des-affaires-etrangeres#article\",\"isPartOf\":{\"@id\":\"https:\/\/www.africa-press.net\/tchad\/politique\/le-representant-de-lunicef-recu-par-le-ministre-des-affaires-etrangeres\"},\"author\":{\"name\":\"cfeditorfr\",\"@id\":\"https:\/\/www.africa-press.net\/tchad\/#\/schema\/person\/2b1cf3cd81a31e3cd26889ca66d677f1\"},\"headline\":\"Le repr\u00e9sentant de l\u2019Unicef re\u00e7u par le ministre des Affaires \u00e9trang\u00e8res\",\"datePublished\":\"2023-10-27T16:55:35+00:00\",\"dateModified\":\"2023-10-27T17:47:24+00:00\",\"mainEntityOfPage\":{\"@id\":\"https:\/\/www.africa-press.net\/tchad\/politique\/le-representant-de-lunicef-recu-par-le-ministre-des-affaires-etrangeres\"},\"wordCount\":388,\"commentCount\":0,\"image\":{\"@id\":\"https:\/\/www.africa-press.net\/tchad\/politique\/le-representant-de-lunicef-recu-par-le-ministre-des-affaires-etrangeres#primaryimage\"},\"thumbnailUrl\":\"https:\/\/static.africa-press.net\/tchad\/sites\/41\/2023\/10\/sm_1698416073.506221.jpg\",\"keywords\":[\"Africa Press\",\"Africa Press-Tchad\",\"Tchad\"],\"articleSection\":[\"Politique\",\"Top Nouvelles\",\"Toutes les actualit\u00e9s\"],\"inLanguage\":\"fr-FR\",\"potentialAction\":[{\"@type\":\"CommentAction\",\"name\":\"Comment\",\"target\":[\"https:\/\/www.africa-press.net\/tchad\/politique\/le-representant-de-lunicef-recu-par-le-ministre-des-affaires-etrangeres#respond\"]}]},{\"@type\":\"WebPage\",\"@id\":\"https:\/\/www.africa-press.net\/tchad\/politique\/le-representant-de-lunicef-recu-par-le-ministre-des-affaires-etrangeres\",\"url\":\"https:\/\/www.africa-press.net\/tchad\/politique\/le-representant-de-lunicef-recu-par-le-ministre-des-affaires-etrangeres\",\"name\":\"Le repr\u00e9sentant de l\u2019Unicef re\u00e7u par le ministre des Affaires \u00e9trang\u00e8res - tchad\",\"isPartOf\":{\"@id\":\"https:\/\/www.africa-press.net\/tchad\/#website\"},\"primaryImageOfPage\":{\"@id\":\"https:\/\/www.africa-press.net\/tchad\/politique\/le-representant-de-lunicef-recu-par-le-ministre-des-affaires-etrangeres#primaryimage\"},\"image\":{\"@id\":\"https:\/\/www.africa-press.net\/tchad\/politique\/le-representant-de-lunicef-recu-par-le-ministre-des-affaires-etrangeres#primaryimage\"},\"thumbnailUrl\":\"https:\/\/static.africa-press.net\/tchad\/sites\/41\/2023\/10\/sm_1698416073.506221.jpg\",\"datePublished\":\"2023-10-27T16:55:35+00:00\",\"dateModified\":\"2023-10-27T17:47:24+00:00\",\"author\":{\"@id\":\"https:\/\/www.africa-press.net\/tchad\/#\/schema\/person\/2b1cf3cd81a31e3cd26889ca66d677f1\"},\"description\":\"Au Tchad, le ministre des Affaires E\u0301trange\u0300res, des Tchadiens de l\u2019E\u0301tranger et de la Coope\u0301ration Internationale, l\u2019Am ...\",\"breadcrumb\":{\"@id\":\"https:\/\/www.africa-press.net\/tchad\/politique\/le-representant-de-lunicef-recu-par-le-ministre-des-affaires-etrangeres#breadcrumb\"},\"inLanguage\":\"fr-FR\",\"potentialAction\":[{\"@type\":\"ReadAction\",\"target\":[\"https:\/\/www.africa-press.net\/tchad\/politique\/le-representant-de-lunicef-recu-par-le-ministre-des-affaires-etrangeres\"]}]},{\"@type\":\"ImageObject\",\"inLanguage\":\"fr-FR\",\"@id\":\"https:\/\/www.africa-press.net\/tchad\/politique\/le-representant-de-lunicef-recu-par-le-ministre-des-affaires-etrangeres#primaryimage\",\"url\":\"https:\/\/static.africa-press.net\/tchad\/sites\/41\/2023\/10\/sm_1698416073.506221.jpg\",\"contentUrl\":\"https:\/\/static.africa-press.net\/tchad\/sites\/41\/2023\/10\/sm_1698416073.506221.jpg\",\"width\":1280,\"height\":720,\"caption\":\"Le repr\u00e9sentant de l\u2019Unicef re\u00e7u par le ministre des Affaires \u00e9trang\u00e8res\"},{\"@type\":\"BreadcrumbList\",\"@id\":\"https:\/\/www.africa-press.net\/tchad\/politique\/le-representant-de-lunicef-recu-par-le-ministre-des-affaires-etrangeres#breadcrumb\",\"itemListElement\":[{\"@type\":\"ListItem\",\"position\":1,\"name\":\"Accueil\",\"item\":\"https:\/\/www.africa-press.net\/tchad\/\"},{\"@type\":\"ListItem\",\"position\":2,\"name\":\"Le repr\u00e9sentant de l\u2019Unicef re\u00e7u par le ministre des Affaires \u00e9trang\u00e8res\"}]},{\"@type\":\"WebSite\",\"@id\":\"https:\/\/www.africa-press.net\/tchad\/#website\",\"url\":\"https:\/\/www.africa-press.net\/tchad\/\",\"name\":\"tchad\",\"description\":\"Just another Africa News Agency Sites site\",\"potentialAction\":[{\"@type\":\"SearchAction\",\"target\":{\"@type\":\"EntryPoint\",\"urlTemplate\":\"https:\/\/www.africa-press.net\/tchad\/?s={search_term_string}\"},\"query-input\":{\"@type\":\"PropertyValueSpecification\",\"valueRequired\":true,\"valueName\":\"search_term_string\"}}],\"inLanguage\":\"fr-FR\"},{\"@type\":\"Person\",\"@id\":\"https:\/\/www.africa-press.net\/tchad\/#\/schema\/person\/2b1cf3cd81a31e3cd26889ca66d677f1\",\"name\":\"cfeditorfr\"}]}<\/script>\n<!-- \/ Yoast SEO Premium plugin. -->","yoast_head_json":{"title":"Le repr\u00e9sentant de l\u2019Unicef re\u00e7u par le ministre des Affaires \u00e9trang\u00e8res - tchad","description":"Au Tchad, le ministre des Affaires E\u0301trange\u0300res, des Tchadiens de l\u2019E\u0301tranger et de la Coope\u0301ration Internationale, l\u2019Am ...","robots":{"index":"index","follow":"follow","max-snippet":"max-snippet:-1","max-image-preview":"max-image-preview:large","max-video-preview":"max-video-preview:-1"},"canonical":"https:\/\/www.africa-press.net\/tchad\/politique\/le-representant-de-lunicef-recu-par-le-ministre-des-affaires-etrangeres","og_locale":"fr_FR","og_type":"article","og_title":"Le repr\u00e9sentant de l\u2019Unicef re\u00e7u par le ministre des Affaires \u00e9trang\u00e8res","og_description":"Au Tchad, le ministre des Affaires E\u0301trange\u0300res, des Tchadiens de l\u2019E\u0301tranger et de la Coope\u0301ration Internationale, l\u2019Am ...","og_url":"https:\/\/www.africa-press.net\/tchad\/politique\/le-representant-de-lunicef-recu-par-le-ministre-des-affaires-etrangeres","og_site_name":"tchad","article_published_time":"2023-10-27T16:55:35+00:00","article_modified_time":"2023-10-27T17:47:24+00:00","og_image":[{"width":1280,"height":720,"url":"https:\/\/static.africa-press.net\/tchad\/sites\/41\/2023\/10\/sm_1698416073.506221.jpg","type":"image\/jpeg"}],"author":"cfeditorfr","twitter_card":"summary_large_image","twitter_misc":{"\u00c9crit par":"cfeditorfr","Dur\u00e9e de lecture estim\u00e9e":"2 minutes"},"schema":{"@context":"https:\/\/schema.org","@graph":[{"@type":"Article","@id":"https:\/\/www.africa-press.net\/tchad\/politique\/le-representant-de-lunicef-recu-par-le-ministre-des-affaires-etrangeres#article","isPartOf":{"@id":"https:\/\/www.africa-press.net\/tchad\/politique\/le-representant-de-lunicef-recu-par-le-ministre-des-affaires-etrangeres"},"author":{"name":"cfeditorfr","@id":"https:\/\/www.africa-press.net\/tchad\/#\/schema\/person\/2b1cf3cd81a31e3cd26889ca66d677f1"},"headline":"Le repr\u00e9sentant de l\u2019Unicef re\u00e7u par le ministre des Affaires \u00e9trang\u00e8res","datePublished":"2023-10-27T16:55:35+00:00","dateModified":"2023-10-27T17:47:24+00:00","mainEntityOfPage":{"@id":"https:\/\/www.africa-press.net\/tchad\/politique\/le-representant-de-lunicef-recu-par-le-ministre-des-affaires-etrangeres"},"wordCount":388,"commentCount":0,"image":{"@id":"https:\/\/www.africa-press.net\/tchad\/politique\/le-representant-de-lunicef-recu-par-le-ministre-des-affaires-etrangeres#primaryimage"},"thumbnailUrl":"https:\/\/static.africa-press.net\/tchad\/sites\/41\/2023\/10\/sm_1698416073.506221.jpg","keywords":["Africa Press","Africa Press-Tchad","Tchad"],"articleSection":["Politique","Top Nouvelles","Toutes les actualit\u00e9s"],"inLanguage":"fr-FR","potentialAction":[{"@type":"CommentAction","name":"Comment","target":["https:\/\/www.africa-press.net\/tchad\/politique\/le-representant-de-lunicef-recu-par-le-ministre-des-affaires-etrangeres#respond"]}]},{"@type":"WebPage","@id":"https:\/\/www.africa-press.net\/tchad\/politique\/le-representant-de-lunicef-recu-par-le-ministre-des-affaires-etrangeres","url":"https:\/\/www.africa-press.net\/tchad\/politique\/le-representant-de-lunicef-recu-par-le-ministre-des-affaires-etrangeres","name":"Le repr\u00e9sentant de l\u2019Unicef re\u00e7u par le ministre des Affaires \u00e9trang\u00e8res - tchad","isPartOf":{"@id":"https:\/\/www.africa-press.net\/tchad\/#website"},"primaryImageOfPage":{"@id":"https:\/\/www.africa-press.net\/tchad\/politique\/le-representant-de-lunicef-recu-par-le-ministre-des-affaires-etrangeres#primaryimage"},"image":{"@id":"https:\/\/www.africa-press.net\/tchad\/politique\/le-representant-de-lunicef-recu-par-le-ministre-des-affaires-etrangeres#primaryimage"},"thumbnailUrl":"https:\/\/static.africa-press.net\/tchad\/sites\/41\/2023\/10\/sm_1698416073.506221.jpg","datePublished":"2023-10-27T16:55:35+00:00","dateModified":"2023-10-27T17:47:24+00:00","author":{"@id":"https:\/\/www.africa-press.net\/tchad\/#\/schema\/person\/2b1cf3cd81a31e3cd26889ca66d677f1"},"description":"Au Tchad, le ministre des Affaires E\u0301trange\u0300res, des Tchadiens de l\u2019E\u0301tranger et de la Coope\u0301ration Internationale, l\u2019Am ...","breadcrumb":{"@id":"https:\/\/www.africa-press.net\/tchad\/politique\/le-representant-de-lunicef-recu-par-le-ministre-des-affaires-etrangeres#breadcrumb"},"inLanguage":"fr-FR","potentialAction":[{"@type":"ReadAction","target":["https:\/\/www.africa-press.net\/tchad\/politique\/le-representant-de-lunicef-recu-par-le-ministre-des-affaires-etrangeres"]}]},{"@type":"ImageObject","inLanguage":"fr-FR","@id":"https:\/\/www.africa-press.net\/tchad\/politique\/le-representant-de-lunicef-recu-par-le-ministre-des-affaires-etrangeres#primaryimage","url":"https:\/\/static.africa-press.net\/tchad\/sites\/41\/2023\/10\/sm_1698416073.506221.jpg","contentUrl":"https:\/\/static.africa-press.net\/tchad\/sites\/41\/2023\/10\/sm_1698416073.506221.jpg","width":1280,"height":720,"caption":"Le repr\u00e9sentant de l\u2019Unicef re\u00e7u par le ministre des Affaires \u00e9trang\u00e8res"},{"@type":"BreadcrumbList","@id":"https:\/\/www.africa-press.net\/tchad\/politique\/le-representant-de-lunicef-recu-par-le-ministre-des-affaires-etrangeres#breadcrumb","itemListElement":[{"@type":"ListItem","position":1,"name":"Accueil","item":"https:\/\/www.africa-press.net\/tchad\/"},{"@type":"ListItem","position":2,"name":"Le repr\u00e9sentant de l\u2019Unicef re\u00e7u par le ministre des Affaires \u00e9trang\u00e8res"}]},{"@type":"WebSite","@id":"https:\/\/www.africa-press.net\/tchad\/#website","url":"https:\/\/www.africa-press.net\/tchad\/","name":"tchad","description":"Just another Africa News Agency Sites site","potentialAction":[{"@type":"SearchAction","target":{"@type":"EntryPoint","urlTemplate":"https:\/\/www.africa-press.net\/tchad\/?s={search_term_string}"},"query-input":{"@type":"PropertyValueSpecification","valueRequired":true,"valueName":"search_term_string"}}],"inLanguage":"fr-FR"},{"@type":"Person","@id":"https:\/\/www.africa-press.net\/tchad\/#\/schema\/person\/2b1cf3cd81a31e3cd26889ca66d677f1","name":"cfeditorfr"}]}},"_links":{"self":[{"href":"https:\/\/www.africa-press.net\/tchad\/wp-json\/wp\/v2\/posts\/53004","targetHints":{"allow":["GET"]}}],"collection":[{"href":"https:\/\/www.africa-press.net\/tchad\/wp-json\/wp\/v2\/posts"}],"about":[{"href":"https:\/\/www.africa-press.net\/tchad\/wp-json\/wp\/v2\/types\/post"}],"author":[{"embeddable":true,"href":"https:\/\/www.africa-press.net\/tchad\/wp-json\/wp\/v2\/users\/82"}],"replies":[{"embeddable":true,"href":"https:\/\/www.africa-press.net\/tchad\/wp-json\/wp\/v2\/comments?post=53004"}],"version-history":[{"count":0,"href":"https:\/\/www.africa-press.net\/tchad\/wp-json\/wp\/v2\/posts\/53004\/revisions"}],"wp:featuredmedia":[{"embeddable":true,"href":"https:\/\/www.africa-press.net\/tchad\/wp-json\/wp\/v2\/media\/53003"}],"wp:attachment":[{"href":"https:\/\/www.africa-press.net\/tchad\/wp-json\/wp\/v2\/media?parent=53004"}],"wp:term":[{"taxonomy":"category","embeddable":true,"href":"https:\/\/www.africa-press.net\/tchad\/wp-json\/wp\/v2\/categories?post=53004"},{"taxonomy":"post_tag","embeddable":true,"href":"https:\/\/www.africa-press.net\/tchad\/wp-json\/wp\/v2\/tags?post=53004"}],"curies":[{"name":"wp","href":"https:\/\/api.w.org\/{rel}","templated":true}]}}