{"id":53013,"date":"2023-10-27T17:01:38","date_gmt":"2023-10-27T17:01:38","guid":{"rendered":"https:\/\/www.africa-press.net\/tchad\/politique\/la-rentree-universitaire-2023-2024-lancee-a-luniversite-de-sarh"},"modified":"2023-10-27T17:52:06","modified_gmt":"2023-10-27T17:52:06","slug":"la-rentree-universitaire-2023-2024-lancee-a-luniversite-de-sarh","status":"publish","type":"post","link":"https:\/\/www.africa-press.net\/tchad\/culture-et-art\/la-rentree-universitaire-2023-2024-lancee-a-luniversite-de-sarh","title":{"rendered":"la rentr\u00e9e universitaire 2023-2024 lanc\u00e9e \u00e0 l\u2019Universit\u00e9 de Sarh"},"content":{"rendered":"<p><span style=\"color: #ff6600\"><strong>Africa-Press &#8211; Tchad. <\/strong><\/span>Place\u0301e sous le the\u0300me \u00abUniversite\u0301 de Sarh : sa contribution au de\u0301veloppement local \u00bb, la ce\u0301re\u0301monie de ce lancement a\u0300 vu la pre\u0301sence de plusieurs personnalite\u0301s.<\/p>\n<p>\u200bLa pre\u0301sidente du comite\u0301 d\u2019organisation, docteur Goule\u0301 Koudji, par ailleurs, vice pre\u0301sidente de ladite universite\u0301, a indique\u0301 que le choix de ce the\u0300me n\u2019est pas fortuit et va permettre a\u0300 tout un chacun de mener des actions salvatrices en ce qui concerne le de\u0301veloppement socioe\u0301conomique de la province du Moyen-Chari.<\/p>\n<p>Le pre\u0301sident de l\u2019Universite\u0301 de Sarh, Professeur \u200bNgarkodje\u0301 Ngarasta, a pre\u0301cise\u0301 que les trois (03) vocations d\u2019une universite\u0301 sont les enseignements, la recherche et le service a\u0300 la communaute\u0301. Par la me\u0302me occasion, il a demande\u0301 a\u0300 ses e\u0301tudiants de beaucoup travailler et avec certitude de re\u0301ussir dans les e\u0301tudes et invite ses colle\u0300gues enseignants a\u0300 travailler avec synergie afin de maitriser le calendrier acade\u0301mique avant de citer les difficulte\u0301s que rencontre son institution qui sont entre autres : le manque d\u2019infrastructures d\u2019accueil de qualite\u0301, le surpeuplement de la population estudiantine, l\u2019insuffisance quantitative et qualitative du corps enseignant, un budget peu consistant et bien d\u2019autres.<\/p>\n<p>Dans sa lec\u0327on inaugurale, le Recteur de l\u2019acade\u0301mie du Sud-est, Professeur, Mbai\u0308lao Mbai\u0308guinam a salue\u0301 le choix de ce the\u0300me qui interpelle, les de\u0301cideurs, et plus particulie\u0300rement les enseignants chercheur qui doivent innover dans leurs recherches. Ceci pour le bien-e\u0302tre de la communaute\u0301<\/p>\n<p>Le gouverneur de la province du Moyen-Chari, Ousman Brahim Djouma, a souligne\u0301 que ce the\u0300me est un grand espoir pour les responsables de ladite universite\u0301, les enseignants chercheurs, les e\u0301tudiants et toute la population du Moyen-Chari. C\u2019est pourquoi, il a exhorte\u0301 les e\u0301tudiants de se mettre re\u0301solument au travail afin d\u2019e\u0302tre des acteurs de de\u0301veloppement de ce pays.<\/p>\n<p>\u200bIl faut noter qu\u2019au cours de cette ce\u0301re\u0301monie, neuf enseignants ont e\u0301te\u0301 distingue\u0301s par leur promotion dans les diffe\u0301rentes Listes d\u2019Aptitude au Conseil Africain Malgache et de l\u2019Enseignement Supe\u0301rieur. Il s\u2019agit de six enseignants comme Maitres de confe\u0301rence trois, comme Maitres assistants de confe\u0301rence.<\/p>\n<p><strong>Pour plus d&rsquo;informations et d&rsquo;analyses sur la <a href=\"https:\/\/www.africa-press.net\/tchad\">Tchad<\/a>, suivez <a href=\"https:\/\/www.africa-press.net\/\">Africa-Press<\/a><\/strong><\/p>\n","protected":false},"excerpt":{"rendered":"<p>Africa-Press &#8211; Tchad. Place\u0301e sous le the\u0300me \u00abUniversite\u0301 de Sarh : sa contribution au de\u0301veloppement local \u00bb, la ce\u0301re\u0301monie de ce lancement a\u0300 vu la pre\u0301sence de plusieurs personnalite\u0301s. \u200bLa pre\u0301sidente du comite\u0301 d\u2019organisation, docteur Goule\u0301 Koudji, par ailleurs, vice pre\u0301sidente de ladite universite\u0301, a indique\u0301 que le choix de ce the\u0300me n\u2019est pas fortuit [&hellip;]<\/p>\n","protected":false},"author":82,"featured_media":53012,"comment_status":"open","ping_status":"closed","sticky":false,"template":"","format":"standard","meta":{"footnotes":""},"categories":[5,10],"tags":[37,292,29],"class_list":["post-53013","post","type-post","status-publish","format-standard","has-post-thumbnail","hentry","category-culture-et-art","category-toutes-les-actualites","tag-africa-press","tag-africa-press-tchad","tag-tchad"],"yoast_head":"<!-- This site is optimized with the Yoast SEO Premium plugin v26.1 (Yoast SEO v27.0) - https:\/\/yoast.com\/product\/yoast-seo-premium-wordpress\/ -->\n<title>la rentr\u00e9e universitaire 2023-2024 lanc\u00e9e \u00e0 l\u2019Universit\u00e9 de Sarh - tchad<\/title>\n<meta name=\"description\" content=\"Place\u0301e sous le the\u0300me \u00abUniversite\u0301 de Sarh : sa contribution au de\u0301veloppement local \u00bb, la ce\u0301re\u0301monie de ce lancement ...\" \/>\n<meta name=\"robots\" content=\"index, follow, max-snippet:-1, max-image-preview:large, max-video-preview:-1\" \/>\n<link rel=\"canonical\" href=\"https:\/\/www.africa-press.net\/tchad\/culture-et-art\/la-rentree-universitaire-2023-2024-lancee-a-luniversite-de-sarh\" \/>\n<meta property=\"og:locale\" content=\"fr_FR\" \/>\n<meta property=\"og:type\" content=\"article\" \/>\n<meta property=\"og:title\" content=\"la rentr\u00e9e universitaire 2023-2024 lanc\u00e9e \u00e0 l\u2019Universit\u00e9 de Sarh\" \/>\n<meta property=\"og:description\" content=\"Place\u0301e sous le the\u0300me \u00abUniversite\u0301 de Sarh : sa contribution au de\u0301veloppement local \u00bb, la ce\u0301re\u0301monie de ce lancement ...\" \/>\n<meta property=\"og:url\" content=\"https:\/\/www.africa-press.net\/tchad\/culture-et-art\/la-rentree-universitaire-2023-2024-lancee-a-luniversite-de-sarh\" \/>\n<meta property=\"og:site_name\" content=\"tchad\" \/>\n<meta property=\"article:published_time\" content=\"2023-10-27T17:01:38+00:00\" \/>\n<meta property=\"article:modified_time\" content=\"2023-10-27T17:52:06+00:00\" \/>\n<meta property=\"og:image\" content=\"https:\/\/static.africa-press.net\/tchad\/sites\/41\/2023\/10\/sm_1698416384.000416.jpg\" \/>\n\t<meta property=\"og:image:width\" content=\"1024\" \/>\n\t<meta property=\"og:image:height\" content=\"461\" \/>\n\t<meta property=\"og:image:type\" content=\"image\/jpeg\" \/>\n<meta name=\"author\" content=\"cfeditorfr\" \/>\n<meta name=\"twitter:card\" content=\"summary_large_image\" \/>\n<meta name=\"twitter:label1\" content=\"\u00c9crit par\" \/>\n\t<meta name=\"twitter:data1\" content=\"cfeditorfr\" \/>\n\t<meta name=\"twitter:label2\" content=\"Dur\u00e9e de lecture estim\u00e9e\" \/>\n\t<meta name=\"twitter:data2\" content=\"2 minutes\" \/>\n<script type=\"application\/ld+json\" class=\"yoast-schema-graph\">{\"@context\":\"https:\/\/schema.org\",\"@graph\":[{\"@type\":\"Article\",\"@id\":\"https:\/\/www.africa-press.net\/tchad\/culture-et-art\/la-rentree-universitaire-2023-2024-lancee-a-luniversite-de-sarh#article\",\"isPartOf\":{\"@id\":\"https:\/\/www.africa-press.net\/tchad\/culture-et-art\/la-rentree-universitaire-2023-2024-lancee-a-luniversite-de-sarh\"},\"author\":{\"name\":\"cfeditorfr\",\"@id\":\"https:\/\/www.africa-press.net\/tchad\/#\/schema\/person\/2b1cf3cd81a31e3cd26889ca66d677f1\"},\"headline\":\"la rentr\u00e9e universitaire 2023-2024 lanc\u00e9e \u00e0 l\u2019Universit\u00e9 de Sarh\",\"datePublished\":\"2023-10-27T17:01:38+00:00\",\"dateModified\":\"2023-10-27T17:52:06+00:00\",\"mainEntityOfPage\":{\"@id\":\"https:\/\/www.africa-press.net\/tchad\/culture-et-art\/la-rentree-universitaire-2023-2024-lancee-a-luniversite-de-sarh\"},\"wordCount\":406,\"commentCount\":0,\"image\":{\"@id\":\"https:\/\/www.africa-press.net\/tchad\/culture-et-art\/la-rentree-universitaire-2023-2024-lancee-a-luniversite-de-sarh#primaryimage\"},\"thumbnailUrl\":\"https:\/\/static.africa-press.net\/tchad\/sites\/41\/2023\/10\/sm_1698416384.000416.jpg\",\"keywords\":[\"Africa Press\",\"Africa Press-Tchad\",\"Tchad\"],\"articleSection\":[\"Culture et Art\",\"Toutes les actualit\u00e9s\"],\"inLanguage\":\"fr-FR\",\"potentialAction\":[{\"@type\":\"CommentAction\",\"name\":\"Comment\",\"target\":[\"https:\/\/www.africa-press.net\/tchad\/culture-et-art\/la-rentree-universitaire-2023-2024-lancee-a-luniversite-de-sarh#respond\"]}]},{\"@type\":\"WebPage\",\"@id\":\"https:\/\/www.africa-press.net\/tchad\/culture-et-art\/la-rentree-universitaire-2023-2024-lancee-a-luniversite-de-sarh\",\"url\":\"https:\/\/www.africa-press.net\/tchad\/culture-et-art\/la-rentree-universitaire-2023-2024-lancee-a-luniversite-de-sarh\",\"name\":\"la rentr\u00e9e universitaire 2023-2024 lanc\u00e9e \u00e0 l\u2019Universit\u00e9 de Sarh - tchad\",\"isPartOf\":{\"@id\":\"https:\/\/www.africa-press.net\/tchad\/#website\"},\"primaryImageOfPage\":{\"@id\":\"https:\/\/www.africa-press.net\/tchad\/culture-et-art\/la-rentree-universitaire-2023-2024-lancee-a-luniversite-de-sarh#primaryimage\"},\"image\":{\"@id\":\"https:\/\/www.africa-press.net\/tchad\/culture-et-art\/la-rentree-universitaire-2023-2024-lancee-a-luniversite-de-sarh#primaryimage\"},\"thumbnailUrl\":\"https:\/\/static.africa-press.net\/tchad\/sites\/41\/2023\/10\/sm_1698416384.000416.jpg\",\"datePublished\":\"2023-10-27T17:01:38+00:00\",\"dateModified\":\"2023-10-27T17:52:06+00:00\",\"author\":{\"@id\":\"https:\/\/www.africa-press.net\/tchad\/#\/schema\/person\/2b1cf3cd81a31e3cd26889ca66d677f1\"},\"description\":\"Place\u0301e sous le the\u0300me \u00abUniversite\u0301 de Sarh : sa contribution au de\u0301veloppement local \u00bb, la ce\u0301re\u0301monie de ce lancement ...\",\"breadcrumb\":{\"@id\":\"https:\/\/www.africa-press.net\/tchad\/culture-et-art\/la-rentree-universitaire-2023-2024-lancee-a-luniversite-de-sarh#breadcrumb\"},\"inLanguage\":\"fr-FR\",\"potentialAction\":[{\"@type\":\"ReadAction\",\"target\":[\"https:\/\/www.africa-press.net\/tchad\/culture-et-art\/la-rentree-universitaire-2023-2024-lancee-a-luniversite-de-sarh\"]}]},{\"@type\":\"ImageObject\",\"inLanguage\":\"fr-FR\",\"@id\":\"https:\/\/www.africa-press.net\/tchad\/culture-et-art\/la-rentree-universitaire-2023-2024-lancee-a-luniversite-de-sarh#primaryimage\",\"url\":\"https:\/\/static.africa-press.net\/tchad\/sites\/41\/2023\/10\/sm_1698416384.000416.jpg\",\"contentUrl\":\"https:\/\/static.africa-press.net\/tchad\/sites\/41\/2023\/10\/sm_1698416384.000416.jpg\",\"width\":1024,\"height\":461,\"caption\":\"la rentr\u00e9e universitaire 2023-2024 lanc\u00e9e \u00e0 l\u2019Universit\u00e9 de Sarh\"},{\"@type\":\"BreadcrumbList\",\"@id\":\"https:\/\/www.africa-press.net\/tchad\/culture-et-art\/la-rentree-universitaire-2023-2024-lancee-a-luniversite-de-sarh#breadcrumb\",\"itemListElement\":[{\"@type\":\"ListItem\",\"position\":1,\"name\":\"Accueil\",\"item\":\"https:\/\/www.africa-press.net\/tchad\/\"},{\"@type\":\"ListItem\",\"position\":2,\"name\":\"la rentr\u00e9e universitaire 2023-2024 lanc\u00e9e \u00e0 l\u2019Universit\u00e9 de Sarh\"}]},{\"@type\":\"WebSite\",\"@id\":\"https:\/\/www.africa-press.net\/tchad\/#website\",\"url\":\"https:\/\/www.africa-press.net\/tchad\/\",\"name\":\"tchad\",\"description\":\"Just another Africa News Agency Sites site\",\"potentialAction\":[{\"@type\":\"SearchAction\",\"target\":{\"@type\":\"EntryPoint\",\"urlTemplate\":\"https:\/\/www.africa-press.net\/tchad\/?s={search_term_string}\"},\"query-input\":{\"@type\":\"PropertyValueSpecification\",\"valueRequired\":true,\"valueName\":\"search_term_string\"}}],\"inLanguage\":\"fr-FR\"},{\"@type\":\"Person\",\"@id\":\"https:\/\/www.africa-press.net\/tchad\/#\/schema\/person\/2b1cf3cd81a31e3cd26889ca66d677f1\",\"name\":\"cfeditorfr\"}]}<\/script>\n<!-- \/ Yoast SEO Premium plugin. -->","yoast_head_json":{"title":"la rentr\u00e9e universitaire 2023-2024 lanc\u00e9e \u00e0 l\u2019Universit\u00e9 de Sarh - tchad","description":"Place\u0301e sous le the\u0300me \u00abUniversite\u0301 de Sarh : sa contribution au de\u0301veloppement local \u00bb, la ce\u0301re\u0301monie de ce lancement ...","robots":{"index":"index","follow":"follow","max-snippet":"max-snippet:-1","max-image-preview":"max-image-preview:large","max-video-preview":"max-video-preview:-1"},"canonical":"https:\/\/www.africa-press.net\/tchad\/culture-et-art\/la-rentree-universitaire-2023-2024-lancee-a-luniversite-de-sarh","og_locale":"fr_FR","og_type":"article","og_title":"la rentr\u00e9e universitaire 2023-2024 lanc\u00e9e \u00e0 l\u2019Universit\u00e9 de Sarh","og_description":"Place\u0301e sous le the\u0300me \u00abUniversite\u0301 de Sarh : sa contribution au de\u0301veloppement local \u00bb, la ce\u0301re\u0301monie de ce lancement ...","og_url":"https:\/\/www.africa-press.net\/tchad\/culture-et-art\/la-rentree-universitaire-2023-2024-lancee-a-luniversite-de-sarh","og_site_name":"tchad","article_published_time":"2023-10-27T17:01:38+00:00","article_modified_time":"2023-10-27T17:52:06+00:00","og_image":[{"width":1024,"height":461,"url":"https:\/\/static.africa-press.net\/tchad\/sites\/41\/2023\/10\/sm_1698416384.000416.jpg","type":"image\/jpeg"}],"author":"cfeditorfr","twitter_card":"summary_large_image","twitter_misc":{"\u00c9crit par":"cfeditorfr","Dur\u00e9e de lecture estim\u00e9e":"2 minutes"},"schema":{"@context":"https:\/\/schema.org","@graph":[{"@type":"Article","@id":"https:\/\/www.africa-press.net\/tchad\/culture-et-art\/la-rentree-universitaire-2023-2024-lancee-a-luniversite-de-sarh#article","isPartOf":{"@id":"https:\/\/www.africa-press.net\/tchad\/culture-et-art\/la-rentree-universitaire-2023-2024-lancee-a-luniversite-de-sarh"},"author":{"name":"cfeditorfr","@id":"https:\/\/www.africa-press.net\/tchad\/#\/schema\/person\/2b1cf3cd81a31e3cd26889ca66d677f1"},"headline":"la rentr\u00e9e universitaire 2023-2024 lanc\u00e9e \u00e0 l\u2019Universit\u00e9 de Sarh","datePublished":"2023-10-27T17:01:38+00:00","dateModified":"2023-10-27T17:52:06+00:00","mainEntityOfPage":{"@id":"https:\/\/www.africa-press.net\/tchad\/culture-et-art\/la-rentree-universitaire-2023-2024-lancee-a-luniversite-de-sarh"},"wordCount":406,"commentCount":0,"image":{"@id":"https:\/\/www.africa-press.net\/tchad\/culture-et-art\/la-rentree-universitaire-2023-2024-lancee-a-luniversite-de-sarh#primaryimage"},"thumbnailUrl":"https:\/\/static.africa-press.net\/tchad\/sites\/41\/2023\/10\/sm_1698416384.000416.jpg","keywords":["Africa Press","Africa Press-Tchad","Tchad"],"articleSection":["Culture et Art","Toutes les actualit\u00e9s"],"inLanguage":"fr-FR","potentialAction":[{"@type":"CommentAction","name":"Comment","target":["https:\/\/www.africa-press.net\/tchad\/culture-et-art\/la-rentree-universitaire-2023-2024-lancee-a-luniversite-de-sarh#respond"]}]},{"@type":"WebPage","@id":"https:\/\/www.africa-press.net\/tchad\/culture-et-art\/la-rentree-universitaire-2023-2024-lancee-a-luniversite-de-sarh","url":"https:\/\/www.africa-press.net\/tchad\/culture-et-art\/la-rentree-universitaire-2023-2024-lancee-a-luniversite-de-sarh","name":"la rentr\u00e9e universitaire 2023-2024 lanc\u00e9e \u00e0 l\u2019Universit\u00e9 de Sarh - tchad","isPartOf":{"@id":"https:\/\/www.africa-press.net\/tchad\/#website"},"primaryImageOfPage":{"@id":"https:\/\/www.africa-press.net\/tchad\/culture-et-art\/la-rentree-universitaire-2023-2024-lancee-a-luniversite-de-sarh#primaryimage"},"image":{"@id":"https:\/\/www.africa-press.net\/tchad\/culture-et-art\/la-rentree-universitaire-2023-2024-lancee-a-luniversite-de-sarh#primaryimage"},"thumbnailUrl":"https:\/\/static.africa-press.net\/tchad\/sites\/41\/2023\/10\/sm_1698416384.000416.jpg","datePublished":"2023-10-27T17:01:38+00:00","dateModified":"2023-10-27T17:52:06+00:00","author":{"@id":"https:\/\/www.africa-press.net\/tchad\/#\/schema\/person\/2b1cf3cd81a31e3cd26889ca66d677f1"},"description":"Place\u0301e sous le the\u0300me \u00abUniversite\u0301 de Sarh : sa contribution au de\u0301veloppement local \u00bb, la ce\u0301re\u0301monie de ce lancement ...","breadcrumb":{"@id":"https:\/\/www.africa-press.net\/tchad\/culture-et-art\/la-rentree-universitaire-2023-2024-lancee-a-luniversite-de-sarh#breadcrumb"},"inLanguage":"fr-FR","potentialAction":[{"@type":"ReadAction","target":["https:\/\/www.africa-press.net\/tchad\/culture-et-art\/la-rentree-universitaire-2023-2024-lancee-a-luniversite-de-sarh"]}]},{"@type":"ImageObject","inLanguage":"fr-FR","@id":"https:\/\/www.africa-press.net\/tchad\/culture-et-art\/la-rentree-universitaire-2023-2024-lancee-a-luniversite-de-sarh#primaryimage","url":"https:\/\/static.africa-press.net\/tchad\/sites\/41\/2023\/10\/sm_1698416384.000416.jpg","contentUrl":"https:\/\/static.africa-press.net\/tchad\/sites\/41\/2023\/10\/sm_1698416384.000416.jpg","width":1024,"height":461,"caption":"la rentr\u00e9e universitaire 2023-2024 lanc\u00e9e \u00e0 l\u2019Universit\u00e9 de Sarh"},{"@type":"BreadcrumbList","@id":"https:\/\/www.africa-press.net\/tchad\/culture-et-art\/la-rentree-universitaire-2023-2024-lancee-a-luniversite-de-sarh#breadcrumb","itemListElement":[{"@type":"ListItem","position":1,"name":"Accueil","item":"https:\/\/www.africa-press.net\/tchad\/"},{"@type":"ListItem","position":2,"name":"la rentr\u00e9e universitaire 2023-2024 lanc\u00e9e \u00e0 l\u2019Universit\u00e9 de Sarh"}]},{"@type":"WebSite","@id":"https:\/\/www.africa-press.net\/tchad\/#website","url":"https:\/\/www.africa-press.net\/tchad\/","name":"tchad","description":"Just another Africa News Agency Sites site","potentialAction":[{"@type":"SearchAction","target":{"@type":"EntryPoint","urlTemplate":"https:\/\/www.africa-press.net\/tchad\/?s={search_term_string}"},"query-input":{"@type":"PropertyValueSpecification","valueRequired":true,"valueName":"search_term_string"}}],"inLanguage":"fr-FR"},{"@type":"Person","@id":"https:\/\/www.africa-press.net\/tchad\/#\/schema\/person\/2b1cf3cd81a31e3cd26889ca66d677f1","name":"cfeditorfr"}]}},"_links":{"self":[{"href":"https:\/\/www.africa-press.net\/tchad\/wp-json\/wp\/v2\/posts\/53013","targetHints":{"allow":["GET"]}}],"collection":[{"href":"https:\/\/www.africa-press.net\/tchad\/wp-json\/wp\/v2\/posts"}],"about":[{"href":"https:\/\/www.africa-press.net\/tchad\/wp-json\/wp\/v2\/types\/post"}],"author":[{"embeddable":true,"href":"https:\/\/www.africa-press.net\/tchad\/wp-json\/wp\/v2\/users\/82"}],"replies":[{"embeddable":true,"href":"https:\/\/www.africa-press.net\/tchad\/wp-json\/wp\/v2\/comments?post=53013"}],"version-history":[{"count":0,"href":"https:\/\/www.africa-press.net\/tchad\/wp-json\/wp\/v2\/posts\/53013\/revisions"}],"wp:featuredmedia":[{"embeddable":true,"href":"https:\/\/www.africa-press.net\/tchad\/wp-json\/wp\/v2\/media\/53012"}],"wp:attachment":[{"href":"https:\/\/www.africa-press.net\/tchad\/wp-json\/wp\/v2\/media?parent=53013"}],"wp:term":[{"taxonomy":"category","embeddable":true,"href":"https:\/\/www.africa-press.net\/tchad\/wp-json\/wp\/v2\/categories?post=53013"},{"taxonomy":"post_tag","embeddable":true,"href":"https:\/\/www.africa-press.net\/tchad\/wp-json\/wp\/v2\/tags?post=53013"}],"curies":[{"name":"wp","href":"https:\/\/api.w.org\/{rel}","templated":true}]}}