{"id":53015,"date":"2023-10-27T17:01:48","date_gmt":"2023-10-27T17:01:48","guid":{"rendered":"https:\/\/www.africa-press.net\/tchad\/politique\/la-7eme-edition-du-mois-du-livre-et-de-la-lecture-prevue-du-2-au-30-novembre"},"modified":"2023-10-27T17:53:10","modified_gmt":"2023-10-27T17:53:10","slug":"la-7eme-edition-du-mois-du-livre-et-de-la-lecture-prevue-du-2-au-30-novembre","status":"publish","type":"post","link":"https:\/\/www.africa-press.net\/tchad\/culture-et-art\/la-7eme-edition-du-mois-du-livre-et-de-la-lecture-prevue-du-2-au-30-novembre","title":{"rendered":"la 7\u00e8me \u00e9dition du mois du livre et de la lecture pr\u00e9vue du 2 au 30 novembre"},"content":{"rendered":"<p><span style=\"color: #ff6600\"><strong>Africa-Press &#8211; Tchad. <\/strong><\/span>Cette e\u0301dition de 2023 est centre\u0301e sur le the\u0300me \u00ab\u00a0Le livre, symbole du rapprochement humain\u00a0\u00bb. Le ministre a explique\u0301 que ce the\u0300me met en lumie\u0300re le lien incontestable que les livres et la lecture cre\u0301ent entre les individus. Il a souligne\u0301 que les livres, qu&rsquo;ils soient en format papier ou e\u0301lectronique, transportent les lecteurs vers de nouveaux horizons, leur permettant de de\u0301couvrir des cultures e\u0301trange\u0300res et des communaute\u0301s inconnues.<\/p>\n<p>Le ministre a affirme\u0301 que, en cette pe\u0301riode cruciale de l&rsquo;histoire du Tchad, le livre et la lecture sont des e\u0301le\u0301ments importants pour rappeler a\u0300 tous les Tchadiens les ide\u0301aux fondateurs de la Re\u0301publique, notamment \u00ab\u00a0Unite\u0301, Travail et Progre\u0300s\u00a0\u00bb.<\/p>\n<p>Pour l&rsquo;e\u0301dition 2023, le ministre a annonce\u0301 des innovations, ainsi que de nombreuses activite\u0301s diverses, notamment des lectures publiques, des confe\u0301rences et divers prix. Cette e\u0301dition vise directement les amateurs de lecture, les e\u0301le\u0300ves, les e\u0301tudiants et les personnes vivant avec un handicap physique, sous la direction de l&rsquo;invite\u0301 d&rsquo;honneur, le compatriote Dr. Ouaga-Balle\u0301 Dana, e\u0301crivain et enseignant re\u0301sidant au Gabon.<\/p>\n<p>Le ministre a encourage\u0301 les Tchadiennes et les Tchadiens, en particulier les jeunes, a\u0300 s&rsquo;impliquer massivement dans ce mois de\u0301die\u0301 au livre et a\u0300 la lecture afin de favoriser le rapprochement humain.<\/p>\n<p><strong>Pour plus d&rsquo;informations et d&rsquo;analyses sur la <a href=\"https:\/\/www.africa-press.net\/tchad\">Tchad<\/a>, suivez <a href=\"https:\/\/www.africa-press.net\/\">Africa-Press<\/a><\/strong><\/p>\n","protected":false},"excerpt":{"rendered":"<p>Africa-Press &#8211; Tchad. Cette e\u0301dition de 2023 est centre\u0301e sur le the\u0300me \u00ab\u00a0Le livre, symbole du rapprochement humain\u00a0\u00bb. Le ministre a explique\u0301 que ce the\u0300me met en lumie\u0300re le lien incontestable que les livres et la lecture cre\u0301ent entre les individus. Il a souligne\u0301 que les livres, qu&rsquo;ils soient en format papier ou e\u0301lectronique, transportent [&hellip;]<\/p>\n","protected":false},"author":82,"featured_media":53014,"comment_status":"open","ping_status":"closed","sticky":false,"template":"","format":"standard","meta":{"footnotes":""},"categories":[5,10],"tags":[37,292,29],"class_list":["post-53015","post","type-post","status-publish","format-standard","has-post-thumbnail","hentry","category-culture-et-art","category-toutes-les-actualites","tag-africa-press","tag-africa-press-tchad","tag-tchad"],"yoast_head":"<!-- This site is optimized with the Yoast SEO Premium plugin v26.1 (Yoast SEO v27.0) - https:\/\/yoast.com\/product\/yoast-seo-premium-wordpress\/ -->\n<title>la 7\u00e8me \u00e9dition du mois du livre et de la lecture pr\u00e9vue du 2 au 30 novembre - tchad<\/title>\n<meta name=\"description\" content=\"Cette e\u0301dition de 2023 est centre\u0301e sur le the\u0300me &quot;Le livre, symbole du rapprochement humain&quot;. Le ministre a explique\u0301 q ...\" \/>\n<meta name=\"robots\" content=\"index, follow, max-snippet:-1, max-image-preview:large, max-video-preview:-1\" \/>\n<link rel=\"canonical\" href=\"https:\/\/www.africa-press.net\/tchad\/culture-et-art\/la-7eme-edition-du-mois-du-livre-et-de-la-lecture-prevue-du-2-au-30-novembre\" \/>\n<meta property=\"og:locale\" content=\"fr_FR\" \/>\n<meta property=\"og:type\" content=\"article\" \/>\n<meta property=\"og:title\" content=\"la 7\u00e8me \u00e9dition du mois du livre et de la lecture pr\u00e9vue du 2 au 30 novembre\" \/>\n<meta property=\"og:description\" content=\"Cette e\u0301dition de 2023 est centre\u0301e sur le the\u0300me &quot;Le livre, symbole du rapprochement humain&quot;. Le ministre a explique\u0301 q ...\" \/>\n<meta property=\"og:url\" content=\"https:\/\/www.africa-press.net\/tchad\/culture-et-art\/la-7eme-edition-du-mois-du-livre-et-de-la-lecture-prevue-du-2-au-30-novembre\" \/>\n<meta property=\"og:site_name\" content=\"tchad\" \/>\n<meta property=\"article:published_time\" content=\"2023-10-27T17:01:48+00:00\" \/>\n<meta property=\"article:modified_time\" content=\"2023-10-27T17:53:10+00:00\" \/>\n<meta property=\"og:image\" content=\"https:\/\/static.africa-press.net\/tchad\/sites\/41\/2023\/10\/sm_1698416413.010359.jpg\" \/>\n\t<meta property=\"og:image:width\" content=\"720\" \/>\n\t<meta property=\"og:image:height\" content=\"480\" \/>\n\t<meta property=\"og:image:type\" content=\"image\/jpeg\" \/>\n<meta name=\"author\" content=\"cfeditorfr\" \/>\n<meta name=\"twitter:card\" content=\"summary_large_image\" \/>\n<meta name=\"twitter:label1\" content=\"\u00c9crit par\" \/>\n\t<meta name=\"twitter:data1\" content=\"cfeditorfr\" \/>\n\t<meta name=\"twitter:label2\" content=\"Dur\u00e9e de lecture estim\u00e9e\" \/>\n\t<meta name=\"twitter:data2\" content=\"2 minutes\" \/>\n<script type=\"application\/ld+json\" class=\"yoast-schema-graph\">{\"@context\":\"https:\/\/schema.org\",\"@graph\":[{\"@type\":\"Article\",\"@id\":\"https:\/\/www.africa-press.net\/tchad\/culture-et-art\/la-7eme-edition-du-mois-du-livre-et-de-la-lecture-prevue-du-2-au-30-novembre#article\",\"isPartOf\":{\"@id\":\"https:\/\/www.africa-press.net\/tchad\/culture-et-art\/la-7eme-edition-du-mois-du-livre-et-de-la-lecture-prevue-du-2-au-30-novembre\"},\"author\":{\"name\":\"cfeditorfr\",\"@id\":\"https:\/\/www.africa-press.net\/tchad\/#\/schema\/person\/2b1cf3cd81a31e3cd26889ca66d677f1\"},\"headline\":\"la 7\u00e8me \u00e9dition du mois du livre et de la lecture pr\u00e9vue du 2 au 30 novembre\",\"datePublished\":\"2023-10-27T17:01:48+00:00\",\"dateModified\":\"2023-10-27T17:53:10+00:00\",\"mainEntityOfPage\":{\"@id\":\"https:\/\/www.africa-press.net\/tchad\/culture-et-art\/la-7eme-edition-du-mois-du-livre-et-de-la-lecture-prevue-du-2-au-30-novembre\"},\"wordCount\":263,\"commentCount\":0,\"image\":{\"@id\":\"https:\/\/www.africa-press.net\/tchad\/culture-et-art\/la-7eme-edition-du-mois-du-livre-et-de-la-lecture-prevue-du-2-au-30-novembre#primaryimage\"},\"thumbnailUrl\":\"https:\/\/static.africa-press.net\/tchad\/sites\/41\/2023\/10\/sm_1698416413.010359.jpg\",\"keywords\":[\"Africa Press\",\"Africa Press-Tchad\",\"Tchad\"],\"articleSection\":[\"Culture et Art\",\"Toutes les actualit\u00e9s\"],\"inLanguage\":\"fr-FR\",\"potentialAction\":[{\"@type\":\"CommentAction\",\"name\":\"Comment\",\"target\":[\"https:\/\/www.africa-press.net\/tchad\/culture-et-art\/la-7eme-edition-du-mois-du-livre-et-de-la-lecture-prevue-du-2-au-30-novembre#respond\"]}]},{\"@type\":\"WebPage\",\"@id\":\"https:\/\/www.africa-press.net\/tchad\/culture-et-art\/la-7eme-edition-du-mois-du-livre-et-de-la-lecture-prevue-du-2-au-30-novembre\",\"url\":\"https:\/\/www.africa-press.net\/tchad\/culture-et-art\/la-7eme-edition-du-mois-du-livre-et-de-la-lecture-prevue-du-2-au-30-novembre\",\"name\":\"la 7\u00e8me \u00e9dition du mois du livre et de la lecture pr\u00e9vue du 2 au 30 novembre - tchad\",\"isPartOf\":{\"@id\":\"https:\/\/www.africa-press.net\/tchad\/#website\"},\"primaryImageOfPage\":{\"@id\":\"https:\/\/www.africa-press.net\/tchad\/culture-et-art\/la-7eme-edition-du-mois-du-livre-et-de-la-lecture-prevue-du-2-au-30-novembre#primaryimage\"},\"image\":{\"@id\":\"https:\/\/www.africa-press.net\/tchad\/culture-et-art\/la-7eme-edition-du-mois-du-livre-et-de-la-lecture-prevue-du-2-au-30-novembre#primaryimage\"},\"thumbnailUrl\":\"https:\/\/static.africa-press.net\/tchad\/sites\/41\/2023\/10\/sm_1698416413.010359.jpg\",\"datePublished\":\"2023-10-27T17:01:48+00:00\",\"dateModified\":\"2023-10-27T17:53:10+00:00\",\"author\":{\"@id\":\"https:\/\/www.africa-press.net\/tchad\/#\/schema\/person\/2b1cf3cd81a31e3cd26889ca66d677f1\"},\"description\":\"Cette e\u0301dition de 2023 est centre\u0301e sur le the\u0300me \\\"Le livre, symbole du rapprochement humain\\\". Le ministre a explique\u0301 q ...\",\"breadcrumb\":{\"@id\":\"https:\/\/www.africa-press.net\/tchad\/culture-et-art\/la-7eme-edition-du-mois-du-livre-et-de-la-lecture-prevue-du-2-au-30-novembre#breadcrumb\"},\"inLanguage\":\"fr-FR\",\"potentialAction\":[{\"@type\":\"ReadAction\",\"target\":[\"https:\/\/www.africa-press.net\/tchad\/culture-et-art\/la-7eme-edition-du-mois-du-livre-et-de-la-lecture-prevue-du-2-au-30-novembre\"]}]},{\"@type\":\"ImageObject\",\"inLanguage\":\"fr-FR\",\"@id\":\"https:\/\/www.africa-press.net\/tchad\/culture-et-art\/la-7eme-edition-du-mois-du-livre-et-de-la-lecture-prevue-du-2-au-30-novembre#primaryimage\",\"url\":\"https:\/\/static.africa-press.net\/tchad\/sites\/41\/2023\/10\/sm_1698416413.010359.jpg\",\"contentUrl\":\"https:\/\/static.africa-press.net\/tchad\/sites\/41\/2023\/10\/sm_1698416413.010359.jpg\",\"width\":720,\"height\":480,\"caption\":\"la 7\u00e8me \u00e9dition du mois du livre et de la lecture pr\u00e9vue du 2 au 30 novembre\"},{\"@type\":\"BreadcrumbList\",\"@id\":\"https:\/\/www.africa-press.net\/tchad\/culture-et-art\/la-7eme-edition-du-mois-du-livre-et-de-la-lecture-prevue-du-2-au-30-novembre#breadcrumb\",\"itemListElement\":[{\"@type\":\"ListItem\",\"position\":1,\"name\":\"Accueil\",\"item\":\"https:\/\/www.africa-press.net\/tchad\/\"},{\"@type\":\"ListItem\",\"position\":2,\"name\":\"la 7\u00e8me \u00e9dition du mois du livre et de la lecture pr\u00e9vue du 2 au 30 novembre\"}]},{\"@type\":\"WebSite\",\"@id\":\"https:\/\/www.africa-press.net\/tchad\/#website\",\"url\":\"https:\/\/www.africa-press.net\/tchad\/\",\"name\":\"tchad\",\"description\":\"Just another Africa News Agency Sites site\",\"potentialAction\":[{\"@type\":\"SearchAction\",\"target\":{\"@type\":\"EntryPoint\",\"urlTemplate\":\"https:\/\/www.africa-press.net\/tchad\/?s={search_term_string}\"},\"query-input\":{\"@type\":\"PropertyValueSpecification\",\"valueRequired\":true,\"valueName\":\"search_term_string\"}}],\"inLanguage\":\"fr-FR\"},{\"@type\":\"Person\",\"@id\":\"https:\/\/www.africa-press.net\/tchad\/#\/schema\/person\/2b1cf3cd81a31e3cd26889ca66d677f1\",\"name\":\"cfeditorfr\"}]}<\/script>\n<!-- \/ Yoast SEO Premium plugin. -->","yoast_head_json":{"title":"la 7\u00e8me \u00e9dition du mois du livre et de la lecture pr\u00e9vue du 2 au 30 novembre - tchad","description":"Cette e\u0301dition de 2023 est centre\u0301e sur le the\u0300me \"Le livre, symbole du rapprochement humain\". Le ministre a explique\u0301 q ...","robots":{"index":"index","follow":"follow","max-snippet":"max-snippet:-1","max-image-preview":"max-image-preview:large","max-video-preview":"max-video-preview:-1"},"canonical":"https:\/\/www.africa-press.net\/tchad\/culture-et-art\/la-7eme-edition-du-mois-du-livre-et-de-la-lecture-prevue-du-2-au-30-novembre","og_locale":"fr_FR","og_type":"article","og_title":"la 7\u00e8me \u00e9dition du mois du livre et de la lecture pr\u00e9vue du 2 au 30 novembre","og_description":"Cette e\u0301dition de 2023 est centre\u0301e sur le the\u0300me \"Le livre, symbole du rapprochement humain\". Le ministre a explique\u0301 q ...","og_url":"https:\/\/www.africa-press.net\/tchad\/culture-et-art\/la-7eme-edition-du-mois-du-livre-et-de-la-lecture-prevue-du-2-au-30-novembre","og_site_name":"tchad","article_published_time":"2023-10-27T17:01:48+00:00","article_modified_time":"2023-10-27T17:53:10+00:00","og_image":[{"width":720,"height":480,"url":"https:\/\/static.africa-press.net\/tchad\/sites\/41\/2023\/10\/sm_1698416413.010359.jpg","type":"image\/jpeg"}],"author":"cfeditorfr","twitter_card":"summary_large_image","twitter_misc":{"\u00c9crit par":"cfeditorfr","Dur\u00e9e de lecture estim\u00e9e":"2 minutes"},"schema":{"@context":"https:\/\/schema.org","@graph":[{"@type":"Article","@id":"https:\/\/www.africa-press.net\/tchad\/culture-et-art\/la-7eme-edition-du-mois-du-livre-et-de-la-lecture-prevue-du-2-au-30-novembre#article","isPartOf":{"@id":"https:\/\/www.africa-press.net\/tchad\/culture-et-art\/la-7eme-edition-du-mois-du-livre-et-de-la-lecture-prevue-du-2-au-30-novembre"},"author":{"name":"cfeditorfr","@id":"https:\/\/www.africa-press.net\/tchad\/#\/schema\/person\/2b1cf3cd81a31e3cd26889ca66d677f1"},"headline":"la 7\u00e8me \u00e9dition du mois du livre et de la lecture pr\u00e9vue du 2 au 30 novembre","datePublished":"2023-10-27T17:01:48+00:00","dateModified":"2023-10-27T17:53:10+00:00","mainEntityOfPage":{"@id":"https:\/\/www.africa-press.net\/tchad\/culture-et-art\/la-7eme-edition-du-mois-du-livre-et-de-la-lecture-prevue-du-2-au-30-novembre"},"wordCount":263,"commentCount":0,"image":{"@id":"https:\/\/www.africa-press.net\/tchad\/culture-et-art\/la-7eme-edition-du-mois-du-livre-et-de-la-lecture-prevue-du-2-au-30-novembre#primaryimage"},"thumbnailUrl":"https:\/\/static.africa-press.net\/tchad\/sites\/41\/2023\/10\/sm_1698416413.010359.jpg","keywords":["Africa Press","Africa Press-Tchad","Tchad"],"articleSection":["Culture et Art","Toutes les actualit\u00e9s"],"inLanguage":"fr-FR","potentialAction":[{"@type":"CommentAction","name":"Comment","target":["https:\/\/www.africa-press.net\/tchad\/culture-et-art\/la-7eme-edition-du-mois-du-livre-et-de-la-lecture-prevue-du-2-au-30-novembre#respond"]}]},{"@type":"WebPage","@id":"https:\/\/www.africa-press.net\/tchad\/culture-et-art\/la-7eme-edition-du-mois-du-livre-et-de-la-lecture-prevue-du-2-au-30-novembre","url":"https:\/\/www.africa-press.net\/tchad\/culture-et-art\/la-7eme-edition-du-mois-du-livre-et-de-la-lecture-prevue-du-2-au-30-novembre","name":"la 7\u00e8me \u00e9dition du mois du livre et de la lecture pr\u00e9vue du 2 au 30 novembre - tchad","isPartOf":{"@id":"https:\/\/www.africa-press.net\/tchad\/#website"},"primaryImageOfPage":{"@id":"https:\/\/www.africa-press.net\/tchad\/culture-et-art\/la-7eme-edition-du-mois-du-livre-et-de-la-lecture-prevue-du-2-au-30-novembre#primaryimage"},"image":{"@id":"https:\/\/www.africa-press.net\/tchad\/culture-et-art\/la-7eme-edition-du-mois-du-livre-et-de-la-lecture-prevue-du-2-au-30-novembre#primaryimage"},"thumbnailUrl":"https:\/\/static.africa-press.net\/tchad\/sites\/41\/2023\/10\/sm_1698416413.010359.jpg","datePublished":"2023-10-27T17:01:48+00:00","dateModified":"2023-10-27T17:53:10+00:00","author":{"@id":"https:\/\/www.africa-press.net\/tchad\/#\/schema\/person\/2b1cf3cd81a31e3cd26889ca66d677f1"},"description":"Cette e\u0301dition de 2023 est centre\u0301e sur le the\u0300me \"Le livre, symbole du rapprochement humain\". Le ministre a explique\u0301 q ...","breadcrumb":{"@id":"https:\/\/www.africa-press.net\/tchad\/culture-et-art\/la-7eme-edition-du-mois-du-livre-et-de-la-lecture-prevue-du-2-au-30-novembre#breadcrumb"},"inLanguage":"fr-FR","potentialAction":[{"@type":"ReadAction","target":["https:\/\/www.africa-press.net\/tchad\/culture-et-art\/la-7eme-edition-du-mois-du-livre-et-de-la-lecture-prevue-du-2-au-30-novembre"]}]},{"@type":"ImageObject","inLanguage":"fr-FR","@id":"https:\/\/www.africa-press.net\/tchad\/culture-et-art\/la-7eme-edition-du-mois-du-livre-et-de-la-lecture-prevue-du-2-au-30-novembre#primaryimage","url":"https:\/\/static.africa-press.net\/tchad\/sites\/41\/2023\/10\/sm_1698416413.010359.jpg","contentUrl":"https:\/\/static.africa-press.net\/tchad\/sites\/41\/2023\/10\/sm_1698416413.010359.jpg","width":720,"height":480,"caption":"la 7\u00e8me \u00e9dition du mois du livre et de la lecture pr\u00e9vue du 2 au 30 novembre"},{"@type":"BreadcrumbList","@id":"https:\/\/www.africa-press.net\/tchad\/culture-et-art\/la-7eme-edition-du-mois-du-livre-et-de-la-lecture-prevue-du-2-au-30-novembre#breadcrumb","itemListElement":[{"@type":"ListItem","position":1,"name":"Accueil","item":"https:\/\/www.africa-press.net\/tchad\/"},{"@type":"ListItem","position":2,"name":"la 7\u00e8me \u00e9dition du mois du livre et de la lecture pr\u00e9vue du 2 au 30 novembre"}]},{"@type":"WebSite","@id":"https:\/\/www.africa-press.net\/tchad\/#website","url":"https:\/\/www.africa-press.net\/tchad\/","name":"tchad","description":"Just another Africa News Agency Sites site","potentialAction":[{"@type":"SearchAction","target":{"@type":"EntryPoint","urlTemplate":"https:\/\/www.africa-press.net\/tchad\/?s={search_term_string}"},"query-input":{"@type":"PropertyValueSpecification","valueRequired":true,"valueName":"search_term_string"}}],"inLanguage":"fr-FR"},{"@type":"Person","@id":"https:\/\/www.africa-press.net\/tchad\/#\/schema\/person\/2b1cf3cd81a31e3cd26889ca66d677f1","name":"cfeditorfr"}]}},"_links":{"self":[{"href":"https:\/\/www.africa-press.net\/tchad\/wp-json\/wp\/v2\/posts\/53015","targetHints":{"allow":["GET"]}}],"collection":[{"href":"https:\/\/www.africa-press.net\/tchad\/wp-json\/wp\/v2\/posts"}],"about":[{"href":"https:\/\/www.africa-press.net\/tchad\/wp-json\/wp\/v2\/types\/post"}],"author":[{"embeddable":true,"href":"https:\/\/www.africa-press.net\/tchad\/wp-json\/wp\/v2\/users\/82"}],"replies":[{"embeddable":true,"href":"https:\/\/www.africa-press.net\/tchad\/wp-json\/wp\/v2\/comments?post=53015"}],"version-history":[{"count":0,"href":"https:\/\/www.africa-press.net\/tchad\/wp-json\/wp\/v2\/posts\/53015\/revisions"}],"wp:featuredmedia":[{"embeddable":true,"href":"https:\/\/www.africa-press.net\/tchad\/wp-json\/wp\/v2\/media\/53014"}],"wp:attachment":[{"href":"https:\/\/www.africa-press.net\/tchad\/wp-json\/wp\/v2\/media?parent=53015"}],"wp:term":[{"taxonomy":"category","embeddable":true,"href":"https:\/\/www.africa-press.net\/tchad\/wp-json\/wp\/v2\/categories?post=53015"},{"taxonomy":"post_tag","embeddable":true,"href":"https:\/\/www.africa-press.net\/tchad\/wp-json\/wp\/v2\/tags?post=53015"}],"curies":[{"name":"wp","href":"https:\/\/api.w.org\/{rel}","templated":true}]}}