{"id":53018,"date":"2023-10-27T17:02:16","date_gmt":"2023-10-27T17:02:16","guid":{"rendered":"https:\/\/www.africa-press.net\/tchad\/politique\/le-ministre-de-lenseignement-superieur-invite-special-du-reforum-de-yaounde"},"modified":"2023-10-27T17:53:45","modified_gmt":"2023-10-27T17:53:45","slug":"le-ministre-de-lenseignement-superieur-invite-special-du-reforum-de-yaounde","status":"publish","type":"post","link":"https:\/\/www.africa-press.net\/tchad\/culture-et-art\/le-ministre-de-lenseignement-superieur-invite-special-du-reforum-de-yaounde","title":{"rendered":"Le ministre de l\u2019Enseignement Sup\u00e9rieur invit\u00e9 sp\u00e9cial du Reforum de Yaound\u00e9"},"content":{"rendered":"<p><span style=\"color: #ff6600\"><strong>Africa-Press &#8211; Tchad. <\/strong><\/span>Le ministre de l&rsquo;Enseignement Supe\u0301rieur, de la Recherche Scientifique et de l&rsquo;Innovation, Tom Erdimi, a quitte\u0301 N&rsquo;Djamena ce vendredi vers midi pour Yaounde\u0301 au Cameroun, a annonce\u0301 son ministe\u0300re ce vendredi 27 octobre.<\/p>\n<p>\u00ab Dans a capitale camerounaise, le Ministre d&rsquo;Etat prendra part a\u0300 l&rsquo;Assemble\u0301e Ge\u0301ne\u0301rale Annuelle (A.G.A) du Reforum pre\u0301vue ce 28 octobre 2023. Le the\u0300me ge\u0301ne\u0301ral de cette A.G.A est : Transformer<b> l\u2019enseignement supe\u0301rieur pour nourrir et cre\u0301er durablement la prospe\u0301rite\u0301 de l&rsquo;Afrique<\/b> \u00bb, a souligne\u0301 le ministe\u0300re de l\u2019Enseignement Supe\u0301rieur du Tchad.<\/p>\n<p>Le Ministre de l&rsquo;Enseignement Supe\u0301rieur, de la Recherche Scientifique et de l&rsquo;innovation, Tom Erdimi, \u00ab est invite\u0301 spe\u0301cialement a\u0300 cette assemble\u0301e ge\u0301ne\u0301rale par son colle\u0300gue du Cameroun par ailleurs Ministre d\u2019Etat, Ministre de l&rsquo;Enseignement Supe\u0301rieur Prof Jacques Fame Ndongo \u00bb.<\/p>\n<p>Dans cette visite de travail au Cameroun \u00ab le Ministre d&rsquo;Etat est accompagne\u0301 du directeur ge\u0301ne\u0301rale de Enseignement Supe\u0301rieur, de la Recherche Scientifique et de l&rsquo;Innovation, Dr Dionko Maoundoe \u00bb, a pre\u0301cise\u0301 ce communique\u0301.<\/p>\n<p><strong>Pour plus d&rsquo;informations et d&rsquo;analyses sur la <a href=\"https:\/\/www.africa-press.net\/tchad\">Tchad<\/a>, suivez <a href=\"https:\/\/www.africa-press.net\/\">Africa-Press<\/a><\/strong><\/p>\n","protected":false},"excerpt":{"rendered":"<p>Africa-Press &#8211; Tchad. Le ministre de l&rsquo;Enseignement Supe\u0301rieur, de la Recherche Scientifique et de l&rsquo;Innovation, Tom Erdimi, a quitte\u0301 N&rsquo;Djamena ce vendredi vers midi pour Yaounde\u0301 au Cameroun, a annonce\u0301 son ministe\u0300re ce vendredi 27 octobre. \u00ab Dans a capitale camerounaise, le Ministre d&rsquo;Etat prendra part a\u0300 l&rsquo;Assemble\u0301e Ge\u0301ne\u0301rale Annuelle (A.G.A) du Reforum pre\u0301vue ce [&hellip;]<\/p>\n","protected":false},"author":82,"featured_media":53016,"comment_status":"open","ping_status":"closed","sticky":false,"template":"","format":"standard","meta":{"footnotes":""},"categories":[5,10],"tags":[37,292,29],"class_list":["post-53018","post","type-post","status-publish","format-standard","has-post-thumbnail","hentry","category-culture-et-art","category-toutes-les-actualites","tag-africa-press","tag-africa-press-tchad","tag-tchad"],"yoast_head":"<!-- This site is optimized with the Yoast SEO Premium plugin v26.1 (Yoast SEO v27.0) - https:\/\/yoast.com\/product\/yoast-seo-premium-wordpress\/ -->\n<title>Le ministre de l\u2019Enseignement Sup\u00e9rieur invit\u00e9 sp\u00e9cial du Reforum de Yaound\u00e9 - tchad<\/title>\n<meta name=\"description\" content=\"Le ministre de l&#039;Enseignement Supe\u0301rieur, de la Recherche Scientifique et de l&#039;Innovation, Tom Erdimi, a quitte\u0301 N&#039;Djame ...\" \/>\n<meta name=\"robots\" content=\"index, follow, max-snippet:-1, max-image-preview:large, max-video-preview:-1\" \/>\n<link rel=\"canonical\" href=\"https:\/\/www.africa-press.net\/tchad\/culture-et-art\/le-ministre-de-lenseignement-superieur-invite-special-du-reforum-de-yaounde\" \/>\n<meta property=\"og:locale\" content=\"fr_FR\" \/>\n<meta property=\"og:type\" content=\"article\" \/>\n<meta property=\"og:title\" content=\"Le ministre de l\u2019Enseignement Sup\u00e9rieur invit\u00e9 sp\u00e9cial du Reforum de Yaound\u00e9\" \/>\n<meta property=\"og:description\" content=\"Le ministre de l&#039;Enseignement Supe\u0301rieur, de la Recherche Scientifique et de l&#039;Innovation, Tom Erdimi, a quitte\u0301 N&#039;Djame ...\" \/>\n<meta property=\"og:url\" content=\"https:\/\/www.africa-press.net\/tchad\/culture-et-art\/le-ministre-de-lenseignement-superieur-invite-special-du-reforum-de-yaounde\" \/>\n<meta property=\"og:site_name\" content=\"tchad\" \/>\n<meta property=\"article:published_time\" content=\"2023-10-27T17:02:16+00:00\" \/>\n<meta property=\"article:modified_time\" content=\"2023-10-27T17:53:45+00:00\" \/>\n<meta property=\"og:image\" content=\"https:\/\/static.africa-press.net\/tchad\/sites\/41\/2023\/10\/sm_1698416439.96108.jpg\" \/>\n\t<meta property=\"og:image:width\" content=\"1080\" \/>\n\t<meta property=\"og:image:height\" content=\"720\" \/>\n\t<meta property=\"og:image:type\" content=\"image\/jpeg\" \/>\n<meta name=\"author\" content=\"cfeditorfr\" \/>\n<meta name=\"twitter:card\" content=\"summary_large_image\" \/>\n<meta name=\"twitter:label1\" content=\"\u00c9crit par\" \/>\n\t<meta name=\"twitter:data1\" content=\"cfeditorfr\" \/>\n\t<meta name=\"twitter:label2\" content=\"Dur\u00e9e de lecture estim\u00e9e\" \/>\n\t<meta name=\"twitter:data2\" content=\"1 minute\" \/>\n<script type=\"application\/ld+json\" class=\"yoast-schema-graph\">{\"@context\":\"https:\/\/schema.org\",\"@graph\":[{\"@type\":\"Article\",\"@id\":\"https:\/\/www.africa-press.net\/tchad\/culture-et-art\/le-ministre-de-lenseignement-superieur-invite-special-du-reforum-de-yaounde#article\",\"isPartOf\":{\"@id\":\"https:\/\/www.africa-press.net\/tchad\/culture-et-art\/le-ministre-de-lenseignement-superieur-invite-special-du-reforum-de-yaounde\"},\"author\":{\"name\":\"cfeditorfr\",\"@id\":\"https:\/\/www.africa-press.net\/tchad\/#\/schema\/person\/2b1cf3cd81a31e3cd26889ca66d677f1\"},\"headline\":\"Le ministre de l\u2019Enseignement Sup\u00e9rieur invit\u00e9 sp\u00e9cial du Reforum de Yaound\u00e9\",\"datePublished\":\"2023-10-27T17:02:16+00:00\",\"dateModified\":\"2023-10-27T17:53:45+00:00\",\"mainEntityOfPage\":{\"@id\":\"https:\/\/www.africa-press.net\/tchad\/culture-et-art\/le-ministre-de-lenseignement-superieur-invite-special-du-reforum-de-yaounde\"},\"wordCount\":221,\"commentCount\":0,\"image\":{\"@id\":\"https:\/\/www.africa-press.net\/tchad\/culture-et-art\/le-ministre-de-lenseignement-superieur-invite-special-du-reforum-de-yaounde#primaryimage\"},\"thumbnailUrl\":\"https:\/\/static.africa-press.net\/tchad\/sites\/41\/2023\/10\/sm_1698416439.96108.jpg\",\"keywords\":[\"Africa Press\",\"Africa Press-Tchad\",\"Tchad\"],\"articleSection\":[\"Culture et Art\",\"Toutes les actualit\u00e9s\"],\"inLanguage\":\"fr-FR\",\"potentialAction\":[{\"@type\":\"CommentAction\",\"name\":\"Comment\",\"target\":[\"https:\/\/www.africa-press.net\/tchad\/culture-et-art\/le-ministre-de-lenseignement-superieur-invite-special-du-reforum-de-yaounde#respond\"]}]},{\"@type\":\"WebPage\",\"@id\":\"https:\/\/www.africa-press.net\/tchad\/culture-et-art\/le-ministre-de-lenseignement-superieur-invite-special-du-reforum-de-yaounde\",\"url\":\"https:\/\/www.africa-press.net\/tchad\/culture-et-art\/le-ministre-de-lenseignement-superieur-invite-special-du-reforum-de-yaounde\",\"name\":\"Le ministre de l\u2019Enseignement Sup\u00e9rieur invit\u00e9 sp\u00e9cial du Reforum de Yaound\u00e9 - tchad\",\"isPartOf\":{\"@id\":\"https:\/\/www.africa-press.net\/tchad\/#website\"},\"primaryImageOfPage\":{\"@id\":\"https:\/\/www.africa-press.net\/tchad\/culture-et-art\/le-ministre-de-lenseignement-superieur-invite-special-du-reforum-de-yaounde#primaryimage\"},\"image\":{\"@id\":\"https:\/\/www.africa-press.net\/tchad\/culture-et-art\/le-ministre-de-lenseignement-superieur-invite-special-du-reforum-de-yaounde#primaryimage\"},\"thumbnailUrl\":\"https:\/\/static.africa-press.net\/tchad\/sites\/41\/2023\/10\/sm_1698416439.96108.jpg\",\"datePublished\":\"2023-10-27T17:02:16+00:00\",\"dateModified\":\"2023-10-27T17:53:45+00:00\",\"author\":{\"@id\":\"https:\/\/www.africa-press.net\/tchad\/#\/schema\/person\/2b1cf3cd81a31e3cd26889ca66d677f1\"},\"description\":\"Le ministre de l'Enseignement Supe\u0301rieur, de la Recherche Scientifique et de l'Innovation, Tom Erdimi, a quitte\u0301 N'Djame ...\",\"breadcrumb\":{\"@id\":\"https:\/\/www.africa-press.net\/tchad\/culture-et-art\/le-ministre-de-lenseignement-superieur-invite-special-du-reforum-de-yaounde#breadcrumb\"},\"inLanguage\":\"fr-FR\",\"potentialAction\":[{\"@type\":\"ReadAction\",\"target\":[\"https:\/\/www.africa-press.net\/tchad\/culture-et-art\/le-ministre-de-lenseignement-superieur-invite-special-du-reforum-de-yaounde\"]}]},{\"@type\":\"ImageObject\",\"inLanguage\":\"fr-FR\",\"@id\":\"https:\/\/www.africa-press.net\/tchad\/culture-et-art\/le-ministre-de-lenseignement-superieur-invite-special-du-reforum-de-yaounde#primaryimage\",\"url\":\"https:\/\/static.africa-press.net\/tchad\/sites\/41\/2023\/10\/sm_1698416439.96108.jpg\",\"contentUrl\":\"https:\/\/static.africa-press.net\/tchad\/sites\/41\/2023\/10\/sm_1698416439.96108.jpg\",\"width\":1080,\"height\":720,\"caption\":\"Le ministre de l\u2019Enseignement Sup\u00e9rieur invit\u00e9 sp\u00e9cial du Reforum de Yaound\u00e9\"},{\"@type\":\"BreadcrumbList\",\"@id\":\"https:\/\/www.africa-press.net\/tchad\/culture-et-art\/le-ministre-de-lenseignement-superieur-invite-special-du-reforum-de-yaounde#breadcrumb\",\"itemListElement\":[{\"@type\":\"ListItem\",\"position\":1,\"name\":\"Accueil\",\"item\":\"https:\/\/www.africa-press.net\/tchad\/\"},{\"@type\":\"ListItem\",\"position\":2,\"name\":\"Le ministre de l\u2019Enseignement Sup\u00e9rieur invit\u00e9 sp\u00e9cial du Reforum de Yaound\u00e9\"}]},{\"@type\":\"WebSite\",\"@id\":\"https:\/\/www.africa-press.net\/tchad\/#website\",\"url\":\"https:\/\/www.africa-press.net\/tchad\/\",\"name\":\"tchad\",\"description\":\"Just another Africa News Agency Sites site\",\"potentialAction\":[{\"@type\":\"SearchAction\",\"target\":{\"@type\":\"EntryPoint\",\"urlTemplate\":\"https:\/\/www.africa-press.net\/tchad\/?s={search_term_string}\"},\"query-input\":{\"@type\":\"PropertyValueSpecification\",\"valueRequired\":true,\"valueName\":\"search_term_string\"}}],\"inLanguage\":\"fr-FR\"},{\"@type\":\"Person\",\"@id\":\"https:\/\/www.africa-press.net\/tchad\/#\/schema\/person\/2b1cf3cd81a31e3cd26889ca66d677f1\",\"name\":\"cfeditorfr\"}]}<\/script>\n<!-- \/ Yoast SEO Premium plugin. -->","yoast_head_json":{"title":"Le ministre de l\u2019Enseignement Sup\u00e9rieur invit\u00e9 sp\u00e9cial du Reforum de Yaound\u00e9 - tchad","description":"Le ministre de l'Enseignement Supe\u0301rieur, de la Recherche Scientifique et de l'Innovation, Tom Erdimi, a quitte\u0301 N'Djame ...","robots":{"index":"index","follow":"follow","max-snippet":"max-snippet:-1","max-image-preview":"max-image-preview:large","max-video-preview":"max-video-preview:-1"},"canonical":"https:\/\/www.africa-press.net\/tchad\/culture-et-art\/le-ministre-de-lenseignement-superieur-invite-special-du-reforum-de-yaounde","og_locale":"fr_FR","og_type":"article","og_title":"Le ministre de l\u2019Enseignement Sup\u00e9rieur invit\u00e9 sp\u00e9cial du Reforum de Yaound\u00e9","og_description":"Le ministre de l'Enseignement Supe\u0301rieur, de la Recherche Scientifique et de l'Innovation, Tom Erdimi, a quitte\u0301 N'Djame ...","og_url":"https:\/\/www.africa-press.net\/tchad\/culture-et-art\/le-ministre-de-lenseignement-superieur-invite-special-du-reforum-de-yaounde","og_site_name":"tchad","article_published_time":"2023-10-27T17:02:16+00:00","article_modified_time":"2023-10-27T17:53:45+00:00","og_image":[{"width":1080,"height":720,"url":"https:\/\/static.africa-press.net\/tchad\/sites\/41\/2023\/10\/sm_1698416439.96108.jpg","type":"image\/jpeg"}],"author":"cfeditorfr","twitter_card":"summary_large_image","twitter_misc":{"\u00c9crit par":"cfeditorfr","Dur\u00e9e de lecture estim\u00e9e":"1 minute"},"schema":{"@context":"https:\/\/schema.org","@graph":[{"@type":"Article","@id":"https:\/\/www.africa-press.net\/tchad\/culture-et-art\/le-ministre-de-lenseignement-superieur-invite-special-du-reforum-de-yaounde#article","isPartOf":{"@id":"https:\/\/www.africa-press.net\/tchad\/culture-et-art\/le-ministre-de-lenseignement-superieur-invite-special-du-reforum-de-yaounde"},"author":{"name":"cfeditorfr","@id":"https:\/\/www.africa-press.net\/tchad\/#\/schema\/person\/2b1cf3cd81a31e3cd26889ca66d677f1"},"headline":"Le ministre de l\u2019Enseignement Sup\u00e9rieur invit\u00e9 sp\u00e9cial du Reforum de Yaound\u00e9","datePublished":"2023-10-27T17:02:16+00:00","dateModified":"2023-10-27T17:53:45+00:00","mainEntityOfPage":{"@id":"https:\/\/www.africa-press.net\/tchad\/culture-et-art\/le-ministre-de-lenseignement-superieur-invite-special-du-reforum-de-yaounde"},"wordCount":221,"commentCount":0,"image":{"@id":"https:\/\/www.africa-press.net\/tchad\/culture-et-art\/le-ministre-de-lenseignement-superieur-invite-special-du-reforum-de-yaounde#primaryimage"},"thumbnailUrl":"https:\/\/static.africa-press.net\/tchad\/sites\/41\/2023\/10\/sm_1698416439.96108.jpg","keywords":["Africa Press","Africa Press-Tchad","Tchad"],"articleSection":["Culture et Art","Toutes les actualit\u00e9s"],"inLanguage":"fr-FR","potentialAction":[{"@type":"CommentAction","name":"Comment","target":["https:\/\/www.africa-press.net\/tchad\/culture-et-art\/le-ministre-de-lenseignement-superieur-invite-special-du-reforum-de-yaounde#respond"]}]},{"@type":"WebPage","@id":"https:\/\/www.africa-press.net\/tchad\/culture-et-art\/le-ministre-de-lenseignement-superieur-invite-special-du-reforum-de-yaounde","url":"https:\/\/www.africa-press.net\/tchad\/culture-et-art\/le-ministre-de-lenseignement-superieur-invite-special-du-reforum-de-yaounde","name":"Le ministre de l\u2019Enseignement Sup\u00e9rieur invit\u00e9 sp\u00e9cial du Reforum de Yaound\u00e9 - tchad","isPartOf":{"@id":"https:\/\/www.africa-press.net\/tchad\/#website"},"primaryImageOfPage":{"@id":"https:\/\/www.africa-press.net\/tchad\/culture-et-art\/le-ministre-de-lenseignement-superieur-invite-special-du-reforum-de-yaounde#primaryimage"},"image":{"@id":"https:\/\/www.africa-press.net\/tchad\/culture-et-art\/le-ministre-de-lenseignement-superieur-invite-special-du-reforum-de-yaounde#primaryimage"},"thumbnailUrl":"https:\/\/static.africa-press.net\/tchad\/sites\/41\/2023\/10\/sm_1698416439.96108.jpg","datePublished":"2023-10-27T17:02:16+00:00","dateModified":"2023-10-27T17:53:45+00:00","author":{"@id":"https:\/\/www.africa-press.net\/tchad\/#\/schema\/person\/2b1cf3cd81a31e3cd26889ca66d677f1"},"description":"Le ministre de l'Enseignement Supe\u0301rieur, de la Recherche Scientifique et de l'Innovation, Tom Erdimi, a quitte\u0301 N'Djame ...","breadcrumb":{"@id":"https:\/\/www.africa-press.net\/tchad\/culture-et-art\/le-ministre-de-lenseignement-superieur-invite-special-du-reforum-de-yaounde#breadcrumb"},"inLanguage":"fr-FR","potentialAction":[{"@type":"ReadAction","target":["https:\/\/www.africa-press.net\/tchad\/culture-et-art\/le-ministre-de-lenseignement-superieur-invite-special-du-reforum-de-yaounde"]}]},{"@type":"ImageObject","inLanguage":"fr-FR","@id":"https:\/\/www.africa-press.net\/tchad\/culture-et-art\/le-ministre-de-lenseignement-superieur-invite-special-du-reforum-de-yaounde#primaryimage","url":"https:\/\/static.africa-press.net\/tchad\/sites\/41\/2023\/10\/sm_1698416439.96108.jpg","contentUrl":"https:\/\/static.africa-press.net\/tchad\/sites\/41\/2023\/10\/sm_1698416439.96108.jpg","width":1080,"height":720,"caption":"Le ministre de l\u2019Enseignement Sup\u00e9rieur invit\u00e9 sp\u00e9cial du Reforum de Yaound\u00e9"},{"@type":"BreadcrumbList","@id":"https:\/\/www.africa-press.net\/tchad\/culture-et-art\/le-ministre-de-lenseignement-superieur-invite-special-du-reforum-de-yaounde#breadcrumb","itemListElement":[{"@type":"ListItem","position":1,"name":"Accueil","item":"https:\/\/www.africa-press.net\/tchad\/"},{"@type":"ListItem","position":2,"name":"Le ministre de l\u2019Enseignement Sup\u00e9rieur invit\u00e9 sp\u00e9cial du Reforum de Yaound\u00e9"}]},{"@type":"WebSite","@id":"https:\/\/www.africa-press.net\/tchad\/#website","url":"https:\/\/www.africa-press.net\/tchad\/","name":"tchad","description":"Just another Africa News Agency Sites site","potentialAction":[{"@type":"SearchAction","target":{"@type":"EntryPoint","urlTemplate":"https:\/\/www.africa-press.net\/tchad\/?s={search_term_string}"},"query-input":{"@type":"PropertyValueSpecification","valueRequired":true,"valueName":"search_term_string"}}],"inLanguage":"fr-FR"},{"@type":"Person","@id":"https:\/\/www.africa-press.net\/tchad\/#\/schema\/person\/2b1cf3cd81a31e3cd26889ca66d677f1","name":"cfeditorfr"}]}},"_links":{"self":[{"href":"https:\/\/www.africa-press.net\/tchad\/wp-json\/wp\/v2\/posts\/53018","targetHints":{"allow":["GET"]}}],"collection":[{"href":"https:\/\/www.africa-press.net\/tchad\/wp-json\/wp\/v2\/posts"}],"about":[{"href":"https:\/\/www.africa-press.net\/tchad\/wp-json\/wp\/v2\/types\/post"}],"author":[{"embeddable":true,"href":"https:\/\/www.africa-press.net\/tchad\/wp-json\/wp\/v2\/users\/82"}],"replies":[{"embeddable":true,"href":"https:\/\/www.africa-press.net\/tchad\/wp-json\/wp\/v2\/comments?post=53018"}],"version-history":[{"count":0,"href":"https:\/\/www.africa-press.net\/tchad\/wp-json\/wp\/v2\/posts\/53018\/revisions"}],"wp:featuredmedia":[{"embeddable":true,"href":"https:\/\/www.africa-press.net\/tchad\/wp-json\/wp\/v2\/media\/53016"}],"wp:attachment":[{"href":"https:\/\/www.africa-press.net\/tchad\/wp-json\/wp\/v2\/media?parent=53018"}],"wp:term":[{"taxonomy":"category","embeddable":true,"href":"https:\/\/www.africa-press.net\/tchad\/wp-json\/wp\/v2\/categories?post=53018"},{"taxonomy":"post_tag","embeddable":true,"href":"https:\/\/www.africa-press.net\/tchad\/wp-json\/wp\/v2\/tags?post=53018"}],"curies":[{"name":"wp","href":"https:\/\/api.w.org\/{rel}","templated":true}]}}