{"id":53024,"date":"2023-10-27T16:56:41","date_gmt":"2023-10-27T16:56:41","guid":{"rendered":"https:\/\/www.africa-press.net\/tchad\/politique\/le-president-de-transition-reagit-a-la-demission-de-deux-membres-du-gouvernement"},"modified":"2023-10-27T20:05:16","modified_gmt":"2023-10-27T20:05:16","slug":"le-president-de-transition-reagit-a-la-demission-de-deux-membres-du-gouvernement","status":"publish","type":"post","link":"https:\/\/www.africa-press.net\/tchad\/politique\/le-president-de-transition-reagit-a-la-demission-de-deux-membres-du-gouvernement","title":{"rendered":"le pr\u00e9sident de transition r\u00e9agit \u00e0 la d\u00e9mission de deux membres du gouvernement"},"content":{"rendered":"<p><span style=\"color: #ff6600\"><strong>Africa-Press &#8211; Tchad. <\/strong><\/span>Revenant sur l&rsquo;histoire de moeurs qui a conduit deux membres du gouvernement a\u0300 la de\u0301mission, le chef de l&rsquo;E\u0301tat a salue\u0301 leurs sages de\u0301cisions, tout en reconnaissant leurs engagements et leurs contributions pour la bonne marche de la transition phase 1.<\/p>\n<p>Il estime que cette parenthe\u0300se malheureuse doit servir de lec\u0327on a\u0300 tous les responsables de la Re\u0301publique pour plus de droiture et d&rsquo;exemplarite\u0301.<\/p>\n<p>Mahamat Idriss Deby a fe\u0301licite\u0301 les nouveaux hauts cadres expe\u0301rimente\u0301s qui viennent d&rsquo;e\u0302tre promus ou mute\u0301s au sein du gouvernement et leur a souhaite\u0301 pleins succe\u0300s dans l&rsquo;exercice de leur fonction.<\/p>\n<p><strong>Pour plus d&rsquo;informations et d&rsquo;analyses sur la <a href=\"https:\/\/www.africa-press.net\/tchad\">Tchad<\/a>, suivez <a href=\"https:\/\/www.africa-press.net\/\">Africa-Press<\/a><\/strong><\/p>\n","protected":false},"excerpt":{"rendered":"<p>Africa-Press &#8211; Tchad. Revenant sur l&rsquo;histoire de moeurs qui a conduit deux membres du gouvernement a\u0300 la de\u0301mission, le chef de l&rsquo;E\u0301tat a salue\u0301 leurs sages de\u0301cisions, tout en reconnaissant leurs engagements et leurs contributions pour la bonne marche de la transition phase 1. Il estime que cette parenthe\u0300se malheureuse doit servir de lec\u0327on a\u0300 [&hellip;]<\/p>\n","protected":false},"author":82,"featured_media":53023,"comment_status":"open","ping_status":"closed","sticky":false,"template":"","format":"standard","meta":{"footnotes":""},"categories":[2,20,10],"tags":[37,292,29],"class_list":["post-53024","post","type-post","status-publish","format-standard","has-post-thumbnail","hentry","category-politique","category-top-nouvelles","category-toutes-les-actualites","tag-africa-press","tag-africa-press-tchad","tag-tchad"],"yoast_head":"<!-- This site is optimized with the Yoast SEO Premium plugin v26.1 (Yoast SEO v27.0) - https:\/\/yoast.com\/product\/yoast-seo-premium-wordpress\/ -->\n<title>le pr\u00e9sident de transition r\u00e9agit \u00e0 la d\u00e9mission de deux membres du gouvernement - tchad<\/title>\n<meta name=\"description\" content=\"Revenant sur l&#039;histoire de moeurs qui a conduit deux membres du gouvernement a\u0300 la de\u0301mission, le chef de l&#039;E\u0301tat a salu ...\" \/>\n<meta name=\"robots\" content=\"index, follow, max-snippet:-1, max-image-preview:large, max-video-preview:-1\" \/>\n<link rel=\"canonical\" href=\"https:\/\/www.africa-press.net\/tchad\/politique\/le-president-de-transition-reagit-a-la-demission-de-deux-membres-du-gouvernement\" \/>\n<meta property=\"og:locale\" content=\"fr_FR\" \/>\n<meta property=\"og:type\" content=\"article\" \/>\n<meta property=\"og:title\" content=\"le pr\u00e9sident de transition r\u00e9agit \u00e0 la d\u00e9mission de deux membres du gouvernement\" \/>\n<meta property=\"og:description\" content=\"Revenant sur l&#039;histoire de moeurs qui a conduit deux membres du gouvernement a\u0300 la de\u0301mission, le chef de l&#039;E\u0301tat a salu ...\" \/>\n<meta property=\"og:url\" content=\"https:\/\/www.africa-press.net\/tchad\/politique\/le-president-de-transition-reagit-a-la-demission-de-deux-membres-du-gouvernement\" \/>\n<meta property=\"og:site_name\" content=\"tchad\" \/>\n<meta property=\"article:published_time\" content=\"2023-10-27T16:56:41+00:00\" \/>\n<meta property=\"article:modified_time\" content=\"2023-10-27T20:05:16+00:00\" \/>\n<meta property=\"og:image\" content=\"https:\/\/static.africa-press.net\/tchad\/sites\/41\/2023\/10\/sm_1698418007.556624.jpg\" \/>\n\t<meta property=\"og:image:width\" content=\"1593\" \/>\n\t<meta property=\"og:image:height\" content=\"972\" \/>\n\t<meta property=\"og:image:type\" content=\"image\/jpeg\" \/>\n<meta name=\"author\" content=\"cfeditorfr\" \/>\n<meta name=\"twitter:card\" content=\"summary_large_image\" \/>\n<meta name=\"twitter:label1\" content=\"\u00c9crit par\" \/>\n\t<meta name=\"twitter:data1\" content=\"cfeditorfr\" \/>\n\t<meta name=\"twitter:label2\" content=\"Dur\u00e9e de lecture estim\u00e9e\" \/>\n\t<meta name=\"twitter:data2\" content=\"1 minute\" \/>\n<script type=\"application\/ld+json\" class=\"yoast-schema-graph\">{\"@context\":\"https:\/\/schema.org\",\"@graph\":[{\"@type\":\"Article\",\"@id\":\"https:\/\/www.africa-press.net\/tchad\/politique\/le-president-de-transition-reagit-a-la-demission-de-deux-membres-du-gouvernement#article\",\"isPartOf\":{\"@id\":\"https:\/\/www.africa-press.net\/tchad\/politique\/le-president-de-transition-reagit-a-la-demission-de-deux-membres-du-gouvernement\"},\"author\":{\"name\":\"cfeditorfr\",\"@id\":\"https:\/\/www.africa-press.net\/tchad\/#\/schema\/person\/2b1cf3cd81a31e3cd26889ca66d677f1\"},\"headline\":\"le pr\u00e9sident de transition r\u00e9agit \u00e0 la d\u00e9mission de deux membres du gouvernement\",\"datePublished\":\"2023-10-27T16:56:41+00:00\",\"dateModified\":\"2023-10-27T20:05:16+00:00\",\"mainEntityOfPage\":{\"@id\":\"https:\/\/www.africa-press.net\/tchad\/politique\/le-president-de-transition-reagit-a-la-demission-de-deux-membres-du-gouvernement\"},\"wordCount\":141,\"commentCount\":0,\"image\":{\"@id\":\"https:\/\/www.africa-press.net\/tchad\/politique\/le-president-de-transition-reagit-a-la-demission-de-deux-membres-du-gouvernement#primaryimage\"},\"thumbnailUrl\":\"https:\/\/static.africa-press.net\/tchad\/sites\/41\/2023\/10\/sm_1698418007.556624.jpg\",\"keywords\":[\"Africa Press\",\"Africa Press-Tchad\",\"Tchad\"],\"articleSection\":[\"Politique\",\"Top Nouvelles\",\"Toutes les actualit\u00e9s\"],\"inLanguage\":\"fr-FR\",\"potentialAction\":[{\"@type\":\"CommentAction\",\"name\":\"Comment\",\"target\":[\"https:\/\/www.africa-press.net\/tchad\/politique\/le-president-de-transition-reagit-a-la-demission-de-deux-membres-du-gouvernement#respond\"]}]},{\"@type\":\"WebPage\",\"@id\":\"https:\/\/www.africa-press.net\/tchad\/politique\/le-president-de-transition-reagit-a-la-demission-de-deux-membres-du-gouvernement\",\"url\":\"https:\/\/www.africa-press.net\/tchad\/politique\/le-president-de-transition-reagit-a-la-demission-de-deux-membres-du-gouvernement\",\"name\":\"le pr\u00e9sident de transition r\u00e9agit \u00e0 la d\u00e9mission de deux membres du gouvernement - tchad\",\"isPartOf\":{\"@id\":\"https:\/\/www.africa-press.net\/tchad\/#website\"},\"primaryImageOfPage\":{\"@id\":\"https:\/\/www.africa-press.net\/tchad\/politique\/le-president-de-transition-reagit-a-la-demission-de-deux-membres-du-gouvernement#primaryimage\"},\"image\":{\"@id\":\"https:\/\/www.africa-press.net\/tchad\/politique\/le-president-de-transition-reagit-a-la-demission-de-deux-membres-du-gouvernement#primaryimage\"},\"thumbnailUrl\":\"https:\/\/static.africa-press.net\/tchad\/sites\/41\/2023\/10\/sm_1698418007.556624.jpg\",\"datePublished\":\"2023-10-27T16:56:41+00:00\",\"dateModified\":\"2023-10-27T20:05:16+00:00\",\"author\":{\"@id\":\"https:\/\/www.africa-press.net\/tchad\/#\/schema\/person\/2b1cf3cd81a31e3cd26889ca66d677f1\"},\"description\":\"Revenant sur l'histoire de moeurs qui a conduit deux membres du gouvernement a\u0300 la de\u0301mission, le chef de l'E\u0301tat a salu ...\",\"breadcrumb\":{\"@id\":\"https:\/\/www.africa-press.net\/tchad\/politique\/le-president-de-transition-reagit-a-la-demission-de-deux-membres-du-gouvernement#breadcrumb\"},\"inLanguage\":\"fr-FR\",\"potentialAction\":[{\"@type\":\"ReadAction\",\"target\":[\"https:\/\/www.africa-press.net\/tchad\/politique\/le-president-de-transition-reagit-a-la-demission-de-deux-membres-du-gouvernement\"]}]},{\"@type\":\"ImageObject\",\"inLanguage\":\"fr-FR\",\"@id\":\"https:\/\/www.africa-press.net\/tchad\/politique\/le-president-de-transition-reagit-a-la-demission-de-deux-membres-du-gouvernement#primaryimage\",\"url\":\"https:\/\/static.africa-press.net\/tchad\/sites\/41\/2023\/10\/sm_1698418007.556624.jpg\",\"contentUrl\":\"https:\/\/static.africa-press.net\/tchad\/sites\/41\/2023\/10\/sm_1698418007.556624.jpg\",\"width\":1593,\"height\":972,\"caption\":\"le pr\u00e9sident de transition r\u00e9agit \u00e0 la d\u00e9mission de deux membres du gouvernement\"},{\"@type\":\"BreadcrumbList\",\"@id\":\"https:\/\/www.africa-press.net\/tchad\/politique\/le-president-de-transition-reagit-a-la-demission-de-deux-membres-du-gouvernement#breadcrumb\",\"itemListElement\":[{\"@type\":\"ListItem\",\"position\":1,\"name\":\"Accueil\",\"item\":\"https:\/\/www.africa-press.net\/tchad\/\"},{\"@type\":\"ListItem\",\"position\":2,\"name\":\"le pr\u00e9sident de transition r\u00e9agit \u00e0 la d\u00e9mission de deux membres du gouvernement\"}]},{\"@type\":\"WebSite\",\"@id\":\"https:\/\/www.africa-press.net\/tchad\/#website\",\"url\":\"https:\/\/www.africa-press.net\/tchad\/\",\"name\":\"tchad\",\"description\":\"Just another Africa News Agency Sites site\",\"potentialAction\":[{\"@type\":\"SearchAction\",\"target\":{\"@type\":\"EntryPoint\",\"urlTemplate\":\"https:\/\/www.africa-press.net\/tchad\/?s={search_term_string}\"},\"query-input\":{\"@type\":\"PropertyValueSpecification\",\"valueRequired\":true,\"valueName\":\"search_term_string\"}}],\"inLanguage\":\"fr-FR\"},{\"@type\":\"Person\",\"@id\":\"https:\/\/www.africa-press.net\/tchad\/#\/schema\/person\/2b1cf3cd81a31e3cd26889ca66d677f1\",\"name\":\"cfeditorfr\"}]}<\/script>\n<!-- \/ Yoast SEO Premium plugin. -->","yoast_head_json":{"title":"le pr\u00e9sident de transition r\u00e9agit \u00e0 la d\u00e9mission de deux membres du gouvernement - tchad","description":"Revenant sur l'histoire de moeurs qui a conduit deux membres du gouvernement a\u0300 la de\u0301mission, le chef de l'E\u0301tat a salu ...","robots":{"index":"index","follow":"follow","max-snippet":"max-snippet:-1","max-image-preview":"max-image-preview:large","max-video-preview":"max-video-preview:-1"},"canonical":"https:\/\/www.africa-press.net\/tchad\/politique\/le-president-de-transition-reagit-a-la-demission-de-deux-membres-du-gouvernement","og_locale":"fr_FR","og_type":"article","og_title":"le pr\u00e9sident de transition r\u00e9agit \u00e0 la d\u00e9mission de deux membres du gouvernement","og_description":"Revenant sur l'histoire de moeurs qui a conduit deux membres du gouvernement a\u0300 la de\u0301mission, le chef de l'E\u0301tat a salu ...","og_url":"https:\/\/www.africa-press.net\/tchad\/politique\/le-president-de-transition-reagit-a-la-demission-de-deux-membres-du-gouvernement","og_site_name":"tchad","article_published_time":"2023-10-27T16:56:41+00:00","article_modified_time":"2023-10-27T20:05:16+00:00","og_image":[{"width":1593,"height":972,"url":"https:\/\/static.africa-press.net\/tchad\/sites\/41\/2023\/10\/sm_1698418007.556624.jpg","type":"image\/jpeg"}],"author":"cfeditorfr","twitter_card":"summary_large_image","twitter_misc":{"\u00c9crit par":"cfeditorfr","Dur\u00e9e de lecture estim\u00e9e":"1 minute"},"schema":{"@context":"https:\/\/schema.org","@graph":[{"@type":"Article","@id":"https:\/\/www.africa-press.net\/tchad\/politique\/le-president-de-transition-reagit-a-la-demission-de-deux-membres-du-gouvernement#article","isPartOf":{"@id":"https:\/\/www.africa-press.net\/tchad\/politique\/le-president-de-transition-reagit-a-la-demission-de-deux-membres-du-gouvernement"},"author":{"name":"cfeditorfr","@id":"https:\/\/www.africa-press.net\/tchad\/#\/schema\/person\/2b1cf3cd81a31e3cd26889ca66d677f1"},"headline":"le pr\u00e9sident de transition r\u00e9agit \u00e0 la d\u00e9mission de deux membres du gouvernement","datePublished":"2023-10-27T16:56:41+00:00","dateModified":"2023-10-27T20:05:16+00:00","mainEntityOfPage":{"@id":"https:\/\/www.africa-press.net\/tchad\/politique\/le-president-de-transition-reagit-a-la-demission-de-deux-membres-du-gouvernement"},"wordCount":141,"commentCount":0,"image":{"@id":"https:\/\/www.africa-press.net\/tchad\/politique\/le-president-de-transition-reagit-a-la-demission-de-deux-membres-du-gouvernement#primaryimage"},"thumbnailUrl":"https:\/\/static.africa-press.net\/tchad\/sites\/41\/2023\/10\/sm_1698418007.556624.jpg","keywords":["Africa Press","Africa Press-Tchad","Tchad"],"articleSection":["Politique","Top Nouvelles","Toutes les actualit\u00e9s"],"inLanguage":"fr-FR","potentialAction":[{"@type":"CommentAction","name":"Comment","target":["https:\/\/www.africa-press.net\/tchad\/politique\/le-president-de-transition-reagit-a-la-demission-de-deux-membres-du-gouvernement#respond"]}]},{"@type":"WebPage","@id":"https:\/\/www.africa-press.net\/tchad\/politique\/le-president-de-transition-reagit-a-la-demission-de-deux-membres-du-gouvernement","url":"https:\/\/www.africa-press.net\/tchad\/politique\/le-president-de-transition-reagit-a-la-demission-de-deux-membres-du-gouvernement","name":"le pr\u00e9sident de transition r\u00e9agit \u00e0 la d\u00e9mission de deux membres du gouvernement - tchad","isPartOf":{"@id":"https:\/\/www.africa-press.net\/tchad\/#website"},"primaryImageOfPage":{"@id":"https:\/\/www.africa-press.net\/tchad\/politique\/le-president-de-transition-reagit-a-la-demission-de-deux-membres-du-gouvernement#primaryimage"},"image":{"@id":"https:\/\/www.africa-press.net\/tchad\/politique\/le-president-de-transition-reagit-a-la-demission-de-deux-membres-du-gouvernement#primaryimage"},"thumbnailUrl":"https:\/\/static.africa-press.net\/tchad\/sites\/41\/2023\/10\/sm_1698418007.556624.jpg","datePublished":"2023-10-27T16:56:41+00:00","dateModified":"2023-10-27T20:05:16+00:00","author":{"@id":"https:\/\/www.africa-press.net\/tchad\/#\/schema\/person\/2b1cf3cd81a31e3cd26889ca66d677f1"},"description":"Revenant sur l'histoire de moeurs qui a conduit deux membres du gouvernement a\u0300 la de\u0301mission, le chef de l'E\u0301tat a salu ...","breadcrumb":{"@id":"https:\/\/www.africa-press.net\/tchad\/politique\/le-president-de-transition-reagit-a-la-demission-de-deux-membres-du-gouvernement#breadcrumb"},"inLanguage":"fr-FR","potentialAction":[{"@type":"ReadAction","target":["https:\/\/www.africa-press.net\/tchad\/politique\/le-president-de-transition-reagit-a-la-demission-de-deux-membres-du-gouvernement"]}]},{"@type":"ImageObject","inLanguage":"fr-FR","@id":"https:\/\/www.africa-press.net\/tchad\/politique\/le-president-de-transition-reagit-a-la-demission-de-deux-membres-du-gouvernement#primaryimage","url":"https:\/\/static.africa-press.net\/tchad\/sites\/41\/2023\/10\/sm_1698418007.556624.jpg","contentUrl":"https:\/\/static.africa-press.net\/tchad\/sites\/41\/2023\/10\/sm_1698418007.556624.jpg","width":1593,"height":972,"caption":"le pr\u00e9sident de transition r\u00e9agit \u00e0 la d\u00e9mission de deux membres du gouvernement"},{"@type":"BreadcrumbList","@id":"https:\/\/www.africa-press.net\/tchad\/politique\/le-president-de-transition-reagit-a-la-demission-de-deux-membres-du-gouvernement#breadcrumb","itemListElement":[{"@type":"ListItem","position":1,"name":"Accueil","item":"https:\/\/www.africa-press.net\/tchad\/"},{"@type":"ListItem","position":2,"name":"le pr\u00e9sident de transition r\u00e9agit \u00e0 la d\u00e9mission de deux membres du gouvernement"}]},{"@type":"WebSite","@id":"https:\/\/www.africa-press.net\/tchad\/#website","url":"https:\/\/www.africa-press.net\/tchad\/","name":"tchad","description":"Just another Africa News Agency Sites site","potentialAction":[{"@type":"SearchAction","target":{"@type":"EntryPoint","urlTemplate":"https:\/\/www.africa-press.net\/tchad\/?s={search_term_string}"},"query-input":{"@type":"PropertyValueSpecification","valueRequired":true,"valueName":"search_term_string"}}],"inLanguage":"fr-FR"},{"@type":"Person","@id":"https:\/\/www.africa-press.net\/tchad\/#\/schema\/person\/2b1cf3cd81a31e3cd26889ca66d677f1","name":"cfeditorfr"}]}},"_links":{"self":[{"href":"https:\/\/www.africa-press.net\/tchad\/wp-json\/wp\/v2\/posts\/53024","targetHints":{"allow":["GET"]}}],"collection":[{"href":"https:\/\/www.africa-press.net\/tchad\/wp-json\/wp\/v2\/posts"}],"about":[{"href":"https:\/\/www.africa-press.net\/tchad\/wp-json\/wp\/v2\/types\/post"}],"author":[{"embeddable":true,"href":"https:\/\/www.africa-press.net\/tchad\/wp-json\/wp\/v2\/users\/82"}],"replies":[{"embeddable":true,"href":"https:\/\/www.africa-press.net\/tchad\/wp-json\/wp\/v2\/comments?post=53024"}],"version-history":[{"count":0,"href":"https:\/\/www.africa-press.net\/tchad\/wp-json\/wp\/v2\/posts\/53024\/revisions"}],"wp:featuredmedia":[{"embeddable":true,"href":"https:\/\/www.africa-press.net\/tchad\/wp-json\/wp\/v2\/media\/53023"}],"wp:attachment":[{"href":"https:\/\/www.africa-press.net\/tchad\/wp-json\/wp\/v2\/media?parent=53024"}],"wp:term":[{"taxonomy":"category","embeddable":true,"href":"https:\/\/www.africa-press.net\/tchad\/wp-json\/wp\/v2\/categories?post=53024"},{"taxonomy":"post_tag","embeddable":true,"href":"https:\/\/www.africa-press.net\/tchad\/wp-json\/wp\/v2\/tags?post=53024"}],"curies":[{"name":"wp","href":"https:\/\/api.w.org\/{rel}","templated":true}]}}