{"id":53046,"date":"2023-10-28T17:44:57","date_gmt":"2023-10-28T17:44:57","guid":{"rendered":"https:\/\/www.africa-press.net\/tchad\/politique\/le-cnjt-et-le-pnud-lancent-linitiative-regards-citoyens-a-mao"},"modified":"2023-10-28T18:02:46","modified_gmt":"2023-10-28T18:02:46","slug":"le-cnjt-et-le-pnud-lancent-linitiative-regards-citoyens-a-mao","status":"publish","type":"post","link":"https:\/\/www.africa-press.net\/tchad\/photo\/le-cnjt-et-le-pnud-lancent-linitiative-regards-citoyens-a-mao","title":{"rendered":"le CNJT et le PNUD lancent l&rsquo;initiative \u00ab\u00a0Regards Citoyens\u00a0\u00bb \u00e0 Mao"},"content":{"rendered":"<p><span style=\"color: #ff6600\"><strong>Africa-Press &#8211; Tchad. <\/strong><\/span>Le CNJT et le Programme des Nations Unies pour le De\u0301veloppement (PNUD) ont lance\u0301 ce vendredi 27 octobre 2023, l&rsquo;initiative \u00ab\u00a0Regards Citoyens\u00a0\u00bb a\u0300 Mao en faveur des jeunes de la re\u0301gion. La ce\u0301re\u0301monie s&rsquo;est de\u0301roule\u0301e en pre\u0301sence des autorite\u0301s administratives dont le directeur du cabinet du gouverneur de la province du Kanem, repre\u0301sentant le gouverneur, Ali Djalbore.<\/p>\n<p>Dans son discours de bienvenue, le chef de la mission, e\u0301galement secre\u0301taire charge\u0301 de l&rsquo;e\u0301ducation, de la formation et de l&#8217;emploi, Adam Mbodou Abakar, a exprime\u0301 sa gratitude envers les jeunes de Mao pour leur participation massive a\u0300 cette ce\u0301re\u0301monie. Il a souligne\u0301 que plusieurs activite\u0301s sont pre\u0301vues, notamment des formations sur la citoyennete\u0301, des confe\u0301rences-de\u0301bats et des de\u0301fis lie\u0301s au the\u0300me principal, \u00ab\u00a0Le ro\u0302le de la jeunesse dans la refondation du Tchad.\u00a0\u00bb<\/p>\n<p>Le repre\u0301sentant du PNUD, Madjadoum Kette\u0301 Caleb, a explique\u0301 que son institution soutient la jeunesse tchadienne en leur apportant son aide. Il a ajoute\u0301 que la jeunesse joue un ro\u0302le indispensable dans la refondation du Tchad.<\/p>\n<p>Le directeur du cabinet du gouverneur, repre\u0301sentant le gouverneur de la Province du Kanem, Ali Djalbore, a remercie\u0301 le CNJT et son partenaire, le PNUD, pour cet atelier en faveur de la jeunesse. Il a souligne\u0301 que la jeunesse est le moteur du de\u0301veloppement d&rsquo;un pays et a rappele\u0301 que la question de la jeunesse est une priorite\u0301 du gouvernement tchadien. Il a appele\u0301 les participants a\u0300 e\u0302tre pleinement engage\u0301s lors du de\u0301roulement des activite\u0301s. Il est a\u0300 noter que cette initiative se de\u0301roule dans huit provinces, dont le Kanem.<\/p>\n\r\n                <style type=\"text\/css\">\r\n                    \r\n                    #td_uid_1_69f195e9e0353  .td-doubleSlider-2 .td-item1 {\r\n                        background: url(https:\/\/static.africa-press.net\/tchad\/sites\/41\/2023\/10\/sm_1698503438.768453-80x60.jpg) 0 0 no-repeat;\r\n                    }\r\n                    #td_uid_1_69f195e9e0353  .td-doubleSlider-2 .td-item2 {\r\n                        background: url(https:\/\/static.africa-press.net\/tchad\/sites\/41\/2023\/10\/sm_1698503468.684773-80x60.jpg) 0 0 no-repeat;\r\n                    }\r\n                <\/style>\r\n\r\n                <div id=\"td_uid_1_69f195e9e0353\" class=\"td-gallery td-slide-on-2-columns\">\r\n                    <div class=\"post_td_gallery\">\r\n                        <div class=\"td-gallery-slide-top\">\r\n                           <div class=\"td-gallery-title\"><\/div>\r\n\r\n                            <div class=\"td-gallery-controls-wrapper\">\r\n                                <div class=\"td-gallery-slide-count\"><span class=\"td-gallery-slide-item-focus\">1<\/span> de 2<\/div>\r\n                                <div class=\"td-gallery-slide-prev-next-but\">\r\n                                    <i class = \"td-icon-left doubleSliderPrevButton\"><\/i>\r\n                                    <i class = \"td-icon-right doubleSliderNextButton\"><\/i>\r\n                                <\/div>\r\n                            <\/div>\r\n                        <\/div>\r\n\r\n                        <div class = \"td-doubleSlider-1 \">\r\n                            <div class = \"td-slider\">\r\n                                \r\n                    <div class = \"td-slide-item td-item1\">\r\n                        <figure class=\"td-slide-galery-figure td-slide-popup-gallery\">\r\n                            <a class=\"slide-gallery-image-link\" href=\"https:\/\/static.africa-press.net\/tchad\/sites\/41\/2023\/10\/sm_1698503438.768453.jpg\" title=\"sm_1698503438.768453\"  data-caption=\"\"  data-description=\"\">\r\n                                <img decoding=\"async\" src=\"https:\/\/static.africa-press.net\/tchad\/sites\/41\/2023\/10\/sm_1698503438.768453.jpg\" srcset=\"https:\/\/static.africa-press.net\/tchad\/sites\/41\/2023\/10\/sm_1698503438.768453.jpg 870w, https:\/\/static.africa-press.net\/tchad\/sites\/41\/2023\/10\/sm_1698503438.768453-300x225.jpg 300w, https:\/\/static.africa-press.net\/tchad\/sites\/41\/2023\/10\/sm_1698503438.768453-768x576.jpg 768w, https:\/\/static.africa-press.net\/tchad\/sites\/41\/2023\/10\/sm_1698503438.768453-80x60.jpg 80w\" sizes=\"(max-width: 870px) 100vw, 870px\" alt=\"\">\r\n                            <\/a>\r\n                            \r\n                        <\/figure>\r\n                    <\/div>\r\n                    <div class = \"td-slide-item td-item2\">\r\n                        <figure class=\"td-slide-galery-figure td-slide-popup-gallery\">\r\n                            <a class=\"slide-gallery-image-link\" href=\"https:\/\/static.africa-press.net\/tchad\/sites\/41\/2023\/10\/sm_1698503468.684773.jpg\" title=\"sm_1698503468.684773\"  data-caption=\"\"  data-description=\"\">\r\n                                <img decoding=\"async\" src=\"https:\/\/static.africa-press.net\/tchad\/sites\/41\/2023\/10\/sm_1698503468.684773.jpg\" srcset=\"https:\/\/static.africa-press.net\/tchad\/sites\/41\/2023\/10\/sm_1698503468.684773.jpg 870w, https:\/\/static.africa-press.net\/tchad\/sites\/41\/2023\/10\/sm_1698503468.684773-300x225.jpg 300w, https:\/\/static.africa-press.net\/tchad\/sites\/41\/2023\/10\/sm_1698503468.684773-768x576.jpg 768w, https:\/\/static.africa-press.net\/tchad\/sites\/41\/2023\/10\/sm_1698503468.684773-80x60.jpg 80w\" sizes=\"(max-width: 870px) 100vw, 870px\" alt=\"\">\r\n                            <\/a>\r\n                            \r\n                        <\/figure>\r\n                    <\/div>\r\n                            <\/div>\r\n                        <\/div>\r\n\r\n                        <div class = \"td-doubleSlider-2\">\r\n                            <div class = \"td-slider\">\r\n                                \r\n                    <div class = \"td-button td-item1\">\r\n                        <div class = \"td-border\"><\/div>\r\n                    <\/div>\r\n                    <div class = \"td-button td-item2\">\r\n                        <div class = \"td-border\"><\/div>\r\n                    <\/div>\r\n                            <\/div>\r\n                        <\/div>\r\n\r\n                    <\/div>\r\n\r\n                <\/div>\r\n                \n<p><strong>Pour plus d&rsquo;informations et d&rsquo;analyses sur la <a href=\"https:\/\/www.africa-press.net\/tchad\">Tchad<\/a>, suivez <a href=\"https:\/\/www.africa-press.net\/\">Africa-Press<\/a><\/strong><\/p>\n","protected":false},"excerpt":{"rendered":"<p>Africa-Press &#8211; Tchad. Le CNJT et le Programme des Nations Unies pour le De\u0301veloppement (PNUD) ont lance\u0301 ce vendredi 27 octobre 2023, l&rsquo;initiative \u00ab\u00a0Regards Citoyens\u00a0\u00bb a\u0300 Mao en faveur des jeunes de la re\u0301gion. La ce\u0301re\u0301monie s&rsquo;est de\u0301roule\u0301e en pre\u0301sence des autorite\u0301s administratives dont le directeur du cabinet du gouverneur de la province du Kanem, [&hellip;]<\/p>\n","protected":false},"author":82,"featured_media":53045,"comment_status":"open","ping_status":"closed","sticky":false,"template":"","format":"standard","meta":{"footnotes":""},"categories":[21,8,10],"tags":[37,292,29],"class_list":["post-53046","post","type-post","status-publish","format-standard","has-post-thumbnail","hentry","category-communaute","category-photo","category-toutes-les-actualites","tag-africa-press","tag-africa-press-tchad","tag-tchad"],"yoast_head":"<!-- This site is optimized with the Yoast SEO Premium plugin v26.1 (Yoast SEO v27.0) - https:\/\/yoast.com\/product\/yoast-seo-premium-wordpress\/ -->\n<title>le CNJT et le PNUD lancent l&#039;initiative &quot;Regards Citoyens&quot; \u00e0 Mao - tchad<\/title>\n<meta name=\"description\" content=\"Le CNJT et le Programme des Nations Unies pour le De\u0301veloppement (PNUD) ont lance\u0301 ce vendredi 27 octobre 2023, l&#039;initia ...\" \/>\n<meta name=\"robots\" content=\"index, follow, max-snippet:-1, max-image-preview:large, max-video-preview:-1\" \/>\n<link rel=\"canonical\" href=\"https:\/\/www.africa-press.net\/tchad\/photo\/le-cnjt-et-le-pnud-lancent-linitiative-regards-citoyens-a-mao\" \/>\n<meta property=\"og:locale\" content=\"fr_FR\" \/>\n<meta property=\"og:type\" content=\"article\" \/>\n<meta property=\"og:title\" content=\"le CNJT et le PNUD lancent l&#039;initiative &quot;Regards Citoyens&quot; \u00e0 Mao\" \/>\n<meta property=\"og:description\" content=\"Le CNJT et le Programme des Nations Unies pour le De\u0301veloppement (PNUD) ont lance\u0301 ce vendredi 27 octobre 2023, l&#039;initia ...\" \/>\n<meta property=\"og:url\" content=\"https:\/\/www.africa-press.net\/tchad\/photo\/le-cnjt-et-le-pnud-lancent-linitiative-regards-citoyens-a-mao\" \/>\n<meta property=\"og:site_name\" content=\"tchad\" \/>\n<meta property=\"article:published_time\" content=\"2023-10-28T17:44:57+00:00\" \/>\n<meta property=\"article:modified_time\" content=\"2023-10-28T18:02:46+00:00\" \/>\n<meta property=\"og:image\" content=\"https:\/\/static.africa-press.net\/tchad\/sites\/41\/2023\/10\/sm_1698503510.842622.jpg\" \/>\n\t<meta property=\"og:image:width\" content=\"1020\" \/>\n\t<meta property=\"og:image:height\" content=\"765\" \/>\n\t<meta property=\"og:image:type\" content=\"image\/jpeg\" \/>\n<meta name=\"author\" content=\"cfeditorfr\" \/>\n<meta name=\"twitter:card\" content=\"summary_large_image\" \/>\n<meta name=\"twitter:label1\" content=\"\u00c9crit par\" \/>\n\t<meta name=\"twitter:data1\" content=\"cfeditorfr\" \/>\n\t<meta name=\"twitter:label2\" content=\"Dur\u00e9e de lecture estim\u00e9e\" \/>\n\t<meta name=\"twitter:data2\" content=\"2 minutes\" \/>\n<script type=\"application\/ld+json\" class=\"yoast-schema-graph\">{\"@context\":\"https:\/\/schema.org\",\"@graph\":[{\"@type\":\"Article\",\"@id\":\"https:\/\/www.africa-press.net\/tchad\/photo\/le-cnjt-et-le-pnud-lancent-linitiative-regards-citoyens-a-mao#article\",\"isPartOf\":{\"@id\":\"https:\/\/www.africa-press.net\/tchad\/photo\/le-cnjt-et-le-pnud-lancent-linitiative-regards-citoyens-a-mao\"},\"author\":{\"name\":\"cfeditorfr\",\"@id\":\"https:\/\/www.africa-press.net\/tchad\/#\/schema\/person\/2b1cf3cd81a31e3cd26889ca66d677f1\"},\"headline\":\"le CNJT et le PNUD lancent l&rsquo;initiative \u00ab\u00a0Regards Citoyens\u00a0\u00bb \u00e0 Mao\",\"datePublished\":\"2023-10-28T17:44:57+00:00\",\"dateModified\":\"2023-10-28T18:02:46+00:00\",\"mainEntityOfPage\":{\"@id\":\"https:\/\/www.africa-press.net\/tchad\/photo\/le-cnjt-et-le-pnud-lancent-linitiative-regards-citoyens-a-mao\"},\"wordCount\":326,\"commentCount\":0,\"image\":{\"@id\":\"https:\/\/www.africa-press.net\/tchad\/photo\/le-cnjt-et-le-pnud-lancent-linitiative-regards-citoyens-a-mao#primaryimage\"},\"thumbnailUrl\":\"https:\/\/static.africa-press.net\/tchad\/sites\/41\/2023\/10\/sm_1698503510.842622.jpg\",\"keywords\":[\"Africa Press\",\"Africa Press-Tchad\",\"Tchad\"],\"articleSection\":[\"Communaut\u00e9\",\"Photo\",\"Toutes les actualit\u00e9s\"],\"inLanguage\":\"fr-FR\",\"potentialAction\":[{\"@type\":\"CommentAction\",\"name\":\"Comment\",\"target\":[\"https:\/\/www.africa-press.net\/tchad\/photo\/le-cnjt-et-le-pnud-lancent-linitiative-regards-citoyens-a-mao#respond\"]}]},{\"@type\":\"WebPage\",\"@id\":\"https:\/\/www.africa-press.net\/tchad\/photo\/le-cnjt-et-le-pnud-lancent-linitiative-regards-citoyens-a-mao\",\"url\":\"https:\/\/www.africa-press.net\/tchad\/photo\/le-cnjt-et-le-pnud-lancent-linitiative-regards-citoyens-a-mao\",\"name\":\"le CNJT et le PNUD lancent l'initiative \\\"Regards Citoyens\\\" \u00e0 Mao - tchad\",\"isPartOf\":{\"@id\":\"https:\/\/www.africa-press.net\/tchad\/#website\"},\"primaryImageOfPage\":{\"@id\":\"https:\/\/www.africa-press.net\/tchad\/photo\/le-cnjt-et-le-pnud-lancent-linitiative-regards-citoyens-a-mao#primaryimage\"},\"image\":{\"@id\":\"https:\/\/www.africa-press.net\/tchad\/photo\/le-cnjt-et-le-pnud-lancent-linitiative-regards-citoyens-a-mao#primaryimage\"},\"thumbnailUrl\":\"https:\/\/static.africa-press.net\/tchad\/sites\/41\/2023\/10\/sm_1698503510.842622.jpg\",\"datePublished\":\"2023-10-28T17:44:57+00:00\",\"dateModified\":\"2023-10-28T18:02:46+00:00\",\"author\":{\"@id\":\"https:\/\/www.africa-press.net\/tchad\/#\/schema\/person\/2b1cf3cd81a31e3cd26889ca66d677f1\"},\"description\":\"Le CNJT et le Programme des Nations Unies pour le De\u0301veloppement (PNUD) ont lance\u0301 ce vendredi 27 octobre 2023, l'initia ...\",\"breadcrumb\":{\"@id\":\"https:\/\/www.africa-press.net\/tchad\/photo\/le-cnjt-et-le-pnud-lancent-linitiative-regards-citoyens-a-mao#breadcrumb\"},\"inLanguage\":\"fr-FR\",\"potentialAction\":[{\"@type\":\"ReadAction\",\"target\":[\"https:\/\/www.africa-press.net\/tchad\/photo\/le-cnjt-et-le-pnud-lancent-linitiative-regards-citoyens-a-mao\"]}]},{\"@type\":\"ImageObject\",\"inLanguage\":\"fr-FR\",\"@id\":\"https:\/\/www.africa-press.net\/tchad\/photo\/le-cnjt-et-le-pnud-lancent-linitiative-regards-citoyens-a-mao#primaryimage\",\"url\":\"https:\/\/static.africa-press.net\/tchad\/sites\/41\/2023\/10\/sm_1698503510.842622.jpg\",\"contentUrl\":\"https:\/\/static.africa-press.net\/tchad\/sites\/41\/2023\/10\/sm_1698503510.842622.jpg\",\"width\":1020,\"height\":765,\"caption\":\"le CNJT et le PNUD lancent l'initiative \\\"Regards Citoyens\\\" \u00e0 Mao\"},{\"@type\":\"BreadcrumbList\",\"@id\":\"https:\/\/www.africa-press.net\/tchad\/photo\/le-cnjt-et-le-pnud-lancent-linitiative-regards-citoyens-a-mao#breadcrumb\",\"itemListElement\":[{\"@type\":\"ListItem\",\"position\":1,\"name\":\"Accueil\",\"item\":\"https:\/\/www.africa-press.net\/tchad\/\"},{\"@type\":\"ListItem\",\"position\":2,\"name\":\"le CNJT et le PNUD lancent l&#8217;initiative &#8220;Regards Citoyens&#8221; \u00e0 Mao\"}]},{\"@type\":\"WebSite\",\"@id\":\"https:\/\/www.africa-press.net\/tchad\/#website\",\"url\":\"https:\/\/www.africa-press.net\/tchad\/\",\"name\":\"tchad\",\"description\":\"Just another Africa News Agency Sites site\",\"potentialAction\":[{\"@type\":\"SearchAction\",\"target\":{\"@type\":\"EntryPoint\",\"urlTemplate\":\"https:\/\/www.africa-press.net\/tchad\/?s={search_term_string}\"},\"query-input\":{\"@type\":\"PropertyValueSpecification\",\"valueRequired\":true,\"valueName\":\"search_term_string\"}}],\"inLanguage\":\"fr-FR\"},{\"@type\":\"Person\",\"@id\":\"https:\/\/www.africa-press.net\/tchad\/#\/schema\/person\/2b1cf3cd81a31e3cd26889ca66d677f1\",\"name\":\"cfeditorfr\"}]}<\/script>\n<!-- \/ Yoast SEO Premium plugin. -->","yoast_head_json":{"title":"le CNJT et le PNUD lancent l'initiative \"Regards Citoyens\" \u00e0 Mao - tchad","description":"Le CNJT et le Programme des Nations Unies pour le De\u0301veloppement (PNUD) ont lance\u0301 ce vendredi 27 octobre 2023, l'initia ...","robots":{"index":"index","follow":"follow","max-snippet":"max-snippet:-1","max-image-preview":"max-image-preview:large","max-video-preview":"max-video-preview:-1"},"canonical":"https:\/\/www.africa-press.net\/tchad\/photo\/le-cnjt-et-le-pnud-lancent-linitiative-regards-citoyens-a-mao","og_locale":"fr_FR","og_type":"article","og_title":"le CNJT et le PNUD lancent l'initiative \"Regards Citoyens\" \u00e0 Mao","og_description":"Le CNJT et le Programme des Nations Unies pour le De\u0301veloppement (PNUD) ont lance\u0301 ce vendredi 27 octobre 2023, l'initia ...","og_url":"https:\/\/www.africa-press.net\/tchad\/photo\/le-cnjt-et-le-pnud-lancent-linitiative-regards-citoyens-a-mao","og_site_name":"tchad","article_published_time":"2023-10-28T17:44:57+00:00","article_modified_time":"2023-10-28T18:02:46+00:00","og_image":[{"width":1020,"height":765,"url":"https:\/\/static.africa-press.net\/tchad\/sites\/41\/2023\/10\/sm_1698503510.842622.jpg","type":"image\/jpeg"}],"author":"cfeditorfr","twitter_card":"summary_large_image","twitter_misc":{"\u00c9crit par":"cfeditorfr","Dur\u00e9e de lecture estim\u00e9e":"2 minutes"},"schema":{"@context":"https:\/\/schema.org","@graph":[{"@type":"Article","@id":"https:\/\/www.africa-press.net\/tchad\/photo\/le-cnjt-et-le-pnud-lancent-linitiative-regards-citoyens-a-mao#article","isPartOf":{"@id":"https:\/\/www.africa-press.net\/tchad\/photo\/le-cnjt-et-le-pnud-lancent-linitiative-regards-citoyens-a-mao"},"author":{"name":"cfeditorfr","@id":"https:\/\/www.africa-press.net\/tchad\/#\/schema\/person\/2b1cf3cd81a31e3cd26889ca66d677f1"},"headline":"le CNJT et le PNUD lancent l&rsquo;initiative \u00ab\u00a0Regards Citoyens\u00a0\u00bb \u00e0 Mao","datePublished":"2023-10-28T17:44:57+00:00","dateModified":"2023-10-28T18:02:46+00:00","mainEntityOfPage":{"@id":"https:\/\/www.africa-press.net\/tchad\/photo\/le-cnjt-et-le-pnud-lancent-linitiative-regards-citoyens-a-mao"},"wordCount":326,"commentCount":0,"image":{"@id":"https:\/\/www.africa-press.net\/tchad\/photo\/le-cnjt-et-le-pnud-lancent-linitiative-regards-citoyens-a-mao#primaryimage"},"thumbnailUrl":"https:\/\/static.africa-press.net\/tchad\/sites\/41\/2023\/10\/sm_1698503510.842622.jpg","keywords":["Africa Press","Africa Press-Tchad","Tchad"],"articleSection":["Communaut\u00e9","Photo","Toutes les actualit\u00e9s"],"inLanguage":"fr-FR","potentialAction":[{"@type":"CommentAction","name":"Comment","target":["https:\/\/www.africa-press.net\/tchad\/photo\/le-cnjt-et-le-pnud-lancent-linitiative-regards-citoyens-a-mao#respond"]}]},{"@type":"WebPage","@id":"https:\/\/www.africa-press.net\/tchad\/photo\/le-cnjt-et-le-pnud-lancent-linitiative-regards-citoyens-a-mao","url":"https:\/\/www.africa-press.net\/tchad\/photo\/le-cnjt-et-le-pnud-lancent-linitiative-regards-citoyens-a-mao","name":"le CNJT et le PNUD lancent l'initiative \"Regards Citoyens\" \u00e0 Mao - tchad","isPartOf":{"@id":"https:\/\/www.africa-press.net\/tchad\/#website"},"primaryImageOfPage":{"@id":"https:\/\/www.africa-press.net\/tchad\/photo\/le-cnjt-et-le-pnud-lancent-linitiative-regards-citoyens-a-mao#primaryimage"},"image":{"@id":"https:\/\/www.africa-press.net\/tchad\/photo\/le-cnjt-et-le-pnud-lancent-linitiative-regards-citoyens-a-mao#primaryimage"},"thumbnailUrl":"https:\/\/static.africa-press.net\/tchad\/sites\/41\/2023\/10\/sm_1698503510.842622.jpg","datePublished":"2023-10-28T17:44:57+00:00","dateModified":"2023-10-28T18:02:46+00:00","author":{"@id":"https:\/\/www.africa-press.net\/tchad\/#\/schema\/person\/2b1cf3cd81a31e3cd26889ca66d677f1"},"description":"Le CNJT et le Programme des Nations Unies pour le De\u0301veloppement (PNUD) ont lance\u0301 ce vendredi 27 octobre 2023, l'initia ...","breadcrumb":{"@id":"https:\/\/www.africa-press.net\/tchad\/photo\/le-cnjt-et-le-pnud-lancent-linitiative-regards-citoyens-a-mao#breadcrumb"},"inLanguage":"fr-FR","potentialAction":[{"@type":"ReadAction","target":["https:\/\/www.africa-press.net\/tchad\/photo\/le-cnjt-et-le-pnud-lancent-linitiative-regards-citoyens-a-mao"]}]},{"@type":"ImageObject","inLanguage":"fr-FR","@id":"https:\/\/www.africa-press.net\/tchad\/photo\/le-cnjt-et-le-pnud-lancent-linitiative-regards-citoyens-a-mao#primaryimage","url":"https:\/\/static.africa-press.net\/tchad\/sites\/41\/2023\/10\/sm_1698503510.842622.jpg","contentUrl":"https:\/\/static.africa-press.net\/tchad\/sites\/41\/2023\/10\/sm_1698503510.842622.jpg","width":1020,"height":765,"caption":"le CNJT et le PNUD lancent l'initiative \"Regards Citoyens\" \u00e0 Mao"},{"@type":"BreadcrumbList","@id":"https:\/\/www.africa-press.net\/tchad\/photo\/le-cnjt-et-le-pnud-lancent-linitiative-regards-citoyens-a-mao#breadcrumb","itemListElement":[{"@type":"ListItem","position":1,"name":"Accueil","item":"https:\/\/www.africa-press.net\/tchad\/"},{"@type":"ListItem","position":2,"name":"le CNJT et le PNUD lancent l&#8217;initiative &#8220;Regards Citoyens&#8221; \u00e0 Mao"}]},{"@type":"WebSite","@id":"https:\/\/www.africa-press.net\/tchad\/#website","url":"https:\/\/www.africa-press.net\/tchad\/","name":"tchad","description":"Just another Africa News Agency Sites site","potentialAction":[{"@type":"SearchAction","target":{"@type":"EntryPoint","urlTemplate":"https:\/\/www.africa-press.net\/tchad\/?s={search_term_string}"},"query-input":{"@type":"PropertyValueSpecification","valueRequired":true,"valueName":"search_term_string"}}],"inLanguage":"fr-FR"},{"@type":"Person","@id":"https:\/\/www.africa-press.net\/tchad\/#\/schema\/person\/2b1cf3cd81a31e3cd26889ca66d677f1","name":"cfeditorfr"}]}},"_links":{"self":[{"href":"https:\/\/www.africa-press.net\/tchad\/wp-json\/wp\/v2\/posts\/53046","targetHints":{"allow":["GET"]}}],"collection":[{"href":"https:\/\/www.africa-press.net\/tchad\/wp-json\/wp\/v2\/posts"}],"about":[{"href":"https:\/\/www.africa-press.net\/tchad\/wp-json\/wp\/v2\/types\/post"}],"author":[{"embeddable":true,"href":"https:\/\/www.africa-press.net\/tchad\/wp-json\/wp\/v2\/users\/82"}],"replies":[{"embeddable":true,"href":"https:\/\/www.africa-press.net\/tchad\/wp-json\/wp\/v2\/comments?post=53046"}],"version-history":[{"count":0,"href":"https:\/\/www.africa-press.net\/tchad\/wp-json\/wp\/v2\/posts\/53046\/revisions"}],"wp:featuredmedia":[{"embeddable":true,"href":"https:\/\/www.africa-press.net\/tchad\/wp-json\/wp\/v2\/media\/53045"}],"wp:attachment":[{"href":"https:\/\/www.africa-press.net\/tchad\/wp-json\/wp\/v2\/media?parent=53046"}],"wp:term":[{"taxonomy":"category","embeddable":true,"href":"https:\/\/www.africa-press.net\/tchad\/wp-json\/wp\/v2\/categories?post=53046"},{"taxonomy":"post_tag","embeddable":true,"href":"https:\/\/www.africa-press.net\/tchad\/wp-json\/wp\/v2\/tags?post=53046"}],"curies":[{"name":"wp","href":"https:\/\/api.w.org\/{rel}","templated":true}]}}