{"id":53057,"date":"2023-10-28T17:49:34","date_gmt":"2023-10-28T17:49:34","guid":{"rendered":"https:\/\/www.africa-press.net\/tchad\/politique\/les-radios-privees-de-la-province-du-logone-occidental-observent-deux-jours-de-greve"},"modified":"2023-10-28T18:08:57","modified_gmt":"2023-10-28T18:08:57","slug":"les-radios-privees-de-la-province-du-logone-occidental-observent-deux-jours-de-greve","status":"publish","type":"post","link":"https:\/\/www.africa-press.net\/tchad\/politique\/les-radios-privees-de-la-province-du-logone-occidental-observent-deux-jours-de-greve","title":{"rendered":"les radios priv\u00e9es de la province du Logone occidental observent deux jours de gr\u00e8ve"},"content":{"rendered":"<p><span style=\"color: #ff6600\"><strong>Africa-Press &#8211; Tchad. <\/strong><\/span>Les radios prive\u0301es de la province du Logone occidental a\u0300 savoir ; la Radio Kar Uba et la Radio Bonne Nouvelle de Moundou, la radio Mon Ami de Beinamar, la radio FM Re\u0301veil de Bebalem et la radio communautaire de Ngourkosso ont de\u0301cide\u0301 le 23 octobre dernier d\u2019observer deux jours sans radio allant du 28 au 29 octobre 2023. Raison, la rarete\u0301 et la hausse du prix de carburant dans la ville de Moundou.<\/p>\n<p>Dans leur communique\u0301 commun, les responsables de ces radios prive\u0301es ont interpelle\u0301 les autorite\u0301s provinciales, le de\u0301le\u0301gue\u0301 du commerce et le ministre du Pe\u0301trole et de l\u2019Energie a\u0300 assumer leurs responsabilite\u0301s afin que la paix sociale s\u2019installe dans cette province.<\/p>\n<p>Il est a\u0300 noter que faute d\u2019e\u0301nergie e\u0301lectrique, ces radios fonctionnent a\u0300 l\u2019aide des groupes e\u0301lectrogenes qui consomment du carburant.<\/p>\n\r\n                <style type=\"text\/css\">\r\n                    \r\n                    #td_uid_1_69f195e96756a  .td-doubleSlider-2 .td-item1 {\r\n                        background: url(https:\/\/static.africa-press.net\/tchad\/sites\/41\/2023\/10\/sm_1698503877.380943-80x60.jpg) 0 0 no-repeat;\r\n                    }\r\n                    #td_uid_1_69f195e96756a  .td-doubleSlider-2 .td-item2 {\r\n                        background: url(https:\/\/static.africa-press.net\/tchad\/sites\/41\/2023\/10\/sm_1698503888.760704-80x60.jpg) 0 0 no-repeat;\r\n                    }\r\n                <\/style>\r\n\r\n                <div id=\"td_uid_1_69f195e96756a\" class=\"td-gallery td-slide-on-2-columns\">\r\n                    <div class=\"post_td_gallery\">\r\n                        <div class=\"td-gallery-slide-top\">\r\n                           <div class=\"td-gallery-title\"><\/div>\r\n\r\n                            <div class=\"td-gallery-controls-wrapper\">\r\n                                <div class=\"td-gallery-slide-count\"><span class=\"td-gallery-slide-item-focus\">1<\/span> de 2<\/div>\r\n                                <div class=\"td-gallery-slide-prev-next-but\">\r\n                                    <i class = \"td-icon-left doubleSliderPrevButton\"><\/i>\r\n                                    <i class = \"td-icon-right doubleSliderNextButton\"><\/i>\r\n                                <\/div>\r\n                            <\/div>\r\n                        <\/div>\r\n\r\n                        <div class = \"td-doubleSlider-1 \">\r\n                            <div class = \"td-slider\">\r\n                                \r\n                    <div class = \"td-slide-item td-item1\">\r\n                        <figure class=\"td-slide-galery-figure td-slide-popup-gallery\">\r\n                            <a class=\"slide-gallery-image-link\" href=\"https:\/\/static.africa-press.net\/tchad\/sites\/41\/2023\/10\/sm_1698503877.380943.jpg\" title=\"sm_1698503877.380943\"  data-caption=\"\"  data-description=\"\">\r\n                                <img decoding=\"async\" src=\"https:\/\/static.africa-press.net\/tchad\/sites\/41\/2023\/10\/sm_1698503877.380943.jpg\" srcset=\"https:\/\/static.africa-press.net\/tchad\/sites\/41\/2023\/10\/sm_1698503877.380943.jpg 720w, https:\/\/static.africa-press.net\/tchad\/sites\/41\/2023\/10\/sm_1698503877.380943-237x300.jpg 237w\" sizes=\"(max-width: 720px) 100vw, 720px\" alt=\"\">\r\n                            <\/a>\r\n                            \r\n                        <\/figure>\r\n                    <\/div>\r\n                    <div class = \"td-slide-item td-item2\">\r\n                        <figure class=\"td-slide-galery-figure td-slide-popup-gallery\">\r\n                            <a class=\"slide-gallery-image-link\" href=\"https:\/\/static.africa-press.net\/tchad\/sites\/41\/2023\/10\/sm_1698503888.760704.jpg\" title=\"sm_1698503888.760704\"  data-caption=\"\"  data-description=\"\">\r\n                                <img decoding=\"async\" src=\"https:\/\/static.africa-press.net\/tchad\/sites\/41\/2023\/10\/sm_1698503888.760704.jpg\" srcset=\"https:\/\/static.africa-press.net\/tchad\/sites\/41\/2023\/10\/sm_1698503888.760704.jpg 720w, https:\/\/static.africa-press.net\/tchad\/sites\/41\/2023\/10\/sm_1698503888.760704-212x300.jpg 212w\" sizes=\"(max-width: 720px) 100vw, 720px\" alt=\"\">\r\n                            <\/a>\r\n                            \r\n                        <\/figure>\r\n                    <\/div>\r\n                            <\/div>\r\n                        <\/div>\r\n\r\n                        <div class = \"td-doubleSlider-2\">\r\n                            <div class = \"td-slider\">\r\n                                \r\n                    <div class = \"td-button td-item1\">\r\n                        <div class = \"td-border\"><\/div>\r\n                    <\/div>\r\n                    <div class = \"td-button td-item2\">\r\n                        <div class = \"td-border\"><\/div>\r\n                    <\/div>\r\n                            <\/div>\r\n                        <\/div>\r\n\r\n                    <\/div>\r\n\r\n                <\/div>\r\n                \n<p><strong>Pour plus d&rsquo;informations et d&rsquo;analyses sur la <a href=\"https:\/\/www.africa-press.net\/tchad\">Tchad<\/a>, suivez <a href=\"https:\/\/www.africa-press.net\/\">Africa-Press<\/a><\/strong><\/p>\n","protected":false},"excerpt":{"rendered":"<p>Africa-Press &#8211; Tchad. Les radios prive\u0301es de la province du Logone occidental a\u0300 savoir ; la Radio Kar Uba et la Radio Bonne Nouvelle de Moundou, la radio Mon Ami de Beinamar, la radio FM Re\u0301veil de Bebalem et la radio communautaire de Ngourkosso ont de\u0301cide\u0301 le 23 octobre dernier d\u2019observer deux jours sans radio [&hellip;]<\/p>\n","protected":false},"author":82,"featured_media":53056,"comment_status":"open","ping_status":"closed","sticky":false,"template":"","format":"standard","meta":{"footnotes":""},"categories":[8,2,10],"tags":[37,292,29],"class_list":["post-53057","post","type-post","status-publish","format-standard","has-post-thumbnail","hentry","category-photo","category-politique","category-toutes-les-actualites","tag-africa-press","tag-africa-press-tchad","tag-tchad"],"yoast_head":"<!-- This site is optimized with the Yoast SEO Premium plugin v26.1 (Yoast SEO v27.0) - https:\/\/yoast.com\/product\/yoast-seo-premium-wordpress\/ -->\n<title>les radios priv\u00e9es de la province du Logone occidental observent deux jours de gr\u00e8ve - tchad<\/title>\n<meta name=\"description\" content=\"Les radios prive\u0301es de la province du Logone occidental a\u0300 savoir ; la Radio Kar Uba et la Radio Bonne Nouvelle de Mound ...\" \/>\n<meta name=\"robots\" content=\"index, follow, max-snippet:-1, max-image-preview:large, max-video-preview:-1\" \/>\n<link rel=\"canonical\" href=\"https:\/\/www.africa-press.net\/tchad\/politique\/les-radios-privees-de-la-province-du-logone-occidental-observent-deux-jours-de-greve\" \/>\n<meta property=\"og:locale\" content=\"fr_FR\" \/>\n<meta property=\"og:type\" content=\"article\" \/>\n<meta property=\"og:title\" content=\"les radios priv\u00e9es de la province du Logone occidental observent deux jours de gr\u00e8ve\" \/>\n<meta property=\"og:description\" content=\"Les radios prive\u0301es de la province du Logone occidental a\u0300 savoir ; la Radio Kar Uba et la Radio Bonne Nouvelle de Mound ...\" \/>\n<meta property=\"og:url\" content=\"https:\/\/www.africa-press.net\/tchad\/politique\/les-radios-privees-de-la-province-du-logone-occidental-observent-deux-jours-de-greve\" \/>\n<meta property=\"og:site_name\" content=\"tchad\" \/>\n<meta property=\"article:published_time\" content=\"2023-10-28T17:49:34+00:00\" \/>\n<meta property=\"article:modified_time\" content=\"2023-10-28T18:08:57+00:00\" \/>\n<meta property=\"og:image\" content=\"https:\/\/static.africa-press.net\/tchad\/sites\/41\/2023\/10\/sm_1698503903.553965.jpg\" \/>\n\t<meta property=\"og:image:width\" content=\"1280\" \/>\n\t<meta property=\"og:image:height\" content=\"853\" \/>\n\t<meta property=\"og:image:type\" content=\"image\/jpeg\" \/>\n<meta name=\"author\" content=\"cfeditorfr\" \/>\n<meta name=\"twitter:card\" content=\"summary_large_image\" \/>\n<meta name=\"twitter:label1\" content=\"\u00c9crit par\" \/>\n\t<meta name=\"twitter:data1\" content=\"cfeditorfr\" \/>\n\t<meta name=\"twitter:label2\" content=\"Dur\u00e9e de lecture estim\u00e9e\" \/>\n\t<meta name=\"twitter:data2\" content=\"1 minute\" \/>\n<script type=\"application\/ld+json\" class=\"yoast-schema-graph\">{\"@context\":\"https:\/\/schema.org\",\"@graph\":[{\"@type\":\"Article\",\"@id\":\"https:\/\/www.africa-press.net\/tchad\/politique\/les-radios-privees-de-la-province-du-logone-occidental-observent-deux-jours-de-greve#article\",\"isPartOf\":{\"@id\":\"https:\/\/www.africa-press.net\/tchad\/politique\/les-radios-privees-de-la-province-du-logone-occidental-observent-deux-jours-de-greve\"},\"author\":{\"name\":\"cfeditorfr\",\"@id\":\"https:\/\/www.africa-press.net\/tchad\/#\/schema\/person\/2b1cf3cd81a31e3cd26889ca66d677f1\"},\"headline\":\"les radios priv\u00e9es de la province du Logone occidental observent deux jours de gr\u00e8ve\",\"datePublished\":\"2023-10-28T17:49:34+00:00\",\"dateModified\":\"2023-10-28T18:08:57+00:00\",\"mainEntityOfPage\":{\"@id\":\"https:\/\/www.africa-press.net\/tchad\/politique\/les-radios-privees-de-la-province-du-logone-occidental-observent-deux-jours-de-greve\"},\"wordCount\":187,\"commentCount\":0,\"image\":{\"@id\":\"https:\/\/www.africa-press.net\/tchad\/politique\/les-radios-privees-de-la-province-du-logone-occidental-observent-deux-jours-de-greve#primaryimage\"},\"thumbnailUrl\":\"https:\/\/static.africa-press.net\/tchad\/sites\/41\/2023\/10\/sm_1698503903.553965.jpg\",\"keywords\":[\"Africa Press\",\"Africa Press-Tchad\",\"Tchad\"],\"articleSection\":[\"Photo\",\"Politique\",\"Toutes les actualit\u00e9s\"],\"inLanguage\":\"fr-FR\",\"potentialAction\":[{\"@type\":\"CommentAction\",\"name\":\"Comment\",\"target\":[\"https:\/\/www.africa-press.net\/tchad\/politique\/les-radios-privees-de-la-province-du-logone-occidental-observent-deux-jours-de-greve#respond\"]}]},{\"@type\":\"WebPage\",\"@id\":\"https:\/\/www.africa-press.net\/tchad\/politique\/les-radios-privees-de-la-province-du-logone-occidental-observent-deux-jours-de-greve\",\"url\":\"https:\/\/www.africa-press.net\/tchad\/politique\/les-radios-privees-de-la-province-du-logone-occidental-observent-deux-jours-de-greve\",\"name\":\"les radios priv\u00e9es de la province du Logone occidental observent deux jours de gr\u00e8ve - tchad\",\"isPartOf\":{\"@id\":\"https:\/\/www.africa-press.net\/tchad\/#website\"},\"primaryImageOfPage\":{\"@id\":\"https:\/\/www.africa-press.net\/tchad\/politique\/les-radios-privees-de-la-province-du-logone-occidental-observent-deux-jours-de-greve#primaryimage\"},\"image\":{\"@id\":\"https:\/\/www.africa-press.net\/tchad\/politique\/les-radios-privees-de-la-province-du-logone-occidental-observent-deux-jours-de-greve#primaryimage\"},\"thumbnailUrl\":\"https:\/\/static.africa-press.net\/tchad\/sites\/41\/2023\/10\/sm_1698503903.553965.jpg\",\"datePublished\":\"2023-10-28T17:49:34+00:00\",\"dateModified\":\"2023-10-28T18:08:57+00:00\",\"author\":{\"@id\":\"https:\/\/www.africa-press.net\/tchad\/#\/schema\/person\/2b1cf3cd81a31e3cd26889ca66d677f1\"},\"description\":\"Les radios prive\u0301es de la province du Logone occidental a\u0300 savoir ; la Radio Kar Uba et la Radio Bonne Nouvelle de Mound ...\",\"breadcrumb\":{\"@id\":\"https:\/\/www.africa-press.net\/tchad\/politique\/les-radios-privees-de-la-province-du-logone-occidental-observent-deux-jours-de-greve#breadcrumb\"},\"inLanguage\":\"fr-FR\",\"potentialAction\":[{\"@type\":\"ReadAction\",\"target\":[\"https:\/\/www.africa-press.net\/tchad\/politique\/les-radios-privees-de-la-province-du-logone-occidental-observent-deux-jours-de-greve\"]}]},{\"@type\":\"ImageObject\",\"inLanguage\":\"fr-FR\",\"@id\":\"https:\/\/www.africa-press.net\/tchad\/politique\/les-radios-privees-de-la-province-du-logone-occidental-observent-deux-jours-de-greve#primaryimage\",\"url\":\"https:\/\/static.africa-press.net\/tchad\/sites\/41\/2023\/10\/sm_1698503903.553965.jpg\",\"contentUrl\":\"https:\/\/static.africa-press.net\/tchad\/sites\/41\/2023\/10\/sm_1698503903.553965.jpg\",\"width\":1280,\"height\":853,\"caption\":\"les radios priv\u00e9es de la province du Logone occidental observent deux jours de gr\u00e8ve\"},{\"@type\":\"BreadcrumbList\",\"@id\":\"https:\/\/www.africa-press.net\/tchad\/politique\/les-radios-privees-de-la-province-du-logone-occidental-observent-deux-jours-de-greve#breadcrumb\",\"itemListElement\":[{\"@type\":\"ListItem\",\"position\":1,\"name\":\"Accueil\",\"item\":\"https:\/\/www.africa-press.net\/tchad\/\"},{\"@type\":\"ListItem\",\"position\":2,\"name\":\"les radios priv\u00e9es de la province du Logone occidental observent deux jours de gr\u00e8ve\"}]},{\"@type\":\"WebSite\",\"@id\":\"https:\/\/www.africa-press.net\/tchad\/#website\",\"url\":\"https:\/\/www.africa-press.net\/tchad\/\",\"name\":\"tchad\",\"description\":\"Just another Africa News Agency Sites site\",\"potentialAction\":[{\"@type\":\"SearchAction\",\"target\":{\"@type\":\"EntryPoint\",\"urlTemplate\":\"https:\/\/www.africa-press.net\/tchad\/?s={search_term_string}\"},\"query-input\":{\"@type\":\"PropertyValueSpecification\",\"valueRequired\":true,\"valueName\":\"search_term_string\"}}],\"inLanguage\":\"fr-FR\"},{\"@type\":\"Person\",\"@id\":\"https:\/\/www.africa-press.net\/tchad\/#\/schema\/person\/2b1cf3cd81a31e3cd26889ca66d677f1\",\"name\":\"cfeditorfr\"}]}<\/script>\n<!-- \/ Yoast SEO Premium plugin. -->","yoast_head_json":{"title":"les radios priv\u00e9es de la province du Logone occidental observent deux jours de gr\u00e8ve - tchad","description":"Les radios prive\u0301es de la province du Logone occidental a\u0300 savoir ; la Radio Kar Uba et la Radio Bonne Nouvelle de Mound ...","robots":{"index":"index","follow":"follow","max-snippet":"max-snippet:-1","max-image-preview":"max-image-preview:large","max-video-preview":"max-video-preview:-1"},"canonical":"https:\/\/www.africa-press.net\/tchad\/politique\/les-radios-privees-de-la-province-du-logone-occidental-observent-deux-jours-de-greve","og_locale":"fr_FR","og_type":"article","og_title":"les radios priv\u00e9es de la province du Logone occidental observent deux jours de gr\u00e8ve","og_description":"Les radios prive\u0301es de la province du Logone occidental a\u0300 savoir ; la Radio Kar Uba et la Radio Bonne Nouvelle de Mound ...","og_url":"https:\/\/www.africa-press.net\/tchad\/politique\/les-radios-privees-de-la-province-du-logone-occidental-observent-deux-jours-de-greve","og_site_name":"tchad","article_published_time":"2023-10-28T17:49:34+00:00","article_modified_time":"2023-10-28T18:08:57+00:00","og_image":[{"width":1280,"height":853,"url":"https:\/\/static.africa-press.net\/tchad\/sites\/41\/2023\/10\/sm_1698503903.553965.jpg","type":"image\/jpeg"}],"author":"cfeditorfr","twitter_card":"summary_large_image","twitter_misc":{"\u00c9crit par":"cfeditorfr","Dur\u00e9e de lecture estim\u00e9e":"1 minute"},"schema":{"@context":"https:\/\/schema.org","@graph":[{"@type":"Article","@id":"https:\/\/www.africa-press.net\/tchad\/politique\/les-radios-privees-de-la-province-du-logone-occidental-observent-deux-jours-de-greve#article","isPartOf":{"@id":"https:\/\/www.africa-press.net\/tchad\/politique\/les-radios-privees-de-la-province-du-logone-occidental-observent-deux-jours-de-greve"},"author":{"name":"cfeditorfr","@id":"https:\/\/www.africa-press.net\/tchad\/#\/schema\/person\/2b1cf3cd81a31e3cd26889ca66d677f1"},"headline":"les radios priv\u00e9es de la province du Logone occidental observent deux jours de gr\u00e8ve","datePublished":"2023-10-28T17:49:34+00:00","dateModified":"2023-10-28T18:08:57+00:00","mainEntityOfPage":{"@id":"https:\/\/www.africa-press.net\/tchad\/politique\/les-radios-privees-de-la-province-du-logone-occidental-observent-deux-jours-de-greve"},"wordCount":187,"commentCount":0,"image":{"@id":"https:\/\/www.africa-press.net\/tchad\/politique\/les-radios-privees-de-la-province-du-logone-occidental-observent-deux-jours-de-greve#primaryimage"},"thumbnailUrl":"https:\/\/static.africa-press.net\/tchad\/sites\/41\/2023\/10\/sm_1698503903.553965.jpg","keywords":["Africa Press","Africa Press-Tchad","Tchad"],"articleSection":["Photo","Politique","Toutes les actualit\u00e9s"],"inLanguage":"fr-FR","potentialAction":[{"@type":"CommentAction","name":"Comment","target":["https:\/\/www.africa-press.net\/tchad\/politique\/les-radios-privees-de-la-province-du-logone-occidental-observent-deux-jours-de-greve#respond"]}]},{"@type":"WebPage","@id":"https:\/\/www.africa-press.net\/tchad\/politique\/les-radios-privees-de-la-province-du-logone-occidental-observent-deux-jours-de-greve","url":"https:\/\/www.africa-press.net\/tchad\/politique\/les-radios-privees-de-la-province-du-logone-occidental-observent-deux-jours-de-greve","name":"les radios priv\u00e9es de la province du Logone occidental observent deux jours de gr\u00e8ve - tchad","isPartOf":{"@id":"https:\/\/www.africa-press.net\/tchad\/#website"},"primaryImageOfPage":{"@id":"https:\/\/www.africa-press.net\/tchad\/politique\/les-radios-privees-de-la-province-du-logone-occidental-observent-deux-jours-de-greve#primaryimage"},"image":{"@id":"https:\/\/www.africa-press.net\/tchad\/politique\/les-radios-privees-de-la-province-du-logone-occidental-observent-deux-jours-de-greve#primaryimage"},"thumbnailUrl":"https:\/\/static.africa-press.net\/tchad\/sites\/41\/2023\/10\/sm_1698503903.553965.jpg","datePublished":"2023-10-28T17:49:34+00:00","dateModified":"2023-10-28T18:08:57+00:00","author":{"@id":"https:\/\/www.africa-press.net\/tchad\/#\/schema\/person\/2b1cf3cd81a31e3cd26889ca66d677f1"},"description":"Les radios prive\u0301es de la province du Logone occidental a\u0300 savoir ; la Radio Kar Uba et la Radio Bonne Nouvelle de Mound ...","breadcrumb":{"@id":"https:\/\/www.africa-press.net\/tchad\/politique\/les-radios-privees-de-la-province-du-logone-occidental-observent-deux-jours-de-greve#breadcrumb"},"inLanguage":"fr-FR","potentialAction":[{"@type":"ReadAction","target":["https:\/\/www.africa-press.net\/tchad\/politique\/les-radios-privees-de-la-province-du-logone-occidental-observent-deux-jours-de-greve"]}]},{"@type":"ImageObject","inLanguage":"fr-FR","@id":"https:\/\/www.africa-press.net\/tchad\/politique\/les-radios-privees-de-la-province-du-logone-occidental-observent-deux-jours-de-greve#primaryimage","url":"https:\/\/static.africa-press.net\/tchad\/sites\/41\/2023\/10\/sm_1698503903.553965.jpg","contentUrl":"https:\/\/static.africa-press.net\/tchad\/sites\/41\/2023\/10\/sm_1698503903.553965.jpg","width":1280,"height":853,"caption":"les radios priv\u00e9es de la province du Logone occidental observent deux jours de gr\u00e8ve"},{"@type":"BreadcrumbList","@id":"https:\/\/www.africa-press.net\/tchad\/politique\/les-radios-privees-de-la-province-du-logone-occidental-observent-deux-jours-de-greve#breadcrumb","itemListElement":[{"@type":"ListItem","position":1,"name":"Accueil","item":"https:\/\/www.africa-press.net\/tchad\/"},{"@type":"ListItem","position":2,"name":"les radios priv\u00e9es de la province du Logone occidental observent deux jours de gr\u00e8ve"}]},{"@type":"WebSite","@id":"https:\/\/www.africa-press.net\/tchad\/#website","url":"https:\/\/www.africa-press.net\/tchad\/","name":"tchad","description":"Just another Africa News Agency Sites site","potentialAction":[{"@type":"SearchAction","target":{"@type":"EntryPoint","urlTemplate":"https:\/\/www.africa-press.net\/tchad\/?s={search_term_string}"},"query-input":{"@type":"PropertyValueSpecification","valueRequired":true,"valueName":"search_term_string"}}],"inLanguage":"fr-FR"},{"@type":"Person","@id":"https:\/\/www.africa-press.net\/tchad\/#\/schema\/person\/2b1cf3cd81a31e3cd26889ca66d677f1","name":"cfeditorfr"}]}},"_links":{"self":[{"href":"https:\/\/www.africa-press.net\/tchad\/wp-json\/wp\/v2\/posts\/53057","targetHints":{"allow":["GET"]}}],"collection":[{"href":"https:\/\/www.africa-press.net\/tchad\/wp-json\/wp\/v2\/posts"}],"about":[{"href":"https:\/\/www.africa-press.net\/tchad\/wp-json\/wp\/v2\/types\/post"}],"author":[{"embeddable":true,"href":"https:\/\/www.africa-press.net\/tchad\/wp-json\/wp\/v2\/users\/82"}],"replies":[{"embeddable":true,"href":"https:\/\/www.africa-press.net\/tchad\/wp-json\/wp\/v2\/comments?post=53057"}],"version-history":[{"count":0,"href":"https:\/\/www.africa-press.net\/tchad\/wp-json\/wp\/v2\/posts\/53057\/revisions"}],"wp:featuredmedia":[{"embeddable":true,"href":"https:\/\/www.africa-press.net\/tchad\/wp-json\/wp\/v2\/media\/53056"}],"wp:attachment":[{"href":"https:\/\/www.africa-press.net\/tchad\/wp-json\/wp\/v2\/media?parent=53057"}],"wp:term":[{"taxonomy":"category","embeddable":true,"href":"https:\/\/www.africa-press.net\/tchad\/wp-json\/wp\/v2\/categories?post=53057"},{"taxonomy":"post_tag","embeddable":true,"href":"https:\/\/www.africa-press.net\/tchad\/wp-json\/wp\/v2\/tags?post=53057"}],"curies":[{"name":"wp","href":"https:\/\/api.w.org\/{rel}","templated":true}]}}