{"id":53072,"date":"2023-10-28T18:59:14","date_gmt":"2023-10-28T18:59:14","guid":{"rendered":"https:\/\/www.africa-press.net\/tchad\/politique\/le-projet-adelac-ameliore-lacces-a-la-sante-et-a-leducation-au-lac"},"modified":"2023-10-28T19:41:15","modified_gmt":"2023-10-28T19:41:15","slug":"le-projet-adelac-ameliore-lacces-a-la-sante-et-a-leducation-au-lac","status":"publish","type":"post","link":"https:\/\/www.africa-press.net\/tchad\/toutes-les-actualites\/le-projet-adelac-ameliore-lacces-a-la-sante-et-a-leducation-au-lac","title":{"rendered":"le Projet ADELAC am\u00e9liore l\u2019acc\u00e8s \u00e0 la sant\u00e9 et \u00e0 l\u2019\u00e9ducation au Lac"},"content":{"rendered":"<p><span style=\"color: #ff6600\"><strong>Africa-Press &#8211; Tchad. <\/strong><\/span>Il se tient depuis ce 27 octobre 2023 a\u0300 Bol la Revue annuelle des activite\u0301s bilan et planification du projet \u00ab\u00a0Appui au De\u0301veloppement des Jeunes Enfants dans la Province du Lac\u00a0\u00bb (ADELAC). C&rsquo;est le gouverneur de la province du Lac, Djibrine Ratou, qui a ouvert les travaux.<\/p>\n<p>Cette rencontre annuelle se de\u0301roule juste apre\u0300s la mission de suivi et de supervision du comite\u0301 provincial d&rsquo;action sur le terrain. L&rsquo;objectif est de passer en revue toutes les re\u0301alisations du projet au cours des trois premie\u0300res anne\u0301es de mise en \u0153uvre, de les comparer aux objectifs du projet, en vue de planifier avec assurance la quatrie\u0300me et dernie\u0300re anne\u0301e du projet.<\/p>\n<p>Le directeur du programme de l&rsquo;IRC, Ali Amadou, qui assure la coordination du consortium, a souligne\u0301 que les re\u0301alisations, bien que non exhaustives, ont conside\u0301rablement ame\u0301liore\u0301 l&rsquo;acce\u0300s a\u0300 la sante\u0301, a\u0300 l&rsquo;e\u0301ducation et a\u0300 la protection des populations de la zone d&rsquo;intervention.<\/p>\n<p>Le charge\u0301 de projet e\u0301ducation de l&rsquo;Agence franc\u0327aise de de\u0301veloppement, Ndlikodje\u0301 Beridabaye, s&rsquo;est de\u0301clare\u0301 satisfait du travail accompli par le consortium. Il a souligne\u0301 l&rsquo;importance de se pencher sur la pe\u0301rennisation des bonnes pratiques mises en place dans le cadre du projet.<\/p>\n<p>En ouvrant les travaux, le gouverneur de la province du Lac, Djibrine Ratou, a salue\u0301 cette initiative de\u0301ploye\u0301e sur le terrain au profit des populations cibles de la province. Il a souligne\u0301 que cette de\u0301marche est en ade\u0301quation avec la vision e\u0301claire\u0301e du ge\u0301ne\u0301ral Mahamat Idriss Deby Itno. Djibrine Ratou a exprime\u0301 le v\u0153u de voir le projet ADELAC obtenir une deuxie\u0300me phase et, pourquoi pas, s&rsquo;e\u0301tendre a\u0300 d&rsquo;autres de\u0301partements.<\/p>\n<p>Ce projet, finance\u0301 par l&rsquo;Agence Franc\u0327aise de De\u0301veloppement (AFD), est mis en \u0153uvre par le consortium, notamment IRC, COOPI, Initiatives De\u0301veloppement et PADIESE.<\/p>\n<p><strong>Pour plus d&rsquo;informations et d&rsquo;analyses sur la <a href=\"https:\/\/www.africa-press.net\/tchad\">Tchad<\/a>, suivez <a href=\"https:\/\/www.africa-press.net\/\">Africa-Press<\/a><\/strong><\/p>\n","protected":false},"excerpt":{"rendered":"<p>Africa-Press &#8211; Tchad. Il se tient depuis ce 27 octobre 2023 a\u0300 Bol la Revue annuelle des activite\u0301s bilan et planification du projet \u00ab\u00a0Appui au De\u0301veloppement des Jeunes Enfants dans la Province du Lac\u00a0\u00bb (ADELAC). C&rsquo;est le gouverneur de la province du Lac, Djibrine Ratou, qui a ouvert les travaux. Cette rencontre annuelle se de\u0301roule [&hellip;]<\/p>\n","protected":false},"author":82,"featured_media":53071,"comment_status":"open","ping_status":"closed","sticky":false,"template":"","format":"standard","meta":{"footnotes":""},"categories":[21,10],"tags":[37,292,29],"class_list":["post-53072","post","type-post","status-publish","format-standard","has-post-thumbnail","hentry","category-communaute","category-toutes-les-actualites","tag-africa-press","tag-africa-press-tchad","tag-tchad"],"yoast_head":"<!-- This site is optimized with the Yoast SEO Premium plugin v26.1 (Yoast SEO v27.0) - https:\/\/yoast.com\/product\/yoast-seo-premium-wordpress\/ -->\n<title>le Projet ADELAC am\u00e9liore l\u2019acc\u00e8s \u00e0 la sant\u00e9 et \u00e0 l\u2019\u00e9ducation au Lac - tchad<\/title>\n<meta name=\"description\" content=\"Il se tient depuis ce 27 octobre 2023 a\u0300 Bol la Revue annuelle des activite\u0301s bilan et planification du projet &quot;Appui au ...\" \/>\n<meta name=\"robots\" content=\"index, follow, max-snippet:-1, max-image-preview:large, max-video-preview:-1\" \/>\n<link rel=\"canonical\" href=\"https:\/\/www.africa-press.net\/tchad\/toutes-les-actualites\/le-projet-adelac-ameliore-lacces-a-la-sante-et-a-leducation-au-lac\" \/>\n<meta property=\"og:locale\" content=\"fr_FR\" \/>\n<meta property=\"og:type\" content=\"article\" \/>\n<meta property=\"og:title\" content=\"le Projet ADELAC am\u00e9liore l\u2019acc\u00e8s \u00e0 la sant\u00e9 et \u00e0 l\u2019\u00e9ducation au Lac\" \/>\n<meta property=\"og:description\" content=\"Il se tient depuis ce 27 octobre 2023 a\u0300 Bol la Revue annuelle des activite\u0301s bilan et planification du projet &quot;Appui au ...\" \/>\n<meta property=\"og:url\" content=\"https:\/\/www.africa-press.net\/tchad\/toutes-les-actualites\/le-projet-adelac-ameliore-lacces-a-la-sante-et-a-leducation-au-lac\" \/>\n<meta property=\"og:site_name\" content=\"tchad\" \/>\n<meta property=\"article:published_time\" content=\"2023-10-28T18:59:14+00:00\" \/>\n<meta property=\"article:modified_time\" content=\"2023-10-28T19:41:15+00:00\" \/>\n<meta property=\"og:image\" content=\"https:\/\/static.africa-press.net\/tchad\/sites\/41\/2023\/10\/sm_1698509404.84179.jpg\" \/>\n\t<meta property=\"og:image:width\" content=\"1080\" \/>\n\t<meta property=\"og:image:height\" content=\"810\" \/>\n\t<meta property=\"og:image:type\" content=\"image\/jpeg\" \/>\n<meta name=\"author\" content=\"cfeditorfr\" \/>\n<meta name=\"twitter:card\" content=\"summary_large_image\" \/>\n<meta name=\"twitter:label1\" content=\"\u00c9crit par\" \/>\n\t<meta name=\"twitter:data1\" content=\"cfeditorfr\" \/>\n\t<meta name=\"twitter:label2\" content=\"Dur\u00e9e de lecture estim\u00e9e\" \/>\n\t<meta name=\"twitter:data2\" content=\"2 minutes\" \/>\n<script type=\"application\/ld+json\" class=\"yoast-schema-graph\">{\"@context\":\"https:\/\/schema.org\",\"@graph\":[{\"@type\":\"Article\",\"@id\":\"https:\/\/www.africa-press.net\/tchad\/toutes-les-actualites\/le-projet-adelac-ameliore-lacces-a-la-sante-et-a-leducation-au-lac#article\",\"isPartOf\":{\"@id\":\"https:\/\/www.africa-press.net\/tchad\/toutes-les-actualites\/le-projet-adelac-ameliore-lacces-a-la-sante-et-a-leducation-au-lac\"},\"author\":{\"name\":\"cfeditorfr\",\"@id\":\"https:\/\/www.africa-press.net\/tchad\/#\/schema\/person\/2b1cf3cd81a31e3cd26889ca66d677f1\"},\"headline\":\"le Projet ADELAC am\u00e9liore l\u2019acc\u00e8s \u00e0 la sant\u00e9 et \u00e0 l\u2019\u00e9ducation au Lac\",\"datePublished\":\"2023-10-28T18:59:14+00:00\",\"dateModified\":\"2023-10-28T19:41:15+00:00\",\"mainEntityOfPage\":{\"@id\":\"https:\/\/www.africa-press.net\/tchad\/toutes-les-actualites\/le-projet-adelac-ameliore-lacces-a-la-sante-et-a-leducation-au-lac\"},\"wordCount\":362,\"commentCount\":0,\"image\":{\"@id\":\"https:\/\/www.africa-press.net\/tchad\/toutes-les-actualites\/le-projet-adelac-ameliore-lacces-a-la-sante-et-a-leducation-au-lac#primaryimage\"},\"thumbnailUrl\":\"https:\/\/static.africa-press.net\/tchad\/sites\/41\/2023\/10\/sm_1698509404.84179.jpg\",\"keywords\":[\"Africa Press\",\"Africa Press-Tchad\",\"Tchad\"],\"articleSection\":[\"Communaut\u00e9\",\"Toutes les actualit\u00e9s\"],\"inLanguage\":\"fr-FR\",\"potentialAction\":[{\"@type\":\"CommentAction\",\"name\":\"Comment\",\"target\":[\"https:\/\/www.africa-press.net\/tchad\/toutes-les-actualites\/le-projet-adelac-ameliore-lacces-a-la-sante-et-a-leducation-au-lac#respond\"]}]},{\"@type\":\"WebPage\",\"@id\":\"https:\/\/www.africa-press.net\/tchad\/toutes-les-actualites\/le-projet-adelac-ameliore-lacces-a-la-sante-et-a-leducation-au-lac\",\"url\":\"https:\/\/www.africa-press.net\/tchad\/toutes-les-actualites\/le-projet-adelac-ameliore-lacces-a-la-sante-et-a-leducation-au-lac\",\"name\":\"le Projet ADELAC am\u00e9liore l\u2019acc\u00e8s \u00e0 la sant\u00e9 et \u00e0 l\u2019\u00e9ducation au Lac - tchad\",\"isPartOf\":{\"@id\":\"https:\/\/www.africa-press.net\/tchad\/#website\"},\"primaryImageOfPage\":{\"@id\":\"https:\/\/www.africa-press.net\/tchad\/toutes-les-actualites\/le-projet-adelac-ameliore-lacces-a-la-sante-et-a-leducation-au-lac#primaryimage\"},\"image\":{\"@id\":\"https:\/\/www.africa-press.net\/tchad\/toutes-les-actualites\/le-projet-adelac-ameliore-lacces-a-la-sante-et-a-leducation-au-lac#primaryimage\"},\"thumbnailUrl\":\"https:\/\/static.africa-press.net\/tchad\/sites\/41\/2023\/10\/sm_1698509404.84179.jpg\",\"datePublished\":\"2023-10-28T18:59:14+00:00\",\"dateModified\":\"2023-10-28T19:41:15+00:00\",\"author\":{\"@id\":\"https:\/\/www.africa-press.net\/tchad\/#\/schema\/person\/2b1cf3cd81a31e3cd26889ca66d677f1\"},\"description\":\"Il se tient depuis ce 27 octobre 2023 a\u0300 Bol la Revue annuelle des activite\u0301s bilan et planification du projet \\\"Appui au ...\",\"breadcrumb\":{\"@id\":\"https:\/\/www.africa-press.net\/tchad\/toutes-les-actualites\/le-projet-adelac-ameliore-lacces-a-la-sante-et-a-leducation-au-lac#breadcrumb\"},\"inLanguage\":\"fr-FR\",\"potentialAction\":[{\"@type\":\"ReadAction\",\"target\":[\"https:\/\/www.africa-press.net\/tchad\/toutes-les-actualites\/le-projet-adelac-ameliore-lacces-a-la-sante-et-a-leducation-au-lac\"]}]},{\"@type\":\"ImageObject\",\"inLanguage\":\"fr-FR\",\"@id\":\"https:\/\/www.africa-press.net\/tchad\/toutes-les-actualites\/le-projet-adelac-ameliore-lacces-a-la-sante-et-a-leducation-au-lac#primaryimage\",\"url\":\"https:\/\/static.africa-press.net\/tchad\/sites\/41\/2023\/10\/sm_1698509404.84179.jpg\",\"contentUrl\":\"https:\/\/static.africa-press.net\/tchad\/sites\/41\/2023\/10\/sm_1698509404.84179.jpg\",\"width\":1080,\"height\":810,\"caption\":\"le Projet ADELAC am\u00e9liore l\u2019acc\u00e8s \u00e0 la sant\u00e9 et \u00e0 l\u2019\u00e9ducation au Lac\"},{\"@type\":\"BreadcrumbList\",\"@id\":\"https:\/\/www.africa-press.net\/tchad\/toutes-les-actualites\/le-projet-adelac-ameliore-lacces-a-la-sante-et-a-leducation-au-lac#breadcrumb\",\"itemListElement\":[{\"@type\":\"ListItem\",\"position\":1,\"name\":\"Accueil\",\"item\":\"https:\/\/www.africa-press.net\/tchad\/\"},{\"@type\":\"ListItem\",\"position\":2,\"name\":\"le Projet ADELAC am\u00e9liore l\u2019acc\u00e8s \u00e0 la sant\u00e9 et \u00e0 l\u2019\u00e9ducation au Lac\"}]},{\"@type\":\"WebSite\",\"@id\":\"https:\/\/www.africa-press.net\/tchad\/#website\",\"url\":\"https:\/\/www.africa-press.net\/tchad\/\",\"name\":\"tchad\",\"description\":\"Just another Africa News Agency Sites site\",\"potentialAction\":[{\"@type\":\"SearchAction\",\"target\":{\"@type\":\"EntryPoint\",\"urlTemplate\":\"https:\/\/www.africa-press.net\/tchad\/?s={search_term_string}\"},\"query-input\":{\"@type\":\"PropertyValueSpecification\",\"valueRequired\":true,\"valueName\":\"search_term_string\"}}],\"inLanguage\":\"fr-FR\"},{\"@type\":\"Person\",\"@id\":\"https:\/\/www.africa-press.net\/tchad\/#\/schema\/person\/2b1cf3cd81a31e3cd26889ca66d677f1\",\"name\":\"cfeditorfr\"}]}<\/script>\n<!-- \/ Yoast SEO Premium plugin. -->","yoast_head_json":{"title":"le Projet ADELAC am\u00e9liore l\u2019acc\u00e8s \u00e0 la sant\u00e9 et \u00e0 l\u2019\u00e9ducation au Lac - tchad","description":"Il se tient depuis ce 27 octobre 2023 a\u0300 Bol la Revue annuelle des activite\u0301s bilan et planification du projet \"Appui au ...","robots":{"index":"index","follow":"follow","max-snippet":"max-snippet:-1","max-image-preview":"max-image-preview:large","max-video-preview":"max-video-preview:-1"},"canonical":"https:\/\/www.africa-press.net\/tchad\/toutes-les-actualites\/le-projet-adelac-ameliore-lacces-a-la-sante-et-a-leducation-au-lac","og_locale":"fr_FR","og_type":"article","og_title":"le Projet ADELAC am\u00e9liore l\u2019acc\u00e8s \u00e0 la sant\u00e9 et \u00e0 l\u2019\u00e9ducation au Lac","og_description":"Il se tient depuis ce 27 octobre 2023 a\u0300 Bol la Revue annuelle des activite\u0301s bilan et planification du projet \"Appui au ...","og_url":"https:\/\/www.africa-press.net\/tchad\/toutes-les-actualites\/le-projet-adelac-ameliore-lacces-a-la-sante-et-a-leducation-au-lac","og_site_name":"tchad","article_published_time":"2023-10-28T18:59:14+00:00","article_modified_time":"2023-10-28T19:41:15+00:00","og_image":[{"width":1080,"height":810,"url":"https:\/\/static.africa-press.net\/tchad\/sites\/41\/2023\/10\/sm_1698509404.84179.jpg","type":"image\/jpeg"}],"author":"cfeditorfr","twitter_card":"summary_large_image","twitter_misc":{"\u00c9crit par":"cfeditorfr","Dur\u00e9e de lecture estim\u00e9e":"2 minutes"},"schema":{"@context":"https:\/\/schema.org","@graph":[{"@type":"Article","@id":"https:\/\/www.africa-press.net\/tchad\/toutes-les-actualites\/le-projet-adelac-ameliore-lacces-a-la-sante-et-a-leducation-au-lac#article","isPartOf":{"@id":"https:\/\/www.africa-press.net\/tchad\/toutes-les-actualites\/le-projet-adelac-ameliore-lacces-a-la-sante-et-a-leducation-au-lac"},"author":{"name":"cfeditorfr","@id":"https:\/\/www.africa-press.net\/tchad\/#\/schema\/person\/2b1cf3cd81a31e3cd26889ca66d677f1"},"headline":"le Projet ADELAC am\u00e9liore l\u2019acc\u00e8s \u00e0 la sant\u00e9 et \u00e0 l\u2019\u00e9ducation au Lac","datePublished":"2023-10-28T18:59:14+00:00","dateModified":"2023-10-28T19:41:15+00:00","mainEntityOfPage":{"@id":"https:\/\/www.africa-press.net\/tchad\/toutes-les-actualites\/le-projet-adelac-ameliore-lacces-a-la-sante-et-a-leducation-au-lac"},"wordCount":362,"commentCount":0,"image":{"@id":"https:\/\/www.africa-press.net\/tchad\/toutes-les-actualites\/le-projet-adelac-ameliore-lacces-a-la-sante-et-a-leducation-au-lac#primaryimage"},"thumbnailUrl":"https:\/\/static.africa-press.net\/tchad\/sites\/41\/2023\/10\/sm_1698509404.84179.jpg","keywords":["Africa Press","Africa Press-Tchad","Tchad"],"articleSection":["Communaut\u00e9","Toutes les actualit\u00e9s"],"inLanguage":"fr-FR","potentialAction":[{"@type":"CommentAction","name":"Comment","target":["https:\/\/www.africa-press.net\/tchad\/toutes-les-actualites\/le-projet-adelac-ameliore-lacces-a-la-sante-et-a-leducation-au-lac#respond"]}]},{"@type":"WebPage","@id":"https:\/\/www.africa-press.net\/tchad\/toutes-les-actualites\/le-projet-adelac-ameliore-lacces-a-la-sante-et-a-leducation-au-lac","url":"https:\/\/www.africa-press.net\/tchad\/toutes-les-actualites\/le-projet-adelac-ameliore-lacces-a-la-sante-et-a-leducation-au-lac","name":"le Projet ADELAC am\u00e9liore l\u2019acc\u00e8s \u00e0 la sant\u00e9 et \u00e0 l\u2019\u00e9ducation au Lac - tchad","isPartOf":{"@id":"https:\/\/www.africa-press.net\/tchad\/#website"},"primaryImageOfPage":{"@id":"https:\/\/www.africa-press.net\/tchad\/toutes-les-actualites\/le-projet-adelac-ameliore-lacces-a-la-sante-et-a-leducation-au-lac#primaryimage"},"image":{"@id":"https:\/\/www.africa-press.net\/tchad\/toutes-les-actualites\/le-projet-adelac-ameliore-lacces-a-la-sante-et-a-leducation-au-lac#primaryimage"},"thumbnailUrl":"https:\/\/static.africa-press.net\/tchad\/sites\/41\/2023\/10\/sm_1698509404.84179.jpg","datePublished":"2023-10-28T18:59:14+00:00","dateModified":"2023-10-28T19:41:15+00:00","author":{"@id":"https:\/\/www.africa-press.net\/tchad\/#\/schema\/person\/2b1cf3cd81a31e3cd26889ca66d677f1"},"description":"Il se tient depuis ce 27 octobre 2023 a\u0300 Bol la Revue annuelle des activite\u0301s bilan et planification du projet \"Appui au ...","breadcrumb":{"@id":"https:\/\/www.africa-press.net\/tchad\/toutes-les-actualites\/le-projet-adelac-ameliore-lacces-a-la-sante-et-a-leducation-au-lac#breadcrumb"},"inLanguage":"fr-FR","potentialAction":[{"@type":"ReadAction","target":["https:\/\/www.africa-press.net\/tchad\/toutes-les-actualites\/le-projet-adelac-ameliore-lacces-a-la-sante-et-a-leducation-au-lac"]}]},{"@type":"ImageObject","inLanguage":"fr-FR","@id":"https:\/\/www.africa-press.net\/tchad\/toutes-les-actualites\/le-projet-adelac-ameliore-lacces-a-la-sante-et-a-leducation-au-lac#primaryimage","url":"https:\/\/static.africa-press.net\/tchad\/sites\/41\/2023\/10\/sm_1698509404.84179.jpg","contentUrl":"https:\/\/static.africa-press.net\/tchad\/sites\/41\/2023\/10\/sm_1698509404.84179.jpg","width":1080,"height":810,"caption":"le Projet ADELAC am\u00e9liore l\u2019acc\u00e8s \u00e0 la sant\u00e9 et \u00e0 l\u2019\u00e9ducation au Lac"},{"@type":"BreadcrumbList","@id":"https:\/\/www.africa-press.net\/tchad\/toutes-les-actualites\/le-projet-adelac-ameliore-lacces-a-la-sante-et-a-leducation-au-lac#breadcrumb","itemListElement":[{"@type":"ListItem","position":1,"name":"Accueil","item":"https:\/\/www.africa-press.net\/tchad\/"},{"@type":"ListItem","position":2,"name":"le Projet ADELAC am\u00e9liore l\u2019acc\u00e8s \u00e0 la sant\u00e9 et \u00e0 l\u2019\u00e9ducation au Lac"}]},{"@type":"WebSite","@id":"https:\/\/www.africa-press.net\/tchad\/#website","url":"https:\/\/www.africa-press.net\/tchad\/","name":"tchad","description":"Just another Africa News Agency Sites site","potentialAction":[{"@type":"SearchAction","target":{"@type":"EntryPoint","urlTemplate":"https:\/\/www.africa-press.net\/tchad\/?s={search_term_string}"},"query-input":{"@type":"PropertyValueSpecification","valueRequired":true,"valueName":"search_term_string"}}],"inLanguage":"fr-FR"},{"@type":"Person","@id":"https:\/\/www.africa-press.net\/tchad\/#\/schema\/person\/2b1cf3cd81a31e3cd26889ca66d677f1","name":"cfeditorfr"}]}},"_links":{"self":[{"href":"https:\/\/www.africa-press.net\/tchad\/wp-json\/wp\/v2\/posts\/53072","targetHints":{"allow":["GET"]}}],"collection":[{"href":"https:\/\/www.africa-press.net\/tchad\/wp-json\/wp\/v2\/posts"}],"about":[{"href":"https:\/\/www.africa-press.net\/tchad\/wp-json\/wp\/v2\/types\/post"}],"author":[{"embeddable":true,"href":"https:\/\/www.africa-press.net\/tchad\/wp-json\/wp\/v2\/users\/82"}],"replies":[{"embeddable":true,"href":"https:\/\/www.africa-press.net\/tchad\/wp-json\/wp\/v2\/comments?post=53072"}],"version-history":[{"count":0,"href":"https:\/\/www.africa-press.net\/tchad\/wp-json\/wp\/v2\/posts\/53072\/revisions"}],"wp:featuredmedia":[{"embeddable":true,"href":"https:\/\/www.africa-press.net\/tchad\/wp-json\/wp\/v2\/media\/53071"}],"wp:attachment":[{"href":"https:\/\/www.africa-press.net\/tchad\/wp-json\/wp\/v2\/media?parent=53072"}],"wp:term":[{"taxonomy":"category","embeddable":true,"href":"https:\/\/www.africa-press.net\/tchad\/wp-json\/wp\/v2\/categories?post=53072"},{"taxonomy":"post_tag","embeddable":true,"href":"https:\/\/www.africa-press.net\/tchad\/wp-json\/wp\/v2\/tags?post=53072"}],"curies":[{"name":"wp","href":"https:\/\/api.w.org\/{rel}","templated":true}]}}