{"id":53075,"date":"2023-10-28T18:59:18","date_gmt":"2023-10-28T18:59:18","guid":{"rendered":"https:\/\/www.africa-press.net\/tchad\/politique\/vers-le-reclassement-de-la-reserve-de-faune-de-siniaka-minia-en-parc-national-de-siniaka-minia"},"modified":"2023-10-28T19:41:52","modified_gmt":"2023-10-28T19:41:52","slug":"vers-le-reclassement-de-la-reserve-de-faune-de-siniaka-minia-en-parc-national-de-siniaka-minia","status":"publish","type":"post","link":"https:\/\/www.africa-press.net\/tchad\/economie\/vers-le-reclassement-de-la-reserve-de-faune-de-siniaka-minia-en-parc-national-de-siniaka-minia","title":{"rendered":"vers le reclassement de la r\u00e9serve de faune de Siniaka-Minia en parc national de Siniaka-Minia"},"content":{"rendered":"<p><span style=\"color: #ff6600\"><strong>Africa-Press &#8211; Tchad. <\/strong><\/span>C\u2019est l\u2019une des re\u0301solutions du Conseil ordinaire de ministres du 26 octobre 2023. Ce projet a e\u0301te\u0301 soumis a\u0300 l\u2019examen par le ministre de l\u2019Ame\u0301nagement du territoire, de l\u2019habitat et de l\u2019urbanisme.<\/p>\n<p>Au cours du Conseil ordinaire des ministres du 26 octobre, le ministre en charge de de l\u2019Ame\u0301nagement du territoire a soumi un projet de Loi portant reclassement de la re\u0301serve de faune de Siniaka-Minia en parc national de Siniaka-Minia. Situe\u0301 entre le Guera et le Moyen chari. Il a explique\u0301 que, ce parc d\u2019une superficie de 415.806 ha permettra une meilleure conservation et gestion durable de la biodiversite\u0301 et des e\u0301cosyste\u0300mes, il sera le 5m parc national du Tchad apre\u0300s ceux de Zakouma, de Manda, de Sena Oura et de Zah-Soo.<\/p>\n<p>Le Conseil apre\u0300s examen a adopte\u0301 ce projet de Loi. Dans son compte rendu de la se\u0301ane, le porte-parole du gouvernement, Aziz Mahamat Saleh indique que : \u00ab le chef de l\u2019Etat a plaide\u0301 pour que ces parcs be\u0301ne\u0301ficient aux populations locales et que les investissements suivent pour leur de\u0301veloppement. \u00bb<\/p>\n<p><strong>Pour plus d&rsquo;informations et d&rsquo;analyses sur la <a href=\"https:\/\/www.africa-press.net\/tchad\">Tchad<\/a>, suivez <a href=\"https:\/\/www.africa-press.net\/\">Africa-Press<\/a><\/strong><\/p>\n","protected":false},"excerpt":{"rendered":"<p>Africa-Press &#8211; Tchad. C\u2019est l\u2019une des re\u0301solutions du Conseil ordinaire de ministres du 26 octobre 2023. Ce projet a e\u0301te\u0301 soumis a\u0300 l\u2019examen par le ministre de l\u2019Ame\u0301nagement du territoire, de l\u2019habitat et de l\u2019urbanisme. Au cours du Conseil ordinaire des ministres du 26 octobre, le ministre en charge de de l\u2019Ame\u0301nagement du territoire a [&hellip;]<\/p>\n","protected":false},"author":82,"featured_media":53073,"comment_status":"open","ping_status":"closed","sticky":false,"template":"","format":"standard","meta":{"footnotes":""},"categories":[3,10],"tags":[37,292,29],"class_list":["post-53075","post","type-post","status-publish","format-standard","has-post-thumbnail","hentry","category-economie","category-toutes-les-actualites","tag-africa-press","tag-africa-press-tchad","tag-tchad"],"yoast_head":"<!-- This site is optimized with the Yoast SEO Premium plugin v26.1 (Yoast SEO v27.0) - https:\/\/yoast.com\/product\/yoast-seo-premium-wordpress\/ -->\n<title>vers le reclassement de la r\u00e9serve de faune de Siniaka-Minia en parc national de Siniaka-Minia - tchad<\/title>\n<meta name=\"description\" content=\"C\u2019est l\u2019une des re\u0301solutions du Conseil ordinaire de ministres du 26 octobre 2023. Ce projet a e\u0301te\u0301 soumis a\u0300 l\u2019examen ...\" \/>\n<meta name=\"robots\" content=\"index, follow, max-snippet:-1, max-image-preview:large, max-video-preview:-1\" \/>\n<link rel=\"canonical\" href=\"https:\/\/www.africa-press.net\/tchad\/economie\/vers-le-reclassement-de-la-reserve-de-faune-de-siniaka-minia-en-parc-national-de-siniaka-minia\" \/>\n<meta property=\"og:locale\" content=\"fr_FR\" \/>\n<meta property=\"og:type\" content=\"article\" \/>\n<meta property=\"og:title\" content=\"vers le reclassement de la r\u00e9serve de faune de Siniaka-Minia en parc national de Siniaka-Minia\" \/>\n<meta property=\"og:description\" content=\"C\u2019est l\u2019une des re\u0301solutions du Conseil ordinaire de ministres du 26 octobre 2023. Ce projet a e\u0301te\u0301 soumis a\u0300 l\u2019examen ...\" \/>\n<meta property=\"og:url\" content=\"https:\/\/www.africa-press.net\/tchad\/economie\/vers-le-reclassement-de-la-reserve-de-faune-de-siniaka-minia-en-parc-national-de-siniaka-minia\" \/>\n<meta property=\"og:site_name\" content=\"tchad\" \/>\n<meta property=\"article:published_time\" content=\"2023-10-28T18:59:18+00:00\" \/>\n<meta property=\"article:modified_time\" content=\"2023-10-28T19:41:52+00:00\" \/>\n<meta property=\"og:image\" content=\"https:\/\/static.africa-press.net\/tchad\/sites\/41\/2023\/10\/sm_1698509456.104209.jpg\" \/>\n\t<meta property=\"og:image:width\" content=\"780\" \/>\n\t<meta property=\"og:image:height\" content=\"440\" \/>\n\t<meta property=\"og:image:type\" content=\"image\/jpeg\" \/>\n<meta name=\"author\" content=\"cfeditorfr\" \/>\n<meta name=\"twitter:card\" content=\"summary_large_image\" \/>\n<meta name=\"twitter:label1\" content=\"\u00c9crit par\" \/>\n\t<meta name=\"twitter:data1\" content=\"cfeditorfr\" \/>\n\t<meta name=\"twitter:label2\" content=\"Dur\u00e9e de lecture estim\u00e9e\" \/>\n\t<meta name=\"twitter:data2\" content=\"1 minute\" \/>\n<script type=\"application\/ld+json\" class=\"yoast-schema-graph\">{\"@context\":\"https:\/\/schema.org\",\"@graph\":[{\"@type\":\"Article\",\"@id\":\"https:\/\/www.africa-press.net\/tchad\/economie\/vers-le-reclassement-de-la-reserve-de-faune-de-siniaka-minia-en-parc-national-de-siniaka-minia#article\",\"isPartOf\":{\"@id\":\"https:\/\/www.africa-press.net\/tchad\/economie\/vers-le-reclassement-de-la-reserve-de-faune-de-siniaka-minia-en-parc-national-de-siniaka-minia\"},\"author\":{\"name\":\"cfeditorfr\",\"@id\":\"https:\/\/www.africa-press.net\/tchad\/#\/schema\/person\/2b1cf3cd81a31e3cd26889ca66d677f1\"},\"headline\":\"vers le reclassement de la r\u00e9serve de faune de Siniaka-Minia en parc national de Siniaka-Minia\",\"datePublished\":\"2023-10-28T18:59:18+00:00\",\"dateModified\":\"2023-10-28T19:41:52+00:00\",\"mainEntityOfPage\":{\"@id\":\"https:\/\/www.africa-press.net\/tchad\/economie\/vers-le-reclassement-de-la-reserve-de-faune-de-siniaka-minia-en-parc-national-de-siniaka-minia\"},\"wordCount\":220,\"commentCount\":0,\"image\":{\"@id\":\"https:\/\/www.africa-press.net\/tchad\/economie\/vers-le-reclassement-de-la-reserve-de-faune-de-siniaka-minia-en-parc-national-de-siniaka-minia#primaryimage\"},\"thumbnailUrl\":\"https:\/\/static.africa-press.net\/tchad\/sites\/41\/2023\/10\/sm_1698509456.104209.jpg\",\"keywords\":[\"Africa Press\",\"Africa Press-Tchad\",\"Tchad\"],\"articleSection\":[\"\u00c9conomie\",\"Toutes les actualit\u00e9s\"],\"inLanguage\":\"fr-FR\",\"potentialAction\":[{\"@type\":\"CommentAction\",\"name\":\"Comment\",\"target\":[\"https:\/\/www.africa-press.net\/tchad\/economie\/vers-le-reclassement-de-la-reserve-de-faune-de-siniaka-minia-en-parc-national-de-siniaka-minia#respond\"]}]},{\"@type\":\"WebPage\",\"@id\":\"https:\/\/www.africa-press.net\/tchad\/economie\/vers-le-reclassement-de-la-reserve-de-faune-de-siniaka-minia-en-parc-national-de-siniaka-minia\",\"url\":\"https:\/\/www.africa-press.net\/tchad\/economie\/vers-le-reclassement-de-la-reserve-de-faune-de-siniaka-minia-en-parc-national-de-siniaka-minia\",\"name\":\"vers le reclassement de la r\u00e9serve de faune de Siniaka-Minia en parc national de Siniaka-Minia - tchad\",\"isPartOf\":{\"@id\":\"https:\/\/www.africa-press.net\/tchad\/#website\"},\"primaryImageOfPage\":{\"@id\":\"https:\/\/www.africa-press.net\/tchad\/economie\/vers-le-reclassement-de-la-reserve-de-faune-de-siniaka-minia-en-parc-national-de-siniaka-minia#primaryimage\"},\"image\":{\"@id\":\"https:\/\/www.africa-press.net\/tchad\/economie\/vers-le-reclassement-de-la-reserve-de-faune-de-siniaka-minia-en-parc-national-de-siniaka-minia#primaryimage\"},\"thumbnailUrl\":\"https:\/\/static.africa-press.net\/tchad\/sites\/41\/2023\/10\/sm_1698509456.104209.jpg\",\"datePublished\":\"2023-10-28T18:59:18+00:00\",\"dateModified\":\"2023-10-28T19:41:52+00:00\",\"author\":{\"@id\":\"https:\/\/www.africa-press.net\/tchad\/#\/schema\/person\/2b1cf3cd81a31e3cd26889ca66d677f1\"},\"description\":\"C\u2019est l\u2019une des re\u0301solutions du Conseil ordinaire de ministres du 26 octobre 2023. Ce projet a e\u0301te\u0301 soumis a\u0300 l\u2019examen ...\",\"breadcrumb\":{\"@id\":\"https:\/\/www.africa-press.net\/tchad\/economie\/vers-le-reclassement-de-la-reserve-de-faune-de-siniaka-minia-en-parc-national-de-siniaka-minia#breadcrumb\"},\"inLanguage\":\"fr-FR\",\"potentialAction\":[{\"@type\":\"ReadAction\",\"target\":[\"https:\/\/www.africa-press.net\/tchad\/economie\/vers-le-reclassement-de-la-reserve-de-faune-de-siniaka-minia-en-parc-national-de-siniaka-minia\"]}]},{\"@type\":\"ImageObject\",\"inLanguage\":\"fr-FR\",\"@id\":\"https:\/\/www.africa-press.net\/tchad\/economie\/vers-le-reclassement-de-la-reserve-de-faune-de-siniaka-minia-en-parc-national-de-siniaka-minia#primaryimage\",\"url\":\"https:\/\/static.africa-press.net\/tchad\/sites\/41\/2023\/10\/sm_1698509456.104209.jpg\",\"contentUrl\":\"https:\/\/static.africa-press.net\/tchad\/sites\/41\/2023\/10\/sm_1698509456.104209.jpg\",\"width\":780,\"height\":440,\"caption\":\"vers le reclassement de la r\u00e9serve de faune de Siniaka-Minia en parc national de Siniaka-Minia\"},{\"@type\":\"BreadcrumbList\",\"@id\":\"https:\/\/www.africa-press.net\/tchad\/economie\/vers-le-reclassement-de-la-reserve-de-faune-de-siniaka-minia-en-parc-national-de-siniaka-minia#breadcrumb\",\"itemListElement\":[{\"@type\":\"ListItem\",\"position\":1,\"name\":\"Accueil\",\"item\":\"https:\/\/www.africa-press.net\/tchad\/\"},{\"@type\":\"ListItem\",\"position\":2,\"name\":\"vers le reclassement de la r\u00e9serve de faune de Siniaka-Minia en parc national de Siniaka-Minia\"}]},{\"@type\":\"WebSite\",\"@id\":\"https:\/\/www.africa-press.net\/tchad\/#website\",\"url\":\"https:\/\/www.africa-press.net\/tchad\/\",\"name\":\"tchad\",\"description\":\"Just another Africa News Agency Sites site\",\"potentialAction\":[{\"@type\":\"SearchAction\",\"target\":{\"@type\":\"EntryPoint\",\"urlTemplate\":\"https:\/\/www.africa-press.net\/tchad\/?s={search_term_string}\"},\"query-input\":{\"@type\":\"PropertyValueSpecification\",\"valueRequired\":true,\"valueName\":\"search_term_string\"}}],\"inLanguage\":\"fr-FR\"},{\"@type\":\"Person\",\"@id\":\"https:\/\/www.africa-press.net\/tchad\/#\/schema\/person\/2b1cf3cd81a31e3cd26889ca66d677f1\",\"name\":\"cfeditorfr\"}]}<\/script>\n<!-- \/ Yoast SEO Premium plugin. -->","yoast_head_json":{"title":"vers le reclassement de la r\u00e9serve de faune de Siniaka-Minia en parc national de Siniaka-Minia - tchad","description":"C\u2019est l\u2019une des re\u0301solutions du Conseil ordinaire de ministres du 26 octobre 2023. Ce projet a e\u0301te\u0301 soumis a\u0300 l\u2019examen ...","robots":{"index":"index","follow":"follow","max-snippet":"max-snippet:-1","max-image-preview":"max-image-preview:large","max-video-preview":"max-video-preview:-1"},"canonical":"https:\/\/www.africa-press.net\/tchad\/economie\/vers-le-reclassement-de-la-reserve-de-faune-de-siniaka-minia-en-parc-national-de-siniaka-minia","og_locale":"fr_FR","og_type":"article","og_title":"vers le reclassement de la r\u00e9serve de faune de Siniaka-Minia en parc national de Siniaka-Minia","og_description":"C\u2019est l\u2019une des re\u0301solutions du Conseil ordinaire de ministres du 26 octobre 2023. Ce projet a e\u0301te\u0301 soumis a\u0300 l\u2019examen ...","og_url":"https:\/\/www.africa-press.net\/tchad\/economie\/vers-le-reclassement-de-la-reserve-de-faune-de-siniaka-minia-en-parc-national-de-siniaka-minia","og_site_name":"tchad","article_published_time":"2023-10-28T18:59:18+00:00","article_modified_time":"2023-10-28T19:41:52+00:00","og_image":[{"width":780,"height":440,"url":"https:\/\/static.africa-press.net\/tchad\/sites\/41\/2023\/10\/sm_1698509456.104209.jpg","type":"image\/jpeg"}],"author":"cfeditorfr","twitter_card":"summary_large_image","twitter_misc":{"\u00c9crit par":"cfeditorfr","Dur\u00e9e de lecture estim\u00e9e":"1 minute"},"schema":{"@context":"https:\/\/schema.org","@graph":[{"@type":"Article","@id":"https:\/\/www.africa-press.net\/tchad\/economie\/vers-le-reclassement-de-la-reserve-de-faune-de-siniaka-minia-en-parc-national-de-siniaka-minia#article","isPartOf":{"@id":"https:\/\/www.africa-press.net\/tchad\/economie\/vers-le-reclassement-de-la-reserve-de-faune-de-siniaka-minia-en-parc-national-de-siniaka-minia"},"author":{"name":"cfeditorfr","@id":"https:\/\/www.africa-press.net\/tchad\/#\/schema\/person\/2b1cf3cd81a31e3cd26889ca66d677f1"},"headline":"vers le reclassement de la r\u00e9serve de faune de Siniaka-Minia en parc national de Siniaka-Minia","datePublished":"2023-10-28T18:59:18+00:00","dateModified":"2023-10-28T19:41:52+00:00","mainEntityOfPage":{"@id":"https:\/\/www.africa-press.net\/tchad\/economie\/vers-le-reclassement-de-la-reserve-de-faune-de-siniaka-minia-en-parc-national-de-siniaka-minia"},"wordCount":220,"commentCount":0,"image":{"@id":"https:\/\/www.africa-press.net\/tchad\/economie\/vers-le-reclassement-de-la-reserve-de-faune-de-siniaka-minia-en-parc-national-de-siniaka-minia#primaryimage"},"thumbnailUrl":"https:\/\/static.africa-press.net\/tchad\/sites\/41\/2023\/10\/sm_1698509456.104209.jpg","keywords":["Africa Press","Africa Press-Tchad","Tchad"],"articleSection":["\u00c9conomie","Toutes les actualit\u00e9s"],"inLanguage":"fr-FR","potentialAction":[{"@type":"CommentAction","name":"Comment","target":["https:\/\/www.africa-press.net\/tchad\/economie\/vers-le-reclassement-de-la-reserve-de-faune-de-siniaka-minia-en-parc-national-de-siniaka-minia#respond"]}]},{"@type":"WebPage","@id":"https:\/\/www.africa-press.net\/tchad\/economie\/vers-le-reclassement-de-la-reserve-de-faune-de-siniaka-minia-en-parc-national-de-siniaka-minia","url":"https:\/\/www.africa-press.net\/tchad\/economie\/vers-le-reclassement-de-la-reserve-de-faune-de-siniaka-minia-en-parc-national-de-siniaka-minia","name":"vers le reclassement de la r\u00e9serve de faune de Siniaka-Minia en parc national de Siniaka-Minia - tchad","isPartOf":{"@id":"https:\/\/www.africa-press.net\/tchad\/#website"},"primaryImageOfPage":{"@id":"https:\/\/www.africa-press.net\/tchad\/economie\/vers-le-reclassement-de-la-reserve-de-faune-de-siniaka-minia-en-parc-national-de-siniaka-minia#primaryimage"},"image":{"@id":"https:\/\/www.africa-press.net\/tchad\/economie\/vers-le-reclassement-de-la-reserve-de-faune-de-siniaka-minia-en-parc-national-de-siniaka-minia#primaryimage"},"thumbnailUrl":"https:\/\/static.africa-press.net\/tchad\/sites\/41\/2023\/10\/sm_1698509456.104209.jpg","datePublished":"2023-10-28T18:59:18+00:00","dateModified":"2023-10-28T19:41:52+00:00","author":{"@id":"https:\/\/www.africa-press.net\/tchad\/#\/schema\/person\/2b1cf3cd81a31e3cd26889ca66d677f1"},"description":"C\u2019est l\u2019une des re\u0301solutions du Conseil ordinaire de ministres du 26 octobre 2023. Ce projet a e\u0301te\u0301 soumis a\u0300 l\u2019examen ...","breadcrumb":{"@id":"https:\/\/www.africa-press.net\/tchad\/economie\/vers-le-reclassement-de-la-reserve-de-faune-de-siniaka-minia-en-parc-national-de-siniaka-minia#breadcrumb"},"inLanguage":"fr-FR","potentialAction":[{"@type":"ReadAction","target":["https:\/\/www.africa-press.net\/tchad\/economie\/vers-le-reclassement-de-la-reserve-de-faune-de-siniaka-minia-en-parc-national-de-siniaka-minia"]}]},{"@type":"ImageObject","inLanguage":"fr-FR","@id":"https:\/\/www.africa-press.net\/tchad\/economie\/vers-le-reclassement-de-la-reserve-de-faune-de-siniaka-minia-en-parc-national-de-siniaka-minia#primaryimage","url":"https:\/\/static.africa-press.net\/tchad\/sites\/41\/2023\/10\/sm_1698509456.104209.jpg","contentUrl":"https:\/\/static.africa-press.net\/tchad\/sites\/41\/2023\/10\/sm_1698509456.104209.jpg","width":780,"height":440,"caption":"vers le reclassement de la r\u00e9serve de faune de Siniaka-Minia en parc national de Siniaka-Minia"},{"@type":"BreadcrumbList","@id":"https:\/\/www.africa-press.net\/tchad\/economie\/vers-le-reclassement-de-la-reserve-de-faune-de-siniaka-minia-en-parc-national-de-siniaka-minia#breadcrumb","itemListElement":[{"@type":"ListItem","position":1,"name":"Accueil","item":"https:\/\/www.africa-press.net\/tchad\/"},{"@type":"ListItem","position":2,"name":"vers le reclassement de la r\u00e9serve de faune de Siniaka-Minia en parc national de Siniaka-Minia"}]},{"@type":"WebSite","@id":"https:\/\/www.africa-press.net\/tchad\/#website","url":"https:\/\/www.africa-press.net\/tchad\/","name":"tchad","description":"Just another Africa News Agency Sites site","potentialAction":[{"@type":"SearchAction","target":{"@type":"EntryPoint","urlTemplate":"https:\/\/www.africa-press.net\/tchad\/?s={search_term_string}"},"query-input":{"@type":"PropertyValueSpecification","valueRequired":true,"valueName":"search_term_string"}}],"inLanguage":"fr-FR"},{"@type":"Person","@id":"https:\/\/www.africa-press.net\/tchad\/#\/schema\/person\/2b1cf3cd81a31e3cd26889ca66d677f1","name":"cfeditorfr"}]}},"_links":{"self":[{"href":"https:\/\/www.africa-press.net\/tchad\/wp-json\/wp\/v2\/posts\/53075","targetHints":{"allow":["GET"]}}],"collection":[{"href":"https:\/\/www.africa-press.net\/tchad\/wp-json\/wp\/v2\/posts"}],"about":[{"href":"https:\/\/www.africa-press.net\/tchad\/wp-json\/wp\/v2\/types\/post"}],"author":[{"embeddable":true,"href":"https:\/\/www.africa-press.net\/tchad\/wp-json\/wp\/v2\/users\/82"}],"replies":[{"embeddable":true,"href":"https:\/\/www.africa-press.net\/tchad\/wp-json\/wp\/v2\/comments?post=53075"}],"version-history":[{"count":0,"href":"https:\/\/www.africa-press.net\/tchad\/wp-json\/wp\/v2\/posts\/53075\/revisions"}],"wp:featuredmedia":[{"embeddable":true,"href":"https:\/\/www.africa-press.net\/tchad\/wp-json\/wp\/v2\/media\/53073"}],"wp:attachment":[{"href":"https:\/\/www.africa-press.net\/tchad\/wp-json\/wp\/v2\/media?parent=53075"}],"wp:term":[{"taxonomy":"category","embeddable":true,"href":"https:\/\/www.africa-press.net\/tchad\/wp-json\/wp\/v2\/categories?post=53075"},{"taxonomy":"post_tag","embeddable":true,"href":"https:\/\/www.africa-press.net\/tchad\/wp-json\/wp\/v2\/tags?post=53075"}],"curies":[{"name":"wp","href":"https:\/\/api.w.org\/{rel}","templated":true}]}}