{"id":53078,"date":"2023-10-28T18:59:56","date_gmt":"2023-10-28T18:59:56","guid":{"rendered":"https:\/\/www.africa-press.net\/tchad\/politique\/le-projet-de-decret-sur-le-reversement-du-personnel-de-greffes-dans-leurs-differents-grades-adopte"},"modified":"2023-10-28T19:42:34","modified_gmt":"2023-10-28T19:42:34","slug":"le-projet-de-decret-sur-le-reversement-du-personnel-de-greffes-dans-leurs-differents-grades-adopte","status":"publish","type":"post","link":"https:\/\/www.africa-press.net\/tchad\/politique\/le-projet-de-decret-sur-le-reversement-du-personnel-de-greffes-dans-leurs-differents-grades-adopte","title":{"rendered":"le projet de d\u00e9cret sur le reversement du personnel de greffes dans leurs diff\u00e9rents grades adopt\u00e9"},"content":{"rendered":"<p><span style=\"color: #ff6600\"><strong>Africa-Press &#8211; Tchad. <\/strong><\/span>Soumis au Conseil ordinaire des ministres du 26 octobre 2023, par le ministre de la Justice, Mahamat Alhabo, le projet de de\u0301cret sur le reversement du personnel de greffes dans leurs diffe\u0301rents grades adopte\u0301.<\/p>\n<p>Au cours du conseil des ministres de jeudi, le garde des Sceaux, Mahamat Ahmat Alhabo a pre\u0301sente\u0301 trois textes. Un seul a e\u0301te\u0301 adopte\u0301. Notamment le : \u00ab projet de de\u0301cret sur le reversement du personnel de greffes dans leurs diffe\u0301rents grades \u00bb. Les deux autres ont e\u0301te\u0301 renvoye\u0301s pour relecture.<\/p>\n<p>IL s\u2019agit entre autres, de la nomination de commissaires de justice et la nomination de notaires titulaires de charges.<\/p>\n<p>Ce conseil de ministres a e\u0301te\u0301 pre\u0301side\u0301 par le pre\u0301sident de transition, Mahamat Idriss Deby.<\/p>\n<p><strong>Pour plus d&rsquo;informations et d&rsquo;analyses sur la <a href=\"https:\/\/www.africa-press.net\/tchad\">Tchad<\/a>, suivez <a href=\"https:\/\/www.africa-press.net\/\">Africa-Press<\/a><\/strong><\/p>\n","protected":false},"excerpt":{"rendered":"<p>Africa-Press &#8211; Tchad. Soumis au Conseil ordinaire des ministres du 26 octobre 2023, par le ministre de la Justice, Mahamat Alhabo, le projet de de\u0301cret sur le reversement du personnel de greffes dans leurs diffe\u0301rents grades adopte\u0301. Au cours du conseil des ministres de jeudi, le garde des Sceaux, Mahamat Ahmat Alhabo a pre\u0301sente\u0301 trois [&hellip;]<\/p>\n","protected":false},"author":82,"featured_media":53076,"comment_status":"open","ping_status":"closed","sticky":false,"template":"","format":"standard","meta":{"footnotes":""},"categories":[2,20,10],"tags":[37,292,29],"class_list":["post-53078","post","type-post","status-publish","format-standard","has-post-thumbnail","hentry","category-politique","category-top-nouvelles","category-toutes-les-actualites","tag-africa-press","tag-africa-press-tchad","tag-tchad"],"yoast_head":"<!-- This site is optimized with the Yoast SEO Premium plugin v26.1 (Yoast SEO v27.0) - https:\/\/yoast.com\/product\/yoast-seo-premium-wordpress\/ -->\n<title>le projet de d\u00e9cret sur le reversement du personnel de greffes dans leurs diff\u00e9rents grades adopt\u00e9 - tchad<\/title>\n<meta name=\"description\" content=\"Soumis au Conseil ordinaire des ministres du 26 octobre 2023, par le ministre de la Justice, Mahamat Alhabo, le projet d ...\" \/>\n<meta name=\"robots\" content=\"index, follow, max-snippet:-1, max-image-preview:large, max-video-preview:-1\" \/>\n<link rel=\"canonical\" href=\"https:\/\/www.africa-press.net\/tchad\/politique\/le-projet-de-decret-sur-le-reversement-du-personnel-de-greffes-dans-leurs-differents-grades-adopte\" \/>\n<meta property=\"og:locale\" content=\"fr_FR\" \/>\n<meta property=\"og:type\" content=\"article\" \/>\n<meta property=\"og:title\" content=\"le projet de d\u00e9cret sur le reversement du personnel de greffes dans leurs diff\u00e9rents grades adopt\u00e9\" \/>\n<meta property=\"og:description\" content=\"Soumis au Conseil ordinaire des ministres du 26 octobre 2023, par le ministre de la Justice, Mahamat Alhabo, le projet d ...\" \/>\n<meta property=\"og:url\" content=\"https:\/\/www.africa-press.net\/tchad\/politique\/le-projet-de-decret-sur-le-reversement-du-personnel-de-greffes-dans-leurs-differents-grades-adopte\" \/>\n<meta property=\"og:site_name\" content=\"tchad\" \/>\n<meta property=\"article:published_time\" content=\"2023-10-28T18:59:56+00:00\" \/>\n<meta property=\"article:modified_time\" content=\"2023-10-28T19:42:34+00:00\" \/>\n<meta property=\"og:image\" content=\"https:\/\/static.africa-press.net\/tchad\/sites\/41\/2023\/10\/sm_1698509495.720607.jpg\" \/>\n\t<meta property=\"og:image:width\" content=\"780\" \/>\n\t<meta property=\"og:image:height\" content=\"440\" \/>\n\t<meta property=\"og:image:type\" content=\"image\/jpeg\" \/>\n<meta name=\"author\" content=\"cfeditorfr\" \/>\n<meta name=\"twitter:card\" content=\"summary_large_image\" \/>\n<meta name=\"twitter:label1\" content=\"\u00c9crit par\" \/>\n\t<meta name=\"twitter:data1\" content=\"cfeditorfr\" \/>\n\t<meta name=\"twitter:label2\" content=\"Dur\u00e9e de lecture estim\u00e9e\" \/>\n\t<meta name=\"twitter:data2\" content=\"1 minute\" \/>\n<script type=\"application\/ld+json\" class=\"yoast-schema-graph\">{\"@context\":\"https:\/\/schema.org\",\"@graph\":[{\"@type\":\"Article\",\"@id\":\"https:\/\/www.africa-press.net\/tchad\/politique\/le-projet-de-decret-sur-le-reversement-du-personnel-de-greffes-dans-leurs-differents-grades-adopte#article\",\"isPartOf\":{\"@id\":\"https:\/\/www.africa-press.net\/tchad\/politique\/le-projet-de-decret-sur-le-reversement-du-personnel-de-greffes-dans-leurs-differents-grades-adopte\"},\"author\":{\"name\":\"cfeditorfr\",\"@id\":\"https:\/\/www.africa-press.net\/tchad\/#\/schema\/person\/2b1cf3cd81a31e3cd26889ca66d677f1\"},\"headline\":\"le projet de d\u00e9cret sur le reversement du personnel de greffes dans leurs diff\u00e9rents grades adopt\u00e9\",\"datePublished\":\"2023-10-28T18:59:56+00:00\",\"dateModified\":\"2023-10-28T19:42:34+00:00\",\"mainEntityOfPage\":{\"@id\":\"https:\/\/www.africa-press.net\/tchad\/politique\/le-projet-de-decret-sur-le-reversement-du-personnel-de-greffes-dans-leurs-differents-grades-adopte\"},\"wordCount\":159,\"commentCount\":0,\"image\":{\"@id\":\"https:\/\/www.africa-press.net\/tchad\/politique\/le-projet-de-decret-sur-le-reversement-du-personnel-de-greffes-dans-leurs-differents-grades-adopte#primaryimage\"},\"thumbnailUrl\":\"https:\/\/static.africa-press.net\/tchad\/sites\/41\/2023\/10\/sm_1698509495.720607.jpg\",\"keywords\":[\"Africa Press\",\"Africa Press-Tchad\",\"Tchad\"],\"articleSection\":[\"Politique\",\"Top Nouvelles\",\"Toutes les actualit\u00e9s\"],\"inLanguage\":\"fr-FR\",\"potentialAction\":[{\"@type\":\"CommentAction\",\"name\":\"Comment\",\"target\":[\"https:\/\/www.africa-press.net\/tchad\/politique\/le-projet-de-decret-sur-le-reversement-du-personnel-de-greffes-dans-leurs-differents-grades-adopte#respond\"]}]},{\"@type\":\"WebPage\",\"@id\":\"https:\/\/www.africa-press.net\/tchad\/politique\/le-projet-de-decret-sur-le-reversement-du-personnel-de-greffes-dans-leurs-differents-grades-adopte\",\"url\":\"https:\/\/www.africa-press.net\/tchad\/politique\/le-projet-de-decret-sur-le-reversement-du-personnel-de-greffes-dans-leurs-differents-grades-adopte\",\"name\":\"le projet de d\u00e9cret sur le reversement du personnel de greffes dans leurs diff\u00e9rents grades adopt\u00e9 - tchad\",\"isPartOf\":{\"@id\":\"https:\/\/www.africa-press.net\/tchad\/#website\"},\"primaryImageOfPage\":{\"@id\":\"https:\/\/www.africa-press.net\/tchad\/politique\/le-projet-de-decret-sur-le-reversement-du-personnel-de-greffes-dans-leurs-differents-grades-adopte#primaryimage\"},\"image\":{\"@id\":\"https:\/\/www.africa-press.net\/tchad\/politique\/le-projet-de-decret-sur-le-reversement-du-personnel-de-greffes-dans-leurs-differents-grades-adopte#primaryimage\"},\"thumbnailUrl\":\"https:\/\/static.africa-press.net\/tchad\/sites\/41\/2023\/10\/sm_1698509495.720607.jpg\",\"datePublished\":\"2023-10-28T18:59:56+00:00\",\"dateModified\":\"2023-10-28T19:42:34+00:00\",\"author\":{\"@id\":\"https:\/\/www.africa-press.net\/tchad\/#\/schema\/person\/2b1cf3cd81a31e3cd26889ca66d677f1\"},\"description\":\"Soumis au Conseil ordinaire des ministres du 26 octobre 2023, par le ministre de la Justice, Mahamat Alhabo, le projet d ...\",\"breadcrumb\":{\"@id\":\"https:\/\/www.africa-press.net\/tchad\/politique\/le-projet-de-decret-sur-le-reversement-du-personnel-de-greffes-dans-leurs-differents-grades-adopte#breadcrumb\"},\"inLanguage\":\"fr-FR\",\"potentialAction\":[{\"@type\":\"ReadAction\",\"target\":[\"https:\/\/www.africa-press.net\/tchad\/politique\/le-projet-de-decret-sur-le-reversement-du-personnel-de-greffes-dans-leurs-differents-grades-adopte\"]}]},{\"@type\":\"ImageObject\",\"inLanguage\":\"fr-FR\",\"@id\":\"https:\/\/www.africa-press.net\/tchad\/politique\/le-projet-de-decret-sur-le-reversement-du-personnel-de-greffes-dans-leurs-differents-grades-adopte#primaryimage\",\"url\":\"https:\/\/static.africa-press.net\/tchad\/sites\/41\/2023\/10\/sm_1698509495.720607.jpg\",\"contentUrl\":\"https:\/\/static.africa-press.net\/tchad\/sites\/41\/2023\/10\/sm_1698509495.720607.jpg\",\"width\":780,\"height\":440,\"caption\":\"le projet de d\u00e9cret sur le reversement du personnel de greffes dans leurs diff\u00e9rents grades adopt\u00e9\"},{\"@type\":\"BreadcrumbList\",\"@id\":\"https:\/\/www.africa-press.net\/tchad\/politique\/le-projet-de-decret-sur-le-reversement-du-personnel-de-greffes-dans-leurs-differents-grades-adopte#breadcrumb\",\"itemListElement\":[{\"@type\":\"ListItem\",\"position\":1,\"name\":\"Accueil\",\"item\":\"https:\/\/www.africa-press.net\/tchad\/\"},{\"@type\":\"ListItem\",\"position\":2,\"name\":\"le projet de d\u00e9cret sur le reversement du personnel de greffes dans leurs diff\u00e9rents grades adopt\u00e9\"}]},{\"@type\":\"WebSite\",\"@id\":\"https:\/\/www.africa-press.net\/tchad\/#website\",\"url\":\"https:\/\/www.africa-press.net\/tchad\/\",\"name\":\"tchad\",\"description\":\"Just another Africa News Agency Sites site\",\"potentialAction\":[{\"@type\":\"SearchAction\",\"target\":{\"@type\":\"EntryPoint\",\"urlTemplate\":\"https:\/\/www.africa-press.net\/tchad\/?s={search_term_string}\"},\"query-input\":{\"@type\":\"PropertyValueSpecification\",\"valueRequired\":true,\"valueName\":\"search_term_string\"}}],\"inLanguage\":\"fr-FR\"},{\"@type\":\"Person\",\"@id\":\"https:\/\/www.africa-press.net\/tchad\/#\/schema\/person\/2b1cf3cd81a31e3cd26889ca66d677f1\",\"name\":\"cfeditorfr\"}]}<\/script>\n<!-- \/ Yoast SEO Premium plugin. -->","yoast_head_json":{"title":"le projet de d\u00e9cret sur le reversement du personnel de greffes dans leurs diff\u00e9rents grades adopt\u00e9 - tchad","description":"Soumis au Conseil ordinaire des ministres du 26 octobre 2023, par le ministre de la Justice, Mahamat Alhabo, le projet d ...","robots":{"index":"index","follow":"follow","max-snippet":"max-snippet:-1","max-image-preview":"max-image-preview:large","max-video-preview":"max-video-preview:-1"},"canonical":"https:\/\/www.africa-press.net\/tchad\/politique\/le-projet-de-decret-sur-le-reversement-du-personnel-de-greffes-dans-leurs-differents-grades-adopte","og_locale":"fr_FR","og_type":"article","og_title":"le projet de d\u00e9cret sur le reversement du personnel de greffes dans leurs diff\u00e9rents grades adopt\u00e9","og_description":"Soumis au Conseil ordinaire des ministres du 26 octobre 2023, par le ministre de la Justice, Mahamat Alhabo, le projet d ...","og_url":"https:\/\/www.africa-press.net\/tchad\/politique\/le-projet-de-decret-sur-le-reversement-du-personnel-de-greffes-dans-leurs-differents-grades-adopte","og_site_name":"tchad","article_published_time":"2023-10-28T18:59:56+00:00","article_modified_time":"2023-10-28T19:42:34+00:00","og_image":[{"width":780,"height":440,"url":"https:\/\/static.africa-press.net\/tchad\/sites\/41\/2023\/10\/sm_1698509495.720607.jpg","type":"image\/jpeg"}],"author":"cfeditorfr","twitter_card":"summary_large_image","twitter_misc":{"\u00c9crit par":"cfeditorfr","Dur\u00e9e de lecture estim\u00e9e":"1 minute"},"schema":{"@context":"https:\/\/schema.org","@graph":[{"@type":"Article","@id":"https:\/\/www.africa-press.net\/tchad\/politique\/le-projet-de-decret-sur-le-reversement-du-personnel-de-greffes-dans-leurs-differents-grades-adopte#article","isPartOf":{"@id":"https:\/\/www.africa-press.net\/tchad\/politique\/le-projet-de-decret-sur-le-reversement-du-personnel-de-greffes-dans-leurs-differents-grades-adopte"},"author":{"name":"cfeditorfr","@id":"https:\/\/www.africa-press.net\/tchad\/#\/schema\/person\/2b1cf3cd81a31e3cd26889ca66d677f1"},"headline":"le projet de d\u00e9cret sur le reversement du personnel de greffes dans leurs diff\u00e9rents grades adopt\u00e9","datePublished":"2023-10-28T18:59:56+00:00","dateModified":"2023-10-28T19:42:34+00:00","mainEntityOfPage":{"@id":"https:\/\/www.africa-press.net\/tchad\/politique\/le-projet-de-decret-sur-le-reversement-du-personnel-de-greffes-dans-leurs-differents-grades-adopte"},"wordCount":159,"commentCount":0,"image":{"@id":"https:\/\/www.africa-press.net\/tchad\/politique\/le-projet-de-decret-sur-le-reversement-du-personnel-de-greffes-dans-leurs-differents-grades-adopte#primaryimage"},"thumbnailUrl":"https:\/\/static.africa-press.net\/tchad\/sites\/41\/2023\/10\/sm_1698509495.720607.jpg","keywords":["Africa Press","Africa Press-Tchad","Tchad"],"articleSection":["Politique","Top Nouvelles","Toutes les actualit\u00e9s"],"inLanguage":"fr-FR","potentialAction":[{"@type":"CommentAction","name":"Comment","target":["https:\/\/www.africa-press.net\/tchad\/politique\/le-projet-de-decret-sur-le-reversement-du-personnel-de-greffes-dans-leurs-differents-grades-adopte#respond"]}]},{"@type":"WebPage","@id":"https:\/\/www.africa-press.net\/tchad\/politique\/le-projet-de-decret-sur-le-reversement-du-personnel-de-greffes-dans-leurs-differents-grades-adopte","url":"https:\/\/www.africa-press.net\/tchad\/politique\/le-projet-de-decret-sur-le-reversement-du-personnel-de-greffes-dans-leurs-differents-grades-adopte","name":"le projet de d\u00e9cret sur le reversement du personnel de greffes dans leurs diff\u00e9rents grades adopt\u00e9 - tchad","isPartOf":{"@id":"https:\/\/www.africa-press.net\/tchad\/#website"},"primaryImageOfPage":{"@id":"https:\/\/www.africa-press.net\/tchad\/politique\/le-projet-de-decret-sur-le-reversement-du-personnel-de-greffes-dans-leurs-differents-grades-adopte#primaryimage"},"image":{"@id":"https:\/\/www.africa-press.net\/tchad\/politique\/le-projet-de-decret-sur-le-reversement-du-personnel-de-greffes-dans-leurs-differents-grades-adopte#primaryimage"},"thumbnailUrl":"https:\/\/static.africa-press.net\/tchad\/sites\/41\/2023\/10\/sm_1698509495.720607.jpg","datePublished":"2023-10-28T18:59:56+00:00","dateModified":"2023-10-28T19:42:34+00:00","author":{"@id":"https:\/\/www.africa-press.net\/tchad\/#\/schema\/person\/2b1cf3cd81a31e3cd26889ca66d677f1"},"description":"Soumis au Conseil ordinaire des ministres du 26 octobre 2023, par le ministre de la Justice, Mahamat Alhabo, le projet d ...","breadcrumb":{"@id":"https:\/\/www.africa-press.net\/tchad\/politique\/le-projet-de-decret-sur-le-reversement-du-personnel-de-greffes-dans-leurs-differents-grades-adopte#breadcrumb"},"inLanguage":"fr-FR","potentialAction":[{"@type":"ReadAction","target":["https:\/\/www.africa-press.net\/tchad\/politique\/le-projet-de-decret-sur-le-reversement-du-personnel-de-greffes-dans-leurs-differents-grades-adopte"]}]},{"@type":"ImageObject","inLanguage":"fr-FR","@id":"https:\/\/www.africa-press.net\/tchad\/politique\/le-projet-de-decret-sur-le-reversement-du-personnel-de-greffes-dans-leurs-differents-grades-adopte#primaryimage","url":"https:\/\/static.africa-press.net\/tchad\/sites\/41\/2023\/10\/sm_1698509495.720607.jpg","contentUrl":"https:\/\/static.africa-press.net\/tchad\/sites\/41\/2023\/10\/sm_1698509495.720607.jpg","width":780,"height":440,"caption":"le projet de d\u00e9cret sur le reversement du personnel de greffes dans leurs diff\u00e9rents grades adopt\u00e9"},{"@type":"BreadcrumbList","@id":"https:\/\/www.africa-press.net\/tchad\/politique\/le-projet-de-decret-sur-le-reversement-du-personnel-de-greffes-dans-leurs-differents-grades-adopte#breadcrumb","itemListElement":[{"@type":"ListItem","position":1,"name":"Accueil","item":"https:\/\/www.africa-press.net\/tchad\/"},{"@type":"ListItem","position":2,"name":"le projet de d\u00e9cret sur le reversement du personnel de greffes dans leurs diff\u00e9rents grades adopt\u00e9"}]},{"@type":"WebSite","@id":"https:\/\/www.africa-press.net\/tchad\/#website","url":"https:\/\/www.africa-press.net\/tchad\/","name":"tchad","description":"Just another Africa News Agency Sites site","potentialAction":[{"@type":"SearchAction","target":{"@type":"EntryPoint","urlTemplate":"https:\/\/www.africa-press.net\/tchad\/?s={search_term_string}"},"query-input":{"@type":"PropertyValueSpecification","valueRequired":true,"valueName":"search_term_string"}}],"inLanguage":"fr-FR"},{"@type":"Person","@id":"https:\/\/www.africa-press.net\/tchad\/#\/schema\/person\/2b1cf3cd81a31e3cd26889ca66d677f1","name":"cfeditorfr"}]}},"_links":{"self":[{"href":"https:\/\/www.africa-press.net\/tchad\/wp-json\/wp\/v2\/posts\/53078","targetHints":{"allow":["GET"]}}],"collection":[{"href":"https:\/\/www.africa-press.net\/tchad\/wp-json\/wp\/v2\/posts"}],"about":[{"href":"https:\/\/www.africa-press.net\/tchad\/wp-json\/wp\/v2\/types\/post"}],"author":[{"embeddable":true,"href":"https:\/\/www.africa-press.net\/tchad\/wp-json\/wp\/v2\/users\/82"}],"replies":[{"embeddable":true,"href":"https:\/\/www.africa-press.net\/tchad\/wp-json\/wp\/v2\/comments?post=53078"}],"version-history":[{"count":0,"href":"https:\/\/www.africa-press.net\/tchad\/wp-json\/wp\/v2\/posts\/53078\/revisions"}],"wp:featuredmedia":[{"embeddable":true,"href":"https:\/\/www.africa-press.net\/tchad\/wp-json\/wp\/v2\/media\/53076"}],"wp:attachment":[{"href":"https:\/\/www.africa-press.net\/tchad\/wp-json\/wp\/v2\/media?parent=53078"}],"wp:term":[{"taxonomy":"category","embeddable":true,"href":"https:\/\/www.africa-press.net\/tchad\/wp-json\/wp\/v2\/categories?post=53078"},{"taxonomy":"post_tag","embeddable":true,"href":"https:\/\/www.africa-press.net\/tchad\/wp-json\/wp\/v2\/tags?post=53078"}],"curies":[{"name":"wp","href":"https:\/\/api.w.org\/{rel}","templated":true}]}}