{"id":53081,"date":"2023-10-28T19:08:23","date_gmt":"2023-10-28T19:08:23","guid":{"rendered":"https:\/\/www.africa-press.net\/tchad\/politique\/long-dappui-au-developpement-local-dresse-le-bilan-de-ses-activites"},"modified":"2023-10-28T19:47:14","modified_gmt":"2023-10-28T19:47:14","slug":"long-dappui-au-developpement-local-dresse-le-bilan-de-ses-activites","status":"publish","type":"post","link":"https:\/\/www.africa-press.net\/tchad\/politique\/long-dappui-au-developpement-local-dresse-le-bilan-de-ses-activites","title":{"rendered":"L\u2019ONG d\u2019appui au d\u00e9veloppement local dresse le bilan de ses activit\u00e9s"},"content":{"rendered":"<p><span style=\"color: #ff6600\"><strong>Africa-Press &#8211; Tchad. <\/strong><\/span>Le pr\u00e9sident de l\u2019ONG nationale d\u2019appui au d\u00e9veloppement local, Sindeu Dama, a fait une conf\u00e9rence de presse, ce samedi, 28 octobre, \u00e0 la maison des m\u00e9dias. Au centre de cette conf\u00e9rence, le bilan des activit\u00e9s r\u00e9alis\u00e9es de 2012 \u00e0 2023.<br \/>\nApr\u00e8s 11 ans d\u2019existence, l\u2019Association pour l\u2019appui au d\u00e9veloppement local (AADI), devenue ONG en 2022, pr\u00e9sente les activit\u00e9s qu\u2019elle a l\u2019occasion de r\u00e9aliser dans diff\u00e9rents coins du Tchad. Et c\u2019est son pr\u00e9sident national, Sindeu Dama qui s\u2019en est occup\u00e9.<\/p>\n<p>En tant qu\u2019association, elle a pu r\u00e9aliser diverses activit\u00e9s importantes dans le pays, notamment la vaccination des animaux contre les maladies telluriques dans le Mayo-Kebbi g\u00e9ographique ; la sensibilisation sur la conduite d\u2019\u00e9levage dans le Hadjer-Lamis; la sensibilisation sur la coh\u00e9sion et la solidarit\u00e9 locale; appui Conseil sur l\u2019\u00e9levage des poissons dans le Chari-Baguirmi et bien plus. Ces diff\u00e9rentes activit\u00e9s de terrain sont r\u00e9alis\u00e9es gr\u00e2ce au financement propre de l\u2019association, a tenu \u00e0 pr\u00e9ciser Sindeu Dama.<\/p>\n<p>C\u2019est plus tard, en 2021, lorsque l\u2019association est devenue ONG qu\u2019elle a r\u00e9ussi \u00e0 trouver un appui financier de l\u2019Union europ\u00e9enne, pour la poursuite de ses activit\u00e9s. Cet appui \u00e0 permis \u00e0 l\u2019ONG de mener les activit\u00e9s de sensibilisation sur les violences bas\u00e9es sur le genre, dans le 9eme arrondissement. Sans ignorer les multiples activit\u00e9s de sensibilisation faites \u00e0 N\u2019Djam\u00e9na et \u00e0 l\u2019int\u00e9rieur du pays gr\u00e2ce \u00e0 ses propres fonds provenant des cotisations, des droits d\u2019adh\u00e9sion, activit\u00e9s g\u00e9n\u00e9ratrices de revenus et autres.<\/p>\n<p>Si les ambitions de l\u2019ONG d\u2019appui au d\u00e9veloppement local sont l\u2019am\u00e9lioration des conditions de vie du monde rural qu\u2019urbain, la scolarisation de l\u2019enfant tchadien \u00e0 un niveau \u00e9lev\u00e9, la sant\u00e9 humaine et animale appr\u00e9ciable sur l\u2019ensemble du pays, Sindeu Dama, se soucie de manque de moyens financiers et plaide pour une collaboration accrue avec le gouvernement.<\/p>\n<p><strong>Pour plus d&rsquo;informations et d&rsquo;analyses sur la <a href=\"https:\/\/www.africa-press.net\/tchad\">Tchad<\/a>, suivez <a href=\"https:\/\/www.africa-press.net\/\">Africa-Press<\/a><\/strong><\/p>\n","protected":false},"excerpt":{"rendered":"<p>Africa-Press &#8211; Tchad. Le pr\u00e9sident de l\u2019ONG nationale d\u2019appui au d\u00e9veloppement local, Sindeu Dama, a fait une conf\u00e9rence de presse, ce samedi, 28 octobre, \u00e0 la maison des m\u00e9dias. Au centre de cette conf\u00e9rence, le bilan des activit\u00e9s r\u00e9alis\u00e9es de 2012 \u00e0 2023. Apr\u00e8s 11 ans d\u2019existence, l\u2019Association pour l\u2019appui au d\u00e9veloppement local (AADI), devenue [&hellip;]<\/p>\n","protected":false},"author":82,"featured_media":53080,"comment_status":"open","ping_status":"closed","sticky":false,"template":"","format":"standard","meta":{"footnotes":""},"categories":[2,10],"tags":[37,292,29],"class_list":["post-53081","post","type-post","status-publish","format-standard","has-post-thumbnail","hentry","category-politique","category-toutes-les-actualites","tag-africa-press","tag-africa-press-tchad","tag-tchad"],"yoast_head":"<!-- This site is optimized with the Yoast SEO Premium plugin v26.1 (Yoast SEO v27.0) - https:\/\/yoast.com\/product\/yoast-seo-premium-wordpress\/ -->\n<title>L\u2019ONG d\u2019appui au d\u00e9veloppement local dresse le bilan de ses activit\u00e9s - tchad<\/title>\n<meta name=\"description\" content=\"Le pre\u0301sident de l\u2019ONG nationale d\u2019appui au de\u0301veloppement local, Sindeu Dama, a fait une confe\u0301rence de presse, ce samedi, ...\" \/>\n<meta name=\"robots\" content=\"index, follow, max-snippet:-1, max-image-preview:large, max-video-preview:-1\" \/>\n<link rel=\"canonical\" href=\"https:\/\/www.africa-press.net\/tchad\/politique\/long-dappui-au-developpement-local-dresse-le-bilan-de-ses-activites\" \/>\n<meta property=\"og:locale\" content=\"fr_FR\" \/>\n<meta property=\"og:type\" content=\"article\" \/>\n<meta property=\"og:title\" content=\"L\u2019ONG d\u2019appui au d\u00e9veloppement local dresse le bilan de ses activit\u00e9s\" \/>\n<meta property=\"og:description\" content=\"Le pre\u0301sident de l\u2019ONG nationale d\u2019appui au de\u0301veloppement local, Sindeu Dama, a fait une confe\u0301rence de presse, ce samedi, ...\" \/>\n<meta property=\"og:url\" content=\"https:\/\/www.africa-press.net\/tchad\/politique\/long-dappui-au-developpement-local-dresse-le-bilan-de-ses-activites\" \/>\n<meta property=\"og:site_name\" content=\"tchad\" \/>\n<meta property=\"article:published_time\" content=\"2023-10-28T19:08:23+00:00\" \/>\n<meta property=\"article:modified_time\" content=\"2023-10-28T19:47:14+00:00\" \/>\n<meta property=\"og:image\" content=\"https:\/\/static.africa-press.net\/tchad\/sites\/41\/2023\/10\/sm_1698509735.321042.jpg\" \/>\n\t<meta property=\"og:image:width\" content=\"1000\" \/>\n\t<meta property=\"og:image:height\" content=\"594\" \/>\n\t<meta property=\"og:image:type\" content=\"image\/jpeg\" \/>\n<meta name=\"author\" content=\"cfeditorfr\" \/>\n<meta name=\"twitter:card\" content=\"summary_large_image\" \/>\n<meta name=\"twitter:label1\" content=\"\u00c9crit par\" \/>\n\t<meta name=\"twitter:data1\" content=\"cfeditorfr\" \/>\n\t<meta name=\"twitter:label2\" content=\"Dur\u00e9e de lecture estim\u00e9e\" \/>\n\t<meta name=\"twitter:data2\" content=\"2 minutes\" \/>\n<script type=\"application\/ld+json\" class=\"yoast-schema-graph\">{\"@context\":\"https:\/\/schema.org\",\"@graph\":[{\"@type\":\"Article\",\"@id\":\"https:\/\/www.africa-press.net\/tchad\/politique\/long-dappui-au-developpement-local-dresse-le-bilan-de-ses-activites#article\",\"isPartOf\":{\"@id\":\"https:\/\/www.africa-press.net\/tchad\/politique\/long-dappui-au-developpement-local-dresse-le-bilan-de-ses-activites\"},\"author\":{\"name\":\"cfeditorfr\",\"@id\":\"https:\/\/www.africa-press.net\/tchad\/#\/schema\/person\/2b1cf3cd81a31e3cd26889ca66d677f1\"},\"headline\":\"L\u2019ONG d\u2019appui au d\u00e9veloppement local dresse le bilan de ses activit\u00e9s\",\"datePublished\":\"2023-10-28T19:08:23+00:00\",\"dateModified\":\"2023-10-28T19:47:14+00:00\",\"mainEntityOfPage\":{\"@id\":\"https:\/\/www.africa-press.net\/tchad\/politique\/long-dappui-au-developpement-local-dresse-le-bilan-de-ses-activites\"},\"wordCount\":374,\"commentCount\":0,\"image\":{\"@id\":\"https:\/\/www.africa-press.net\/tchad\/politique\/long-dappui-au-developpement-local-dresse-le-bilan-de-ses-activites#primaryimage\"},\"thumbnailUrl\":\"https:\/\/static.africa-press.net\/tchad\/sites\/41\/2023\/10\/sm_1698509735.321042.jpg\",\"keywords\":[\"Africa Press\",\"Africa Press-Tchad\",\"Tchad\"],\"articleSection\":[\"Politique\",\"Toutes les actualit\u00e9s\"],\"inLanguage\":\"fr-FR\",\"potentialAction\":[{\"@type\":\"CommentAction\",\"name\":\"Comment\",\"target\":[\"https:\/\/www.africa-press.net\/tchad\/politique\/long-dappui-au-developpement-local-dresse-le-bilan-de-ses-activites#respond\"]}]},{\"@type\":\"WebPage\",\"@id\":\"https:\/\/www.africa-press.net\/tchad\/politique\/long-dappui-au-developpement-local-dresse-le-bilan-de-ses-activites\",\"url\":\"https:\/\/www.africa-press.net\/tchad\/politique\/long-dappui-au-developpement-local-dresse-le-bilan-de-ses-activites\",\"name\":\"L\u2019ONG d\u2019appui au d\u00e9veloppement local dresse le bilan de ses activit\u00e9s - tchad\",\"isPartOf\":{\"@id\":\"https:\/\/www.africa-press.net\/tchad\/#website\"},\"primaryImageOfPage\":{\"@id\":\"https:\/\/www.africa-press.net\/tchad\/politique\/long-dappui-au-developpement-local-dresse-le-bilan-de-ses-activites#primaryimage\"},\"image\":{\"@id\":\"https:\/\/www.africa-press.net\/tchad\/politique\/long-dappui-au-developpement-local-dresse-le-bilan-de-ses-activites#primaryimage\"},\"thumbnailUrl\":\"https:\/\/static.africa-press.net\/tchad\/sites\/41\/2023\/10\/sm_1698509735.321042.jpg\",\"datePublished\":\"2023-10-28T19:08:23+00:00\",\"dateModified\":\"2023-10-28T19:47:14+00:00\",\"author\":{\"@id\":\"https:\/\/www.africa-press.net\/tchad\/#\/schema\/person\/2b1cf3cd81a31e3cd26889ca66d677f1\"},\"description\":\"Le pre\u0301sident de l\u2019ONG nationale d\u2019appui au de\u0301veloppement local, Sindeu Dama, a fait une confe\u0301rence de presse, ce samedi, ...\",\"breadcrumb\":{\"@id\":\"https:\/\/www.africa-press.net\/tchad\/politique\/long-dappui-au-developpement-local-dresse-le-bilan-de-ses-activites#breadcrumb\"},\"inLanguage\":\"fr-FR\",\"potentialAction\":[{\"@type\":\"ReadAction\",\"target\":[\"https:\/\/www.africa-press.net\/tchad\/politique\/long-dappui-au-developpement-local-dresse-le-bilan-de-ses-activites\"]}]},{\"@type\":\"ImageObject\",\"inLanguage\":\"fr-FR\",\"@id\":\"https:\/\/www.africa-press.net\/tchad\/politique\/long-dappui-au-developpement-local-dresse-le-bilan-de-ses-activites#primaryimage\",\"url\":\"https:\/\/static.africa-press.net\/tchad\/sites\/41\/2023\/10\/sm_1698509735.321042.jpg\",\"contentUrl\":\"https:\/\/static.africa-press.net\/tchad\/sites\/41\/2023\/10\/sm_1698509735.321042.jpg\",\"width\":1000,\"height\":594,\"caption\":\"L\u2019ONG d\u2019appui au d\u00e9veloppement local dresse le bilan de ses activit\u00e9s\"},{\"@type\":\"BreadcrumbList\",\"@id\":\"https:\/\/www.africa-press.net\/tchad\/politique\/long-dappui-au-developpement-local-dresse-le-bilan-de-ses-activites#breadcrumb\",\"itemListElement\":[{\"@type\":\"ListItem\",\"position\":1,\"name\":\"Accueil\",\"item\":\"https:\/\/www.africa-press.net\/tchad\/\"},{\"@type\":\"ListItem\",\"position\":2,\"name\":\"L\u2019ONG d\u2019appui au d\u00e9veloppement local dresse le bilan de ses activit\u00e9s\"}]},{\"@type\":\"WebSite\",\"@id\":\"https:\/\/www.africa-press.net\/tchad\/#website\",\"url\":\"https:\/\/www.africa-press.net\/tchad\/\",\"name\":\"tchad\",\"description\":\"Just another Africa News Agency Sites site\",\"potentialAction\":[{\"@type\":\"SearchAction\",\"target\":{\"@type\":\"EntryPoint\",\"urlTemplate\":\"https:\/\/www.africa-press.net\/tchad\/?s={search_term_string}\"},\"query-input\":{\"@type\":\"PropertyValueSpecification\",\"valueRequired\":true,\"valueName\":\"search_term_string\"}}],\"inLanguage\":\"fr-FR\"},{\"@type\":\"Person\",\"@id\":\"https:\/\/www.africa-press.net\/tchad\/#\/schema\/person\/2b1cf3cd81a31e3cd26889ca66d677f1\",\"name\":\"cfeditorfr\"}]}<\/script>\n<!-- \/ Yoast SEO Premium plugin. -->","yoast_head_json":{"title":"L\u2019ONG d\u2019appui au d\u00e9veloppement local dresse le bilan de ses activit\u00e9s - tchad","description":"Le pre\u0301sident de l\u2019ONG nationale d\u2019appui au de\u0301veloppement local, Sindeu Dama, a fait une confe\u0301rence de presse, ce samedi, ...","robots":{"index":"index","follow":"follow","max-snippet":"max-snippet:-1","max-image-preview":"max-image-preview:large","max-video-preview":"max-video-preview:-1"},"canonical":"https:\/\/www.africa-press.net\/tchad\/politique\/long-dappui-au-developpement-local-dresse-le-bilan-de-ses-activites","og_locale":"fr_FR","og_type":"article","og_title":"L\u2019ONG d\u2019appui au d\u00e9veloppement local dresse le bilan de ses activit\u00e9s","og_description":"Le pre\u0301sident de l\u2019ONG nationale d\u2019appui au de\u0301veloppement local, Sindeu Dama, a fait une confe\u0301rence de presse, ce samedi, ...","og_url":"https:\/\/www.africa-press.net\/tchad\/politique\/long-dappui-au-developpement-local-dresse-le-bilan-de-ses-activites","og_site_name":"tchad","article_published_time":"2023-10-28T19:08:23+00:00","article_modified_time":"2023-10-28T19:47:14+00:00","og_image":[{"width":1000,"height":594,"url":"https:\/\/static.africa-press.net\/tchad\/sites\/41\/2023\/10\/sm_1698509735.321042.jpg","type":"image\/jpeg"}],"author":"cfeditorfr","twitter_card":"summary_large_image","twitter_misc":{"\u00c9crit par":"cfeditorfr","Dur\u00e9e de lecture estim\u00e9e":"2 minutes"},"schema":{"@context":"https:\/\/schema.org","@graph":[{"@type":"Article","@id":"https:\/\/www.africa-press.net\/tchad\/politique\/long-dappui-au-developpement-local-dresse-le-bilan-de-ses-activites#article","isPartOf":{"@id":"https:\/\/www.africa-press.net\/tchad\/politique\/long-dappui-au-developpement-local-dresse-le-bilan-de-ses-activites"},"author":{"name":"cfeditorfr","@id":"https:\/\/www.africa-press.net\/tchad\/#\/schema\/person\/2b1cf3cd81a31e3cd26889ca66d677f1"},"headline":"L\u2019ONG d\u2019appui au d\u00e9veloppement local dresse le bilan de ses activit\u00e9s","datePublished":"2023-10-28T19:08:23+00:00","dateModified":"2023-10-28T19:47:14+00:00","mainEntityOfPage":{"@id":"https:\/\/www.africa-press.net\/tchad\/politique\/long-dappui-au-developpement-local-dresse-le-bilan-de-ses-activites"},"wordCount":374,"commentCount":0,"image":{"@id":"https:\/\/www.africa-press.net\/tchad\/politique\/long-dappui-au-developpement-local-dresse-le-bilan-de-ses-activites#primaryimage"},"thumbnailUrl":"https:\/\/static.africa-press.net\/tchad\/sites\/41\/2023\/10\/sm_1698509735.321042.jpg","keywords":["Africa Press","Africa Press-Tchad","Tchad"],"articleSection":["Politique","Toutes les actualit\u00e9s"],"inLanguage":"fr-FR","potentialAction":[{"@type":"CommentAction","name":"Comment","target":["https:\/\/www.africa-press.net\/tchad\/politique\/long-dappui-au-developpement-local-dresse-le-bilan-de-ses-activites#respond"]}]},{"@type":"WebPage","@id":"https:\/\/www.africa-press.net\/tchad\/politique\/long-dappui-au-developpement-local-dresse-le-bilan-de-ses-activites","url":"https:\/\/www.africa-press.net\/tchad\/politique\/long-dappui-au-developpement-local-dresse-le-bilan-de-ses-activites","name":"L\u2019ONG d\u2019appui au d\u00e9veloppement local dresse le bilan de ses activit\u00e9s - tchad","isPartOf":{"@id":"https:\/\/www.africa-press.net\/tchad\/#website"},"primaryImageOfPage":{"@id":"https:\/\/www.africa-press.net\/tchad\/politique\/long-dappui-au-developpement-local-dresse-le-bilan-de-ses-activites#primaryimage"},"image":{"@id":"https:\/\/www.africa-press.net\/tchad\/politique\/long-dappui-au-developpement-local-dresse-le-bilan-de-ses-activites#primaryimage"},"thumbnailUrl":"https:\/\/static.africa-press.net\/tchad\/sites\/41\/2023\/10\/sm_1698509735.321042.jpg","datePublished":"2023-10-28T19:08:23+00:00","dateModified":"2023-10-28T19:47:14+00:00","author":{"@id":"https:\/\/www.africa-press.net\/tchad\/#\/schema\/person\/2b1cf3cd81a31e3cd26889ca66d677f1"},"description":"Le pre\u0301sident de l\u2019ONG nationale d\u2019appui au de\u0301veloppement local, Sindeu Dama, a fait une confe\u0301rence de presse, ce samedi, ...","breadcrumb":{"@id":"https:\/\/www.africa-press.net\/tchad\/politique\/long-dappui-au-developpement-local-dresse-le-bilan-de-ses-activites#breadcrumb"},"inLanguage":"fr-FR","potentialAction":[{"@type":"ReadAction","target":["https:\/\/www.africa-press.net\/tchad\/politique\/long-dappui-au-developpement-local-dresse-le-bilan-de-ses-activites"]}]},{"@type":"ImageObject","inLanguage":"fr-FR","@id":"https:\/\/www.africa-press.net\/tchad\/politique\/long-dappui-au-developpement-local-dresse-le-bilan-de-ses-activites#primaryimage","url":"https:\/\/static.africa-press.net\/tchad\/sites\/41\/2023\/10\/sm_1698509735.321042.jpg","contentUrl":"https:\/\/static.africa-press.net\/tchad\/sites\/41\/2023\/10\/sm_1698509735.321042.jpg","width":1000,"height":594,"caption":"L\u2019ONG d\u2019appui au d\u00e9veloppement local dresse le bilan de ses activit\u00e9s"},{"@type":"BreadcrumbList","@id":"https:\/\/www.africa-press.net\/tchad\/politique\/long-dappui-au-developpement-local-dresse-le-bilan-de-ses-activites#breadcrumb","itemListElement":[{"@type":"ListItem","position":1,"name":"Accueil","item":"https:\/\/www.africa-press.net\/tchad\/"},{"@type":"ListItem","position":2,"name":"L\u2019ONG d\u2019appui au d\u00e9veloppement local dresse le bilan de ses activit\u00e9s"}]},{"@type":"WebSite","@id":"https:\/\/www.africa-press.net\/tchad\/#website","url":"https:\/\/www.africa-press.net\/tchad\/","name":"tchad","description":"Just another Africa News Agency Sites site","potentialAction":[{"@type":"SearchAction","target":{"@type":"EntryPoint","urlTemplate":"https:\/\/www.africa-press.net\/tchad\/?s={search_term_string}"},"query-input":{"@type":"PropertyValueSpecification","valueRequired":true,"valueName":"search_term_string"}}],"inLanguage":"fr-FR"},{"@type":"Person","@id":"https:\/\/www.africa-press.net\/tchad\/#\/schema\/person\/2b1cf3cd81a31e3cd26889ca66d677f1","name":"cfeditorfr"}]}},"_links":{"self":[{"href":"https:\/\/www.africa-press.net\/tchad\/wp-json\/wp\/v2\/posts\/53081","targetHints":{"allow":["GET"]}}],"collection":[{"href":"https:\/\/www.africa-press.net\/tchad\/wp-json\/wp\/v2\/posts"}],"about":[{"href":"https:\/\/www.africa-press.net\/tchad\/wp-json\/wp\/v2\/types\/post"}],"author":[{"embeddable":true,"href":"https:\/\/www.africa-press.net\/tchad\/wp-json\/wp\/v2\/users\/82"}],"replies":[{"embeddable":true,"href":"https:\/\/www.africa-press.net\/tchad\/wp-json\/wp\/v2\/comments?post=53081"}],"version-history":[{"count":0,"href":"https:\/\/www.africa-press.net\/tchad\/wp-json\/wp\/v2\/posts\/53081\/revisions"}],"wp:featuredmedia":[{"embeddable":true,"href":"https:\/\/www.africa-press.net\/tchad\/wp-json\/wp\/v2\/media\/53080"}],"wp:attachment":[{"href":"https:\/\/www.africa-press.net\/tchad\/wp-json\/wp\/v2\/media?parent=53081"}],"wp:term":[{"taxonomy":"category","embeddable":true,"href":"https:\/\/www.africa-press.net\/tchad\/wp-json\/wp\/v2\/categories?post=53081"},{"taxonomy":"post_tag","embeddable":true,"href":"https:\/\/www.africa-press.net\/tchad\/wp-json\/wp\/v2\/tags?post=53081"}],"curies":[{"name":"wp","href":"https:\/\/api.w.org\/{rel}","templated":true}]}}