{"id":53099,"date":"2023-10-29T16:30:10","date_gmt":"2023-10-29T16:30:10","guid":{"rendered":"https:\/\/www.africa-press.net\/tchad\/politique\/ces-deux-selections-de-foot-africaines-au-top-20-mondial-selon-la-fifa"},"modified":"2023-10-29T16:56:22","modified_gmt":"2023-10-29T16:56:22","slug":"ces-deux-selections-de-foot-africaines-au-top-20-mondial-selon-la-fifa","status":"publish","type":"post","link":"https:\/\/www.africa-press.net\/tchad\/sports\/ces-deux-selections-de-foot-africaines-au-top-20-mondial-selon-la-fifa","title":{"rendered":"Ces deux s\u00e9lections de foot africaines au Top 20 mondial, selon la FIFA"},"content":{"rendered":"<p><span style=\"color: #ff6600\"><strong>Africa-Press &#8211; Tchad. <\/strong><\/span>La Fe\u0301de\u0301ration internationale de football (FIFA) a dresse\u0301 un classement des se\u0301lections nationales mondiales. Le Maroc et le Se\u0301ne\u0301gal figurent parmi les 20 meilleures e\u0301quipes du monde.<\/p>\n<p>Les Lions de l&rsquo;Atlas du Maroc occupent la premie\u0300re place en Afrique et la 13e mondiale, selon un classement e\u0301tabli par la Fe\u0301de\u0301ration internationale de football (FIFA).<\/p>\n<p>L\u2019e\u0301quipe marocaine a totalise\u0301 1658,49 points, soit plus 0,17 point par rapport au classement pre\u0301ce\u0301dent.<\/p>\n<p>Les Lions de la Te\u0301ranga du Se\u0301ne\u0301gal pointent a\u0300 la 2e place africaine (20e mondiale), avec un total de 1600,82 points, soit une hausse de 3,81 points par rapport a\u0300 la dernie\u0300re fois.<\/p>\n<p>L\u2019e\u0301quipe nationale de la Tunisie comple\u0300te le podium africain. Elle a recule\u0301 de 3 places, passe du 29e au 32e rang, totalisant 1516,14 points, soit une baisse de 9,09 points.<\/p>\n<p>Les Fennecs de l&rsquo;Alge\u0301rie se positionnent a\u0300 la 4e place du Top-10 africain (33e rang mondial) avec 1512,9 points soit 3,4 de plus que le classement passe\u0301.<\/p>\n<p>Les Pharaons d&rsquo;E\u0301gypte pointent au 6e rang (35e sur le plan mondial) avec 1511,95 points.<\/p>\n<p>Les Super Aigles du Nigeria se retrouvent a\u0300 la 6e place (40e rang mondial) avec 1490,48 points.<\/p>\n<p>Viennent ensuite les Lions indomptables du Cameroun (7e en Afrique et 43e au monde avec 1466,98 points), les Aigles du Mali (8e en Afrique et 47e au monde avec 1449,75 points), les E\u0301le\u0301phants de Co\u0302te d\u2019Ivoire (9e en Afrique et 52e mondial avec 1442,96), les E\u0301talons du Burkina Faso (10e sur le continent africain et 56e mondial avec 1410,59).<\/p>\n<p>Les meilleures e\u0301quipes africaines auront certainement l&rsquo;occasion de s&rsquo;affronter lors de la prochaine Coupe d&rsquo;Afrique des Nations (CAN) 2023 qui se de\u0301roulera du 13 janvier au 11 fe\u0301vrier 2024 en Co\u0302te d&rsquo;Ivoire.<\/p>\n<p><b>Comment se fait le calcul?<\/b><\/p>\n<p>Ce classement est dresse\u0301 d\u2019apre\u0300s une nouvelle me\u0301thode applique\u0301e depuis 2018. Selon l&rsquo;instance internationale de football, le nouveau mode\u0300le prend en compte la logique qui voudrait qu\u2019une e\u0301quipe mieux classe\u0301e obtienne de meilleurs re\u0301sultats face a\u0300 un adversaire qui occupe une position infe\u0301rieure au classement. La FIFA l&rsquo;a baptise\u0301 \u00ab\u00a0SUM\u00a0\u00bb. Jusque-la\u0300, le classement mondial se basait sur une moyenne, e\u0301tablie sur une certaine pe\u0301riode de temps. Tandis que le nouveau syste\u0300me proce\u0300de par addition\/soustraction sur un total de points, en fonction des matchs gagne\u0301s ou perdus.<\/p>\n<p>Les points ajoute\u0301s ou soustraits sont en partie de\u0301finis par la force relative des deux adversaires.<\/p>\n<p><b>Top-3 du classement mondial<\/b><\/p>\n<p>Sur le plan mondial, l&rsquo;e\u0301quipe d&rsquo;Argentine, vainqueur de la dernie\u0300re Coupe du monde, est la meilleure des e\u0301quipes nationales avec un total de 1861,29 points, soit plus 9,88 point que lors du classement pre\u0301ce\u0301dent.<\/p>\n<p>La France est a\u0300 la 2e place mondiale, avec un total de 1853,11 points, une hausse de 12,35 points obtenue par rapport a\u0300 la dernie\u0300re e\u0301valuation.<\/p>\n<p>Le Bre\u0301sil clo\u0302t le podium avec 1812,2 points, soit une baisse de 21,41 points.<\/p>\n<p><strong>Pour plus d&rsquo;informations et d&rsquo;analyses sur la <a href=\"https:\/\/www.africa-press.net\/tchad\">Tchad<\/a>, suivez <a href=\"https:\/\/www.africa-press.net\/\">Africa-Press<\/a><\/strong><\/p>\n","protected":false},"excerpt":{"rendered":"<p>Africa-Press &#8211; Tchad. La Fe\u0301de\u0301ration internationale de football (FIFA) a dresse\u0301 un classement des se\u0301lections nationales mondiales. Le Maroc et le Se\u0301ne\u0301gal figurent parmi les 20 meilleures e\u0301quipes du monde. Les Lions de l&rsquo;Atlas du Maroc occupent la premie\u0300re place en Afrique et la 13e mondiale, selon un classement e\u0301tabli par la Fe\u0301de\u0301ration internationale de [&hellip;]<\/p>\n","protected":false},"author":82,"featured_media":53098,"comment_status":"open","ping_status":"closed","sticky":false,"template":"","format":"standard","meta":{"footnotes":""},"categories":[6,10],"tags":[37,292,29],"class_list":["post-53099","post","type-post","status-publish","format-standard","has-post-thumbnail","hentry","category-sports","category-toutes-les-actualites","tag-africa-press","tag-africa-press-tchad","tag-tchad"],"yoast_head":"<!-- This site is optimized with the Yoast SEO Premium plugin v26.1 (Yoast SEO v27.0) - https:\/\/yoast.com\/product\/yoast-seo-premium-wordpress\/ -->\n<title>Ces deux s\u00e9lections de foot africaines au Top 20 mondial, selon la FIFA - tchad<\/title>\n<meta name=\"description\" content=\"La Fe\u0301de\u0301ration internationale de football (FIFA) a dresse\u0301 un classement des se\u0301lections nationales mondiales. Le Maroc ...\" \/>\n<meta name=\"robots\" content=\"index, follow, max-snippet:-1, max-image-preview:large, max-video-preview:-1\" \/>\n<link rel=\"canonical\" href=\"https:\/\/www.africa-press.net\/tchad\/sports\/ces-deux-selections-de-foot-africaines-au-top-20-mondial-selon-la-fifa\" \/>\n<meta property=\"og:locale\" content=\"fr_FR\" \/>\n<meta property=\"og:type\" content=\"article\" \/>\n<meta property=\"og:title\" content=\"Ces deux s\u00e9lections de foot africaines au Top 20 mondial, selon la FIFA\" \/>\n<meta property=\"og:description\" content=\"La Fe\u0301de\u0301ration internationale de football (FIFA) a dresse\u0301 un classement des se\u0301lections nationales mondiales. Le Maroc ...\" \/>\n<meta property=\"og:url\" content=\"https:\/\/www.africa-press.net\/tchad\/sports\/ces-deux-selections-de-foot-africaines-au-top-20-mondial-selon-la-fifa\" \/>\n<meta property=\"og:site_name\" content=\"tchad\" \/>\n<meta property=\"article:published_time\" content=\"2023-10-29T16:30:10+00:00\" \/>\n<meta property=\"article:modified_time\" content=\"2023-10-29T16:56:22+00:00\" \/>\n<meta property=\"og:image\" content=\"https:\/\/static.africa-press.net\/tchad\/sites\/41\/2023\/10\/sm_1698585493.620386.jpg\" \/>\n\t<meta property=\"og:image:width\" content=\"1351\" \/>\n\t<meta property=\"og:image:height\" content=\"900\" \/>\n\t<meta property=\"og:image:type\" content=\"image\/jpeg\" \/>\n<meta name=\"author\" content=\"cfeditorfr\" \/>\n<meta name=\"twitter:card\" content=\"summary_large_image\" \/>\n<meta name=\"twitter:label1\" content=\"\u00c9crit par\" \/>\n\t<meta name=\"twitter:data1\" content=\"cfeditorfr\" \/>\n\t<meta name=\"twitter:label2\" content=\"Dur\u00e9e de lecture estim\u00e9e\" \/>\n\t<meta name=\"twitter:data2\" content=\"3 minutes\" \/>\n<script type=\"application\/ld+json\" class=\"yoast-schema-graph\">{\"@context\":\"https:\/\/schema.org\",\"@graph\":[{\"@type\":\"Article\",\"@id\":\"https:\/\/www.africa-press.net\/tchad\/sports\/ces-deux-selections-de-foot-africaines-au-top-20-mondial-selon-la-fifa#article\",\"isPartOf\":{\"@id\":\"https:\/\/www.africa-press.net\/tchad\/sports\/ces-deux-selections-de-foot-africaines-au-top-20-mondial-selon-la-fifa\"},\"author\":{\"name\":\"cfeditorfr\",\"@id\":\"https:\/\/www.africa-press.net\/tchad\/#\/schema\/person\/2b1cf3cd81a31e3cd26889ca66d677f1\"},\"headline\":\"Ces deux s\u00e9lections de foot africaines au Top 20 mondial, selon la FIFA\",\"datePublished\":\"2023-10-29T16:30:10+00:00\",\"dateModified\":\"2023-10-29T16:56:22+00:00\",\"mainEntityOfPage\":{\"@id\":\"https:\/\/www.africa-press.net\/tchad\/sports\/ces-deux-selections-de-foot-africaines-au-top-20-mondial-selon-la-fifa\"},\"wordCount\":538,\"commentCount\":0,\"image\":{\"@id\":\"https:\/\/www.africa-press.net\/tchad\/sports\/ces-deux-selections-de-foot-africaines-au-top-20-mondial-selon-la-fifa#primaryimage\"},\"thumbnailUrl\":\"https:\/\/static.africa-press.net\/tchad\/sites\/41\/2023\/10\/sm_1698585493.620386.jpg\",\"keywords\":[\"Africa Press\",\"Africa Press-Tchad\",\"Tchad\"],\"articleSection\":[\"Sports\",\"Toutes les actualit\u00e9s\"],\"inLanguage\":\"fr-FR\",\"potentialAction\":[{\"@type\":\"CommentAction\",\"name\":\"Comment\",\"target\":[\"https:\/\/www.africa-press.net\/tchad\/sports\/ces-deux-selections-de-foot-africaines-au-top-20-mondial-selon-la-fifa#respond\"]}]},{\"@type\":\"WebPage\",\"@id\":\"https:\/\/www.africa-press.net\/tchad\/sports\/ces-deux-selections-de-foot-africaines-au-top-20-mondial-selon-la-fifa\",\"url\":\"https:\/\/www.africa-press.net\/tchad\/sports\/ces-deux-selections-de-foot-africaines-au-top-20-mondial-selon-la-fifa\",\"name\":\"Ces deux s\u00e9lections de foot africaines au Top 20 mondial, selon la FIFA - tchad\",\"isPartOf\":{\"@id\":\"https:\/\/www.africa-press.net\/tchad\/#website\"},\"primaryImageOfPage\":{\"@id\":\"https:\/\/www.africa-press.net\/tchad\/sports\/ces-deux-selections-de-foot-africaines-au-top-20-mondial-selon-la-fifa#primaryimage\"},\"image\":{\"@id\":\"https:\/\/www.africa-press.net\/tchad\/sports\/ces-deux-selections-de-foot-africaines-au-top-20-mondial-selon-la-fifa#primaryimage\"},\"thumbnailUrl\":\"https:\/\/static.africa-press.net\/tchad\/sites\/41\/2023\/10\/sm_1698585493.620386.jpg\",\"datePublished\":\"2023-10-29T16:30:10+00:00\",\"dateModified\":\"2023-10-29T16:56:22+00:00\",\"author\":{\"@id\":\"https:\/\/www.africa-press.net\/tchad\/#\/schema\/person\/2b1cf3cd81a31e3cd26889ca66d677f1\"},\"description\":\"La Fe\u0301de\u0301ration internationale de football (FIFA) a dresse\u0301 un classement des se\u0301lections nationales mondiales. Le Maroc ...\",\"breadcrumb\":{\"@id\":\"https:\/\/www.africa-press.net\/tchad\/sports\/ces-deux-selections-de-foot-africaines-au-top-20-mondial-selon-la-fifa#breadcrumb\"},\"inLanguage\":\"fr-FR\",\"potentialAction\":[{\"@type\":\"ReadAction\",\"target\":[\"https:\/\/www.africa-press.net\/tchad\/sports\/ces-deux-selections-de-foot-africaines-au-top-20-mondial-selon-la-fifa\"]}]},{\"@type\":\"ImageObject\",\"inLanguage\":\"fr-FR\",\"@id\":\"https:\/\/www.africa-press.net\/tchad\/sports\/ces-deux-selections-de-foot-africaines-au-top-20-mondial-selon-la-fifa#primaryimage\",\"url\":\"https:\/\/static.africa-press.net\/tchad\/sites\/41\/2023\/10\/sm_1698585493.620386.jpg\",\"contentUrl\":\"https:\/\/static.africa-press.net\/tchad\/sites\/41\/2023\/10\/sm_1698585493.620386.jpg\",\"width\":1351,\"height\":900,\"caption\":\"Ces deux s\u00e9lections de foot africaines au Top 20 mondial, selon la FIFA\"},{\"@type\":\"BreadcrumbList\",\"@id\":\"https:\/\/www.africa-press.net\/tchad\/sports\/ces-deux-selections-de-foot-africaines-au-top-20-mondial-selon-la-fifa#breadcrumb\",\"itemListElement\":[{\"@type\":\"ListItem\",\"position\":1,\"name\":\"Accueil\",\"item\":\"https:\/\/www.africa-press.net\/tchad\/\"},{\"@type\":\"ListItem\",\"position\":2,\"name\":\"Ces deux s\u00e9lections de foot africaines au Top 20 mondial, selon la FIFA\"}]},{\"@type\":\"WebSite\",\"@id\":\"https:\/\/www.africa-press.net\/tchad\/#website\",\"url\":\"https:\/\/www.africa-press.net\/tchad\/\",\"name\":\"tchad\",\"description\":\"Just another Africa News Agency Sites site\",\"potentialAction\":[{\"@type\":\"SearchAction\",\"target\":{\"@type\":\"EntryPoint\",\"urlTemplate\":\"https:\/\/www.africa-press.net\/tchad\/?s={search_term_string}\"},\"query-input\":{\"@type\":\"PropertyValueSpecification\",\"valueRequired\":true,\"valueName\":\"search_term_string\"}}],\"inLanguage\":\"fr-FR\"},{\"@type\":\"Person\",\"@id\":\"https:\/\/www.africa-press.net\/tchad\/#\/schema\/person\/2b1cf3cd81a31e3cd26889ca66d677f1\",\"name\":\"cfeditorfr\"}]}<\/script>\n<!-- \/ Yoast SEO Premium plugin. -->","yoast_head_json":{"title":"Ces deux s\u00e9lections de foot africaines au Top 20 mondial, selon la FIFA - tchad","description":"La Fe\u0301de\u0301ration internationale de football (FIFA) a dresse\u0301 un classement des se\u0301lections nationales mondiales. Le Maroc ...","robots":{"index":"index","follow":"follow","max-snippet":"max-snippet:-1","max-image-preview":"max-image-preview:large","max-video-preview":"max-video-preview:-1"},"canonical":"https:\/\/www.africa-press.net\/tchad\/sports\/ces-deux-selections-de-foot-africaines-au-top-20-mondial-selon-la-fifa","og_locale":"fr_FR","og_type":"article","og_title":"Ces deux s\u00e9lections de foot africaines au Top 20 mondial, selon la FIFA","og_description":"La Fe\u0301de\u0301ration internationale de football (FIFA) a dresse\u0301 un classement des se\u0301lections nationales mondiales. Le Maroc ...","og_url":"https:\/\/www.africa-press.net\/tchad\/sports\/ces-deux-selections-de-foot-africaines-au-top-20-mondial-selon-la-fifa","og_site_name":"tchad","article_published_time":"2023-10-29T16:30:10+00:00","article_modified_time":"2023-10-29T16:56:22+00:00","og_image":[{"width":1351,"height":900,"url":"https:\/\/static.africa-press.net\/tchad\/sites\/41\/2023\/10\/sm_1698585493.620386.jpg","type":"image\/jpeg"}],"author":"cfeditorfr","twitter_card":"summary_large_image","twitter_misc":{"\u00c9crit par":"cfeditorfr","Dur\u00e9e de lecture estim\u00e9e":"3 minutes"},"schema":{"@context":"https:\/\/schema.org","@graph":[{"@type":"Article","@id":"https:\/\/www.africa-press.net\/tchad\/sports\/ces-deux-selections-de-foot-africaines-au-top-20-mondial-selon-la-fifa#article","isPartOf":{"@id":"https:\/\/www.africa-press.net\/tchad\/sports\/ces-deux-selections-de-foot-africaines-au-top-20-mondial-selon-la-fifa"},"author":{"name":"cfeditorfr","@id":"https:\/\/www.africa-press.net\/tchad\/#\/schema\/person\/2b1cf3cd81a31e3cd26889ca66d677f1"},"headline":"Ces deux s\u00e9lections de foot africaines au Top 20 mondial, selon la FIFA","datePublished":"2023-10-29T16:30:10+00:00","dateModified":"2023-10-29T16:56:22+00:00","mainEntityOfPage":{"@id":"https:\/\/www.africa-press.net\/tchad\/sports\/ces-deux-selections-de-foot-africaines-au-top-20-mondial-selon-la-fifa"},"wordCount":538,"commentCount":0,"image":{"@id":"https:\/\/www.africa-press.net\/tchad\/sports\/ces-deux-selections-de-foot-africaines-au-top-20-mondial-selon-la-fifa#primaryimage"},"thumbnailUrl":"https:\/\/static.africa-press.net\/tchad\/sites\/41\/2023\/10\/sm_1698585493.620386.jpg","keywords":["Africa Press","Africa Press-Tchad","Tchad"],"articleSection":["Sports","Toutes les actualit\u00e9s"],"inLanguage":"fr-FR","potentialAction":[{"@type":"CommentAction","name":"Comment","target":["https:\/\/www.africa-press.net\/tchad\/sports\/ces-deux-selections-de-foot-africaines-au-top-20-mondial-selon-la-fifa#respond"]}]},{"@type":"WebPage","@id":"https:\/\/www.africa-press.net\/tchad\/sports\/ces-deux-selections-de-foot-africaines-au-top-20-mondial-selon-la-fifa","url":"https:\/\/www.africa-press.net\/tchad\/sports\/ces-deux-selections-de-foot-africaines-au-top-20-mondial-selon-la-fifa","name":"Ces deux s\u00e9lections de foot africaines au Top 20 mondial, selon la FIFA - tchad","isPartOf":{"@id":"https:\/\/www.africa-press.net\/tchad\/#website"},"primaryImageOfPage":{"@id":"https:\/\/www.africa-press.net\/tchad\/sports\/ces-deux-selections-de-foot-africaines-au-top-20-mondial-selon-la-fifa#primaryimage"},"image":{"@id":"https:\/\/www.africa-press.net\/tchad\/sports\/ces-deux-selections-de-foot-africaines-au-top-20-mondial-selon-la-fifa#primaryimage"},"thumbnailUrl":"https:\/\/static.africa-press.net\/tchad\/sites\/41\/2023\/10\/sm_1698585493.620386.jpg","datePublished":"2023-10-29T16:30:10+00:00","dateModified":"2023-10-29T16:56:22+00:00","author":{"@id":"https:\/\/www.africa-press.net\/tchad\/#\/schema\/person\/2b1cf3cd81a31e3cd26889ca66d677f1"},"description":"La Fe\u0301de\u0301ration internationale de football (FIFA) a dresse\u0301 un classement des se\u0301lections nationales mondiales. Le Maroc ...","breadcrumb":{"@id":"https:\/\/www.africa-press.net\/tchad\/sports\/ces-deux-selections-de-foot-africaines-au-top-20-mondial-selon-la-fifa#breadcrumb"},"inLanguage":"fr-FR","potentialAction":[{"@type":"ReadAction","target":["https:\/\/www.africa-press.net\/tchad\/sports\/ces-deux-selections-de-foot-africaines-au-top-20-mondial-selon-la-fifa"]}]},{"@type":"ImageObject","inLanguage":"fr-FR","@id":"https:\/\/www.africa-press.net\/tchad\/sports\/ces-deux-selections-de-foot-africaines-au-top-20-mondial-selon-la-fifa#primaryimage","url":"https:\/\/static.africa-press.net\/tchad\/sites\/41\/2023\/10\/sm_1698585493.620386.jpg","contentUrl":"https:\/\/static.africa-press.net\/tchad\/sites\/41\/2023\/10\/sm_1698585493.620386.jpg","width":1351,"height":900,"caption":"Ces deux s\u00e9lections de foot africaines au Top 20 mondial, selon la FIFA"},{"@type":"BreadcrumbList","@id":"https:\/\/www.africa-press.net\/tchad\/sports\/ces-deux-selections-de-foot-africaines-au-top-20-mondial-selon-la-fifa#breadcrumb","itemListElement":[{"@type":"ListItem","position":1,"name":"Accueil","item":"https:\/\/www.africa-press.net\/tchad\/"},{"@type":"ListItem","position":2,"name":"Ces deux s\u00e9lections de foot africaines au Top 20 mondial, selon la FIFA"}]},{"@type":"WebSite","@id":"https:\/\/www.africa-press.net\/tchad\/#website","url":"https:\/\/www.africa-press.net\/tchad\/","name":"tchad","description":"Just another Africa News Agency Sites site","potentialAction":[{"@type":"SearchAction","target":{"@type":"EntryPoint","urlTemplate":"https:\/\/www.africa-press.net\/tchad\/?s={search_term_string}"},"query-input":{"@type":"PropertyValueSpecification","valueRequired":true,"valueName":"search_term_string"}}],"inLanguage":"fr-FR"},{"@type":"Person","@id":"https:\/\/www.africa-press.net\/tchad\/#\/schema\/person\/2b1cf3cd81a31e3cd26889ca66d677f1","name":"cfeditorfr"}]}},"_links":{"self":[{"href":"https:\/\/www.africa-press.net\/tchad\/wp-json\/wp\/v2\/posts\/53099","targetHints":{"allow":["GET"]}}],"collection":[{"href":"https:\/\/www.africa-press.net\/tchad\/wp-json\/wp\/v2\/posts"}],"about":[{"href":"https:\/\/www.africa-press.net\/tchad\/wp-json\/wp\/v2\/types\/post"}],"author":[{"embeddable":true,"href":"https:\/\/www.africa-press.net\/tchad\/wp-json\/wp\/v2\/users\/82"}],"replies":[{"embeddable":true,"href":"https:\/\/www.africa-press.net\/tchad\/wp-json\/wp\/v2\/comments?post=53099"}],"version-history":[{"count":0,"href":"https:\/\/www.africa-press.net\/tchad\/wp-json\/wp\/v2\/posts\/53099\/revisions"}],"wp:featuredmedia":[{"embeddable":true,"href":"https:\/\/www.africa-press.net\/tchad\/wp-json\/wp\/v2\/media\/53098"}],"wp:attachment":[{"href":"https:\/\/www.africa-press.net\/tchad\/wp-json\/wp\/v2\/media?parent=53099"}],"wp:term":[{"taxonomy":"category","embeddable":true,"href":"https:\/\/www.africa-press.net\/tchad\/wp-json\/wp\/v2\/categories?post=53099"},{"taxonomy":"post_tag","embeddable":true,"href":"https:\/\/www.africa-press.net\/tchad\/wp-json\/wp\/v2\/tags?post=53099"}],"curies":[{"name":"wp","href":"https:\/\/api.w.org\/{rel}","templated":true}]}}