{"id":53106,"date":"2023-10-29T16:57:04","date_gmt":"2023-10-29T16:57:04","guid":{"rendered":"https:\/\/www.africa-press.net\/tchad\/politique\/journee-mondiale-de-lavc-la-mortalite-mondiale-due-aux-avc-devrait-augmenter-de-50"},"modified":"2023-10-29T17:41:51","modified_gmt":"2023-10-29T17:41:51","slug":"journee-mondiale-de-lavc-la-mortalite-mondiale-due-aux-avc-devrait-augmenter-de-50","status":"publish","type":"post","link":"https:\/\/www.africa-press.net\/tchad\/toutes-les-actualites\/journee-mondiale-de-lavc-la-mortalite-mondiale-due-aux-avc-devrait-augmenter-de-50","title":{"rendered":"Journ\u00e9e mondiale de l&rsquo;AVC : la mortalit\u00e9 mondiale due aux AVC devrait augmenter de 50%"},"content":{"rendered":"<p><span style=\"color: #ff6600\"><strong>Africa-Press &#8211; Tchad. <\/strong><\/span>La World Stroke Organization (WSO) appelle les gouvernements et les syst\u00e8mes de sant\u00e9 \u00e0 mettre en \u0153uvre les recommandations sur la pr\u00e9vention des AVC \u00e9nonc\u00e9es dans le nouveau rapport de la Commission de neurologie WSO-Lancet. Le rapport de la Commission, bas\u00e9 sur un examen complet des donn\u00e9es d&rsquo;enqu\u00eate, des lignes directrices et des entretiens avec des experts, pr\u00e9voit une augmentation de 50 % des accidents vasculaires c\u00e9r\u00e9braux qui feront 9,7 millions de victimes par an d&rsquo;ici \u00e0 2050. Plus de 90 % des d\u00e9c\u00e8s dus aux accidents vasculaires c\u00e9r\u00e9braux surviendront dans les pays \u00e0 revenu faible ou interm\u00e9diaire.<\/p>\n<p>One in four of us will have a stroke in our lifetime. World Stroke Day #GreaterThan stroke campaign.<\/p>\n<p>En raison de la pre\u0301valence accrue des facteurs de risque d&rsquo;AVC, notamment l&rsquo;hypertension et le diabe\u0300te chez une population plus jeune, l&rsquo;incidence des AVC augmente chez les jeunes et les personnes d&rsquo;a\u0302ge moyen (<\/p>\n<p>\u00ab La de\u0301vastation cause\u0301e par les de\u0301ce\u0300s et les handicaps dus aux accidents vasculaires ce\u0301re\u0301braux n&rsquo;est pas ine\u0301luctable \u00bb, a de\u0301clare\u0301 la pre\u0301sidente de la WSO, la professeure Sheila Martins. \u00ab Les accidents vasculaires ce\u0301re\u0301braux sont hautement e\u0301vitables, avec des facteurs de risque facilement identifiables tels que l&rsquo;hypertension arte\u0301rielle, la fibrillation auriculaire, le tabagisme, la se\u0301dentarite\u0301, le diabe\u0300te, l&rsquo;hypercholeste\u0301role\u0301mie et l&rsquo;alcool. Ces risques ge\u0301rables sont a\u0300 l&rsquo;origine d&rsquo;environ 90 % des accidents vasculaires ce\u0301re\u0301braux. Il existe des recommandations et des interventions claires et rentables qui peuvent e\u0302tre facilement mises en \u0153uvre et dont nous savons qu&rsquo;elles sauveront des vies. La WSO s&rsquo;est engage\u0301e a\u0300 fournir un soutien technique pour aider les gouvernements a\u0300 de\u0301velopper et a\u0300 mettre en \u0153uvre des strate\u0301gies nationales cohe\u0301rentes de surveillance et de pre\u0301vention des AVC qui peuvent re\u0301duire conside\u0301rablement ce phe\u0301nome\u0300ne. C&rsquo;est possible, et le cou\u0302t de l&rsquo;inaction est tout simplement trop e\u0301leve\u0301 pour attendre plus longtemps. Le monde doit agir maintenant. \u00bb<\/p>\n<p>Les principales recommandations du rapport de la Commission comprennent l&rsquo;ame\u0301lioration de l&rsquo;acce\u0300s a\u0300 des soins abordables pour la pre\u0301vention primaire et secondaire des AVC dans le cadre de la couverture sanitaire universelle, potentiellement finance\u0301e par la taxation du tabac, de l&rsquo;alcool et du sucre. Le de\u0301veloppement du personnel de sante\u0301 publique est e\u0301galement mis en exergue. Il faut partager les ta\u0302ches des me\u0301decins et e\u0301quipes de soins hautement qualifie\u0301s avec des protocoles qui permettent a\u0300 des agents de sante\u0301 communautaire forme\u0301s de mobiliser et d&rsquo;aider les individus pour qu&rsquo;ils puissent identifier et pallier leurs risques d&rsquo;AVC. Des incitations financie\u0300res devraient e\u0301galement e\u0302tre propose\u0301es pour encourager la conservation du personnel et favoriser la relocalisation dans les zones rurales. Le rapport recommande e\u0301galement des mesures visant a\u0300 ame\u0301liorer les connaissances en matie\u0300re de pre\u0301vention des accidents vasculaires ce\u0301re\u0301braux.<\/p>\n<p><strong>Pour plus d&rsquo;informations et d&rsquo;analyses sur la <a href=\"https:\/\/www.africa-press.net\/tchad\">Tchad<\/a>, suivez <a href=\"https:\/\/www.africa-press.net\/\">Africa-Press<\/a><\/strong><\/p>\n","protected":false},"excerpt":{"rendered":"<p>Africa-Press &#8211; Tchad. La World Stroke Organization (WSO) appelle les gouvernements et les syst\u00e8mes de sant\u00e9 \u00e0 mettre en \u0153uvre les recommandations sur la pr\u00e9vention des AVC \u00e9nonc\u00e9es dans le nouveau rapport de la Commission de neurologie WSO-Lancet. Le rapport de la Commission, bas\u00e9 sur un examen complet des donn\u00e9es d&rsquo;enqu\u00eate, des lignes directrices et [&hellip;]<\/p>\n","protected":false},"author":82,"featured_media":53105,"comment_status":"open","ping_status":"closed","sticky":false,"template":"","format":"standard","meta":{"footnotes":""},"categories":[22,10],"tags":[37,292,29],"class_list":["post-53106","post","type-post","status-publish","format-standard","has-post-thumbnail","hentry","category-divers","category-toutes-les-actualites","tag-africa-press","tag-africa-press-tchad","tag-tchad"],"yoast_head":"<!-- This site is optimized with the Yoast SEO Premium plugin v26.1 (Yoast SEO v27.0) - https:\/\/yoast.com\/product\/yoast-seo-premium-wordpress\/ -->\n<title>Journ\u00e9e mondiale de l&#039;AVC : la mortalit\u00e9 mondiale due aux AVC devrait augmenter de 50% - tchad<\/title>\n<meta name=\"description\" content=\"La World Stroke Organization (WSO) appelle les gouvernements et les syste\u0300mes de sante\u0301 a\u0300 mettre en \u0153uvre les recommandati ...\" \/>\n<meta name=\"robots\" content=\"index, follow, max-snippet:-1, max-image-preview:large, max-video-preview:-1\" \/>\n<link rel=\"canonical\" href=\"https:\/\/www.africa-press.net\/tchad\/toutes-les-actualites\/journee-mondiale-de-lavc-la-mortalite-mondiale-due-aux-avc-devrait-augmenter-de-50\" \/>\n<meta property=\"og:locale\" content=\"fr_FR\" \/>\n<meta property=\"og:type\" content=\"article\" \/>\n<meta property=\"og:title\" content=\"Journ\u00e9e mondiale de l&#039;AVC : la mortalit\u00e9 mondiale due aux AVC devrait augmenter de 50%\" \/>\n<meta property=\"og:description\" content=\"La World Stroke Organization (WSO) appelle les gouvernements et les syste\u0300mes de sante\u0301 a\u0300 mettre en \u0153uvre les recommandati ...\" \/>\n<meta property=\"og:url\" content=\"https:\/\/www.africa-press.net\/tchad\/toutes-les-actualites\/journee-mondiale-de-lavc-la-mortalite-mondiale-due-aux-avc-devrait-augmenter-de-50\" \/>\n<meta property=\"og:site_name\" content=\"tchad\" \/>\n<meta property=\"article:published_time\" content=\"2023-10-29T16:57:04+00:00\" \/>\n<meta property=\"article:modified_time\" content=\"2023-10-29T17:41:51+00:00\" \/>\n<meta property=\"og:image\" content=\"https:\/\/static.africa-press.net\/tchad\/sites\/41\/2023\/10\/sm_1698588634.526161.jpg\" \/>\n\t<meta property=\"og:image:width\" content=\"1728\" \/>\n\t<meta property=\"og:image:height\" content=\"1143\" \/>\n\t<meta property=\"og:image:type\" content=\"image\/jpeg\" \/>\n<meta name=\"author\" content=\"cfeditorfr\" \/>\n<meta name=\"twitter:card\" content=\"summary_large_image\" \/>\n<meta name=\"twitter:label1\" content=\"\u00c9crit par\" \/>\n\t<meta name=\"twitter:data1\" content=\"cfeditorfr\" \/>\n\t<meta name=\"twitter:label2\" content=\"Dur\u00e9e de lecture estim\u00e9e\" \/>\n\t<meta name=\"twitter:data2\" content=\"3 minutes\" \/>\n<script type=\"application\/ld+json\" class=\"yoast-schema-graph\">{\"@context\":\"https:\/\/schema.org\",\"@graph\":[{\"@type\":\"Article\",\"@id\":\"https:\/\/www.africa-press.net\/tchad\/toutes-les-actualites\/journee-mondiale-de-lavc-la-mortalite-mondiale-due-aux-avc-devrait-augmenter-de-50#article\",\"isPartOf\":{\"@id\":\"https:\/\/www.africa-press.net\/tchad\/toutes-les-actualites\/journee-mondiale-de-lavc-la-mortalite-mondiale-due-aux-avc-devrait-augmenter-de-50\"},\"author\":{\"name\":\"cfeditorfr\",\"@id\":\"https:\/\/www.africa-press.net\/tchad\/#\/schema\/person\/2b1cf3cd81a31e3cd26889ca66d677f1\"},\"headline\":\"Journ\u00e9e mondiale de l&rsquo;AVC : la mortalit\u00e9 mondiale due aux AVC devrait augmenter de 50%\",\"datePublished\":\"2023-10-29T16:57:04+00:00\",\"dateModified\":\"2023-10-29T17:41:51+00:00\",\"mainEntityOfPage\":{\"@id\":\"https:\/\/www.africa-press.net\/tchad\/toutes-les-actualites\/journee-mondiale-de-lavc-la-mortalite-mondiale-due-aux-avc-devrait-augmenter-de-50\"},\"wordCount\":549,\"commentCount\":0,\"image\":{\"@id\":\"https:\/\/www.africa-press.net\/tchad\/toutes-les-actualites\/journee-mondiale-de-lavc-la-mortalite-mondiale-due-aux-avc-devrait-augmenter-de-50#primaryimage\"},\"thumbnailUrl\":\"https:\/\/static.africa-press.net\/tchad\/sites\/41\/2023\/10\/sm_1698588634.526161.jpg\",\"keywords\":[\"Africa Press\",\"Africa Press-Tchad\",\"Tchad\"],\"articleSection\":[\"Divers\",\"Toutes les actualit\u00e9s\"],\"inLanguage\":\"fr-FR\",\"potentialAction\":[{\"@type\":\"CommentAction\",\"name\":\"Comment\",\"target\":[\"https:\/\/www.africa-press.net\/tchad\/toutes-les-actualites\/journee-mondiale-de-lavc-la-mortalite-mondiale-due-aux-avc-devrait-augmenter-de-50#respond\"]}]},{\"@type\":\"WebPage\",\"@id\":\"https:\/\/www.africa-press.net\/tchad\/toutes-les-actualites\/journee-mondiale-de-lavc-la-mortalite-mondiale-due-aux-avc-devrait-augmenter-de-50\",\"url\":\"https:\/\/www.africa-press.net\/tchad\/toutes-les-actualites\/journee-mondiale-de-lavc-la-mortalite-mondiale-due-aux-avc-devrait-augmenter-de-50\",\"name\":\"Journ\u00e9e mondiale de l'AVC : la mortalit\u00e9 mondiale due aux AVC devrait augmenter de 50% - tchad\",\"isPartOf\":{\"@id\":\"https:\/\/www.africa-press.net\/tchad\/#website\"},\"primaryImageOfPage\":{\"@id\":\"https:\/\/www.africa-press.net\/tchad\/toutes-les-actualites\/journee-mondiale-de-lavc-la-mortalite-mondiale-due-aux-avc-devrait-augmenter-de-50#primaryimage\"},\"image\":{\"@id\":\"https:\/\/www.africa-press.net\/tchad\/toutes-les-actualites\/journee-mondiale-de-lavc-la-mortalite-mondiale-due-aux-avc-devrait-augmenter-de-50#primaryimage\"},\"thumbnailUrl\":\"https:\/\/static.africa-press.net\/tchad\/sites\/41\/2023\/10\/sm_1698588634.526161.jpg\",\"datePublished\":\"2023-10-29T16:57:04+00:00\",\"dateModified\":\"2023-10-29T17:41:51+00:00\",\"author\":{\"@id\":\"https:\/\/www.africa-press.net\/tchad\/#\/schema\/person\/2b1cf3cd81a31e3cd26889ca66d677f1\"},\"description\":\"La World Stroke Organization (WSO) appelle les gouvernements et les syste\u0300mes de sante\u0301 a\u0300 mettre en \u0153uvre les recommandati ...\",\"breadcrumb\":{\"@id\":\"https:\/\/www.africa-press.net\/tchad\/toutes-les-actualites\/journee-mondiale-de-lavc-la-mortalite-mondiale-due-aux-avc-devrait-augmenter-de-50#breadcrumb\"},\"inLanguage\":\"fr-FR\",\"potentialAction\":[{\"@type\":\"ReadAction\",\"target\":[\"https:\/\/www.africa-press.net\/tchad\/toutes-les-actualites\/journee-mondiale-de-lavc-la-mortalite-mondiale-due-aux-avc-devrait-augmenter-de-50\"]}]},{\"@type\":\"ImageObject\",\"inLanguage\":\"fr-FR\",\"@id\":\"https:\/\/www.africa-press.net\/tchad\/toutes-les-actualites\/journee-mondiale-de-lavc-la-mortalite-mondiale-due-aux-avc-devrait-augmenter-de-50#primaryimage\",\"url\":\"https:\/\/static.africa-press.net\/tchad\/sites\/41\/2023\/10\/sm_1698588634.526161.jpg\",\"contentUrl\":\"https:\/\/static.africa-press.net\/tchad\/sites\/41\/2023\/10\/sm_1698588634.526161.jpg\",\"width\":1728,\"height\":1143,\"caption\":\"Journ\u00e9e mondiale de l'AVC : la mortalit\u00e9 mondiale due aux AVC devrait augmenter de 50%\"},{\"@type\":\"BreadcrumbList\",\"@id\":\"https:\/\/www.africa-press.net\/tchad\/toutes-les-actualites\/journee-mondiale-de-lavc-la-mortalite-mondiale-due-aux-avc-devrait-augmenter-de-50#breadcrumb\",\"itemListElement\":[{\"@type\":\"ListItem\",\"position\":1,\"name\":\"Accueil\",\"item\":\"https:\/\/www.africa-press.net\/tchad\/\"},{\"@type\":\"ListItem\",\"position\":2,\"name\":\"Journ\u00e9e mondiale de l&#8217;AVC : la mortalit\u00e9 mondiale due aux AVC devrait augmenter de 50%\"}]},{\"@type\":\"WebSite\",\"@id\":\"https:\/\/www.africa-press.net\/tchad\/#website\",\"url\":\"https:\/\/www.africa-press.net\/tchad\/\",\"name\":\"tchad\",\"description\":\"Just another Africa News Agency Sites site\",\"potentialAction\":[{\"@type\":\"SearchAction\",\"target\":{\"@type\":\"EntryPoint\",\"urlTemplate\":\"https:\/\/www.africa-press.net\/tchad\/?s={search_term_string}\"},\"query-input\":{\"@type\":\"PropertyValueSpecification\",\"valueRequired\":true,\"valueName\":\"search_term_string\"}}],\"inLanguage\":\"fr-FR\"},{\"@type\":\"Person\",\"@id\":\"https:\/\/www.africa-press.net\/tchad\/#\/schema\/person\/2b1cf3cd81a31e3cd26889ca66d677f1\",\"name\":\"cfeditorfr\"}]}<\/script>\n<!-- \/ Yoast SEO Premium plugin. -->","yoast_head_json":{"title":"Journ\u00e9e mondiale de l'AVC : la mortalit\u00e9 mondiale due aux AVC devrait augmenter de 50% - tchad","description":"La World Stroke Organization (WSO) appelle les gouvernements et les syste\u0300mes de sante\u0301 a\u0300 mettre en \u0153uvre les recommandati ...","robots":{"index":"index","follow":"follow","max-snippet":"max-snippet:-1","max-image-preview":"max-image-preview:large","max-video-preview":"max-video-preview:-1"},"canonical":"https:\/\/www.africa-press.net\/tchad\/toutes-les-actualites\/journee-mondiale-de-lavc-la-mortalite-mondiale-due-aux-avc-devrait-augmenter-de-50","og_locale":"fr_FR","og_type":"article","og_title":"Journ\u00e9e mondiale de l'AVC : la mortalit\u00e9 mondiale due aux AVC devrait augmenter de 50%","og_description":"La World Stroke Organization (WSO) appelle les gouvernements et les syste\u0300mes de sante\u0301 a\u0300 mettre en \u0153uvre les recommandati ...","og_url":"https:\/\/www.africa-press.net\/tchad\/toutes-les-actualites\/journee-mondiale-de-lavc-la-mortalite-mondiale-due-aux-avc-devrait-augmenter-de-50","og_site_name":"tchad","article_published_time":"2023-10-29T16:57:04+00:00","article_modified_time":"2023-10-29T17:41:51+00:00","og_image":[{"width":1728,"height":1143,"url":"https:\/\/static.africa-press.net\/tchad\/sites\/41\/2023\/10\/sm_1698588634.526161.jpg","type":"image\/jpeg"}],"author":"cfeditorfr","twitter_card":"summary_large_image","twitter_misc":{"\u00c9crit par":"cfeditorfr","Dur\u00e9e de lecture estim\u00e9e":"3 minutes"},"schema":{"@context":"https:\/\/schema.org","@graph":[{"@type":"Article","@id":"https:\/\/www.africa-press.net\/tchad\/toutes-les-actualites\/journee-mondiale-de-lavc-la-mortalite-mondiale-due-aux-avc-devrait-augmenter-de-50#article","isPartOf":{"@id":"https:\/\/www.africa-press.net\/tchad\/toutes-les-actualites\/journee-mondiale-de-lavc-la-mortalite-mondiale-due-aux-avc-devrait-augmenter-de-50"},"author":{"name":"cfeditorfr","@id":"https:\/\/www.africa-press.net\/tchad\/#\/schema\/person\/2b1cf3cd81a31e3cd26889ca66d677f1"},"headline":"Journ\u00e9e mondiale de l&rsquo;AVC : la mortalit\u00e9 mondiale due aux AVC devrait augmenter de 50%","datePublished":"2023-10-29T16:57:04+00:00","dateModified":"2023-10-29T17:41:51+00:00","mainEntityOfPage":{"@id":"https:\/\/www.africa-press.net\/tchad\/toutes-les-actualites\/journee-mondiale-de-lavc-la-mortalite-mondiale-due-aux-avc-devrait-augmenter-de-50"},"wordCount":549,"commentCount":0,"image":{"@id":"https:\/\/www.africa-press.net\/tchad\/toutes-les-actualites\/journee-mondiale-de-lavc-la-mortalite-mondiale-due-aux-avc-devrait-augmenter-de-50#primaryimage"},"thumbnailUrl":"https:\/\/static.africa-press.net\/tchad\/sites\/41\/2023\/10\/sm_1698588634.526161.jpg","keywords":["Africa Press","Africa Press-Tchad","Tchad"],"articleSection":["Divers","Toutes les actualit\u00e9s"],"inLanguage":"fr-FR","potentialAction":[{"@type":"CommentAction","name":"Comment","target":["https:\/\/www.africa-press.net\/tchad\/toutes-les-actualites\/journee-mondiale-de-lavc-la-mortalite-mondiale-due-aux-avc-devrait-augmenter-de-50#respond"]}]},{"@type":"WebPage","@id":"https:\/\/www.africa-press.net\/tchad\/toutes-les-actualites\/journee-mondiale-de-lavc-la-mortalite-mondiale-due-aux-avc-devrait-augmenter-de-50","url":"https:\/\/www.africa-press.net\/tchad\/toutes-les-actualites\/journee-mondiale-de-lavc-la-mortalite-mondiale-due-aux-avc-devrait-augmenter-de-50","name":"Journ\u00e9e mondiale de l'AVC : la mortalit\u00e9 mondiale due aux AVC devrait augmenter de 50% - tchad","isPartOf":{"@id":"https:\/\/www.africa-press.net\/tchad\/#website"},"primaryImageOfPage":{"@id":"https:\/\/www.africa-press.net\/tchad\/toutes-les-actualites\/journee-mondiale-de-lavc-la-mortalite-mondiale-due-aux-avc-devrait-augmenter-de-50#primaryimage"},"image":{"@id":"https:\/\/www.africa-press.net\/tchad\/toutes-les-actualites\/journee-mondiale-de-lavc-la-mortalite-mondiale-due-aux-avc-devrait-augmenter-de-50#primaryimage"},"thumbnailUrl":"https:\/\/static.africa-press.net\/tchad\/sites\/41\/2023\/10\/sm_1698588634.526161.jpg","datePublished":"2023-10-29T16:57:04+00:00","dateModified":"2023-10-29T17:41:51+00:00","author":{"@id":"https:\/\/www.africa-press.net\/tchad\/#\/schema\/person\/2b1cf3cd81a31e3cd26889ca66d677f1"},"description":"La World Stroke Organization (WSO) appelle les gouvernements et les syste\u0300mes de sante\u0301 a\u0300 mettre en \u0153uvre les recommandati ...","breadcrumb":{"@id":"https:\/\/www.africa-press.net\/tchad\/toutes-les-actualites\/journee-mondiale-de-lavc-la-mortalite-mondiale-due-aux-avc-devrait-augmenter-de-50#breadcrumb"},"inLanguage":"fr-FR","potentialAction":[{"@type":"ReadAction","target":["https:\/\/www.africa-press.net\/tchad\/toutes-les-actualites\/journee-mondiale-de-lavc-la-mortalite-mondiale-due-aux-avc-devrait-augmenter-de-50"]}]},{"@type":"ImageObject","inLanguage":"fr-FR","@id":"https:\/\/www.africa-press.net\/tchad\/toutes-les-actualites\/journee-mondiale-de-lavc-la-mortalite-mondiale-due-aux-avc-devrait-augmenter-de-50#primaryimage","url":"https:\/\/static.africa-press.net\/tchad\/sites\/41\/2023\/10\/sm_1698588634.526161.jpg","contentUrl":"https:\/\/static.africa-press.net\/tchad\/sites\/41\/2023\/10\/sm_1698588634.526161.jpg","width":1728,"height":1143,"caption":"Journ\u00e9e mondiale de l'AVC : la mortalit\u00e9 mondiale due aux AVC devrait augmenter de 50%"},{"@type":"BreadcrumbList","@id":"https:\/\/www.africa-press.net\/tchad\/toutes-les-actualites\/journee-mondiale-de-lavc-la-mortalite-mondiale-due-aux-avc-devrait-augmenter-de-50#breadcrumb","itemListElement":[{"@type":"ListItem","position":1,"name":"Accueil","item":"https:\/\/www.africa-press.net\/tchad\/"},{"@type":"ListItem","position":2,"name":"Journ\u00e9e mondiale de l&#8217;AVC : la mortalit\u00e9 mondiale due aux AVC devrait augmenter de 50%"}]},{"@type":"WebSite","@id":"https:\/\/www.africa-press.net\/tchad\/#website","url":"https:\/\/www.africa-press.net\/tchad\/","name":"tchad","description":"Just another Africa News Agency Sites site","potentialAction":[{"@type":"SearchAction","target":{"@type":"EntryPoint","urlTemplate":"https:\/\/www.africa-press.net\/tchad\/?s={search_term_string}"},"query-input":{"@type":"PropertyValueSpecification","valueRequired":true,"valueName":"search_term_string"}}],"inLanguage":"fr-FR"},{"@type":"Person","@id":"https:\/\/www.africa-press.net\/tchad\/#\/schema\/person\/2b1cf3cd81a31e3cd26889ca66d677f1","name":"cfeditorfr"}]}},"_links":{"self":[{"href":"https:\/\/www.africa-press.net\/tchad\/wp-json\/wp\/v2\/posts\/53106","targetHints":{"allow":["GET"]}}],"collection":[{"href":"https:\/\/www.africa-press.net\/tchad\/wp-json\/wp\/v2\/posts"}],"about":[{"href":"https:\/\/www.africa-press.net\/tchad\/wp-json\/wp\/v2\/types\/post"}],"author":[{"embeddable":true,"href":"https:\/\/www.africa-press.net\/tchad\/wp-json\/wp\/v2\/users\/82"}],"replies":[{"embeddable":true,"href":"https:\/\/www.africa-press.net\/tchad\/wp-json\/wp\/v2\/comments?post=53106"}],"version-history":[{"count":0,"href":"https:\/\/www.africa-press.net\/tchad\/wp-json\/wp\/v2\/posts\/53106\/revisions"}],"wp:featuredmedia":[{"embeddable":true,"href":"https:\/\/www.africa-press.net\/tchad\/wp-json\/wp\/v2\/media\/53105"}],"wp:attachment":[{"href":"https:\/\/www.africa-press.net\/tchad\/wp-json\/wp\/v2\/media?parent=53106"}],"wp:term":[{"taxonomy":"category","embeddable":true,"href":"https:\/\/www.africa-press.net\/tchad\/wp-json\/wp\/v2\/categories?post=53106"},{"taxonomy":"post_tag","embeddable":true,"href":"https:\/\/www.africa-press.net\/tchad\/wp-json\/wp\/v2\/tags?post=53106"}],"curies":[{"name":"wp","href":"https:\/\/api.w.org\/{rel}","templated":true}]}}