{"id":53114,"date":"2023-10-29T17:00:20","date_gmt":"2023-10-29T17:00:20","guid":{"rendered":"https:\/\/www.africa-press.net\/tchad\/politique\/lapselpa-sinquiete-des-conditions-precaires-a-lest-et-emet-des-recommandations"},"modified":"2023-10-29T17:58:31","modified_gmt":"2023-10-29T17:58:31","slug":"lapselpa-sinquiete-des-conditions-precaires-a-lest-et-emet-des-recommandations","status":"publish","type":"post","link":"https:\/\/www.africa-press.net\/tchad\/politique\/lapselpa-sinquiete-des-conditions-precaires-a-lest-et-emet-des-recommandations","title":{"rendered":"L\u2019APSELPA s\u2019inqui\u00e8te des conditions pr\u00e9caires \u00e0 l\u2019Est et \u00e9met des recommandations"},"content":{"rendered":"<p><span style=\"color: #ff6600\"><strong>Africa-Press &#8211; Tchad. <\/strong><\/span>C&rsquo;est dans ce contexte de crise que le Directeur Pays de l&rsquo;ONG APSELPA (Action pour la Protection, la Sante\u0301, l&rsquo;Environnement et la Lutte contre la Pe\u0301nurie Alimentaire), en tant qu&rsquo;acteur humanitaire et de de\u0301veloppement, accompagne\u0301 de son e\u0301quipe, a effectue\u0301 une mission sur le terrain.<\/p>\n<p>En effet, l&rsquo;APSELPA est une association a\u0300 but non lucratif, apolitique et lai\u0308que cre\u0301e\u0301e le 20 aou\u0302t 2009 a\u0300 Abe\u0301che\u0301 et reconnue comme ONG nationale au Tchad en date du 29 mai 2012. Elle est reconnue comme ONG internationale au Cameroun et au Niger en fe\u0301vrier 2023. Elle a pour objectif d&rsquo;ame\u0301liorer les conditions de vie des personnes de\u0301munies, de lutter contre la pauvrete\u0301, les maladies, les Violences Base\u0301es sur le Genre, la de\u0301sertification et les conflits agriculteurs-e\u0301leveurs.<\/p>\n<p>Lors d&rsquo;un point de presse tenu ce samedi 28 octobre 2023 au sie\u0300ge de l&rsquo;APSELPA, le Directeur Pays de l&rsquo;ONG APSELPA, Mahamat Ahmat Younous, s&rsquo;est exprime\u0301 sur la situation humanitaire a\u0300 l&rsquo;Est du Tchad. Il a releve\u0301 les proble\u0301matiques telles que l&rsquo;insuffisance des points d&rsquo;eau potable, la faible couverture des structures sanitaires, la faible prise en charge des Enfants Non Accompagne\u0301s (ENA) et des Enfants Se\u0301pare\u0301s (ES) de leurs parents, l&rsquo;insuffisance des infrastructures scolaires, de latrines entrai\u0302nant la de\u0301fe\u0301cation a\u0300 l&rsquo;air libre, le mauvais e\u0301tat des routes et le proble\u0300me d&rsquo;assainissement. De plus, Mahamat Ahmat Younous a indique\u0301 que les re\u0301fugie\u0301s et de\u0301place\u0301s de la ville d&rsquo;Adre\u0301 sont expose\u0301s aux risques de chole\u0301ra qui est annonce\u0301 a\u0300 2000 km de cette zone.<\/p>\n<p>Cependant, des recommandations ont e\u0301te\u0301 formule\u0301es pour essayer de reme\u0301dier a\u0300 cette situation de crise humanitaire. A\u0300 l&rsquo;endroit du gouvernement, l&rsquo;APSELPA demande la cre\u0301ation d&rsquo;un comite\u0301 de crise de\u0301nomme\u0301 \u00ab\u00a0CHAPRET\u00a0\u00bb (Comite\u0301 Humanitaire d&rsquo;Appui a\u0300 la Population et aux Re\u0301fugie\u0301s a\u0300 l&rsquo;Est du Tchad). L&rsquo;organisation plaide aupre\u0300s des bailleurs de fonds pour soutenir les acteurs locaux et les ONG nationales ope\u0301rant a\u0300 l&rsquo;Est du Tchad et recommande la nomination de pre\u0301fets charge\u0301s des affaires humanitaires et du de\u0301veloppement dans les provinces du Ouaddai\u0308, du Sila et du Wadi Fira. Enfin, elle propose de subventionner les ONG nationales.<\/p>\n<p>Aux partenaires techniques et financiers, l&rsquo;APSELPA demande le renforcement des acteurs locaux et des ONG nationales, le financement de projets de de\u0301veloppement et d&rsquo;aide humanitaire en faveur des re\u0301fugie\u0301s et des populations locales, ainsi que l&rsquo;acce\u0301le\u0301ration du processus de la localisation au profit de ces ONG nationales.<\/p>\n<p>Des recommandations ont e\u0301galement e\u0301te\u0301 formule\u0301es a\u0300 l&rsquo;endroit des ONG nationales, des organisations de la socie\u0301te\u0301 civile, des me\u0301dias et du secteur prive\u0301. L&rsquo;APSELPA appelle a\u0300 soutenir et a\u0300 partager ses recommandations pour pre\u0301server la paix et le de\u0301veloppement durable. Elle encourage e\u0301galement une mobilisation permettant de rencontrer le Pre\u0301sident de transition pour lui pre\u0301senter les feuilles de route des provinces du Ouaddai\u0308, du Sila et du Wadi Fira avant la fin de l&rsquo;anne\u0301e, tout en organisant des re\u0301unions hebdomadaires pour e\u0301valuer la situation dans ces zones de crise.<\/p>\n<p><strong>Pour plus d&rsquo;informations et d&rsquo;analyses sur la <a href=\"https:\/\/www.africa-press.net\/tchad\">Tchad<\/a>, suivez <a href=\"https:\/\/www.africa-press.net\/\">Africa-Press<\/a><\/strong><\/p>\n","protected":false},"excerpt":{"rendered":"<p>Africa-Press &#8211; Tchad. C&rsquo;est dans ce contexte de crise que le Directeur Pays de l&rsquo;ONG APSELPA (Action pour la Protection, la Sante\u0301, l&rsquo;Environnement et la Lutte contre la Pe\u0301nurie Alimentaire), en tant qu&rsquo;acteur humanitaire et de de\u0301veloppement, accompagne\u0301 de son e\u0301quipe, a effectue\u0301 une mission sur le terrain. En effet, l&rsquo;APSELPA est une association a\u0300 [&hellip;]<\/p>\n","protected":false},"author":82,"featured_media":53112,"comment_status":"open","ping_status":"closed","sticky":false,"template":"","format":"standard","meta":{"footnotes":""},"categories":[2,10],"tags":[37,292,29],"class_list":["post-53114","post","type-post","status-publish","format-standard","has-post-thumbnail","hentry","category-politique","category-toutes-les-actualites","tag-africa-press","tag-africa-press-tchad","tag-tchad"],"yoast_head":"<!-- This site is optimized with the Yoast SEO Premium plugin v26.1 (Yoast SEO v27.0) - https:\/\/yoast.com\/product\/yoast-seo-premium-wordpress\/ -->\n<title>L\u2019APSELPA s\u2019inqui\u00e8te des conditions pr\u00e9caires \u00e0 l\u2019Est et \u00e9met des recommandations - tchad<\/title>\n<meta name=\"description\" content=\"C&#039;est dans ce contexte de crise que le Directeur Pays de l&#039;ONG APSELPA (Action pour la Protection, la Sante\u0301, l&#039;Environn ...\" \/>\n<meta name=\"robots\" content=\"index, follow, max-snippet:-1, max-image-preview:large, max-video-preview:-1\" \/>\n<link rel=\"canonical\" href=\"https:\/\/www.africa-press.net\/tchad\/politique\/lapselpa-sinquiete-des-conditions-precaires-a-lest-et-emet-des-recommandations\" \/>\n<meta property=\"og:locale\" content=\"fr_FR\" \/>\n<meta property=\"og:type\" content=\"article\" \/>\n<meta property=\"og:title\" content=\"L\u2019APSELPA s\u2019inqui\u00e8te des conditions pr\u00e9caires \u00e0 l\u2019Est et \u00e9met des recommandations\" \/>\n<meta property=\"og:description\" content=\"C&#039;est dans ce contexte de crise que le Directeur Pays de l&#039;ONG APSELPA (Action pour la Protection, la Sante\u0301, l&#039;Environn ...\" \/>\n<meta property=\"og:url\" content=\"https:\/\/www.africa-press.net\/tchad\/politique\/lapselpa-sinquiete-des-conditions-precaires-a-lest-et-emet-des-recommandations\" \/>\n<meta property=\"og:site_name\" content=\"tchad\" \/>\n<meta property=\"article:published_time\" content=\"2023-10-29T17:00:20+00:00\" \/>\n<meta property=\"article:modified_time\" content=\"2023-10-29T17:58:31+00:00\" \/>\n<meta property=\"og:image\" content=\"https:\/\/static.africa-press.net\/tchad\/sites\/41\/2023\/10\/sm_1698589588.068382.jpg\" \/>\n\t<meta property=\"og:image:width\" content=\"1026\" \/>\n\t<meta property=\"og:image:height\" content=\"687\" \/>\n\t<meta property=\"og:image:type\" content=\"image\/jpeg\" \/>\n<meta name=\"author\" content=\"cfeditorfr\" \/>\n<meta name=\"twitter:card\" content=\"summary_large_image\" \/>\n<meta name=\"twitter:label1\" content=\"\u00c9crit par\" \/>\n\t<meta name=\"twitter:data1\" content=\"cfeditorfr\" \/>\n\t<meta name=\"twitter:label2\" content=\"Dur\u00e9e de lecture estim\u00e9e\" \/>\n\t<meta name=\"twitter:data2\" content=\"3 minutes\" \/>\n<script type=\"application\/ld+json\" class=\"yoast-schema-graph\">{\"@context\":\"https:\/\/schema.org\",\"@graph\":[{\"@type\":\"Article\",\"@id\":\"https:\/\/www.africa-press.net\/tchad\/politique\/lapselpa-sinquiete-des-conditions-precaires-a-lest-et-emet-des-recommandations#article\",\"isPartOf\":{\"@id\":\"https:\/\/www.africa-press.net\/tchad\/politique\/lapselpa-sinquiete-des-conditions-precaires-a-lest-et-emet-des-recommandations\"},\"author\":{\"name\":\"cfeditorfr\",\"@id\":\"https:\/\/www.africa-press.net\/tchad\/#\/schema\/person\/2b1cf3cd81a31e3cd26889ca66d677f1\"},\"headline\":\"L\u2019APSELPA s\u2019inqui\u00e8te des conditions pr\u00e9caires \u00e0 l\u2019Est et \u00e9met des recommandations\",\"datePublished\":\"2023-10-29T17:00:20+00:00\",\"dateModified\":\"2023-10-29T17:58:31+00:00\",\"mainEntityOfPage\":{\"@id\":\"https:\/\/www.africa-press.net\/tchad\/politique\/lapselpa-sinquiete-des-conditions-precaires-a-lest-et-emet-des-recommandations\"},\"wordCount\":589,\"commentCount\":0,\"image\":{\"@id\":\"https:\/\/www.africa-press.net\/tchad\/politique\/lapselpa-sinquiete-des-conditions-precaires-a-lest-et-emet-des-recommandations#primaryimage\"},\"thumbnailUrl\":\"https:\/\/static.africa-press.net\/tchad\/sites\/41\/2023\/10\/sm_1698589588.068382.jpg\",\"keywords\":[\"Africa Press\",\"Africa Press-Tchad\",\"Tchad\"],\"articleSection\":[\"Politique\",\"Toutes les actualit\u00e9s\"],\"inLanguage\":\"fr-FR\",\"potentialAction\":[{\"@type\":\"CommentAction\",\"name\":\"Comment\",\"target\":[\"https:\/\/www.africa-press.net\/tchad\/politique\/lapselpa-sinquiete-des-conditions-precaires-a-lest-et-emet-des-recommandations#respond\"]}]},{\"@type\":\"WebPage\",\"@id\":\"https:\/\/www.africa-press.net\/tchad\/politique\/lapselpa-sinquiete-des-conditions-precaires-a-lest-et-emet-des-recommandations\",\"url\":\"https:\/\/www.africa-press.net\/tchad\/politique\/lapselpa-sinquiete-des-conditions-precaires-a-lest-et-emet-des-recommandations\",\"name\":\"L\u2019APSELPA s\u2019inqui\u00e8te des conditions pr\u00e9caires \u00e0 l\u2019Est et \u00e9met des recommandations - tchad\",\"isPartOf\":{\"@id\":\"https:\/\/www.africa-press.net\/tchad\/#website\"},\"primaryImageOfPage\":{\"@id\":\"https:\/\/www.africa-press.net\/tchad\/politique\/lapselpa-sinquiete-des-conditions-precaires-a-lest-et-emet-des-recommandations#primaryimage\"},\"image\":{\"@id\":\"https:\/\/www.africa-press.net\/tchad\/politique\/lapselpa-sinquiete-des-conditions-precaires-a-lest-et-emet-des-recommandations#primaryimage\"},\"thumbnailUrl\":\"https:\/\/static.africa-press.net\/tchad\/sites\/41\/2023\/10\/sm_1698589588.068382.jpg\",\"datePublished\":\"2023-10-29T17:00:20+00:00\",\"dateModified\":\"2023-10-29T17:58:31+00:00\",\"author\":{\"@id\":\"https:\/\/www.africa-press.net\/tchad\/#\/schema\/person\/2b1cf3cd81a31e3cd26889ca66d677f1\"},\"description\":\"C'est dans ce contexte de crise que le Directeur Pays de l'ONG APSELPA (Action pour la Protection, la Sante\u0301, l'Environn ...\",\"breadcrumb\":{\"@id\":\"https:\/\/www.africa-press.net\/tchad\/politique\/lapselpa-sinquiete-des-conditions-precaires-a-lest-et-emet-des-recommandations#breadcrumb\"},\"inLanguage\":\"fr-FR\",\"potentialAction\":[{\"@type\":\"ReadAction\",\"target\":[\"https:\/\/www.africa-press.net\/tchad\/politique\/lapselpa-sinquiete-des-conditions-precaires-a-lest-et-emet-des-recommandations\"]}]},{\"@type\":\"ImageObject\",\"inLanguage\":\"fr-FR\",\"@id\":\"https:\/\/www.africa-press.net\/tchad\/politique\/lapselpa-sinquiete-des-conditions-precaires-a-lest-et-emet-des-recommandations#primaryimage\",\"url\":\"https:\/\/static.africa-press.net\/tchad\/sites\/41\/2023\/10\/sm_1698589588.068382.jpg\",\"contentUrl\":\"https:\/\/static.africa-press.net\/tchad\/sites\/41\/2023\/10\/sm_1698589588.068382.jpg\",\"width\":1026,\"height\":687,\"caption\":\"L\u2019APSELPA s\u2019inqui\u00e8te des conditions pr\u00e9caires \u00e0 l\u2019Est et \u00e9met des recommandations\"},{\"@type\":\"BreadcrumbList\",\"@id\":\"https:\/\/www.africa-press.net\/tchad\/politique\/lapselpa-sinquiete-des-conditions-precaires-a-lest-et-emet-des-recommandations#breadcrumb\",\"itemListElement\":[{\"@type\":\"ListItem\",\"position\":1,\"name\":\"Accueil\",\"item\":\"https:\/\/www.africa-press.net\/tchad\/\"},{\"@type\":\"ListItem\",\"position\":2,\"name\":\"L\u2019APSELPA s\u2019inqui\u00e8te des conditions pr\u00e9caires \u00e0 l\u2019Est et \u00e9met des recommandations\"}]},{\"@type\":\"WebSite\",\"@id\":\"https:\/\/www.africa-press.net\/tchad\/#website\",\"url\":\"https:\/\/www.africa-press.net\/tchad\/\",\"name\":\"tchad\",\"description\":\"Just another Africa News Agency Sites site\",\"potentialAction\":[{\"@type\":\"SearchAction\",\"target\":{\"@type\":\"EntryPoint\",\"urlTemplate\":\"https:\/\/www.africa-press.net\/tchad\/?s={search_term_string}\"},\"query-input\":{\"@type\":\"PropertyValueSpecification\",\"valueRequired\":true,\"valueName\":\"search_term_string\"}}],\"inLanguage\":\"fr-FR\"},{\"@type\":\"Person\",\"@id\":\"https:\/\/www.africa-press.net\/tchad\/#\/schema\/person\/2b1cf3cd81a31e3cd26889ca66d677f1\",\"name\":\"cfeditorfr\"}]}<\/script>\n<!-- \/ Yoast SEO Premium plugin. -->","yoast_head_json":{"title":"L\u2019APSELPA s\u2019inqui\u00e8te des conditions pr\u00e9caires \u00e0 l\u2019Est et \u00e9met des recommandations - tchad","description":"C'est dans ce contexte de crise que le Directeur Pays de l'ONG APSELPA (Action pour la Protection, la Sante\u0301, l'Environn ...","robots":{"index":"index","follow":"follow","max-snippet":"max-snippet:-1","max-image-preview":"max-image-preview:large","max-video-preview":"max-video-preview:-1"},"canonical":"https:\/\/www.africa-press.net\/tchad\/politique\/lapselpa-sinquiete-des-conditions-precaires-a-lest-et-emet-des-recommandations","og_locale":"fr_FR","og_type":"article","og_title":"L\u2019APSELPA s\u2019inqui\u00e8te des conditions pr\u00e9caires \u00e0 l\u2019Est et \u00e9met des recommandations","og_description":"C'est dans ce contexte de crise que le Directeur Pays de l'ONG APSELPA (Action pour la Protection, la Sante\u0301, l'Environn ...","og_url":"https:\/\/www.africa-press.net\/tchad\/politique\/lapselpa-sinquiete-des-conditions-precaires-a-lest-et-emet-des-recommandations","og_site_name":"tchad","article_published_time":"2023-10-29T17:00:20+00:00","article_modified_time":"2023-10-29T17:58:31+00:00","og_image":[{"width":1026,"height":687,"url":"https:\/\/static.africa-press.net\/tchad\/sites\/41\/2023\/10\/sm_1698589588.068382.jpg","type":"image\/jpeg"}],"author":"cfeditorfr","twitter_card":"summary_large_image","twitter_misc":{"\u00c9crit par":"cfeditorfr","Dur\u00e9e de lecture estim\u00e9e":"3 minutes"},"schema":{"@context":"https:\/\/schema.org","@graph":[{"@type":"Article","@id":"https:\/\/www.africa-press.net\/tchad\/politique\/lapselpa-sinquiete-des-conditions-precaires-a-lest-et-emet-des-recommandations#article","isPartOf":{"@id":"https:\/\/www.africa-press.net\/tchad\/politique\/lapselpa-sinquiete-des-conditions-precaires-a-lest-et-emet-des-recommandations"},"author":{"name":"cfeditorfr","@id":"https:\/\/www.africa-press.net\/tchad\/#\/schema\/person\/2b1cf3cd81a31e3cd26889ca66d677f1"},"headline":"L\u2019APSELPA s\u2019inqui\u00e8te des conditions pr\u00e9caires \u00e0 l\u2019Est et \u00e9met des recommandations","datePublished":"2023-10-29T17:00:20+00:00","dateModified":"2023-10-29T17:58:31+00:00","mainEntityOfPage":{"@id":"https:\/\/www.africa-press.net\/tchad\/politique\/lapselpa-sinquiete-des-conditions-precaires-a-lest-et-emet-des-recommandations"},"wordCount":589,"commentCount":0,"image":{"@id":"https:\/\/www.africa-press.net\/tchad\/politique\/lapselpa-sinquiete-des-conditions-precaires-a-lest-et-emet-des-recommandations#primaryimage"},"thumbnailUrl":"https:\/\/static.africa-press.net\/tchad\/sites\/41\/2023\/10\/sm_1698589588.068382.jpg","keywords":["Africa Press","Africa Press-Tchad","Tchad"],"articleSection":["Politique","Toutes les actualit\u00e9s"],"inLanguage":"fr-FR","potentialAction":[{"@type":"CommentAction","name":"Comment","target":["https:\/\/www.africa-press.net\/tchad\/politique\/lapselpa-sinquiete-des-conditions-precaires-a-lest-et-emet-des-recommandations#respond"]}]},{"@type":"WebPage","@id":"https:\/\/www.africa-press.net\/tchad\/politique\/lapselpa-sinquiete-des-conditions-precaires-a-lest-et-emet-des-recommandations","url":"https:\/\/www.africa-press.net\/tchad\/politique\/lapselpa-sinquiete-des-conditions-precaires-a-lest-et-emet-des-recommandations","name":"L\u2019APSELPA s\u2019inqui\u00e8te des conditions pr\u00e9caires \u00e0 l\u2019Est et \u00e9met des recommandations - tchad","isPartOf":{"@id":"https:\/\/www.africa-press.net\/tchad\/#website"},"primaryImageOfPage":{"@id":"https:\/\/www.africa-press.net\/tchad\/politique\/lapselpa-sinquiete-des-conditions-precaires-a-lest-et-emet-des-recommandations#primaryimage"},"image":{"@id":"https:\/\/www.africa-press.net\/tchad\/politique\/lapselpa-sinquiete-des-conditions-precaires-a-lest-et-emet-des-recommandations#primaryimage"},"thumbnailUrl":"https:\/\/static.africa-press.net\/tchad\/sites\/41\/2023\/10\/sm_1698589588.068382.jpg","datePublished":"2023-10-29T17:00:20+00:00","dateModified":"2023-10-29T17:58:31+00:00","author":{"@id":"https:\/\/www.africa-press.net\/tchad\/#\/schema\/person\/2b1cf3cd81a31e3cd26889ca66d677f1"},"description":"C'est dans ce contexte de crise que le Directeur Pays de l'ONG APSELPA (Action pour la Protection, la Sante\u0301, l'Environn ...","breadcrumb":{"@id":"https:\/\/www.africa-press.net\/tchad\/politique\/lapselpa-sinquiete-des-conditions-precaires-a-lest-et-emet-des-recommandations#breadcrumb"},"inLanguage":"fr-FR","potentialAction":[{"@type":"ReadAction","target":["https:\/\/www.africa-press.net\/tchad\/politique\/lapselpa-sinquiete-des-conditions-precaires-a-lest-et-emet-des-recommandations"]}]},{"@type":"ImageObject","inLanguage":"fr-FR","@id":"https:\/\/www.africa-press.net\/tchad\/politique\/lapselpa-sinquiete-des-conditions-precaires-a-lest-et-emet-des-recommandations#primaryimage","url":"https:\/\/static.africa-press.net\/tchad\/sites\/41\/2023\/10\/sm_1698589588.068382.jpg","contentUrl":"https:\/\/static.africa-press.net\/tchad\/sites\/41\/2023\/10\/sm_1698589588.068382.jpg","width":1026,"height":687,"caption":"L\u2019APSELPA s\u2019inqui\u00e8te des conditions pr\u00e9caires \u00e0 l\u2019Est et \u00e9met des recommandations"},{"@type":"BreadcrumbList","@id":"https:\/\/www.africa-press.net\/tchad\/politique\/lapselpa-sinquiete-des-conditions-precaires-a-lest-et-emet-des-recommandations#breadcrumb","itemListElement":[{"@type":"ListItem","position":1,"name":"Accueil","item":"https:\/\/www.africa-press.net\/tchad\/"},{"@type":"ListItem","position":2,"name":"L\u2019APSELPA s\u2019inqui\u00e8te des conditions pr\u00e9caires \u00e0 l\u2019Est et \u00e9met des recommandations"}]},{"@type":"WebSite","@id":"https:\/\/www.africa-press.net\/tchad\/#website","url":"https:\/\/www.africa-press.net\/tchad\/","name":"tchad","description":"Just another Africa News Agency Sites site","potentialAction":[{"@type":"SearchAction","target":{"@type":"EntryPoint","urlTemplate":"https:\/\/www.africa-press.net\/tchad\/?s={search_term_string}"},"query-input":{"@type":"PropertyValueSpecification","valueRequired":true,"valueName":"search_term_string"}}],"inLanguage":"fr-FR"},{"@type":"Person","@id":"https:\/\/www.africa-press.net\/tchad\/#\/schema\/person\/2b1cf3cd81a31e3cd26889ca66d677f1","name":"cfeditorfr"}]}},"_links":{"self":[{"href":"https:\/\/www.africa-press.net\/tchad\/wp-json\/wp\/v2\/posts\/53114","targetHints":{"allow":["GET"]}}],"collection":[{"href":"https:\/\/www.africa-press.net\/tchad\/wp-json\/wp\/v2\/posts"}],"about":[{"href":"https:\/\/www.africa-press.net\/tchad\/wp-json\/wp\/v2\/types\/post"}],"author":[{"embeddable":true,"href":"https:\/\/www.africa-press.net\/tchad\/wp-json\/wp\/v2\/users\/82"}],"replies":[{"embeddable":true,"href":"https:\/\/www.africa-press.net\/tchad\/wp-json\/wp\/v2\/comments?post=53114"}],"version-history":[{"count":0,"href":"https:\/\/www.africa-press.net\/tchad\/wp-json\/wp\/v2\/posts\/53114\/revisions"}],"wp:featuredmedia":[{"embeddable":true,"href":"https:\/\/www.africa-press.net\/tchad\/wp-json\/wp\/v2\/media\/53112"}],"wp:attachment":[{"href":"https:\/\/www.africa-press.net\/tchad\/wp-json\/wp\/v2\/media?parent=53114"}],"wp:term":[{"taxonomy":"category","embeddable":true,"href":"https:\/\/www.africa-press.net\/tchad\/wp-json\/wp\/v2\/categories?post=53114"},{"taxonomy":"post_tag","embeddable":true,"href":"https:\/\/www.africa-press.net\/tchad\/wp-json\/wp\/v2\/tags?post=53114"}],"curies":[{"name":"wp","href":"https:\/\/api.w.org\/{rel}","templated":true}]}}