{"id":53120,"date":"2023-10-29T17:02:53","date_gmt":"2023-10-29T17:02:53","guid":{"rendered":"https:\/\/www.africa-press.net\/tchad\/politique\/une-association-sengage-a-mener-des-actions-pacifiques-pour-lutter-contre-la-surenchere-du-carburant-dans-le-moyen-chari"},"modified":"2023-10-29T17:59:56","modified_gmt":"2023-10-29T17:59:56","slug":"une-association-sengage-a-mener-des-actions-pacifiques-pour-lutter-contre-la-surenchere-du-carburant-dans-le-moyen-chari","status":"publish","type":"post","link":"https:\/\/www.africa-press.net\/tchad\/economie\/une-association-sengage-a-mener-des-actions-pacifiques-pour-lutter-contre-la-surenchere-du-carburant-dans-le-moyen-chari","title":{"rendered":"Une association s\u2019engage \u00e0 mener des actions pacifiques pour lutter contre la surench\u00e8re du carburant dans le Moyen-Chari"},"content":{"rendered":"<p><span style=\"color: #ff6600\"><strong>Africa-Press &#8211; Tchad. <\/strong><\/span>Dans le but d\u2019e\u0301tudier les manie\u0300res de soutenir le gouverneur dans sa lutte contre certains commerc\u0327ants ve\u0301reux qui cachent et vendent le carburant aux prix qu\u2019ils veulent, l\u2019Association de Lutte pour l\u2019Ame\u0301lioration de la Consommation dans le Moyen-Chari, ALAC\/MC a convoque\u0301e samedi une rencontre. A ce sujet, plusieurs propositions ont e\u0301te\u0301 enregistre\u0301es, entre autres la mise sur pied d\u2019un comite\u0301 de suivi du prix de carburant, la mise sur pied d\u2019une synergie d\u2019associations et de groupements pour mener cette lutte, sensibiliser la population sur la prise de conscience des maux qui minent la province.<\/p>\n<p>Le pre\u0301sident de l\u2019ALC\/MC, Djoningar Ngarinan, a indique\u0301 qu\u2019a\u0300 travers son organisation des strate\u0301gies vont e\u0302tre mise sur pied afin de de\u0301manteler ce re\u0301seau de malfaiteurs. Djoningar Ngarinan, d\u2019ajouter par la voix des consommateurs, que ces ve\u0301reux commerc\u0327ants cherchent des voies et moyens a\u0300 travers leurs actes, pour provoquer le de\u0301part du gouverneur, chose que la population n\u2019admettra pas.<\/p>\n<p>Il faut noter qu\u2019a\u0300 l\u2019issue de cette rencontre les participants ont de\u0301cide\u0301s de mener des actions dans les jours qui suivent. Il s\u2019agit entre autre : d\u2019une marche pacifique et de soutien a\u0300 l\u2019endroit du gouverneur, Ousman Brahim Djouma et une grande action tintamarre afin de lutter efficacement contre ces commerc\u0327ants ve\u0301reux.<\/p>\n<p><strong>Pour plus d&rsquo;informations et d&rsquo;analyses sur la <a href=\"https:\/\/www.africa-press.net\/tchad\">Tchad<\/a>, suivez <a href=\"https:\/\/www.africa-press.net\/\">Africa-Press<\/a><\/strong><\/p>\n","protected":false},"excerpt":{"rendered":"<p>Africa-Press &#8211; Tchad. Dans le but d\u2019e\u0301tudier les manie\u0300res de soutenir le gouverneur dans sa lutte contre certains commerc\u0327ants ve\u0301reux qui cachent et vendent le carburant aux prix qu\u2019ils veulent, l\u2019Association de Lutte pour l\u2019Ame\u0301lioration de la Consommation dans le Moyen-Chari, ALAC\/MC a convoque\u0301e samedi une rencontre. A ce sujet, plusieurs propositions ont e\u0301te\u0301 enregistre\u0301es, [&hellip;]<\/p>\n","protected":false},"author":82,"featured_media":53118,"comment_status":"open","ping_status":"closed","sticky":false,"template":"","format":"standard","meta":{"footnotes":""},"categories":[3,10],"tags":[37,292,29],"class_list":["post-53120","post","type-post","status-publish","format-standard","has-post-thumbnail","hentry","category-economie","category-toutes-les-actualites","tag-africa-press","tag-africa-press-tchad","tag-tchad"],"yoast_head":"<!-- This site is optimized with the Yoast SEO Premium plugin v26.1 (Yoast SEO v27.0) - https:\/\/yoast.com\/product\/yoast-seo-premium-wordpress\/ -->\n<title>Une association s\u2019engage \u00e0 mener des actions pacifiques pour lutter contre la surench\u00e8re du carburant dans le Moyen-Chari - tchad<\/title>\n<meta name=\"description\" content=\"Dans le but d\u2019e\u0301tudier les manie\u0300res de soutenir le gouverneur dans sa lutte contre certains commerc\u0327ants ve\u0301reux qui ca ...\" \/>\n<meta name=\"robots\" content=\"index, follow, max-snippet:-1, max-image-preview:large, max-video-preview:-1\" \/>\n<link rel=\"canonical\" href=\"https:\/\/www.africa-press.net\/tchad\/economie\/une-association-sengage-a-mener-des-actions-pacifiques-pour-lutter-contre-la-surenchere-du-carburant-dans-le-moyen-chari\" \/>\n<meta property=\"og:locale\" content=\"fr_FR\" \/>\n<meta property=\"og:type\" content=\"article\" \/>\n<meta property=\"og:title\" content=\"Une association s\u2019engage \u00e0 mener des actions pacifiques pour lutter contre la surench\u00e8re du carburant dans le Moyen-Chari\" \/>\n<meta property=\"og:description\" content=\"Dans le but d\u2019e\u0301tudier les manie\u0300res de soutenir le gouverneur dans sa lutte contre certains commerc\u0327ants ve\u0301reux qui ca ...\" \/>\n<meta property=\"og:url\" content=\"https:\/\/www.africa-press.net\/tchad\/economie\/une-association-sengage-a-mener-des-actions-pacifiques-pour-lutter-contre-la-surenchere-du-carburant-dans-le-moyen-chari\" \/>\n<meta property=\"og:site_name\" content=\"tchad\" \/>\n<meta property=\"article:published_time\" content=\"2023-10-29T17:02:53+00:00\" \/>\n<meta property=\"article:modified_time\" content=\"2023-10-29T17:59:56+00:00\" \/>\n<meta property=\"og:image\" content=\"https:\/\/static.africa-press.net\/tchad\/sites\/41\/2023\/10\/sm_1698589674.4402.jpg\" \/>\n\t<meta property=\"og:image:width\" content=\"1080\" \/>\n\t<meta property=\"og:image:height\" content=\"474\" \/>\n\t<meta property=\"og:image:type\" content=\"image\/jpeg\" \/>\n<meta name=\"author\" content=\"cfeditorfr\" \/>\n<meta name=\"twitter:card\" content=\"summary_large_image\" \/>\n<meta name=\"twitter:label1\" content=\"\u00c9crit par\" \/>\n\t<meta name=\"twitter:data1\" content=\"cfeditorfr\" \/>\n\t<meta name=\"twitter:label2\" content=\"Dur\u00e9e de lecture estim\u00e9e\" \/>\n\t<meta name=\"twitter:data2\" content=\"2 minutes\" \/>\n<script type=\"application\/ld+json\" class=\"yoast-schema-graph\">{\"@context\":\"https:\/\/schema.org\",\"@graph\":[{\"@type\":\"Article\",\"@id\":\"https:\/\/www.africa-press.net\/tchad\/economie\/une-association-sengage-a-mener-des-actions-pacifiques-pour-lutter-contre-la-surenchere-du-carburant-dans-le-moyen-chari#article\",\"isPartOf\":{\"@id\":\"https:\/\/www.africa-press.net\/tchad\/economie\/une-association-sengage-a-mener-des-actions-pacifiques-pour-lutter-contre-la-surenchere-du-carburant-dans-le-moyen-chari\"},\"author\":{\"name\":\"cfeditorfr\",\"@id\":\"https:\/\/www.africa-press.net\/tchad\/#\/schema\/person\/2b1cf3cd81a31e3cd26889ca66d677f1\"},\"headline\":\"Une association s\u2019engage \u00e0 mener des actions pacifiques pour lutter contre la surench\u00e8re du carburant dans le Moyen-Chari\",\"datePublished\":\"2023-10-29T17:02:53+00:00\",\"dateModified\":\"2023-10-29T17:59:56+00:00\",\"mainEntityOfPage\":{\"@id\":\"https:\/\/www.africa-press.net\/tchad\/economie\/une-association-sengage-a-mener-des-actions-pacifiques-pour-lutter-contre-la-surenchere-du-carburant-dans-le-moyen-chari\"},\"wordCount\":276,\"commentCount\":0,\"image\":{\"@id\":\"https:\/\/www.africa-press.net\/tchad\/economie\/une-association-sengage-a-mener-des-actions-pacifiques-pour-lutter-contre-la-surenchere-du-carburant-dans-le-moyen-chari#primaryimage\"},\"thumbnailUrl\":\"https:\/\/static.africa-press.net\/tchad\/sites\/41\/2023\/10\/sm_1698589674.4402.jpg\",\"keywords\":[\"Africa Press\",\"Africa Press-Tchad\",\"Tchad\"],\"articleSection\":[\"\u00c9conomie\",\"Toutes les actualit\u00e9s\"],\"inLanguage\":\"fr-FR\",\"potentialAction\":[{\"@type\":\"CommentAction\",\"name\":\"Comment\",\"target\":[\"https:\/\/www.africa-press.net\/tchad\/economie\/une-association-sengage-a-mener-des-actions-pacifiques-pour-lutter-contre-la-surenchere-du-carburant-dans-le-moyen-chari#respond\"]}]},{\"@type\":\"WebPage\",\"@id\":\"https:\/\/www.africa-press.net\/tchad\/economie\/une-association-sengage-a-mener-des-actions-pacifiques-pour-lutter-contre-la-surenchere-du-carburant-dans-le-moyen-chari\",\"url\":\"https:\/\/www.africa-press.net\/tchad\/economie\/une-association-sengage-a-mener-des-actions-pacifiques-pour-lutter-contre-la-surenchere-du-carburant-dans-le-moyen-chari\",\"name\":\"Une association s\u2019engage \u00e0 mener des actions pacifiques pour lutter contre la surench\u00e8re du carburant dans le Moyen-Chari - tchad\",\"isPartOf\":{\"@id\":\"https:\/\/www.africa-press.net\/tchad\/#website\"},\"primaryImageOfPage\":{\"@id\":\"https:\/\/www.africa-press.net\/tchad\/economie\/une-association-sengage-a-mener-des-actions-pacifiques-pour-lutter-contre-la-surenchere-du-carburant-dans-le-moyen-chari#primaryimage\"},\"image\":{\"@id\":\"https:\/\/www.africa-press.net\/tchad\/economie\/une-association-sengage-a-mener-des-actions-pacifiques-pour-lutter-contre-la-surenchere-du-carburant-dans-le-moyen-chari#primaryimage\"},\"thumbnailUrl\":\"https:\/\/static.africa-press.net\/tchad\/sites\/41\/2023\/10\/sm_1698589674.4402.jpg\",\"datePublished\":\"2023-10-29T17:02:53+00:00\",\"dateModified\":\"2023-10-29T17:59:56+00:00\",\"author\":{\"@id\":\"https:\/\/www.africa-press.net\/tchad\/#\/schema\/person\/2b1cf3cd81a31e3cd26889ca66d677f1\"},\"description\":\"Dans le but d\u2019e\u0301tudier les manie\u0300res de soutenir le gouverneur dans sa lutte contre certains commerc\u0327ants ve\u0301reux qui ca ...\",\"breadcrumb\":{\"@id\":\"https:\/\/www.africa-press.net\/tchad\/economie\/une-association-sengage-a-mener-des-actions-pacifiques-pour-lutter-contre-la-surenchere-du-carburant-dans-le-moyen-chari#breadcrumb\"},\"inLanguage\":\"fr-FR\",\"potentialAction\":[{\"@type\":\"ReadAction\",\"target\":[\"https:\/\/www.africa-press.net\/tchad\/economie\/une-association-sengage-a-mener-des-actions-pacifiques-pour-lutter-contre-la-surenchere-du-carburant-dans-le-moyen-chari\"]}]},{\"@type\":\"ImageObject\",\"inLanguage\":\"fr-FR\",\"@id\":\"https:\/\/www.africa-press.net\/tchad\/economie\/une-association-sengage-a-mener-des-actions-pacifiques-pour-lutter-contre-la-surenchere-du-carburant-dans-le-moyen-chari#primaryimage\",\"url\":\"https:\/\/static.africa-press.net\/tchad\/sites\/41\/2023\/10\/sm_1698589674.4402.jpg\",\"contentUrl\":\"https:\/\/static.africa-press.net\/tchad\/sites\/41\/2023\/10\/sm_1698589674.4402.jpg\",\"width\":1080,\"height\":474,\"caption\":\"Une association s\u2019engage \u00e0 mener des actions pacifiques pour lutter contre la surench\u00e8re du carburant dans le Moyen-Chari\"},{\"@type\":\"BreadcrumbList\",\"@id\":\"https:\/\/www.africa-press.net\/tchad\/economie\/une-association-sengage-a-mener-des-actions-pacifiques-pour-lutter-contre-la-surenchere-du-carburant-dans-le-moyen-chari#breadcrumb\",\"itemListElement\":[{\"@type\":\"ListItem\",\"position\":1,\"name\":\"Accueil\",\"item\":\"https:\/\/www.africa-press.net\/tchad\/\"},{\"@type\":\"ListItem\",\"position\":2,\"name\":\"Une association s\u2019engage \u00e0 mener des actions pacifiques pour lutter contre la surench\u00e8re du carburant dans le Moyen-Chari\"}]},{\"@type\":\"WebSite\",\"@id\":\"https:\/\/www.africa-press.net\/tchad\/#website\",\"url\":\"https:\/\/www.africa-press.net\/tchad\/\",\"name\":\"tchad\",\"description\":\"Just another Africa News Agency Sites site\",\"potentialAction\":[{\"@type\":\"SearchAction\",\"target\":{\"@type\":\"EntryPoint\",\"urlTemplate\":\"https:\/\/www.africa-press.net\/tchad\/?s={search_term_string}\"},\"query-input\":{\"@type\":\"PropertyValueSpecification\",\"valueRequired\":true,\"valueName\":\"search_term_string\"}}],\"inLanguage\":\"fr-FR\"},{\"@type\":\"Person\",\"@id\":\"https:\/\/www.africa-press.net\/tchad\/#\/schema\/person\/2b1cf3cd81a31e3cd26889ca66d677f1\",\"name\":\"cfeditorfr\"}]}<\/script>\n<!-- \/ Yoast SEO Premium plugin. -->","yoast_head_json":{"title":"Une association s\u2019engage \u00e0 mener des actions pacifiques pour lutter contre la surench\u00e8re du carburant dans le Moyen-Chari - tchad","description":"Dans le but d\u2019e\u0301tudier les manie\u0300res de soutenir le gouverneur dans sa lutte contre certains commerc\u0327ants ve\u0301reux qui ca ...","robots":{"index":"index","follow":"follow","max-snippet":"max-snippet:-1","max-image-preview":"max-image-preview:large","max-video-preview":"max-video-preview:-1"},"canonical":"https:\/\/www.africa-press.net\/tchad\/economie\/une-association-sengage-a-mener-des-actions-pacifiques-pour-lutter-contre-la-surenchere-du-carburant-dans-le-moyen-chari","og_locale":"fr_FR","og_type":"article","og_title":"Une association s\u2019engage \u00e0 mener des actions pacifiques pour lutter contre la surench\u00e8re du carburant dans le Moyen-Chari","og_description":"Dans le but d\u2019e\u0301tudier les manie\u0300res de soutenir le gouverneur dans sa lutte contre certains commerc\u0327ants ve\u0301reux qui ca ...","og_url":"https:\/\/www.africa-press.net\/tchad\/economie\/une-association-sengage-a-mener-des-actions-pacifiques-pour-lutter-contre-la-surenchere-du-carburant-dans-le-moyen-chari","og_site_name":"tchad","article_published_time":"2023-10-29T17:02:53+00:00","article_modified_time":"2023-10-29T17:59:56+00:00","og_image":[{"width":1080,"height":474,"url":"https:\/\/static.africa-press.net\/tchad\/sites\/41\/2023\/10\/sm_1698589674.4402.jpg","type":"image\/jpeg"}],"author":"cfeditorfr","twitter_card":"summary_large_image","twitter_misc":{"\u00c9crit par":"cfeditorfr","Dur\u00e9e de lecture estim\u00e9e":"2 minutes"},"schema":{"@context":"https:\/\/schema.org","@graph":[{"@type":"Article","@id":"https:\/\/www.africa-press.net\/tchad\/economie\/une-association-sengage-a-mener-des-actions-pacifiques-pour-lutter-contre-la-surenchere-du-carburant-dans-le-moyen-chari#article","isPartOf":{"@id":"https:\/\/www.africa-press.net\/tchad\/economie\/une-association-sengage-a-mener-des-actions-pacifiques-pour-lutter-contre-la-surenchere-du-carburant-dans-le-moyen-chari"},"author":{"name":"cfeditorfr","@id":"https:\/\/www.africa-press.net\/tchad\/#\/schema\/person\/2b1cf3cd81a31e3cd26889ca66d677f1"},"headline":"Une association s\u2019engage \u00e0 mener des actions pacifiques pour lutter contre la surench\u00e8re du carburant dans le Moyen-Chari","datePublished":"2023-10-29T17:02:53+00:00","dateModified":"2023-10-29T17:59:56+00:00","mainEntityOfPage":{"@id":"https:\/\/www.africa-press.net\/tchad\/economie\/une-association-sengage-a-mener-des-actions-pacifiques-pour-lutter-contre-la-surenchere-du-carburant-dans-le-moyen-chari"},"wordCount":276,"commentCount":0,"image":{"@id":"https:\/\/www.africa-press.net\/tchad\/economie\/une-association-sengage-a-mener-des-actions-pacifiques-pour-lutter-contre-la-surenchere-du-carburant-dans-le-moyen-chari#primaryimage"},"thumbnailUrl":"https:\/\/static.africa-press.net\/tchad\/sites\/41\/2023\/10\/sm_1698589674.4402.jpg","keywords":["Africa Press","Africa Press-Tchad","Tchad"],"articleSection":["\u00c9conomie","Toutes les actualit\u00e9s"],"inLanguage":"fr-FR","potentialAction":[{"@type":"CommentAction","name":"Comment","target":["https:\/\/www.africa-press.net\/tchad\/economie\/une-association-sengage-a-mener-des-actions-pacifiques-pour-lutter-contre-la-surenchere-du-carburant-dans-le-moyen-chari#respond"]}]},{"@type":"WebPage","@id":"https:\/\/www.africa-press.net\/tchad\/economie\/une-association-sengage-a-mener-des-actions-pacifiques-pour-lutter-contre-la-surenchere-du-carburant-dans-le-moyen-chari","url":"https:\/\/www.africa-press.net\/tchad\/economie\/une-association-sengage-a-mener-des-actions-pacifiques-pour-lutter-contre-la-surenchere-du-carburant-dans-le-moyen-chari","name":"Une association s\u2019engage \u00e0 mener des actions pacifiques pour lutter contre la surench\u00e8re du carburant dans le Moyen-Chari - tchad","isPartOf":{"@id":"https:\/\/www.africa-press.net\/tchad\/#website"},"primaryImageOfPage":{"@id":"https:\/\/www.africa-press.net\/tchad\/economie\/une-association-sengage-a-mener-des-actions-pacifiques-pour-lutter-contre-la-surenchere-du-carburant-dans-le-moyen-chari#primaryimage"},"image":{"@id":"https:\/\/www.africa-press.net\/tchad\/economie\/une-association-sengage-a-mener-des-actions-pacifiques-pour-lutter-contre-la-surenchere-du-carburant-dans-le-moyen-chari#primaryimage"},"thumbnailUrl":"https:\/\/static.africa-press.net\/tchad\/sites\/41\/2023\/10\/sm_1698589674.4402.jpg","datePublished":"2023-10-29T17:02:53+00:00","dateModified":"2023-10-29T17:59:56+00:00","author":{"@id":"https:\/\/www.africa-press.net\/tchad\/#\/schema\/person\/2b1cf3cd81a31e3cd26889ca66d677f1"},"description":"Dans le but d\u2019e\u0301tudier les manie\u0300res de soutenir le gouverneur dans sa lutte contre certains commerc\u0327ants ve\u0301reux qui ca ...","breadcrumb":{"@id":"https:\/\/www.africa-press.net\/tchad\/economie\/une-association-sengage-a-mener-des-actions-pacifiques-pour-lutter-contre-la-surenchere-du-carburant-dans-le-moyen-chari#breadcrumb"},"inLanguage":"fr-FR","potentialAction":[{"@type":"ReadAction","target":["https:\/\/www.africa-press.net\/tchad\/economie\/une-association-sengage-a-mener-des-actions-pacifiques-pour-lutter-contre-la-surenchere-du-carburant-dans-le-moyen-chari"]}]},{"@type":"ImageObject","inLanguage":"fr-FR","@id":"https:\/\/www.africa-press.net\/tchad\/economie\/une-association-sengage-a-mener-des-actions-pacifiques-pour-lutter-contre-la-surenchere-du-carburant-dans-le-moyen-chari#primaryimage","url":"https:\/\/static.africa-press.net\/tchad\/sites\/41\/2023\/10\/sm_1698589674.4402.jpg","contentUrl":"https:\/\/static.africa-press.net\/tchad\/sites\/41\/2023\/10\/sm_1698589674.4402.jpg","width":1080,"height":474,"caption":"Une association s\u2019engage \u00e0 mener des actions pacifiques pour lutter contre la surench\u00e8re du carburant dans le Moyen-Chari"},{"@type":"BreadcrumbList","@id":"https:\/\/www.africa-press.net\/tchad\/economie\/une-association-sengage-a-mener-des-actions-pacifiques-pour-lutter-contre-la-surenchere-du-carburant-dans-le-moyen-chari#breadcrumb","itemListElement":[{"@type":"ListItem","position":1,"name":"Accueil","item":"https:\/\/www.africa-press.net\/tchad\/"},{"@type":"ListItem","position":2,"name":"Une association s\u2019engage \u00e0 mener des actions pacifiques pour lutter contre la surench\u00e8re du carburant dans le Moyen-Chari"}]},{"@type":"WebSite","@id":"https:\/\/www.africa-press.net\/tchad\/#website","url":"https:\/\/www.africa-press.net\/tchad\/","name":"tchad","description":"Just another Africa News Agency Sites site","potentialAction":[{"@type":"SearchAction","target":{"@type":"EntryPoint","urlTemplate":"https:\/\/www.africa-press.net\/tchad\/?s={search_term_string}"},"query-input":{"@type":"PropertyValueSpecification","valueRequired":true,"valueName":"search_term_string"}}],"inLanguage":"fr-FR"},{"@type":"Person","@id":"https:\/\/www.africa-press.net\/tchad\/#\/schema\/person\/2b1cf3cd81a31e3cd26889ca66d677f1","name":"cfeditorfr"}]}},"_links":{"self":[{"href":"https:\/\/www.africa-press.net\/tchad\/wp-json\/wp\/v2\/posts\/53120","targetHints":{"allow":["GET"]}}],"collection":[{"href":"https:\/\/www.africa-press.net\/tchad\/wp-json\/wp\/v2\/posts"}],"about":[{"href":"https:\/\/www.africa-press.net\/tchad\/wp-json\/wp\/v2\/types\/post"}],"author":[{"embeddable":true,"href":"https:\/\/www.africa-press.net\/tchad\/wp-json\/wp\/v2\/users\/82"}],"replies":[{"embeddable":true,"href":"https:\/\/www.africa-press.net\/tchad\/wp-json\/wp\/v2\/comments?post=53120"}],"version-history":[{"count":0,"href":"https:\/\/www.africa-press.net\/tchad\/wp-json\/wp\/v2\/posts\/53120\/revisions"}],"wp:featuredmedia":[{"embeddable":true,"href":"https:\/\/www.africa-press.net\/tchad\/wp-json\/wp\/v2\/media\/53118"}],"wp:attachment":[{"href":"https:\/\/www.africa-press.net\/tchad\/wp-json\/wp\/v2\/media?parent=53120"}],"wp:term":[{"taxonomy":"category","embeddable":true,"href":"https:\/\/www.africa-press.net\/tchad\/wp-json\/wp\/v2\/categories?post=53120"},{"taxonomy":"post_tag","embeddable":true,"href":"https:\/\/www.africa-press.net\/tchad\/wp-json\/wp\/v2\/tags?post=53120"}],"curies":[{"name":"wp","href":"https:\/\/api.w.org\/{rel}","templated":true}]}}