{"id":53130,"date":"2023-10-29T19:11:44","date_gmt":"2023-10-29T19:11:44","guid":{"rendered":"https:\/\/www.africa-press.net\/tchad\/politique\/proces-a-la-cpi-la-cascidho-soutient-les-victimes-de-la-guerre-en-rca"},"modified":"2023-10-29T19:44:55","modified_gmt":"2023-10-29T19:44:55","slug":"proces-a-la-cpi-la-cascidho-soutient-les-victimes-de-la-guerre-en-rca","status":"publish","type":"post","link":"https:\/\/www.africa-press.net\/tchad\/politique\/proces-a-la-cpi-la-cascidho-soutient-les-victimes-de-la-guerre-en-rca","title":{"rendered":"Proc\u00e8s \u00e0 la CPI : la CASCIDHO soutient les victimes de la guerre en RCA"},"content":{"rendered":"<p><span style=\"color: #ff6600\"><strong>Africa-Press &#8211; Tchad. <\/strong><\/span>Dans sa de\u0301claration, le coordinateur national, Mahamat Digadimbaye, a rappele\u0301 la de\u0301cision brutale et unilate\u0301rale du Procureur ge\u0301ne\u0301ral de la CPI de retirer les charges de confirmation, qui e\u0301taient a\u0300 un stade pre\u0301liminaire, contre Maxime Mokom. Cette de\u0301cision met provisoirement fin a\u0300 la proce\u0301dure. Les avocats, repre\u0301sentants le\u0301gaux des victimes dans l&rsquo;affaire Maxime Mokom devant la CPI, s&rsquo;efforcent actuellement d&rsquo;obtenir une mission afin de nous informer des conse\u0301quences juridiques.<\/p>\n<p>En tant que de\u0301fenseur des droits de l&rsquo;homme, nous partageons la tristesse et l&rsquo;immense de\u0301ception ressenties par les victimes, survivantes des crimes graves commis par le groupe arme\u0301 Anti-Balaka, concernant cette de\u0301cision. La CASCIDHO prend acte de la situation et s&rsquo;engage a\u0300 suivre et observer attentivement le de\u0301roulement du processus pour garantir la transparence et la cre\u0301dibilite\u0301 de cette affaire. Il s&rsquo;agit de notre responsabilite\u0301 en tant qu&rsquo;acteur de la socie\u0301te\u0301 civile et de\u0301fenseur des droits de l&rsquo;homme d&rsquo;accompagner les victimes et les te\u0301moins. Forte de son expe\u0301rience dans la promotion et la protection des droits de l&rsquo;homme, la CASCIDHO de\u0301cide de soutenir les victimes et de travailler a\u0300 la relance potentielle de cette affaire.<\/p>\n<p>Pour rappel, a\u0300 la demande des conseils des victimes, notamment Me Yare Fall et Me Elizabeth Rasbesandrtana, une e\u0301quipe de terrain a organise\u0301 des sessions d&rsquo;audition et d&rsquo;enro\u0302lement des victimes de guerre en Re\u0301publique centrafricaine (RCA) pendant deux semaines. Conforme\u0301ment au programme de la mission, cette phase a e\u0301te\u0301 consacre\u0301e a\u0300 l&rsquo;enro\u0302lement des victimes dans l&rsquo;affaire Maxime Jeoffrooy Eli Mokom Gawaka.<\/p>\n<p>Les membres de\u0301signe\u0301s charge\u0301s des auditions et de l&rsquo;enro\u0302lement des victimes ont effectue\u0301 une mission de terrain du 23 mars au 7 avril 2023. A\u0300 N&rsquo;Djamena, la capitale, le site de Gaoui a e\u0301te\u0301 retenu pour accueillir les re\u0301fugie\u0301s centrafricains et les retourne\u0301s de la guerre en RCA. Ce site, ouvert en janvier 2014, compte actuellement 4 973 re\u0301fugie\u0301s, soit 1 437 familles, principalement des femmes et des enfants, he\u0301berge\u0301s dans 750 tentes. Depuis leur arrive\u0301e, plus de 100 de\u0301ce\u0300s ont e\u0301te\u0301 enregistre\u0301s. Il y a 260 personnes a\u0302ge\u0301es, 60 personnes malades, 35 personnes vivant avec un handicap, 200 veuves et 527 enfants orphelins. Au total, 3 000 re\u0301fugie\u0301s centrafricains et retourne\u0301s tchadiens, dont 2 000 femmes et 1 000 hommes, ont e\u0301te\u0301 auditionne\u0301s et enregistre\u0301s. L&rsquo;objectif de cette mission e\u0301tait de rencontrer les victimes re\u0301fugie\u0301es et retourne\u0301es au Tchad, re\u0301sidant a\u0300 N&rsquo;Djamena et sur le site de Gaoui, afin de discuter et d&rsquo;enro\u0302ler de nouvelles victimes dans l&rsquo;affaire Maxime Mokom.<\/p>\n<p>Les objectifs spe\u0301cifiques de cette mission e\u0301taient les suivants : informer les victimes sur l&rsquo;affaire, proce\u0301der a\u0300 l&rsquo;audition et a\u0300 l&rsquo;enregistrement de nouvelles demandes de participation. Une premie\u0300re se\u0301ance de travail a eu lieu au sie\u0300ge de la CASCIDHO le 5 mars 2023, re\u0301unissant tous les acteurs implique\u0301s dans le processus d&rsquo;audition et d&rsquo;enro\u0302lement dans l&rsquo;affaire Mokom.<\/p>\n<p>Le 20 mars 2023, une se\u0301ance d&rsquo;information sur le statut des victimes de guerre a e\u0301te\u0301 organise\u0301e pour expliquer aux personnes concerne\u0301es les enjeux de l&rsquo;affaire Mokom. Le 22 mars 2023, l&rsquo;e\u0301quipe de terrain a rencontre\u0301 les victimes pour discuter avec elles du formulaire de demande relatif a\u0300 la participation et a\u0300 la re\u0301paration.<\/p>\n<p>Les auditions et l&rsquo;enro\u0302lement ont eu lieu du 23 mars au 7 avril 2023, au cours desquels 66 victimes ont e\u0301te\u0301 auditionne\u0301es, dont 24 femmes et 42 hommes.<\/p>\n<p>L&rsquo;ensemble des activite\u0301s d&rsquo;audition et d&rsquo;enro\u0302lement a e\u0301te\u0301 un succe\u0300s. L&rsquo;e\u0301quipe de terrain a collabore\u0301 avec les avocats pour informer au mieux les victimes lors des auditions sur l&rsquo;importance de ce proce\u0300s pour obtenir des re\u0301parations mate\u0301rielles et psychologiques. Depuis le lancement des activite\u0301s le 23 mars 2023, un taux de re\u0301alisation quotidien de 10 a\u0300 14 victimes enregistre\u0301es a e\u0301te\u0301 maintenu. De nombreuses victimes ont exprime\u0301 leur de\u0301sir de de\u0301poser leurs demandes de participation dans l&rsquo;affaire, bien que certaines re\u0301sident dans des provinces e\u0301loigne\u0301es du Tchad. Ces victimes e\u0301loigne\u0301es de N&rsquo;Djamena, la capitale, se trouvent dans diverses localite\u0301s des provinces du sud du Tchad, notamment dans les camps de Dossey et de Gore\u0301. Elles manifestent e\u0301galement leur volonte\u0301 d&rsquo;aller de l&rsquo;avant pour ame\u0301liorer leur situation injuste et faire face aux difficulte\u0301s quotidiennes qu&rsquo;elles endurent. Ces victimes de\u0301clarent avoir subi des tortures et des se\u0301questrations perpe\u0301tre\u0301es par les milices arme\u0301es Anti-Balaka et leur chef Maxime Jeoffroy Eli Mokom Gawaka lors des e\u0301ve\u0301nements de 2014 a\u0300 Bossangoa et du \u00ab\u00a0jeudi noir\u00a0\u00bb du 5 de\u0301cembre 2013.<\/p>\n<p><strong>Pour plus d&rsquo;informations et d&rsquo;analyses sur la <a href=\"https:\/\/www.africa-press.net\/tchad\">Tchad<\/a>, suivez <a href=\"https:\/\/www.africa-press.net\/\">Africa-Press<\/a><\/strong><\/p>\n","protected":false},"excerpt":{"rendered":"<p>Africa-Press &#8211; Tchad. Dans sa de\u0301claration, le coordinateur national, Mahamat Digadimbaye, a rappele\u0301 la de\u0301cision brutale et unilate\u0301rale du Procureur ge\u0301ne\u0301ral de la CPI de retirer les charges de confirmation, qui e\u0301taient a\u0300 un stade pre\u0301liminaire, contre Maxime Mokom. Cette de\u0301cision met provisoirement fin a\u0300 la proce\u0301dure. Les avocats, repre\u0301sentants le\u0301gaux des victimes dans l&rsquo;affaire [&hellip;]<\/p>\n","protected":false},"author":82,"featured_media":53129,"comment_status":"open","ping_status":"closed","sticky":false,"template":"","format":"standard","meta":{"footnotes":""},"categories":[2,20,10],"tags":[37,292,29],"class_list":["post-53130","post","type-post","status-publish","format-standard","has-post-thumbnail","hentry","category-politique","category-top-nouvelles","category-toutes-les-actualites","tag-africa-press","tag-africa-press-tchad","tag-tchad"],"yoast_head":"<!-- This site is optimized with the Yoast SEO Premium plugin v26.1 (Yoast SEO v27.0) - https:\/\/yoast.com\/product\/yoast-seo-premium-wordpress\/ -->\n<title>Proc\u00e8s \u00e0 la CPI : la CASCIDHO soutient les victimes de la guerre en RCA - tchad<\/title>\n<meta name=\"description\" content=\"Dans sa de\u0301claration, le coordinateur national, Mahamat Digadimbaye, a rappele\u0301 la de\u0301cision brutale et unilate\u0301rale du ...\" \/>\n<meta name=\"robots\" content=\"index, follow, max-snippet:-1, max-image-preview:large, max-video-preview:-1\" \/>\n<link rel=\"canonical\" href=\"https:\/\/www.africa-press.net\/tchad\/politique\/proces-a-la-cpi-la-cascidho-soutient-les-victimes-de-la-guerre-en-rca\" \/>\n<meta property=\"og:locale\" content=\"fr_FR\" \/>\n<meta property=\"og:type\" content=\"article\" \/>\n<meta property=\"og:title\" content=\"Proc\u00e8s \u00e0 la CPI : la CASCIDHO soutient les victimes de la guerre en RCA\" \/>\n<meta property=\"og:description\" content=\"Dans sa de\u0301claration, le coordinateur national, Mahamat Digadimbaye, a rappele\u0301 la de\u0301cision brutale et unilate\u0301rale du ...\" \/>\n<meta property=\"og:url\" content=\"https:\/\/www.africa-press.net\/tchad\/politique\/proces-a-la-cpi-la-cascidho-soutient-les-victimes-de-la-guerre-en-rca\" \/>\n<meta property=\"og:site_name\" content=\"tchad\" \/>\n<meta property=\"article:published_time\" content=\"2023-10-29T19:11:44+00:00\" \/>\n<meta property=\"article:modified_time\" content=\"2023-10-29T19:44:55+00:00\" \/>\n<meta property=\"og:image\" content=\"https:\/\/static.africa-press.net\/tchad\/sites\/41\/2023\/10\/sm_1698596045.514359.jpg\" \/>\n\t<meta property=\"og:image:width\" content=\"1024\" \/>\n\t<meta property=\"og:image:height\" content=\"544\" \/>\n\t<meta property=\"og:image:type\" content=\"image\/jpeg\" \/>\n<meta name=\"author\" content=\"cfeditorfr\" \/>\n<meta name=\"twitter:card\" content=\"summary_large_image\" \/>\n<meta name=\"twitter:label1\" content=\"\u00c9crit par\" \/>\n\t<meta name=\"twitter:data1\" content=\"cfeditorfr\" \/>\n\t<meta name=\"twitter:label2\" content=\"Dur\u00e9e de lecture estim\u00e9e\" \/>\n\t<meta name=\"twitter:data2\" content=\"4 minutes\" \/>\n<script type=\"application\/ld+json\" class=\"yoast-schema-graph\">{\"@context\":\"https:\/\/schema.org\",\"@graph\":[{\"@type\":\"Article\",\"@id\":\"https:\/\/www.africa-press.net\/tchad\/politique\/proces-a-la-cpi-la-cascidho-soutient-les-victimes-de-la-guerre-en-rca#article\",\"isPartOf\":{\"@id\":\"https:\/\/www.africa-press.net\/tchad\/politique\/proces-a-la-cpi-la-cascidho-soutient-les-victimes-de-la-guerre-en-rca\"},\"author\":{\"name\":\"cfeditorfr\",\"@id\":\"https:\/\/www.africa-press.net\/tchad\/#\/schema\/person\/2b1cf3cd81a31e3cd26889ca66d677f1\"},\"headline\":\"Proc\u00e8s \u00e0 la CPI : la CASCIDHO soutient les victimes de la guerre en RCA\",\"datePublished\":\"2023-10-29T19:11:44+00:00\",\"dateModified\":\"2023-10-29T19:44:55+00:00\",\"mainEntityOfPage\":{\"@id\":\"https:\/\/www.africa-press.net\/tchad\/politique\/proces-a-la-cpi-la-cascidho-soutient-les-victimes-de-la-guerre-en-rca\"},\"wordCount\":857,\"commentCount\":0,\"image\":{\"@id\":\"https:\/\/www.africa-press.net\/tchad\/politique\/proces-a-la-cpi-la-cascidho-soutient-les-victimes-de-la-guerre-en-rca#primaryimage\"},\"thumbnailUrl\":\"https:\/\/static.africa-press.net\/tchad\/sites\/41\/2023\/10\/sm_1698596045.514359.jpg\",\"keywords\":[\"Africa Press\",\"Africa Press-Tchad\",\"Tchad\"],\"articleSection\":[\"Politique\",\"Top Nouvelles\",\"Toutes les actualit\u00e9s\"],\"inLanguage\":\"fr-FR\",\"potentialAction\":[{\"@type\":\"CommentAction\",\"name\":\"Comment\",\"target\":[\"https:\/\/www.africa-press.net\/tchad\/politique\/proces-a-la-cpi-la-cascidho-soutient-les-victimes-de-la-guerre-en-rca#respond\"]}]},{\"@type\":\"WebPage\",\"@id\":\"https:\/\/www.africa-press.net\/tchad\/politique\/proces-a-la-cpi-la-cascidho-soutient-les-victimes-de-la-guerre-en-rca\",\"url\":\"https:\/\/www.africa-press.net\/tchad\/politique\/proces-a-la-cpi-la-cascidho-soutient-les-victimes-de-la-guerre-en-rca\",\"name\":\"Proc\u00e8s \u00e0 la CPI : la CASCIDHO soutient les victimes de la guerre en RCA - tchad\",\"isPartOf\":{\"@id\":\"https:\/\/www.africa-press.net\/tchad\/#website\"},\"primaryImageOfPage\":{\"@id\":\"https:\/\/www.africa-press.net\/tchad\/politique\/proces-a-la-cpi-la-cascidho-soutient-les-victimes-de-la-guerre-en-rca#primaryimage\"},\"image\":{\"@id\":\"https:\/\/www.africa-press.net\/tchad\/politique\/proces-a-la-cpi-la-cascidho-soutient-les-victimes-de-la-guerre-en-rca#primaryimage\"},\"thumbnailUrl\":\"https:\/\/static.africa-press.net\/tchad\/sites\/41\/2023\/10\/sm_1698596045.514359.jpg\",\"datePublished\":\"2023-10-29T19:11:44+00:00\",\"dateModified\":\"2023-10-29T19:44:55+00:00\",\"author\":{\"@id\":\"https:\/\/www.africa-press.net\/tchad\/#\/schema\/person\/2b1cf3cd81a31e3cd26889ca66d677f1\"},\"description\":\"Dans sa de\u0301claration, le coordinateur national, Mahamat Digadimbaye, a rappele\u0301 la de\u0301cision brutale et unilate\u0301rale du ...\",\"breadcrumb\":{\"@id\":\"https:\/\/www.africa-press.net\/tchad\/politique\/proces-a-la-cpi-la-cascidho-soutient-les-victimes-de-la-guerre-en-rca#breadcrumb\"},\"inLanguage\":\"fr-FR\",\"potentialAction\":[{\"@type\":\"ReadAction\",\"target\":[\"https:\/\/www.africa-press.net\/tchad\/politique\/proces-a-la-cpi-la-cascidho-soutient-les-victimes-de-la-guerre-en-rca\"]}]},{\"@type\":\"ImageObject\",\"inLanguage\":\"fr-FR\",\"@id\":\"https:\/\/www.africa-press.net\/tchad\/politique\/proces-a-la-cpi-la-cascidho-soutient-les-victimes-de-la-guerre-en-rca#primaryimage\",\"url\":\"https:\/\/static.africa-press.net\/tchad\/sites\/41\/2023\/10\/sm_1698596045.514359.jpg\",\"contentUrl\":\"https:\/\/static.africa-press.net\/tchad\/sites\/41\/2023\/10\/sm_1698596045.514359.jpg\",\"width\":1024,\"height\":544,\"caption\":\"Proc\u00e8s \u00e0 la CPI : la CASCIDHO soutient les victimes de la guerre en RCA\"},{\"@type\":\"BreadcrumbList\",\"@id\":\"https:\/\/www.africa-press.net\/tchad\/politique\/proces-a-la-cpi-la-cascidho-soutient-les-victimes-de-la-guerre-en-rca#breadcrumb\",\"itemListElement\":[{\"@type\":\"ListItem\",\"position\":1,\"name\":\"Accueil\",\"item\":\"https:\/\/www.africa-press.net\/tchad\/\"},{\"@type\":\"ListItem\",\"position\":2,\"name\":\"Proc\u00e8s \u00e0 la CPI : la CASCIDHO soutient les victimes de la guerre en RCA\"}]},{\"@type\":\"WebSite\",\"@id\":\"https:\/\/www.africa-press.net\/tchad\/#website\",\"url\":\"https:\/\/www.africa-press.net\/tchad\/\",\"name\":\"tchad\",\"description\":\"Just another Africa News Agency Sites site\",\"potentialAction\":[{\"@type\":\"SearchAction\",\"target\":{\"@type\":\"EntryPoint\",\"urlTemplate\":\"https:\/\/www.africa-press.net\/tchad\/?s={search_term_string}\"},\"query-input\":{\"@type\":\"PropertyValueSpecification\",\"valueRequired\":true,\"valueName\":\"search_term_string\"}}],\"inLanguage\":\"fr-FR\"},{\"@type\":\"Person\",\"@id\":\"https:\/\/www.africa-press.net\/tchad\/#\/schema\/person\/2b1cf3cd81a31e3cd26889ca66d677f1\",\"name\":\"cfeditorfr\"}]}<\/script>\n<!-- \/ Yoast SEO Premium plugin. -->","yoast_head_json":{"title":"Proc\u00e8s \u00e0 la CPI : la CASCIDHO soutient les victimes de la guerre en RCA - tchad","description":"Dans sa de\u0301claration, le coordinateur national, Mahamat Digadimbaye, a rappele\u0301 la de\u0301cision brutale et unilate\u0301rale du ...","robots":{"index":"index","follow":"follow","max-snippet":"max-snippet:-1","max-image-preview":"max-image-preview:large","max-video-preview":"max-video-preview:-1"},"canonical":"https:\/\/www.africa-press.net\/tchad\/politique\/proces-a-la-cpi-la-cascidho-soutient-les-victimes-de-la-guerre-en-rca","og_locale":"fr_FR","og_type":"article","og_title":"Proc\u00e8s \u00e0 la CPI : la CASCIDHO soutient les victimes de la guerre en RCA","og_description":"Dans sa de\u0301claration, le coordinateur national, Mahamat Digadimbaye, a rappele\u0301 la de\u0301cision brutale et unilate\u0301rale du ...","og_url":"https:\/\/www.africa-press.net\/tchad\/politique\/proces-a-la-cpi-la-cascidho-soutient-les-victimes-de-la-guerre-en-rca","og_site_name":"tchad","article_published_time":"2023-10-29T19:11:44+00:00","article_modified_time":"2023-10-29T19:44:55+00:00","og_image":[{"width":1024,"height":544,"url":"https:\/\/static.africa-press.net\/tchad\/sites\/41\/2023\/10\/sm_1698596045.514359.jpg","type":"image\/jpeg"}],"author":"cfeditorfr","twitter_card":"summary_large_image","twitter_misc":{"\u00c9crit par":"cfeditorfr","Dur\u00e9e de lecture estim\u00e9e":"4 minutes"},"schema":{"@context":"https:\/\/schema.org","@graph":[{"@type":"Article","@id":"https:\/\/www.africa-press.net\/tchad\/politique\/proces-a-la-cpi-la-cascidho-soutient-les-victimes-de-la-guerre-en-rca#article","isPartOf":{"@id":"https:\/\/www.africa-press.net\/tchad\/politique\/proces-a-la-cpi-la-cascidho-soutient-les-victimes-de-la-guerre-en-rca"},"author":{"name":"cfeditorfr","@id":"https:\/\/www.africa-press.net\/tchad\/#\/schema\/person\/2b1cf3cd81a31e3cd26889ca66d677f1"},"headline":"Proc\u00e8s \u00e0 la CPI : la CASCIDHO soutient les victimes de la guerre en RCA","datePublished":"2023-10-29T19:11:44+00:00","dateModified":"2023-10-29T19:44:55+00:00","mainEntityOfPage":{"@id":"https:\/\/www.africa-press.net\/tchad\/politique\/proces-a-la-cpi-la-cascidho-soutient-les-victimes-de-la-guerre-en-rca"},"wordCount":857,"commentCount":0,"image":{"@id":"https:\/\/www.africa-press.net\/tchad\/politique\/proces-a-la-cpi-la-cascidho-soutient-les-victimes-de-la-guerre-en-rca#primaryimage"},"thumbnailUrl":"https:\/\/static.africa-press.net\/tchad\/sites\/41\/2023\/10\/sm_1698596045.514359.jpg","keywords":["Africa Press","Africa Press-Tchad","Tchad"],"articleSection":["Politique","Top Nouvelles","Toutes les actualit\u00e9s"],"inLanguage":"fr-FR","potentialAction":[{"@type":"CommentAction","name":"Comment","target":["https:\/\/www.africa-press.net\/tchad\/politique\/proces-a-la-cpi-la-cascidho-soutient-les-victimes-de-la-guerre-en-rca#respond"]}]},{"@type":"WebPage","@id":"https:\/\/www.africa-press.net\/tchad\/politique\/proces-a-la-cpi-la-cascidho-soutient-les-victimes-de-la-guerre-en-rca","url":"https:\/\/www.africa-press.net\/tchad\/politique\/proces-a-la-cpi-la-cascidho-soutient-les-victimes-de-la-guerre-en-rca","name":"Proc\u00e8s \u00e0 la CPI : la CASCIDHO soutient les victimes de la guerre en RCA - tchad","isPartOf":{"@id":"https:\/\/www.africa-press.net\/tchad\/#website"},"primaryImageOfPage":{"@id":"https:\/\/www.africa-press.net\/tchad\/politique\/proces-a-la-cpi-la-cascidho-soutient-les-victimes-de-la-guerre-en-rca#primaryimage"},"image":{"@id":"https:\/\/www.africa-press.net\/tchad\/politique\/proces-a-la-cpi-la-cascidho-soutient-les-victimes-de-la-guerre-en-rca#primaryimage"},"thumbnailUrl":"https:\/\/static.africa-press.net\/tchad\/sites\/41\/2023\/10\/sm_1698596045.514359.jpg","datePublished":"2023-10-29T19:11:44+00:00","dateModified":"2023-10-29T19:44:55+00:00","author":{"@id":"https:\/\/www.africa-press.net\/tchad\/#\/schema\/person\/2b1cf3cd81a31e3cd26889ca66d677f1"},"description":"Dans sa de\u0301claration, le coordinateur national, Mahamat Digadimbaye, a rappele\u0301 la de\u0301cision brutale et unilate\u0301rale du ...","breadcrumb":{"@id":"https:\/\/www.africa-press.net\/tchad\/politique\/proces-a-la-cpi-la-cascidho-soutient-les-victimes-de-la-guerre-en-rca#breadcrumb"},"inLanguage":"fr-FR","potentialAction":[{"@type":"ReadAction","target":["https:\/\/www.africa-press.net\/tchad\/politique\/proces-a-la-cpi-la-cascidho-soutient-les-victimes-de-la-guerre-en-rca"]}]},{"@type":"ImageObject","inLanguage":"fr-FR","@id":"https:\/\/www.africa-press.net\/tchad\/politique\/proces-a-la-cpi-la-cascidho-soutient-les-victimes-de-la-guerre-en-rca#primaryimage","url":"https:\/\/static.africa-press.net\/tchad\/sites\/41\/2023\/10\/sm_1698596045.514359.jpg","contentUrl":"https:\/\/static.africa-press.net\/tchad\/sites\/41\/2023\/10\/sm_1698596045.514359.jpg","width":1024,"height":544,"caption":"Proc\u00e8s \u00e0 la CPI : la CASCIDHO soutient les victimes de la guerre en RCA"},{"@type":"BreadcrumbList","@id":"https:\/\/www.africa-press.net\/tchad\/politique\/proces-a-la-cpi-la-cascidho-soutient-les-victimes-de-la-guerre-en-rca#breadcrumb","itemListElement":[{"@type":"ListItem","position":1,"name":"Accueil","item":"https:\/\/www.africa-press.net\/tchad\/"},{"@type":"ListItem","position":2,"name":"Proc\u00e8s \u00e0 la CPI : la CASCIDHO soutient les victimes de la guerre en RCA"}]},{"@type":"WebSite","@id":"https:\/\/www.africa-press.net\/tchad\/#website","url":"https:\/\/www.africa-press.net\/tchad\/","name":"tchad","description":"Just another Africa News Agency Sites site","potentialAction":[{"@type":"SearchAction","target":{"@type":"EntryPoint","urlTemplate":"https:\/\/www.africa-press.net\/tchad\/?s={search_term_string}"},"query-input":{"@type":"PropertyValueSpecification","valueRequired":true,"valueName":"search_term_string"}}],"inLanguage":"fr-FR"},{"@type":"Person","@id":"https:\/\/www.africa-press.net\/tchad\/#\/schema\/person\/2b1cf3cd81a31e3cd26889ca66d677f1","name":"cfeditorfr"}]}},"_links":{"self":[{"href":"https:\/\/www.africa-press.net\/tchad\/wp-json\/wp\/v2\/posts\/53130","targetHints":{"allow":["GET"]}}],"collection":[{"href":"https:\/\/www.africa-press.net\/tchad\/wp-json\/wp\/v2\/posts"}],"about":[{"href":"https:\/\/www.africa-press.net\/tchad\/wp-json\/wp\/v2\/types\/post"}],"author":[{"embeddable":true,"href":"https:\/\/www.africa-press.net\/tchad\/wp-json\/wp\/v2\/users\/82"}],"replies":[{"embeddable":true,"href":"https:\/\/www.africa-press.net\/tchad\/wp-json\/wp\/v2\/comments?post=53130"}],"version-history":[{"count":0,"href":"https:\/\/www.africa-press.net\/tchad\/wp-json\/wp\/v2\/posts\/53130\/revisions"}],"wp:featuredmedia":[{"embeddable":true,"href":"https:\/\/www.africa-press.net\/tchad\/wp-json\/wp\/v2\/media\/53129"}],"wp:attachment":[{"href":"https:\/\/www.africa-press.net\/tchad\/wp-json\/wp\/v2\/media?parent=53130"}],"wp:term":[{"taxonomy":"category","embeddable":true,"href":"https:\/\/www.africa-press.net\/tchad\/wp-json\/wp\/v2\/categories?post=53130"},{"taxonomy":"post_tag","embeddable":true,"href":"https:\/\/www.africa-press.net\/tchad\/wp-json\/wp\/v2\/tags?post=53130"}],"curies":[{"name":"wp","href":"https:\/\/api.w.org\/{rel}","templated":true}]}}