{"id":53133,"date":"2023-10-29T19:14:03","date_gmt":"2023-10-29T19:14:03","guid":{"rendered":"https:\/\/www.africa-press.net\/tchad\/politique\/organisation-de-la-coupe-du-monde-2030-le-maroc-le-portugal-et-lespagne-se-concertent"},"modified":"2023-10-29T19:49:09","modified_gmt":"2023-10-29T19:49:09","slug":"organisation-de-la-coupe-du-monde-2030-le-maroc-le-portugal-et-lespagne-se-concertent","status":"publish","type":"post","link":"https:\/\/www.africa-press.net\/tchad\/sports\/organisation-de-la-coupe-du-monde-2030-le-maroc-le-portugal-et-lespagne-se-concertent","title":{"rendered":"Organisation de la Coupe du Monde 2030 : Le Maroc, le Portugal et l&rsquo;Espagne se concertent"},"content":{"rendered":"<p><b>Obissa Juste Mien<\/b><\/p>\n<p>&nbsp;<\/p>\n<p><span style=\"color: #ff6600\"><strong>Africa-Press &#8211; Tchad. <\/strong><\/span>Les pre\u0301sidents des fe\u0301de\u0301rations de football du Maroc, du Portugal et de l\u2019Espagne se sont re\u0301unis, samedi, pour signer une lettre confirmant leur inte\u0301re\u0302t pour la candidature a\u0300 la Coupe du Monde de la FIFA 2030 et pour partager leur vision du tournoi avec le monde, indique un communique\u0301 conjoint publie\u0301 par la Federation Royale marocaine de football (FRMF).<\/p>\n<p>Le processus de candidature e\u0301tant officiellement lance\u0301 par la FIFA, les pre\u0301sidents des trois fe\u0301de\u0301rations ont confirme\u0301 lors de cette rencontre leur inte\u0301re\u0302t pour la candidature, peut-on lire dans le communique\u0301 conjoint publie\u0301 a\u0300 l\u2019issue de cette re\u0301union qui s\u2019est tenue au Complexe Mohammed VI de football a\u0300 Sale\u0301.<\/p>\n<p>Selon la me\u0302me source, Fouzi Lekjaa, pre\u0301sident de la FRMF, Fernando Gomes, pre\u0301sident de la Fe\u0301de\u0301ration portugaise de football (FPF) et Pedro Rocha, pre\u0301sident de la Fe\u0301de\u0301ration royale espagnole de football (FREF), ont indique\u0301 que leur vision commune est axe\u0301e sur le renforcement de l\u2019he\u0301ritage de la Coupe du Monde de la FIFA et le de\u0301veloppement du football pour plus d\u2019impact dans le monde entier.<\/p>\n<p>Cent ans apre\u0300s la premie\u0300re Coupe du Monde de la FIFA, les trois pays souhaitent tirer parti de leur patrimoine footballistique \u00ab\u00a0unique\u00a0\u00bb, de leurs traditions vivantes et de mille ans de cultures entreme\u0302le\u0301es et d\u2019histoire commune pour organiser un tournoi inclusif, innovant et durable, dans un ve\u0301ritable esprit de ce\u0301le\u0301bration. Pour y parvenir, la Coupe du Monde 2030 sera organise\u0301e comme un tournoi accessible et axe\u0301 sur les supporters, ce qui profitera a\u0300 l\u2019ensemble de l\u2019e\u0301cosyste\u0300me du football.<\/p>\n<p>\u00ab\u00a0La Coupe du Monde de la FIFA 2030 au Maroc, au Portugal et en Espagne sera la premie\u0300re Coupe du Monde masculine organise\u0301e sur deux continents et sera une aubaine pour renforcer les liens entre l\u2019Europe, l\u2019Afrique et le reste du monde\u00a0\u00bb, ajoute la me\u0302me source, indiquant que la Coupe du Monde intercontinentale sera donc l\u2019occasion de mettre en valeur la diversite\u0301 du football, de favoriser la collaboration entre les nations et de laisser un he\u0301ritage social fort dans les trois pays, mais aussi dans le monde entier.<\/p>\n<p>\u00a0\u00bb C\u2019est une Coupe du Monde qui nous aidera a\u0300 unir davantage nos civilisations communes e\u0301tablies il y a plus de dix sie\u0300cles. Les trois pays partagent une histoire commune, un pre\u0301sent commun et se tournent vers un avenir commun \u00bb, a affirme\u0301 M. Lekjaa de la FRMF et d\u2019ajouter que \u00a0\u00bb tout cela de\u0301montre, depuis les deux rives de la Me\u0301diterrane\u0301e, que le succe\u0300s collectif est possible et que la prospe\u0301rite\u0301 peut avoir une perspective partage\u0301e et collective \u00ab\u00a0.<\/p>\n<p>M. Gomes de la FPF est revenu, lui, sur l\u2019ambition que repre\u0301sente l\u2019organisation de la Coupe du Monde de la FIFA 2030 et la trace que les trois pays veulent laisser, notant que \u00a0\u00bb c\u2019est un moment historique car il marque le de\u0301but officiel de notre processus avec la FIFA pour pouvoir organiser la Coupe du Monde de la FIFA en 2030 \u00ab\u00a0.<\/p>\n<p>\u00ab\u00a0C\u2019est un grand moment pour nous, hautement symbolique puisqu\u2019il s\u2019agit du centenaire de la premie\u0300re e\u0301dition du tournoi. Mais, 2030 sera bien plus qu\u2019une ce\u0301le\u0301bration du passe\u0301\u00a0\u00bb , a-t-il poursuivi.<\/p>\n<p>Il a soutenu que gra\u0302ce a\u0300 l\u2019ambition et a\u0300 la compe\u0301tence des trois fe\u0301de\u0301rations, ils pensent que ce tournoi marquera un changement de paradigme dans la manie\u0300re dont les grands e\u0301ve\u0301nements seront organise\u0301s a\u0300 l\u2019avenir.<\/p>\n<p>S\u2019agissant des stades des trois pays qui seront inclus dans la candidature finale, les trois pre\u0301sidents ont estime\u0301 qu\u2019il e\u0301tait pre\u0301mature\u0301 a\u0300 ce stade de prendre des de\u0301cisions a\u0300 ce sujet, car les e\u0301tudes et le travail d\u2019e\u0301valuation des e\u0301quipes techniques sont en cours.<\/p>\n<p>La prochaine e\u0301tape de la proce\u0301dure de candidature de la FIFA pour la Coupe du Monde 2030 consistera pour les trois fe\u0301de\u0301rations a\u0300 soumettre les accords de candidature a\u0300 la FIFA a\u0300 la fin du mois de novembre 2023.<\/p>\n<p><strong>Pour plus d&rsquo;informations et d&rsquo;analyses sur la <a href=\"https:\/\/www.africa-press.net\/tchad\">Tchad<\/a>, suivez <a href=\"https:\/\/www.africa-press.net\/\">Africa-Press<\/a><\/strong><\/p>\n","protected":false},"excerpt":{"rendered":"<p>Obissa Juste Mien &nbsp; Africa-Press &#8211; Tchad. Les pre\u0301sidents des fe\u0301de\u0301rations de football du Maroc, du Portugal et de l\u2019Espagne se sont re\u0301unis, samedi, pour signer une lettre confirmant leur inte\u0301re\u0302t pour la candidature a\u0300 la Coupe du Monde de la FIFA 2030 et pour partager leur vision du tournoi avec le monde, indique un [&hellip;]<\/p>\n","protected":false},"author":82,"featured_media":53132,"comment_status":"open","ping_status":"closed","sticky":false,"template":"","format":"standard","meta":{"footnotes":""},"categories":[6,10],"tags":[37,292,29],"class_list":["post-53133","post","type-post","status-publish","format-standard","has-post-thumbnail","hentry","category-sports","category-toutes-les-actualites","tag-africa-press","tag-africa-press-tchad","tag-tchad"],"yoast_head":"<!-- This site is optimized with the Yoast SEO Premium plugin v26.1 (Yoast SEO v27.0) - https:\/\/yoast.com\/product\/yoast-seo-premium-wordpress\/ -->\n<title>Organisation de la Coupe du Monde 2030 : Le Maroc, le Portugal et l&#039;Espagne se concertent - tchad<\/title>\n<meta name=\"description\" content=\"Les pre\u0301sidents des fe\u0301de\u0301rations de football du Maroc, du Portugal et de l\u2019Espagne se sont re\u0301unis, samedi, pour signer ...\" \/>\n<meta name=\"robots\" content=\"index, follow, max-snippet:-1, max-image-preview:large, max-video-preview:-1\" \/>\n<link rel=\"canonical\" href=\"https:\/\/www.africa-press.net\/tchad\/sports\/organisation-de-la-coupe-du-monde-2030-le-maroc-le-portugal-et-lespagne-se-concertent\" \/>\n<meta property=\"og:locale\" content=\"fr_FR\" \/>\n<meta property=\"og:type\" content=\"article\" \/>\n<meta property=\"og:title\" content=\"Organisation de la Coupe du Monde 2030 : Le Maroc, le Portugal et l&#039;Espagne se concertent\" \/>\n<meta property=\"og:description\" content=\"Les pre\u0301sidents des fe\u0301de\u0301rations de football du Maroc, du Portugal et de l\u2019Espagne se sont re\u0301unis, samedi, pour signer ...\" \/>\n<meta property=\"og:url\" content=\"https:\/\/www.africa-press.net\/tchad\/sports\/organisation-de-la-coupe-du-monde-2030-le-maroc-le-portugal-et-lespagne-se-concertent\" \/>\n<meta property=\"og:site_name\" content=\"tchad\" \/>\n<meta property=\"article:published_time\" content=\"2023-10-29T19:14:03+00:00\" \/>\n<meta property=\"article:modified_time\" content=\"2023-10-29T19:49:09+00:00\" \/>\n<meta property=\"og:image\" content=\"https:\/\/static.africa-press.net\/tchad\/sites\/41\/2023\/10\/sm_1698596243.482156.jpg\" \/>\n\t<meta property=\"og:image:width\" content=\"720\" \/>\n\t<meta property=\"og:image:height\" content=\"378\" \/>\n\t<meta property=\"og:image:type\" content=\"image\/jpeg\" \/>\n<meta name=\"author\" content=\"cfeditorfr\" \/>\n<meta name=\"twitter:card\" content=\"summary_large_image\" \/>\n<meta name=\"twitter:label1\" content=\"\u00c9crit par\" \/>\n\t<meta name=\"twitter:data1\" content=\"cfeditorfr\" \/>\n\t<meta name=\"twitter:label2\" content=\"Dur\u00e9e de lecture estim\u00e9e\" \/>\n\t<meta name=\"twitter:data2\" content=\"4 minutes\" \/>\n<script type=\"application\/ld+json\" class=\"yoast-schema-graph\">{\"@context\":\"https:\/\/schema.org\",\"@graph\":[{\"@type\":\"Article\",\"@id\":\"https:\/\/www.africa-press.net\/tchad\/sports\/organisation-de-la-coupe-du-monde-2030-le-maroc-le-portugal-et-lespagne-se-concertent#article\",\"isPartOf\":{\"@id\":\"https:\/\/www.africa-press.net\/tchad\/sports\/organisation-de-la-coupe-du-monde-2030-le-maroc-le-portugal-et-lespagne-se-concertent\"},\"author\":{\"name\":\"cfeditorfr\",\"@id\":\"https:\/\/www.africa-press.net\/tchad\/#\/schema\/person\/2b1cf3cd81a31e3cd26889ca66d677f1\"},\"headline\":\"Organisation de la Coupe du Monde 2030 : Le Maroc, le Portugal et l&rsquo;Espagne se concertent\",\"datePublished\":\"2023-10-29T19:14:03+00:00\",\"dateModified\":\"2023-10-29T19:49:09+00:00\",\"mainEntityOfPage\":{\"@id\":\"https:\/\/www.africa-press.net\/tchad\/sports\/organisation-de-la-coupe-du-monde-2030-le-maroc-le-portugal-et-lespagne-se-concertent\"},\"wordCount\":746,\"commentCount\":0,\"image\":{\"@id\":\"https:\/\/www.africa-press.net\/tchad\/sports\/organisation-de-la-coupe-du-monde-2030-le-maroc-le-portugal-et-lespagne-se-concertent#primaryimage\"},\"thumbnailUrl\":\"https:\/\/static.africa-press.net\/tchad\/sites\/41\/2023\/10\/sm_1698596243.482156.jpg\",\"keywords\":[\"Africa Press\",\"Africa Press-Tchad\",\"Tchad\"],\"articleSection\":[\"Sports\",\"Toutes les actualit\u00e9s\"],\"inLanguage\":\"fr-FR\",\"potentialAction\":[{\"@type\":\"CommentAction\",\"name\":\"Comment\",\"target\":[\"https:\/\/www.africa-press.net\/tchad\/sports\/organisation-de-la-coupe-du-monde-2030-le-maroc-le-portugal-et-lespagne-se-concertent#respond\"]}]},{\"@type\":\"WebPage\",\"@id\":\"https:\/\/www.africa-press.net\/tchad\/sports\/organisation-de-la-coupe-du-monde-2030-le-maroc-le-portugal-et-lespagne-se-concertent\",\"url\":\"https:\/\/www.africa-press.net\/tchad\/sports\/organisation-de-la-coupe-du-monde-2030-le-maroc-le-portugal-et-lespagne-se-concertent\",\"name\":\"Organisation de la Coupe du Monde 2030 : Le Maroc, le Portugal et l'Espagne se concertent - tchad\",\"isPartOf\":{\"@id\":\"https:\/\/www.africa-press.net\/tchad\/#website\"},\"primaryImageOfPage\":{\"@id\":\"https:\/\/www.africa-press.net\/tchad\/sports\/organisation-de-la-coupe-du-monde-2030-le-maroc-le-portugal-et-lespagne-se-concertent#primaryimage\"},\"image\":{\"@id\":\"https:\/\/www.africa-press.net\/tchad\/sports\/organisation-de-la-coupe-du-monde-2030-le-maroc-le-portugal-et-lespagne-se-concertent#primaryimage\"},\"thumbnailUrl\":\"https:\/\/static.africa-press.net\/tchad\/sites\/41\/2023\/10\/sm_1698596243.482156.jpg\",\"datePublished\":\"2023-10-29T19:14:03+00:00\",\"dateModified\":\"2023-10-29T19:49:09+00:00\",\"author\":{\"@id\":\"https:\/\/www.africa-press.net\/tchad\/#\/schema\/person\/2b1cf3cd81a31e3cd26889ca66d677f1\"},\"description\":\"Les pre\u0301sidents des fe\u0301de\u0301rations de football du Maroc, du Portugal et de l\u2019Espagne se sont re\u0301unis, samedi, pour signer ...\",\"breadcrumb\":{\"@id\":\"https:\/\/www.africa-press.net\/tchad\/sports\/organisation-de-la-coupe-du-monde-2030-le-maroc-le-portugal-et-lespagne-se-concertent#breadcrumb\"},\"inLanguage\":\"fr-FR\",\"potentialAction\":[{\"@type\":\"ReadAction\",\"target\":[\"https:\/\/www.africa-press.net\/tchad\/sports\/organisation-de-la-coupe-du-monde-2030-le-maroc-le-portugal-et-lespagne-se-concertent\"]}]},{\"@type\":\"ImageObject\",\"inLanguage\":\"fr-FR\",\"@id\":\"https:\/\/www.africa-press.net\/tchad\/sports\/organisation-de-la-coupe-du-monde-2030-le-maroc-le-portugal-et-lespagne-se-concertent#primaryimage\",\"url\":\"https:\/\/static.africa-press.net\/tchad\/sites\/41\/2023\/10\/sm_1698596243.482156.jpg\",\"contentUrl\":\"https:\/\/static.africa-press.net\/tchad\/sites\/41\/2023\/10\/sm_1698596243.482156.jpg\",\"width\":720,\"height\":378,\"caption\":\"Organisation de la Coupe du Monde 2030 : Le Maroc, le Portugal et l'Espagne se concertent\"},{\"@type\":\"BreadcrumbList\",\"@id\":\"https:\/\/www.africa-press.net\/tchad\/sports\/organisation-de-la-coupe-du-monde-2030-le-maroc-le-portugal-et-lespagne-se-concertent#breadcrumb\",\"itemListElement\":[{\"@type\":\"ListItem\",\"position\":1,\"name\":\"Accueil\",\"item\":\"https:\/\/www.africa-press.net\/tchad\/\"},{\"@type\":\"ListItem\",\"position\":2,\"name\":\"Organisation de la Coupe du Monde 2030 : Le Maroc, le Portugal et l&#8217;Espagne se concertent\"}]},{\"@type\":\"WebSite\",\"@id\":\"https:\/\/www.africa-press.net\/tchad\/#website\",\"url\":\"https:\/\/www.africa-press.net\/tchad\/\",\"name\":\"tchad\",\"description\":\"Just another Africa News Agency Sites site\",\"potentialAction\":[{\"@type\":\"SearchAction\",\"target\":{\"@type\":\"EntryPoint\",\"urlTemplate\":\"https:\/\/www.africa-press.net\/tchad\/?s={search_term_string}\"},\"query-input\":{\"@type\":\"PropertyValueSpecification\",\"valueRequired\":true,\"valueName\":\"search_term_string\"}}],\"inLanguage\":\"fr-FR\"},{\"@type\":\"Person\",\"@id\":\"https:\/\/www.africa-press.net\/tchad\/#\/schema\/person\/2b1cf3cd81a31e3cd26889ca66d677f1\",\"name\":\"cfeditorfr\"}]}<\/script>\n<!-- \/ Yoast SEO Premium plugin. -->","yoast_head_json":{"title":"Organisation de la Coupe du Monde 2030 : Le Maroc, le Portugal et l'Espagne se concertent - tchad","description":"Les pre\u0301sidents des fe\u0301de\u0301rations de football du Maroc, du Portugal et de l\u2019Espagne se sont re\u0301unis, samedi, pour signer ...","robots":{"index":"index","follow":"follow","max-snippet":"max-snippet:-1","max-image-preview":"max-image-preview:large","max-video-preview":"max-video-preview:-1"},"canonical":"https:\/\/www.africa-press.net\/tchad\/sports\/organisation-de-la-coupe-du-monde-2030-le-maroc-le-portugal-et-lespagne-se-concertent","og_locale":"fr_FR","og_type":"article","og_title":"Organisation de la Coupe du Monde 2030 : Le Maroc, le Portugal et l'Espagne se concertent","og_description":"Les pre\u0301sidents des fe\u0301de\u0301rations de football du Maroc, du Portugal et de l\u2019Espagne se sont re\u0301unis, samedi, pour signer ...","og_url":"https:\/\/www.africa-press.net\/tchad\/sports\/organisation-de-la-coupe-du-monde-2030-le-maroc-le-portugal-et-lespagne-se-concertent","og_site_name":"tchad","article_published_time":"2023-10-29T19:14:03+00:00","article_modified_time":"2023-10-29T19:49:09+00:00","og_image":[{"width":720,"height":378,"url":"https:\/\/static.africa-press.net\/tchad\/sites\/41\/2023\/10\/sm_1698596243.482156.jpg","type":"image\/jpeg"}],"author":"cfeditorfr","twitter_card":"summary_large_image","twitter_misc":{"\u00c9crit par":"cfeditorfr","Dur\u00e9e de lecture estim\u00e9e":"4 minutes"},"schema":{"@context":"https:\/\/schema.org","@graph":[{"@type":"Article","@id":"https:\/\/www.africa-press.net\/tchad\/sports\/organisation-de-la-coupe-du-monde-2030-le-maroc-le-portugal-et-lespagne-se-concertent#article","isPartOf":{"@id":"https:\/\/www.africa-press.net\/tchad\/sports\/organisation-de-la-coupe-du-monde-2030-le-maroc-le-portugal-et-lespagne-se-concertent"},"author":{"name":"cfeditorfr","@id":"https:\/\/www.africa-press.net\/tchad\/#\/schema\/person\/2b1cf3cd81a31e3cd26889ca66d677f1"},"headline":"Organisation de la Coupe du Monde 2030 : Le Maroc, le Portugal et l&rsquo;Espagne se concertent","datePublished":"2023-10-29T19:14:03+00:00","dateModified":"2023-10-29T19:49:09+00:00","mainEntityOfPage":{"@id":"https:\/\/www.africa-press.net\/tchad\/sports\/organisation-de-la-coupe-du-monde-2030-le-maroc-le-portugal-et-lespagne-se-concertent"},"wordCount":746,"commentCount":0,"image":{"@id":"https:\/\/www.africa-press.net\/tchad\/sports\/organisation-de-la-coupe-du-monde-2030-le-maroc-le-portugal-et-lespagne-se-concertent#primaryimage"},"thumbnailUrl":"https:\/\/static.africa-press.net\/tchad\/sites\/41\/2023\/10\/sm_1698596243.482156.jpg","keywords":["Africa Press","Africa Press-Tchad","Tchad"],"articleSection":["Sports","Toutes les actualit\u00e9s"],"inLanguage":"fr-FR","potentialAction":[{"@type":"CommentAction","name":"Comment","target":["https:\/\/www.africa-press.net\/tchad\/sports\/organisation-de-la-coupe-du-monde-2030-le-maroc-le-portugal-et-lespagne-se-concertent#respond"]}]},{"@type":"WebPage","@id":"https:\/\/www.africa-press.net\/tchad\/sports\/organisation-de-la-coupe-du-monde-2030-le-maroc-le-portugal-et-lespagne-se-concertent","url":"https:\/\/www.africa-press.net\/tchad\/sports\/organisation-de-la-coupe-du-monde-2030-le-maroc-le-portugal-et-lespagne-se-concertent","name":"Organisation de la Coupe du Monde 2030 : Le Maroc, le Portugal et l'Espagne se concertent - tchad","isPartOf":{"@id":"https:\/\/www.africa-press.net\/tchad\/#website"},"primaryImageOfPage":{"@id":"https:\/\/www.africa-press.net\/tchad\/sports\/organisation-de-la-coupe-du-monde-2030-le-maroc-le-portugal-et-lespagne-se-concertent#primaryimage"},"image":{"@id":"https:\/\/www.africa-press.net\/tchad\/sports\/organisation-de-la-coupe-du-monde-2030-le-maroc-le-portugal-et-lespagne-se-concertent#primaryimage"},"thumbnailUrl":"https:\/\/static.africa-press.net\/tchad\/sites\/41\/2023\/10\/sm_1698596243.482156.jpg","datePublished":"2023-10-29T19:14:03+00:00","dateModified":"2023-10-29T19:49:09+00:00","author":{"@id":"https:\/\/www.africa-press.net\/tchad\/#\/schema\/person\/2b1cf3cd81a31e3cd26889ca66d677f1"},"description":"Les pre\u0301sidents des fe\u0301de\u0301rations de football du Maroc, du Portugal et de l\u2019Espagne se sont re\u0301unis, samedi, pour signer ...","breadcrumb":{"@id":"https:\/\/www.africa-press.net\/tchad\/sports\/organisation-de-la-coupe-du-monde-2030-le-maroc-le-portugal-et-lespagne-se-concertent#breadcrumb"},"inLanguage":"fr-FR","potentialAction":[{"@type":"ReadAction","target":["https:\/\/www.africa-press.net\/tchad\/sports\/organisation-de-la-coupe-du-monde-2030-le-maroc-le-portugal-et-lespagne-se-concertent"]}]},{"@type":"ImageObject","inLanguage":"fr-FR","@id":"https:\/\/www.africa-press.net\/tchad\/sports\/organisation-de-la-coupe-du-monde-2030-le-maroc-le-portugal-et-lespagne-se-concertent#primaryimage","url":"https:\/\/static.africa-press.net\/tchad\/sites\/41\/2023\/10\/sm_1698596243.482156.jpg","contentUrl":"https:\/\/static.africa-press.net\/tchad\/sites\/41\/2023\/10\/sm_1698596243.482156.jpg","width":720,"height":378,"caption":"Organisation de la Coupe du Monde 2030 : Le Maroc, le Portugal et l'Espagne se concertent"},{"@type":"BreadcrumbList","@id":"https:\/\/www.africa-press.net\/tchad\/sports\/organisation-de-la-coupe-du-monde-2030-le-maroc-le-portugal-et-lespagne-se-concertent#breadcrumb","itemListElement":[{"@type":"ListItem","position":1,"name":"Accueil","item":"https:\/\/www.africa-press.net\/tchad\/"},{"@type":"ListItem","position":2,"name":"Organisation de la Coupe du Monde 2030 : Le Maroc, le Portugal et l&#8217;Espagne se concertent"}]},{"@type":"WebSite","@id":"https:\/\/www.africa-press.net\/tchad\/#website","url":"https:\/\/www.africa-press.net\/tchad\/","name":"tchad","description":"Just another Africa News Agency Sites site","potentialAction":[{"@type":"SearchAction","target":{"@type":"EntryPoint","urlTemplate":"https:\/\/www.africa-press.net\/tchad\/?s={search_term_string}"},"query-input":{"@type":"PropertyValueSpecification","valueRequired":true,"valueName":"search_term_string"}}],"inLanguage":"fr-FR"},{"@type":"Person","@id":"https:\/\/www.africa-press.net\/tchad\/#\/schema\/person\/2b1cf3cd81a31e3cd26889ca66d677f1","name":"cfeditorfr"}]}},"_links":{"self":[{"href":"https:\/\/www.africa-press.net\/tchad\/wp-json\/wp\/v2\/posts\/53133","targetHints":{"allow":["GET"]}}],"collection":[{"href":"https:\/\/www.africa-press.net\/tchad\/wp-json\/wp\/v2\/posts"}],"about":[{"href":"https:\/\/www.africa-press.net\/tchad\/wp-json\/wp\/v2\/types\/post"}],"author":[{"embeddable":true,"href":"https:\/\/www.africa-press.net\/tchad\/wp-json\/wp\/v2\/users\/82"}],"replies":[{"embeddable":true,"href":"https:\/\/www.africa-press.net\/tchad\/wp-json\/wp\/v2\/comments?post=53133"}],"version-history":[{"count":0,"href":"https:\/\/www.africa-press.net\/tchad\/wp-json\/wp\/v2\/posts\/53133\/revisions"}],"wp:featuredmedia":[{"embeddable":true,"href":"https:\/\/www.africa-press.net\/tchad\/wp-json\/wp\/v2\/media\/53132"}],"wp:attachment":[{"href":"https:\/\/www.africa-press.net\/tchad\/wp-json\/wp\/v2\/media?parent=53133"}],"wp:term":[{"taxonomy":"category","embeddable":true,"href":"https:\/\/www.africa-press.net\/tchad\/wp-json\/wp\/v2\/categories?post=53133"},{"taxonomy":"post_tag","embeddable":true,"href":"https:\/\/www.africa-press.net\/tchad\/wp-json\/wp\/v2\/tags?post=53133"}],"curies":[{"name":"wp","href":"https:\/\/api.w.org\/{rel}","templated":true}]}}