{"id":53171,"date":"2023-10-30T17:19:38","date_gmt":"2023-10-30T17:19:38","guid":{"rendered":"https:\/\/www.africa-press.net\/tchad\/politique\/retrait-de-la-minusma-du-mali-les-troupes-tchadiennes-sont-arrivees-a-gao-dimanche"},"modified":"2023-10-30T17:42:52","modified_gmt":"2023-10-30T17:42:52","slug":"retrait-de-la-minusma-du-mali-les-troupes-tchadiennes-sont-arrivees-a-gao-dimanche","status":"publish","type":"post","link":"https:\/\/www.africa-press.net\/tchad\/politique\/retrait-de-la-minusma-du-mali-les-troupes-tchadiennes-sont-arrivees-a-gao-dimanche","title":{"rendered":"Retrait de  la Minusma du Mali : Les troupes tchadiennes sont arriv\u00e9es \u00e0 Gao dimanche"},"content":{"rendered":"<p><span style=\"color: #ff6600\"><strong>Africa-Press &#8211; Tchad. <\/strong><\/span>Arrive\u0301e hier (dimanche 29 octobre 2023, Ndlr) a\u0300 Gao du convoi de casques bleus tchadiens qui ont quitte\u0301 Tessalit et Aguelhok les 21 et 23 octobre \u00bb 2023, a annonce\u0301 ce lundi 30 octobre, la Mission de l\u2019OUN Mali.<\/p>\n<p>\u00ab Ils ont parcouru des centaines de km dans des conditions dangereuses. Nous saluons leur re\u0301silience &amp; les efforts de\u0301ploye\u0301s en 10 ans de pre\u0301sence dans ces 2 localite\u0301s \u00bb, a souligne\u0301 la Mission.<\/p>\n<p>Dans le cadre de la Mission multidimensionnelle inte\u0301gre\u0301e des Nations Unies pour la stabilisation au Mali (MINUSMA), les Tchadiens se sont &lsquo;efforce\u0301s quotidiennement de sauver des vies dans l&rsquo;une des ope\u0301rations de maintien de la paix les plus dangereuses au monde. Quarante-sept Tchadiens ont e\u0301te\u0301 tue\u0301s au Mali ces dernie\u0300res anne\u0301es selon l\u2019ONU.<\/p>\n<p>Les troupes tchadiennes au Mali prote\u0301geaient les convois dans les re\u0301gions les plus dangereuses contro\u0302le\u0301es par des groupes terroristes.<\/p>\n<p>Le Tchad est l&rsquo;un des 20 plus grands contributeurs de personnel en uniforme aux ope\u0301rations de maintien de la paix des Nations Unies, avec plus de 1.400 soldats et policiers de\u0301ploye\u0301s dans trois missions a\u0300 travers le monde : Mali, Re\u0301publique de\u0301mocratique du Congo et Hai\u0308ti. Sur la photo, un soldat de la paix tchadien en patrouille dans le nord du Mali.<\/p>\n\r\n                <style type=\"text\/css\">\r\n                    \r\n                    #td_uid_1_69f1575847a69  .td-doubleSlider-2 .td-item1 {\r\n                        background: url(https:\/\/static.africa-press.net\/tchad\/sites\/41\/2023\/10\/sm_1698675110.358699-80x60.jpg) 0 0 no-repeat;\r\n                    }\r\n                    #td_uid_1_69f1575847a69  .td-doubleSlider-2 .td-item2 {\r\n                        background: url(https:\/\/static.africa-press.net\/tchad\/sites\/41\/2023\/10\/sm_1698675120.786828-80x60.jpg) 0 0 no-repeat;\r\n                    }\r\n                    #td_uid_1_69f1575847a69  .td-doubleSlider-2 .td-item3 {\r\n                        background: url(https:\/\/static.africa-press.net\/tchad\/sites\/41\/2023\/10\/sm_1698675131.480199-80x60.jpg) 0 0 no-repeat;\r\n                    }\r\n                <\/style>\r\n\r\n                <div id=\"td_uid_1_69f1575847a69\" class=\"td-gallery td-slide-on-2-columns\">\r\n                    <div class=\"post_td_gallery\">\r\n                        <div class=\"td-gallery-slide-top\">\r\n                           <div class=\"td-gallery-title\"><\/div>\r\n\r\n                            <div class=\"td-gallery-controls-wrapper\">\r\n                                <div class=\"td-gallery-slide-count\"><span class=\"td-gallery-slide-item-focus\">1<\/span> de 3<\/div>\r\n                                <div class=\"td-gallery-slide-prev-next-but\">\r\n                                    <i class = \"td-icon-left doubleSliderPrevButton\"><\/i>\r\n                                    <i class = \"td-icon-right doubleSliderNextButton\"><\/i>\r\n                                <\/div>\r\n                            <\/div>\r\n                        <\/div>\r\n\r\n                        <div class = \"td-doubleSlider-1 \">\r\n                            <div class = \"td-slider\">\r\n                                \r\n                    <div class = \"td-slide-item td-item1\">\r\n                        <figure class=\"td-slide-galery-figure td-slide-popup-gallery\">\r\n                            <a class=\"slide-gallery-image-link\" href=\"https:\/\/static.africa-press.net\/tchad\/sites\/41\/2023\/10\/sm_1698675110.358699.jpg\" title=\"sm_1698675110.358699\"  data-caption=\"\"  data-description=\"\">\r\n                                <img decoding=\"async\" src=\"https:\/\/static.africa-press.net\/tchad\/sites\/41\/2023\/10\/sm_1698675110.358699.jpg\" srcset=\"https:\/\/static.africa-press.net\/tchad\/sites\/41\/2023\/10\/sm_1698675110.358699.jpg 360w, https:\/\/static.africa-press.net\/tchad\/sites\/41\/2023\/10\/sm_1698675110.358699-300x200.jpg 300w\" sizes=\"(max-width: 360px) 100vw, 360px\" alt=\"\">\r\n                            <\/a>\r\n                            \r\n                        <\/figure>\r\n                    <\/div>\r\n                    <div class = \"td-slide-item td-item2\">\r\n                        <figure class=\"td-slide-galery-figure td-slide-popup-gallery\">\r\n                            <a class=\"slide-gallery-image-link\" href=\"https:\/\/static.africa-press.net\/tchad\/sites\/41\/2023\/10\/sm_1698675120.786828.jpg\" title=\"sm_1698675120.786828\"  data-caption=\"\"  data-description=\"\">\r\n                                <img decoding=\"async\" src=\"https:\/\/static.africa-press.net\/tchad\/sites\/41\/2023\/10\/sm_1698675120.786828.jpg\" srcset=\"https:\/\/static.africa-press.net\/tchad\/sites\/41\/2023\/10\/sm_1698675120.786828.jpg 360w, https:\/\/static.africa-press.net\/tchad\/sites\/41\/2023\/10\/sm_1698675120.786828-300x200.jpg 300w\" sizes=\"(max-width: 360px) 100vw, 360px\" alt=\"\">\r\n                            <\/a>\r\n                            \r\n                        <\/figure>\r\n                    <\/div>\r\n                    <div class = \"td-slide-item td-item3\">\r\n                        <figure class=\"td-slide-galery-figure td-slide-popup-gallery\">\r\n                            <a class=\"slide-gallery-image-link\" href=\"https:\/\/static.africa-press.net\/tchad\/sites\/41\/2023\/10\/sm_1698675131.480199.jpg\" title=\"sm_1698675131.480199\"  data-caption=\"\"  data-description=\"\">\r\n                                <img decoding=\"async\" src=\"https:\/\/static.africa-press.net\/tchad\/sites\/41\/2023\/10\/sm_1698675131.480199.jpg\" srcset=\"https:\/\/static.africa-press.net\/tchad\/sites\/41\/2023\/10\/sm_1698675131.480199.jpg 360w, https:\/\/static.africa-press.net\/tchad\/sites\/41\/2023\/10\/sm_1698675131.480199-300x200.jpg 300w\" sizes=\"(max-width: 360px) 100vw, 360px\" alt=\"\">\r\n                            <\/a>\r\n                            \r\n                        <\/figure>\r\n                    <\/div>\r\n                            <\/div>\r\n                        <\/div>\r\n\r\n                        <div class = \"td-doubleSlider-2\">\r\n                            <div class = \"td-slider\">\r\n                                \r\n                    <div class = \"td-button td-item1\">\r\n                        <div class = \"td-border\"><\/div>\r\n                    <\/div>\r\n                    <div class = \"td-button td-item2\">\r\n                        <div class = \"td-border\"><\/div>\r\n                    <\/div>\r\n                    <div class = \"td-button td-item3\">\r\n                        <div class = \"td-border\"><\/div>\r\n                    <\/div>\r\n                            <\/div>\r\n                        <\/div>\r\n\r\n                    <\/div>\r\n\r\n                <\/div>\r\n                \n<p><strong>Pour plus d&rsquo;informations et d&rsquo;analyses sur la <a href=\"https:\/\/www.africa-press.net\/tchad\">Tchad<\/a>, suivez <a href=\"https:\/\/www.africa-press.net\/\">Africa-Press<\/a><\/strong><\/p>\n","protected":false},"excerpt":{"rendered":"<p>Africa-Press &#8211; Tchad. Arrive\u0301e hier (dimanche 29 octobre 2023, Ndlr) a\u0300 Gao du convoi de casques bleus tchadiens qui ont quitte\u0301 Tessalit et Aguelhok les 21 et 23 octobre \u00bb 2023, a annonce\u0301 ce lundi 30 octobre, la Mission de l\u2019OUN Mali. \u00ab Ils ont parcouru des centaines de km dans des conditions dangereuses. Nous [&hellip;]<\/p>\n","protected":false},"author":82,"featured_media":53169,"comment_status":"open","ping_status":"closed","sticky":false,"template":"","format":"standard","meta":{"footnotes":""},"categories":[8,2,20,10],"tags":[37,292,29],"class_list":["post-53171","post","type-post","status-publish","format-standard","has-post-thumbnail","hentry","category-photo","category-politique","category-top-nouvelles","category-toutes-les-actualites","tag-africa-press","tag-africa-press-tchad","tag-tchad"],"yoast_head":"<!-- This site is optimized with the Yoast SEO Premium plugin v26.1 (Yoast SEO v27.0) - https:\/\/yoast.com\/product\/yoast-seo-premium-wordpress\/ -->\n<title>Retrait de la Minusma du Mali : Les troupes tchadiennes sont arriv\u00e9es \u00e0 Gao dimanche - tchad<\/title>\n<meta name=\"description\" content=\"Arrive\u0301e hier (dimanche 29 octobre 2023, Ndlr) a\u0300 Gao du convoi de casques bleus tchadiens qui ont quitte\u0301 Tessalit et A ...\" \/>\n<meta name=\"robots\" content=\"index, follow, max-snippet:-1, max-image-preview:large, max-video-preview:-1\" \/>\n<link rel=\"canonical\" href=\"https:\/\/www.africa-press.net\/tchad\/politique\/retrait-de-la-minusma-du-mali-les-troupes-tchadiennes-sont-arrivees-a-gao-dimanche\" \/>\n<meta property=\"og:locale\" content=\"fr_FR\" \/>\n<meta property=\"og:type\" content=\"article\" \/>\n<meta property=\"og:title\" content=\"Retrait de la Minusma du Mali : Les troupes tchadiennes sont arriv\u00e9es \u00e0 Gao dimanche\" \/>\n<meta property=\"og:description\" content=\"Arrive\u0301e hier (dimanche 29 octobre 2023, Ndlr) a\u0300 Gao du convoi de casques bleus tchadiens qui ont quitte\u0301 Tessalit et A ...\" \/>\n<meta property=\"og:url\" content=\"https:\/\/www.africa-press.net\/tchad\/politique\/retrait-de-la-minusma-du-mali-les-troupes-tchadiennes-sont-arrivees-a-gao-dimanche\" \/>\n<meta property=\"og:site_name\" content=\"tchad\" \/>\n<meta property=\"article:published_time\" content=\"2023-10-30T17:19:38+00:00\" \/>\n<meta property=\"article:modified_time\" content=\"2023-10-30T17:42:52+00:00\" \/>\n<meta property=\"og:image\" content=\"https:\/\/static.africa-press.net\/tchad\/sites\/41\/2023\/10\/sm_1698675140.794281.jpg\" \/>\n\t<meta property=\"og:image:width\" content=\"720\" \/>\n\t<meta property=\"og:image:height\" content=\"480\" \/>\n\t<meta property=\"og:image:type\" content=\"image\/jpeg\" \/>\n<meta name=\"author\" content=\"cfeditorfr\" \/>\n<meta name=\"twitter:card\" content=\"summary_large_image\" \/>\n<meta name=\"twitter:label1\" content=\"\u00c9crit par\" \/>\n\t<meta name=\"twitter:data1\" content=\"cfeditorfr\" \/>\n\t<meta name=\"twitter:label2\" content=\"Dur\u00e9e de lecture estim\u00e9e\" \/>\n\t<meta name=\"twitter:data2\" content=\"1 minute\" \/>\n<script type=\"application\/ld+json\" class=\"yoast-schema-graph\">{\"@context\":\"https:\/\/schema.org\",\"@graph\":[{\"@type\":\"Article\",\"@id\":\"https:\/\/www.africa-press.net\/tchad\/politique\/retrait-de-la-minusma-du-mali-les-troupes-tchadiennes-sont-arrivees-a-gao-dimanche#article\",\"isPartOf\":{\"@id\":\"https:\/\/www.africa-press.net\/tchad\/politique\/retrait-de-la-minusma-du-mali-les-troupes-tchadiennes-sont-arrivees-a-gao-dimanche\"},\"author\":{\"name\":\"cfeditorfr\",\"@id\":\"https:\/\/www.africa-press.net\/tchad\/#\/schema\/person\/2b1cf3cd81a31e3cd26889ca66d677f1\"},\"headline\":\"Retrait de la Minusma du Mali : Les troupes tchadiennes sont arriv\u00e9es \u00e0 Gao dimanche\",\"datePublished\":\"2023-10-30T17:19:38+00:00\",\"dateModified\":\"2023-10-30T17:42:52+00:00\",\"mainEntityOfPage\":{\"@id\":\"https:\/\/www.africa-press.net\/tchad\/politique\/retrait-de-la-minusma-du-mali-les-troupes-tchadiennes-sont-arrivees-a-gao-dimanche\"},\"wordCount\":260,\"commentCount\":0,\"image\":{\"@id\":\"https:\/\/www.africa-press.net\/tchad\/politique\/retrait-de-la-minusma-du-mali-les-troupes-tchadiennes-sont-arrivees-a-gao-dimanche#primaryimage\"},\"thumbnailUrl\":\"https:\/\/static.africa-press.net\/tchad\/sites\/41\/2023\/10\/sm_1698675140.794281.jpg\",\"keywords\":[\"Africa Press\",\"Africa Press-Tchad\",\"Tchad\"],\"articleSection\":[\"Photo\",\"Politique\",\"Top Nouvelles\",\"Toutes les actualit\u00e9s\"],\"inLanguage\":\"fr-FR\",\"potentialAction\":[{\"@type\":\"CommentAction\",\"name\":\"Comment\",\"target\":[\"https:\/\/www.africa-press.net\/tchad\/politique\/retrait-de-la-minusma-du-mali-les-troupes-tchadiennes-sont-arrivees-a-gao-dimanche#respond\"]}]},{\"@type\":\"WebPage\",\"@id\":\"https:\/\/www.africa-press.net\/tchad\/politique\/retrait-de-la-minusma-du-mali-les-troupes-tchadiennes-sont-arrivees-a-gao-dimanche\",\"url\":\"https:\/\/www.africa-press.net\/tchad\/politique\/retrait-de-la-minusma-du-mali-les-troupes-tchadiennes-sont-arrivees-a-gao-dimanche\",\"name\":\"Retrait de la Minusma du Mali : Les troupes tchadiennes sont arriv\u00e9es \u00e0 Gao dimanche - tchad\",\"isPartOf\":{\"@id\":\"https:\/\/www.africa-press.net\/tchad\/#website\"},\"primaryImageOfPage\":{\"@id\":\"https:\/\/www.africa-press.net\/tchad\/politique\/retrait-de-la-minusma-du-mali-les-troupes-tchadiennes-sont-arrivees-a-gao-dimanche#primaryimage\"},\"image\":{\"@id\":\"https:\/\/www.africa-press.net\/tchad\/politique\/retrait-de-la-minusma-du-mali-les-troupes-tchadiennes-sont-arrivees-a-gao-dimanche#primaryimage\"},\"thumbnailUrl\":\"https:\/\/static.africa-press.net\/tchad\/sites\/41\/2023\/10\/sm_1698675140.794281.jpg\",\"datePublished\":\"2023-10-30T17:19:38+00:00\",\"dateModified\":\"2023-10-30T17:42:52+00:00\",\"author\":{\"@id\":\"https:\/\/www.africa-press.net\/tchad\/#\/schema\/person\/2b1cf3cd81a31e3cd26889ca66d677f1\"},\"description\":\"Arrive\u0301e hier (dimanche 29 octobre 2023, Ndlr) a\u0300 Gao du convoi de casques bleus tchadiens qui ont quitte\u0301 Tessalit et A ...\",\"breadcrumb\":{\"@id\":\"https:\/\/www.africa-press.net\/tchad\/politique\/retrait-de-la-minusma-du-mali-les-troupes-tchadiennes-sont-arrivees-a-gao-dimanche#breadcrumb\"},\"inLanguage\":\"fr-FR\",\"potentialAction\":[{\"@type\":\"ReadAction\",\"target\":[\"https:\/\/www.africa-press.net\/tchad\/politique\/retrait-de-la-minusma-du-mali-les-troupes-tchadiennes-sont-arrivees-a-gao-dimanche\"]}]},{\"@type\":\"ImageObject\",\"inLanguage\":\"fr-FR\",\"@id\":\"https:\/\/www.africa-press.net\/tchad\/politique\/retrait-de-la-minusma-du-mali-les-troupes-tchadiennes-sont-arrivees-a-gao-dimanche#primaryimage\",\"url\":\"https:\/\/static.africa-press.net\/tchad\/sites\/41\/2023\/10\/sm_1698675140.794281.jpg\",\"contentUrl\":\"https:\/\/static.africa-press.net\/tchad\/sites\/41\/2023\/10\/sm_1698675140.794281.jpg\",\"width\":720,\"height\":480,\"caption\":\"Retrait de la Minusma du Mali : Les troupes tchadiennes sont arriv\u00e9es \u00e0 Gao dimanche\"},{\"@type\":\"BreadcrumbList\",\"@id\":\"https:\/\/www.africa-press.net\/tchad\/politique\/retrait-de-la-minusma-du-mali-les-troupes-tchadiennes-sont-arrivees-a-gao-dimanche#breadcrumb\",\"itemListElement\":[{\"@type\":\"ListItem\",\"position\":1,\"name\":\"Accueil\",\"item\":\"https:\/\/www.africa-press.net\/tchad\/\"},{\"@type\":\"ListItem\",\"position\":2,\"name\":\"Retrait de la Minusma du Mali : Les troupes tchadiennes sont arriv\u00e9es \u00e0 Gao dimanche\"}]},{\"@type\":\"WebSite\",\"@id\":\"https:\/\/www.africa-press.net\/tchad\/#website\",\"url\":\"https:\/\/www.africa-press.net\/tchad\/\",\"name\":\"tchad\",\"description\":\"Just another Africa News Agency Sites site\",\"potentialAction\":[{\"@type\":\"SearchAction\",\"target\":{\"@type\":\"EntryPoint\",\"urlTemplate\":\"https:\/\/www.africa-press.net\/tchad\/?s={search_term_string}\"},\"query-input\":{\"@type\":\"PropertyValueSpecification\",\"valueRequired\":true,\"valueName\":\"search_term_string\"}}],\"inLanguage\":\"fr-FR\"},{\"@type\":\"Person\",\"@id\":\"https:\/\/www.africa-press.net\/tchad\/#\/schema\/person\/2b1cf3cd81a31e3cd26889ca66d677f1\",\"name\":\"cfeditorfr\"}]}<\/script>\n<!-- \/ Yoast SEO Premium plugin. -->","yoast_head_json":{"title":"Retrait de la Minusma du Mali : Les troupes tchadiennes sont arriv\u00e9es \u00e0 Gao dimanche - tchad","description":"Arrive\u0301e hier (dimanche 29 octobre 2023, Ndlr) a\u0300 Gao du convoi de casques bleus tchadiens qui ont quitte\u0301 Tessalit et A ...","robots":{"index":"index","follow":"follow","max-snippet":"max-snippet:-1","max-image-preview":"max-image-preview:large","max-video-preview":"max-video-preview:-1"},"canonical":"https:\/\/www.africa-press.net\/tchad\/politique\/retrait-de-la-minusma-du-mali-les-troupes-tchadiennes-sont-arrivees-a-gao-dimanche","og_locale":"fr_FR","og_type":"article","og_title":"Retrait de la Minusma du Mali : Les troupes tchadiennes sont arriv\u00e9es \u00e0 Gao dimanche","og_description":"Arrive\u0301e hier (dimanche 29 octobre 2023, Ndlr) a\u0300 Gao du convoi de casques bleus tchadiens qui ont quitte\u0301 Tessalit et A ...","og_url":"https:\/\/www.africa-press.net\/tchad\/politique\/retrait-de-la-minusma-du-mali-les-troupes-tchadiennes-sont-arrivees-a-gao-dimanche","og_site_name":"tchad","article_published_time":"2023-10-30T17:19:38+00:00","article_modified_time":"2023-10-30T17:42:52+00:00","og_image":[{"width":720,"height":480,"url":"https:\/\/static.africa-press.net\/tchad\/sites\/41\/2023\/10\/sm_1698675140.794281.jpg","type":"image\/jpeg"}],"author":"cfeditorfr","twitter_card":"summary_large_image","twitter_misc":{"\u00c9crit par":"cfeditorfr","Dur\u00e9e de lecture estim\u00e9e":"1 minute"},"schema":{"@context":"https:\/\/schema.org","@graph":[{"@type":"Article","@id":"https:\/\/www.africa-press.net\/tchad\/politique\/retrait-de-la-minusma-du-mali-les-troupes-tchadiennes-sont-arrivees-a-gao-dimanche#article","isPartOf":{"@id":"https:\/\/www.africa-press.net\/tchad\/politique\/retrait-de-la-minusma-du-mali-les-troupes-tchadiennes-sont-arrivees-a-gao-dimanche"},"author":{"name":"cfeditorfr","@id":"https:\/\/www.africa-press.net\/tchad\/#\/schema\/person\/2b1cf3cd81a31e3cd26889ca66d677f1"},"headline":"Retrait de la Minusma du Mali : Les troupes tchadiennes sont arriv\u00e9es \u00e0 Gao dimanche","datePublished":"2023-10-30T17:19:38+00:00","dateModified":"2023-10-30T17:42:52+00:00","mainEntityOfPage":{"@id":"https:\/\/www.africa-press.net\/tchad\/politique\/retrait-de-la-minusma-du-mali-les-troupes-tchadiennes-sont-arrivees-a-gao-dimanche"},"wordCount":260,"commentCount":0,"image":{"@id":"https:\/\/www.africa-press.net\/tchad\/politique\/retrait-de-la-minusma-du-mali-les-troupes-tchadiennes-sont-arrivees-a-gao-dimanche#primaryimage"},"thumbnailUrl":"https:\/\/static.africa-press.net\/tchad\/sites\/41\/2023\/10\/sm_1698675140.794281.jpg","keywords":["Africa Press","Africa Press-Tchad","Tchad"],"articleSection":["Photo","Politique","Top Nouvelles","Toutes les actualit\u00e9s"],"inLanguage":"fr-FR","potentialAction":[{"@type":"CommentAction","name":"Comment","target":["https:\/\/www.africa-press.net\/tchad\/politique\/retrait-de-la-minusma-du-mali-les-troupes-tchadiennes-sont-arrivees-a-gao-dimanche#respond"]}]},{"@type":"WebPage","@id":"https:\/\/www.africa-press.net\/tchad\/politique\/retrait-de-la-minusma-du-mali-les-troupes-tchadiennes-sont-arrivees-a-gao-dimanche","url":"https:\/\/www.africa-press.net\/tchad\/politique\/retrait-de-la-minusma-du-mali-les-troupes-tchadiennes-sont-arrivees-a-gao-dimanche","name":"Retrait de la Minusma du Mali : Les troupes tchadiennes sont arriv\u00e9es \u00e0 Gao dimanche - tchad","isPartOf":{"@id":"https:\/\/www.africa-press.net\/tchad\/#website"},"primaryImageOfPage":{"@id":"https:\/\/www.africa-press.net\/tchad\/politique\/retrait-de-la-minusma-du-mali-les-troupes-tchadiennes-sont-arrivees-a-gao-dimanche#primaryimage"},"image":{"@id":"https:\/\/www.africa-press.net\/tchad\/politique\/retrait-de-la-minusma-du-mali-les-troupes-tchadiennes-sont-arrivees-a-gao-dimanche#primaryimage"},"thumbnailUrl":"https:\/\/static.africa-press.net\/tchad\/sites\/41\/2023\/10\/sm_1698675140.794281.jpg","datePublished":"2023-10-30T17:19:38+00:00","dateModified":"2023-10-30T17:42:52+00:00","author":{"@id":"https:\/\/www.africa-press.net\/tchad\/#\/schema\/person\/2b1cf3cd81a31e3cd26889ca66d677f1"},"description":"Arrive\u0301e hier (dimanche 29 octobre 2023, Ndlr) a\u0300 Gao du convoi de casques bleus tchadiens qui ont quitte\u0301 Tessalit et A ...","breadcrumb":{"@id":"https:\/\/www.africa-press.net\/tchad\/politique\/retrait-de-la-minusma-du-mali-les-troupes-tchadiennes-sont-arrivees-a-gao-dimanche#breadcrumb"},"inLanguage":"fr-FR","potentialAction":[{"@type":"ReadAction","target":["https:\/\/www.africa-press.net\/tchad\/politique\/retrait-de-la-minusma-du-mali-les-troupes-tchadiennes-sont-arrivees-a-gao-dimanche"]}]},{"@type":"ImageObject","inLanguage":"fr-FR","@id":"https:\/\/www.africa-press.net\/tchad\/politique\/retrait-de-la-minusma-du-mali-les-troupes-tchadiennes-sont-arrivees-a-gao-dimanche#primaryimage","url":"https:\/\/static.africa-press.net\/tchad\/sites\/41\/2023\/10\/sm_1698675140.794281.jpg","contentUrl":"https:\/\/static.africa-press.net\/tchad\/sites\/41\/2023\/10\/sm_1698675140.794281.jpg","width":720,"height":480,"caption":"Retrait de la Minusma du Mali : Les troupes tchadiennes sont arriv\u00e9es \u00e0 Gao dimanche"},{"@type":"BreadcrumbList","@id":"https:\/\/www.africa-press.net\/tchad\/politique\/retrait-de-la-minusma-du-mali-les-troupes-tchadiennes-sont-arrivees-a-gao-dimanche#breadcrumb","itemListElement":[{"@type":"ListItem","position":1,"name":"Accueil","item":"https:\/\/www.africa-press.net\/tchad\/"},{"@type":"ListItem","position":2,"name":"Retrait de la Minusma du Mali : Les troupes tchadiennes sont arriv\u00e9es \u00e0 Gao dimanche"}]},{"@type":"WebSite","@id":"https:\/\/www.africa-press.net\/tchad\/#website","url":"https:\/\/www.africa-press.net\/tchad\/","name":"tchad","description":"Just another Africa News Agency Sites site","potentialAction":[{"@type":"SearchAction","target":{"@type":"EntryPoint","urlTemplate":"https:\/\/www.africa-press.net\/tchad\/?s={search_term_string}"},"query-input":{"@type":"PropertyValueSpecification","valueRequired":true,"valueName":"search_term_string"}}],"inLanguage":"fr-FR"},{"@type":"Person","@id":"https:\/\/www.africa-press.net\/tchad\/#\/schema\/person\/2b1cf3cd81a31e3cd26889ca66d677f1","name":"cfeditorfr"}]}},"_links":{"self":[{"href":"https:\/\/www.africa-press.net\/tchad\/wp-json\/wp\/v2\/posts\/53171","targetHints":{"allow":["GET"]}}],"collection":[{"href":"https:\/\/www.africa-press.net\/tchad\/wp-json\/wp\/v2\/posts"}],"about":[{"href":"https:\/\/www.africa-press.net\/tchad\/wp-json\/wp\/v2\/types\/post"}],"author":[{"embeddable":true,"href":"https:\/\/www.africa-press.net\/tchad\/wp-json\/wp\/v2\/users\/82"}],"replies":[{"embeddable":true,"href":"https:\/\/www.africa-press.net\/tchad\/wp-json\/wp\/v2\/comments?post=53171"}],"version-history":[{"count":0,"href":"https:\/\/www.africa-press.net\/tchad\/wp-json\/wp\/v2\/posts\/53171\/revisions"}],"wp:featuredmedia":[{"embeddable":true,"href":"https:\/\/www.africa-press.net\/tchad\/wp-json\/wp\/v2\/media\/53169"}],"wp:attachment":[{"href":"https:\/\/www.africa-press.net\/tchad\/wp-json\/wp\/v2\/media?parent=53171"}],"wp:term":[{"taxonomy":"category","embeddable":true,"href":"https:\/\/www.africa-press.net\/tchad\/wp-json\/wp\/v2\/categories?post=53171"},{"taxonomy":"post_tag","embeddable":true,"href":"https:\/\/www.africa-press.net\/tchad\/wp-json\/wp\/v2\/tags?post=53171"}],"curies":[{"name":"wp","href":"https:\/\/api.w.org\/{rel}","templated":true}]}}