{"id":53174,"date":"2023-10-30T17:20:17","date_gmt":"2023-10-30T17:20:17","guid":{"rendered":"https:\/\/www.africa-press.net\/tchad\/politique\/des-ateliers-provinciaux-sur-la-gestion-communautaire-des-risques-climatiques"},"modified":"2023-10-30T17:43:30","modified_gmt":"2023-10-30T17:43:30","slug":"des-ateliers-provinciaux-sur-la-gestion-communautaire-des-risques-climatiques","status":"publish","type":"post","link":"https:\/\/www.africa-press.net\/tchad\/economie\/des-ateliers-provinciaux-sur-la-gestion-communautaire-des-risques-climatiques","title":{"rendered":"des ateliers provinciaux sur la gestion communautaire des risques climatiques"},"content":{"rendered":"<p><span style=\"color: #ff6600\"><strong>Africa-Press &#8211; Tchad. <\/strong><\/span>Ces dernie\u0300res anne\u0301es, le Tchad a e\u0301te\u0301 marque\u0301 par une recrudescence des inondations et une mauvaise re\u0301partition des pre\u0301cipitations. Ce qui a eu un impact ne\u0301gatif sur les producteurs, entrai\u0302nant une mauvaise gestion financie\u0300re au sein des communaute\u0301s et d&rsquo;autres phe\u0301nome\u0300nes me\u0301te\u0301orologiques extre\u0302mes qui ont affaibli les syste\u0300mes agro-sylvo-pastoraux.<\/p>\n<p>C&rsquo;est pourquoi le gouvernement du Tchad, en collaboration avec le PNUD et avec le financement du Fonds pour l&rsquo;environnement mondial, en partenariat avec l&rsquo;ONG ESEDD (E\u0301ducation Sante\u0301 Environnement pour le De\u0301veloppement Durable), partenaire ope\u0301rationnel sur le terrain, a mis en place le projet de gestion communautaire des risques climatiques.<\/p>\n<p>Ce projet vise a\u0300 renforcer la capacite\u0301 de re\u0301action des communaute\u0301s vulne\u0301rables, leur permettant de faire face efficacement aux chocs climatiques gra\u0302ce a\u0300 des re\u0301ponses rapides aux alertes pre\u0301coces. Au cours de trois jours de travail, les participants seront forme\u0301s a\u0300 l&rsquo;e\u0301ducation financie\u0300re, a\u0300 l&rsquo;assurance agricole indicielle, a\u0300 la gestion communautaire des risques climatiques et aux bonnes pratiques d&rsquo;adaptation aux changements climatiques.<\/p>\n<p>Cet atelier permettra aux producteurs d&rsquo;e\u0301laborer des calendriers saisonniers, un aspect cle\u0301 de la gestion au sein des me\u0301nages, ainsi que de cre\u0301er un compte d&rsquo;exploitation agricole pour ame\u0301liorer la gestion agricole et financie\u0300re au sein des communaute\u0301s.<\/p>\n<p>Ouvrant les travaux, le de\u0301le\u0301gue\u0301 provincial de la production et de la transformation agricole de la province du Logone Occidental, Kola-Mogoban, a rappele\u0301 les me\u0301faits du changement climatique des anne\u0301es passe\u0301es, mettant l&rsquo;accent sur les inondations et leurs conse\u0301quences ne\u0301fastes sur la production agricole en milieu communautaire.<\/p>\n<p>Pour garantir une orientation claire, le de\u0301le\u0301gue\u0301 Kola-Mogoban a pre\u0301cise\u0301 les objectifs de la formation et a encourage\u0301 les participants a\u0300 e\u0302tre re\u0301ceptifs et assidus, pour pouvoir transmettre ces connaissances dans les communaute\u0301s, afin de changer radicalement la gestion financie\u0300re et la production agricole.<\/p>\n<p>Selon lui, il s&rsquo;agit d&rsquo;un e\u0301change mutuel. Au de\u0301but de la formation, les parties prenantes ont fait des pre\u0301sentations individuelles, puis le consultant Fre\u0301de\u0301ric Saha a pre\u0301sente\u0301 le programme des activite\u0301s des trois jours. Il a commence\u0301 par de\u0301finir des concepts tels que l&rsquo;e\u0301ducation financie\u0300re et ses diffe\u0301rents aspects, y compris la budge\u0301tisation et l&rsquo;e\u0301pargne.<\/p>\n<p>Fre\u0301de\u0301ric Saha a mis l&rsquo;accent sur l&rsquo;importance de de\u0301velopper des compe\u0301tences en gestion financie\u0300re, et il a explique\u0301 en de\u0301tail le ro\u0302le des calendriers saisonniers et de la gestion passive.<\/p>\n<p>Au cours des trois jours de renforcement des capacite\u0301s, les participants discuteront des obstacles a\u0300 l&rsquo;e\u0301ducation financie\u0300re dans les diffe\u0301rentes communaute\u0301s et proposeront des solutions pour ame\u0301liorer la gestion financie\u0300re au sein de ces communaute\u0301s.<\/p>\n<p><strong>Pour plus d&rsquo;informations et d&rsquo;analyses sur la <a href=\"https:\/\/www.africa-press.net\/tchad\">Tchad<\/a>, suivez <a href=\"https:\/\/www.africa-press.net\/\">Africa-Press<\/a><\/strong><\/p>\n","protected":false},"excerpt":{"rendered":"<p>Africa-Press &#8211; Tchad. Ces dernie\u0300res anne\u0301es, le Tchad a e\u0301te\u0301 marque\u0301 par une recrudescence des inondations et une mauvaise re\u0301partition des pre\u0301cipitations. Ce qui a eu un impact ne\u0301gatif sur les producteurs, entrai\u0302nant une mauvaise gestion financie\u0300re au sein des communaute\u0301s et d&rsquo;autres phe\u0301nome\u0300nes me\u0301te\u0301orologiques extre\u0302mes qui ont affaibli les syste\u0300mes agro-sylvo-pastoraux. C&rsquo;est pourquoi le [&hellip;]<\/p>\n","protected":false},"author":82,"featured_media":53172,"comment_status":"open","ping_status":"closed","sticky":false,"template":"","format":"standard","meta":{"footnotes":""},"categories":[3,10],"tags":[37,292,29],"class_list":["post-53174","post","type-post","status-publish","format-standard","has-post-thumbnail","hentry","category-economie","category-toutes-les-actualites","tag-africa-press","tag-africa-press-tchad","tag-tchad"],"yoast_head":"<!-- This site is optimized with the Yoast SEO Premium plugin v26.1 (Yoast SEO v27.0) - https:\/\/yoast.com\/product\/yoast-seo-premium-wordpress\/ -->\n<title>des ateliers provinciaux sur la gestion communautaire des risques climatiques - tchad<\/title>\n<meta name=\"description\" content=\"Ces dernie\u0300res anne\u0301es, le Tchad a e\u0301te\u0301 marque\u0301 par une recrudescence des inondations et une mauvaise re\u0301partition des ...\" \/>\n<meta name=\"robots\" content=\"index, follow, max-snippet:-1, max-image-preview:large, max-video-preview:-1\" \/>\n<link rel=\"canonical\" href=\"https:\/\/www.africa-press.net\/tchad\/economie\/des-ateliers-provinciaux-sur-la-gestion-communautaire-des-risques-climatiques\" \/>\n<meta property=\"og:locale\" content=\"fr_FR\" \/>\n<meta property=\"og:type\" content=\"article\" \/>\n<meta property=\"og:title\" content=\"des ateliers provinciaux sur la gestion communautaire des risques climatiques\" \/>\n<meta property=\"og:description\" content=\"Ces dernie\u0300res anne\u0301es, le Tchad a e\u0301te\u0301 marque\u0301 par une recrudescence des inondations et une mauvaise re\u0301partition des ...\" \/>\n<meta property=\"og:url\" content=\"https:\/\/www.africa-press.net\/tchad\/economie\/des-ateliers-provinciaux-sur-la-gestion-communautaire-des-risques-climatiques\" \/>\n<meta property=\"og:site_name\" content=\"tchad\" \/>\n<meta property=\"article:published_time\" content=\"2023-10-30T17:20:17+00:00\" \/>\n<meta property=\"article:modified_time\" content=\"2023-10-30T17:43:30+00:00\" \/>\n<meta property=\"og:image\" content=\"https:\/\/static.africa-press.net\/tchad\/sites\/41\/2023\/10\/sm_1698675164.616556.jpg\" \/>\n\t<meta property=\"og:image:width\" content=\"868\" \/>\n\t<meta property=\"og:image:height\" content=\"391\" \/>\n\t<meta property=\"og:image:type\" content=\"image\/jpeg\" \/>\n<meta name=\"author\" content=\"cfeditorfr\" \/>\n<meta name=\"twitter:card\" content=\"summary_large_image\" \/>\n<meta name=\"twitter:label1\" content=\"\u00c9crit par\" \/>\n\t<meta name=\"twitter:data1\" content=\"cfeditorfr\" \/>\n\t<meta name=\"twitter:label2\" content=\"Dur\u00e9e de lecture estim\u00e9e\" \/>\n\t<meta name=\"twitter:data2\" content=\"3 minutes\" \/>\n<script type=\"application\/ld+json\" class=\"yoast-schema-graph\">{\"@context\":\"https:\/\/schema.org\",\"@graph\":[{\"@type\":\"Article\",\"@id\":\"https:\/\/www.africa-press.net\/tchad\/economie\/des-ateliers-provinciaux-sur-la-gestion-communautaire-des-risques-climatiques#article\",\"isPartOf\":{\"@id\":\"https:\/\/www.africa-press.net\/tchad\/economie\/des-ateliers-provinciaux-sur-la-gestion-communautaire-des-risques-climatiques\"},\"author\":{\"name\":\"cfeditorfr\",\"@id\":\"https:\/\/www.africa-press.net\/tchad\/#\/schema\/person\/2b1cf3cd81a31e3cd26889ca66d677f1\"},\"headline\":\"des ateliers provinciaux sur la gestion communautaire des risques climatiques\",\"datePublished\":\"2023-10-30T17:20:17+00:00\",\"dateModified\":\"2023-10-30T17:43:30+00:00\",\"mainEntityOfPage\":{\"@id\":\"https:\/\/www.africa-press.net\/tchad\/economie\/des-ateliers-provinciaux-sur-la-gestion-communautaire-des-risques-climatiques\"},\"wordCount\":526,\"commentCount\":0,\"image\":{\"@id\":\"https:\/\/www.africa-press.net\/tchad\/economie\/des-ateliers-provinciaux-sur-la-gestion-communautaire-des-risques-climatiques#primaryimage\"},\"thumbnailUrl\":\"https:\/\/static.africa-press.net\/tchad\/sites\/41\/2023\/10\/sm_1698675164.616556.jpg\",\"keywords\":[\"Africa Press\",\"Africa Press-Tchad\",\"Tchad\"],\"articleSection\":[\"\u00c9conomie\",\"Toutes les actualit\u00e9s\"],\"inLanguage\":\"fr-FR\",\"potentialAction\":[{\"@type\":\"CommentAction\",\"name\":\"Comment\",\"target\":[\"https:\/\/www.africa-press.net\/tchad\/economie\/des-ateliers-provinciaux-sur-la-gestion-communautaire-des-risques-climatiques#respond\"]}]},{\"@type\":\"WebPage\",\"@id\":\"https:\/\/www.africa-press.net\/tchad\/economie\/des-ateliers-provinciaux-sur-la-gestion-communautaire-des-risques-climatiques\",\"url\":\"https:\/\/www.africa-press.net\/tchad\/economie\/des-ateliers-provinciaux-sur-la-gestion-communautaire-des-risques-climatiques\",\"name\":\"des ateliers provinciaux sur la gestion communautaire des risques climatiques - tchad\",\"isPartOf\":{\"@id\":\"https:\/\/www.africa-press.net\/tchad\/#website\"},\"primaryImageOfPage\":{\"@id\":\"https:\/\/www.africa-press.net\/tchad\/economie\/des-ateliers-provinciaux-sur-la-gestion-communautaire-des-risques-climatiques#primaryimage\"},\"image\":{\"@id\":\"https:\/\/www.africa-press.net\/tchad\/economie\/des-ateliers-provinciaux-sur-la-gestion-communautaire-des-risques-climatiques#primaryimage\"},\"thumbnailUrl\":\"https:\/\/static.africa-press.net\/tchad\/sites\/41\/2023\/10\/sm_1698675164.616556.jpg\",\"datePublished\":\"2023-10-30T17:20:17+00:00\",\"dateModified\":\"2023-10-30T17:43:30+00:00\",\"author\":{\"@id\":\"https:\/\/www.africa-press.net\/tchad\/#\/schema\/person\/2b1cf3cd81a31e3cd26889ca66d677f1\"},\"description\":\"Ces dernie\u0300res anne\u0301es, le Tchad a e\u0301te\u0301 marque\u0301 par une recrudescence des inondations et une mauvaise re\u0301partition des ...\",\"breadcrumb\":{\"@id\":\"https:\/\/www.africa-press.net\/tchad\/economie\/des-ateliers-provinciaux-sur-la-gestion-communautaire-des-risques-climatiques#breadcrumb\"},\"inLanguage\":\"fr-FR\",\"potentialAction\":[{\"@type\":\"ReadAction\",\"target\":[\"https:\/\/www.africa-press.net\/tchad\/economie\/des-ateliers-provinciaux-sur-la-gestion-communautaire-des-risques-climatiques\"]}]},{\"@type\":\"ImageObject\",\"inLanguage\":\"fr-FR\",\"@id\":\"https:\/\/www.africa-press.net\/tchad\/economie\/des-ateliers-provinciaux-sur-la-gestion-communautaire-des-risques-climatiques#primaryimage\",\"url\":\"https:\/\/static.africa-press.net\/tchad\/sites\/41\/2023\/10\/sm_1698675164.616556.jpg\",\"contentUrl\":\"https:\/\/static.africa-press.net\/tchad\/sites\/41\/2023\/10\/sm_1698675164.616556.jpg\",\"width\":868,\"height\":391,\"caption\":\"des ateliers provinciaux sur la gestion communautaire des risques climatiques\"},{\"@type\":\"BreadcrumbList\",\"@id\":\"https:\/\/www.africa-press.net\/tchad\/economie\/des-ateliers-provinciaux-sur-la-gestion-communautaire-des-risques-climatiques#breadcrumb\",\"itemListElement\":[{\"@type\":\"ListItem\",\"position\":1,\"name\":\"Accueil\",\"item\":\"https:\/\/www.africa-press.net\/tchad\/\"},{\"@type\":\"ListItem\",\"position\":2,\"name\":\"des ateliers provinciaux sur la gestion communautaire des risques climatiques\"}]},{\"@type\":\"WebSite\",\"@id\":\"https:\/\/www.africa-press.net\/tchad\/#website\",\"url\":\"https:\/\/www.africa-press.net\/tchad\/\",\"name\":\"tchad\",\"description\":\"Just another Africa News Agency Sites site\",\"potentialAction\":[{\"@type\":\"SearchAction\",\"target\":{\"@type\":\"EntryPoint\",\"urlTemplate\":\"https:\/\/www.africa-press.net\/tchad\/?s={search_term_string}\"},\"query-input\":{\"@type\":\"PropertyValueSpecification\",\"valueRequired\":true,\"valueName\":\"search_term_string\"}}],\"inLanguage\":\"fr-FR\"},{\"@type\":\"Person\",\"@id\":\"https:\/\/www.africa-press.net\/tchad\/#\/schema\/person\/2b1cf3cd81a31e3cd26889ca66d677f1\",\"name\":\"cfeditorfr\"}]}<\/script>\n<!-- \/ Yoast SEO Premium plugin. -->","yoast_head_json":{"title":"des ateliers provinciaux sur la gestion communautaire des risques climatiques - tchad","description":"Ces dernie\u0300res anne\u0301es, le Tchad a e\u0301te\u0301 marque\u0301 par une recrudescence des inondations et une mauvaise re\u0301partition des ...","robots":{"index":"index","follow":"follow","max-snippet":"max-snippet:-1","max-image-preview":"max-image-preview:large","max-video-preview":"max-video-preview:-1"},"canonical":"https:\/\/www.africa-press.net\/tchad\/economie\/des-ateliers-provinciaux-sur-la-gestion-communautaire-des-risques-climatiques","og_locale":"fr_FR","og_type":"article","og_title":"des ateliers provinciaux sur la gestion communautaire des risques climatiques","og_description":"Ces dernie\u0300res anne\u0301es, le Tchad a e\u0301te\u0301 marque\u0301 par une recrudescence des inondations et une mauvaise re\u0301partition des ...","og_url":"https:\/\/www.africa-press.net\/tchad\/economie\/des-ateliers-provinciaux-sur-la-gestion-communautaire-des-risques-climatiques","og_site_name":"tchad","article_published_time":"2023-10-30T17:20:17+00:00","article_modified_time":"2023-10-30T17:43:30+00:00","og_image":[{"width":868,"height":391,"url":"https:\/\/static.africa-press.net\/tchad\/sites\/41\/2023\/10\/sm_1698675164.616556.jpg","type":"image\/jpeg"}],"author":"cfeditorfr","twitter_card":"summary_large_image","twitter_misc":{"\u00c9crit par":"cfeditorfr","Dur\u00e9e de lecture estim\u00e9e":"3 minutes"},"schema":{"@context":"https:\/\/schema.org","@graph":[{"@type":"Article","@id":"https:\/\/www.africa-press.net\/tchad\/economie\/des-ateliers-provinciaux-sur-la-gestion-communautaire-des-risques-climatiques#article","isPartOf":{"@id":"https:\/\/www.africa-press.net\/tchad\/economie\/des-ateliers-provinciaux-sur-la-gestion-communautaire-des-risques-climatiques"},"author":{"name":"cfeditorfr","@id":"https:\/\/www.africa-press.net\/tchad\/#\/schema\/person\/2b1cf3cd81a31e3cd26889ca66d677f1"},"headline":"des ateliers provinciaux sur la gestion communautaire des risques climatiques","datePublished":"2023-10-30T17:20:17+00:00","dateModified":"2023-10-30T17:43:30+00:00","mainEntityOfPage":{"@id":"https:\/\/www.africa-press.net\/tchad\/economie\/des-ateliers-provinciaux-sur-la-gestion-communautaire-des-risques-climatiques"},"wordCount":526,"commentCount":0,"image":{"@id":"https:\/\/www.africa-press.net\/tchad\/economie\/des-ateliers-provinciaux-sur-la-gestion-communautaire-des-risques-climatiques#primaryimage"},"thumbnailUrl":"https:\/\/static.africa-press.net\/tchad\/sites\/41\/2023\/10\/sm_1698675164.616556.jpg","keywords":["Africa Press","Africa Press-Tchad","Tchad"],"articleSection":["\u00c9conomie","Toutes les actualit\u00e9s"],"inLanguage":"fr-FR","potentialAction":[{"@type":"CommentAction","name":"Comment","target":["https:\/\/www.africa-press.net\/tchad\/economie\/des-ateliers-provinciaux-sur-la-gestion-communautaire-des-risques-climatiques#respond"]}]},{"@type":"WebPage","@id":"https:\/\/www.africa-press.net\/tchad\/economie\/des-ateliers-provinciaux-sur-la-gestion-communautaire-des-risques-climatiques","url":"https:\/\/www.africa-press.net\/tchad\/economie\/des-ateliers-provinciaux-sur-la-gestion-communautaire-des-risques-climatiques","name":"des ateliers provinciaux sur la gestion communautaire des risques climatiques - tchad","isPartOf":{"@id":"https:\/\/www.africa-press.net\/tchad\/#website"},"primaryImageOfPage":{"@id":"https:\/\/www.africa-press.net\/tchad\/economie\/des-ateliers-provinciaux-sur-la-gestion-communautaire-des-risques-climatiques#primaryimage"},"image":{"@id":"https:\/\/www.africa-press.net\/tchad\/economie\/des-ateliers-provinciaux-sur-la-gestion-communautaire-des-risques-climatiques#primaryimage"},"thumbnailUrl":"https:\/\/static.africa-press.net\/tchad\/sites\/41\/2023\/10\/sm_1698675164.616556.jpg","datePublished":"2023-10-30T17:20:17+00:00","dateModified":"2023-10-30T17:43:30+00:00","author":{"@id":"https:\/\/www.africa-press.net\/tchad\/#\/schema\/person\/2b1cf3cd81a31e3cd26889ca66d677f1"},"description":"Ces dernie\u0300res anne\u0301es, le Tchad a e\u0301te\u0301 marque\u0301 par une recrudescence des inondations et une mauvaise re\u0301partition des ...","breadcrumb":{"@id":"https:\/\/www.africa-press.net\/tchad\/economie\/des-ateliers-provinciaux-sur-la-gestion-communautaire-des-risques-climatiques#breadcrumb"},"inLanguage":"fr-FR","potentialAction":[{"@type":"ReadAction","target":["https:\/\/www.africa-press.net\/tchad\/economie\/des-ateliers-provinciaux-sur-la-gestion-communautaire-des-risques-climatiques"]}]},{"@type":"ImageObject","inLanguage":"fr-FR","@id":"https:\/\/www.africa-press.net\/tchad\/economie\/des-ateliers-provinciaux-sur-la-gestion-communautaire-des-risques-climatiques#primaryimage","url":"https:\/\/static.africa-press.net\/tchad\/sites\/41\/2023\/10\/sm_1698675164.616556.jpg","contentUrl":"https:\/\/static.africa-press.net\/tchad\/sites\/41\/2023\/10\/sm_1698675164.616556.jpg","width":868,"height":391,"caption":"des ateliers provinciaux sur la gestion communautaire des risques climatiques"},{"@type":"BreadcrumbList","@id":"https:\/\/www.africa-press.net\/tchad\/economie\/des-ateliers-provinciaux-sur-la-gestion-communautaire-des-risques-climatiques#breadcrumb","itemListElement":[{"@type":"ListItem","position":1,"name":"Accueil","item":"https:\/\/www.africa-press.net\/tchad\/"},{"@type":"ListItem","position":2,"name":"des ateliers provinciaux sur la gestion communautaire des risques climatiques"}]},{"@type":"WebSite","@id":"https:\/\/www.africa-press.net\/tchad\/#website","url":"https:\/\/www.africa-press.net\/tchad\/","name":"tchad","description":"Just another Africa News Agency Sites site","potentialAction":[{"@type":"SearchAction","target":{"@type":"EntryPoint","urlTemplate":"https:\/\/www.africa-press.net\/tchad\/?s={search_term_string}"},"query-input":{"@type":"PropertyValueSpecification","valueRequired":true,"valueName":"search_term_string"}}],"inLanguage":"fr-FR"},{"@type":"Person","@id":"https:\/\/www.africa-press.net\/tchad\/#\/schema\/person\/2b1cf3cd81a31e3cd26889ca66d677f1","name":"cfeditorfr"}]}},"_links":{"self":[{"href":"https:\/\/www.africa-press.net\/tchad\/wp-json\/wp\/v2\/posts\/53174","targetHints":{"allow":["GET"]}}],"collection":[{"href":"https:\/\/www.africa-press.net\/tchad\/wp-json\/wp\/v2\/posts"}],"about":[{"href":"https:\/\/www.africa-press.net\/tchad\/wp-json\/wp\/v2\/types\/post"}],"author":[{"embeddable":true,"href":"https:\/\/www.africa-press.net\/tchad\/wp-json\/wp\/v2\/users\/82"}],"replies":[{"embeddable":true,"href":"https:\/\/www.africa-press.net\/tchad\/wp-json\/wp\/v2\/comments?post=53174"}],"version-history":[{"count":0,"href":"https:\/\/www.africa-press.net\/tchad\/wp-json\/wp\/v2\/posts\/53174\/revisions"}],"wp:featuredmedia":[{"embeddable":true,"href":"https:\/\/www.africa-press.net\/tchad\/wp-json\/wp\/v2\/media\/53172"}],"wp:attachment":[{"href":"https:\/\/www.africa-press.net\/tchad\/wp-json\/wp\/v2\/media?parent=53174"}],"wp:term":[{"taxonomy":"category","embeddable":true,"href":"https:\/\/www.africa-press.net\/tchad\/wp-json\/wp\/v2\/categories?post=53174"},{"taxonomy":"post_tag","embeddable":true,"href":"https:\/\/www.africa-press.net\/tchad\/wp-json\/wp\/v2\/tags?post=53174"}],"curies":[{"name":"wp","href":"https:\/\/api.w.org\/{rel}","templated":true}]}}