{"id":53177,"date":"2023-10-30T17:53:35","date_gmt":"2023-10-30T17:53:35","guid":{"rendered":"https:\/\/www.africa-press.net\/tchad\/politique\/au-batha-la-securite-et-la-cohesion-sociale-au-centre-dune-reunion"},"modified":"2023-10-30T18:02:03","modified_gmt":"2023-10-30T18:02:03","slug":"au-batha-la-securite-et-la-cohesion-sociale-au-centre-dune-reunion","status":"publish","type":"post","link":"https:\/\/www.africa-press.net\/tchad\/politique\/au-batha-la-securite-et-la-cohesion-sociale-au-centre-dune-reunion","title":{"rendered":"au Batha, la s\u00e9curit\u00e9 et la coh\u00e9sion sociale au centre d&rsquo;une r\u00e9union"},"content":{"rendered":"<p><span style=\"color: #ff6600\"><strong>Africa-Press &#8211; Tchad. <\/strong><\/span>Dans le cadre de sa se\u0301rie de rencontres avec les autorite\u0301s administratives, militaires, et traditionnelles depuis sa prise de fonctions a\u0300 la te\u0302te de la province du Batha, le ge\u0301ne\u0301ral de division Ahmat Goukouni Mouralli, gouverneur de la province du Batha, a organise\u0301 une re\u0301union ce lundi 30 octobre 2023 a\u0300 sa re\u0301sidence. Les participants a\u0300 cette re\u0301union comprenaient les pre\u0301fets, les sous-pre\u0301fets, les forces de de\u0301fense et de se\u0301curite\u0301, ainsi que les leaders traditionnels.<\/p>\n<p>Lors de cette rencontre, le gouverneur a aborde\u0301 diverses questions lie\u0301es a\u0300 la consolidation de la paix, la se\u0301curite\u0301, la cohe\u0301sion sociale, et le de\u0301veloppement socioe\u0301conomique.<\/p>\n<p>Dans son allocution de circonstance, le gouverneur a exhorte\u0301 les autorite\u0301s a\u0300 respecter la hie\u0301rarchie, les horaires de travail, et a\u0300 surveiller la pre\u0301sence des agents sur le terrain. Il a e\u0301galement insiste\u0301 sur l&rsquo;importance de l&rsquo;inte\u0301grite\u0301, en de\u0301courageant la corruption et l&rsquo;injustice. En ce qui concerne la se\u0301curite\u0301, le gouverneur a appele\u0301 les forces de de\u0301fense et de se\u0301curite\u0301 a\u0300 s&rsquo;engager fermement pour assurer la se\u0301curite\u0301 de la province.<\/p>\n<p>Il a particulie\u0300rement souligne\u0301 le ro\u0302le des chefs de brigade (CB), les appelant a\u0300 ne pas s&rsquo;arroger le pouvoir de juger des affaires qui ne rele\u0300vent pas de leur compe\u0301tence et d&rsquo;imposer des amendes qui ne be\u0301ne\u0301ficient pas au tre\u0301sor provincial. Il a insiste\u0301 pour que les officiers de police judiciaire (OPJ) et les CB dressent des proce\u0300s-verbaux et transfe\u0300rent tous les conflits aux juges.<\/p>\n<p>En ce qui concerne les conflits intercommunautaires, le gouverneur a identifie\u0301 trois types de conflits dans le Batha, notamment les conflits fonciers lie\u0301s aux limites des champs, les conflits lie\u0301s aux puits de pa\u0302turages, et les conflits entre agriculteurs et e\u0301leveurs. Il a rappele\u0301 aux chefs de canton que les nouvelles cre\u0301ations de terres n&rsquo;ont pas encore e\u0301te\u0301 de\u0301limite\u0301es, et aucun chef de canton ne doit revendiquer un territoire spe\u0301cifique.<\/p>\n<p>Le gouverneur Ahmat Goukouni Mouralli a encourage\u0301 les pre\u0301fets, les sous-pre\u0301fets, les forces de de\u0301fense et de se\u0301curite\u0301, ainsi que les leaders traditionnels a\u0300 assumer leurs responsabilite\u0301s, pour e\u0301liminer les proble\u0300mes entravant le de\u0301veloppement de la province.<\/p>\n<p>Enfin, il a e\u0301voque\u0301 des questions telles que le banditisme, le trafic d&rsquo;enfants vers la Libye, la paix, la cohabitation pacifique entre e\u0301leveurs et agriculteurs, et la collecte des recettes, soulignant que ces sujets ne sont pas ne\u0301glige\u0301s par les autorite\u0301s provinciales.<\/p>\n<p><strong>Pour plus d&rsquo;informations et d&rsquo;analyses sur la <a href=\"https:\/\/www.africa-press.net\/tchad\">Tchad<\/a>, suivez <a href=\"https:\/\/www.africa-press.net\/\">Africa-Press<\/a><\/strong><\/p>\n","protected":false},"excerpt":{"rendered":"<p>Africa-Press &#8211; Tchad. Dans le cadre de sa se\u0301rie de rencontres avec les autorite\u0301s administratives, militaires, et traditionnelles depuis sa prise de fonctions a\u0300 la te\u0302te de la province du Batha, le ge\u0301ne\u0301ral de division Ahmat Goukouni Mouralli, gouverneur de la province du Batha, a organise\u0301 une re\u0301union ce lundi 30 octobre 2023 a\u0300 sa [&hellip;]<\/p>\n","protected":false},"author":82,"featured_media":53176,"comment_status":"open","ping_status":"closed","sticky":false,"template":"","format":"standard","meta":{"footnotes":""},"categories":[2,10],"tags":[37,292,29],"class_list":["post-53177","post","type-post","status-publish","format-standard","has-post-thumbnail","hentry","category-politique","category-toutes-les-actualites","tag-africa-press","tag-africa-press-tchad","tag-tchad"],"yoast_head":"<!-- This site is optimized with the Yoast SEO Premium plugin v26.1 (Yoast SEO v27.0) - https:\/\/yoast.com\/product\/yoast-seo-premium-wordpress\/ -->\n<title>au Batha, la s\u00e9curit\u00e9 et la coh\u00e9sion sociale au centre d&#039;une r\u00e9union - tchad<\/title>\n<meta name=\"description\" content=\"Dans le cadre de sa se\u0301rie de rencontres avec les autorite\u0301s administratives, militaires, et traditionnelles depuis sa p ...\" \/>\n<meta name=\"robots\" content=\"index, follow, max-snippet:-1, max-image-preview:large, max-video-preview:-1\" \/>\n<link rel=\"canonical\" href=\"https:\/\/www.africa-press.net\/tchad\/politique\/au-batha-la-securite-et-la-cohesion-sociale-au-centre-dune-reunion\" \/>\n<meta property=\"og:locale\" content=\"fr_FR\" \/>\n<meta property=\"og:type\" content=\"article\" \/>\n<meta property=\"og:title\" content=\"au Batha, la s\u00e9curit\u00e9 et la coh\u00e9sion sociale au centre d&#039;une r\u00e9union\" \/>\n<meta property=\"og:description\" content=\"Dans le cadre de sa se\u0301rie de rencontres avec les autorite\u0301s administratives, militaires, et traditionnelles depuis sa p ...\" \/>\n<meta property=\"og:url\" content=\"https:\/\/www.africa-press.net\/tchad\/politique\/au-batha-la-securite-et-la-cohesion-sociale-au-centre-dune-reunion\" \/>\n<meta property=\"og:site_name\" content=\"tchad\" \/>\n<meta property=\"article:published_time\" content=\"2023-10-30T17:53:35+00:00\" \/>\n<meta property=\"article:modified_time\" content=\"2023-10-30T18:02:03+00:00\" \/>\n<meta property=\"og:image\" content=\"https:\/\/static.africa-press.net\/tchad\/sites\/41\/2023\/10\/sm_1698676300.617533.jpg\" \/>\n\t<meta property=\"og:image:width\" content=\"720\" \/>\n\t<meta property=\"og:image:height\" content=\"540\" \/>\n\t<meta property=\"og:image:type\" content=\"image\/jpeg\" \/>\n<meta name=\"author\" content=\"cfeditorfr\" \/>\n<meta name=\"twitter:card\" content=\"summary_large_image\" \/>\n<meta name=\"twitter:label1\" content=\"\u00c9crit par\" \/>\n\t<meta name=\"twitter:data1\" content=\"cfeditorfr\" \/>\n\t<meta name=\"twitter:label2\" content=\"Dur\u00e9e de lecture estim\u00e9e\" \/>\n\t<meta name=\"twitter:data2\" content=\"2 minutes\" \/>\n<script type=\"application\/ld+json\" class=\"yoast-schema-graph\">{\"@context\":\"https:\/\/schema.org\",\"@graph\":[{\"@type\":\"Article\",\"@id\":\"https:\/\/www.africa-press.net\/tchad\/politique\/au-batha-la-securite-et-la-cohesion-sociale-au-centre-dune-reunion#article\",\"isPartOf\":{\"@id\":\"https:\/\/www.africa-press.net\/tchad\/politique\/au-batha-la-securite-et-la-cohesion-sociale-au-centre-dune-reunion\"},\"author\":{\"name\":\"cfeditorfr\",\"@id\":\"https:\/\/www.africa-press.net\/tchad\/#\/schema\/person\/2b1cf3cd81a31e3cd26889ca66d677f1\"},\"headline\":\"au Batha, la s\u00e9curit\u00e9 et la coh\u00e9sion sociale au centre d&rsquo;une r\u00e9union\",\"datePublished\":\"2023-10-30T17:53:35+00:00\",\"dateModified\":\"2023-10-30T18:02:03+00:00\",\"mainEntityOfPage\":{\"@id\":\"https:\/\/www.africa-press.net\/tchad\/politique\/au-batha-la-securite-et-la-cohesion-sociale-au-centre-dune-reunion\"},\"wordCount\":480,\"commentCount\":0,\"image\":{\"@id\":\"https:\/\/www.africa-press.net\/tchad\/politique\/au-batha-la-securite-et-la-cohesion-sociale-au-centre-dune-reunion#primaryimage\"},\"thumbnailUrl\":\"https:\/\/static.africa-press.net\/tchad\/sites\/41\/2023\/10\/sm_1698676300.617533.jpg\",\"keywords\":[\"Africa Press\",\"Africa Press-Tchad\",\"Tchad\"],\"articleSection\":[\"Politique\",\"Toutes les actualit\u00e9s\"],\"inLanguage\":\"fr-FR\",\"potentialAction\":[{\"@type\":\"CommentAction\",\"name\":\"Comment\",\"target\":[\"https:\/\/www.africa-press.net\/tchad\/politique\/au-batha-la-securite-et-la-cohesion-sociale-au-centre-dune-reunion#respond\"]}]},{\"@type\":\"WebPage\",\"@id\":\"https:\/\/www.africa-press.net\/tchad\/politique\/au-batha-la-securite-et-la-cohesion-sociale-au-centre-dune-reunion\",\"url\":\"https:\/\/www.africa-press.net\/tchad\/politique\/au-batha-la-securite-et-la-cohesion-sociale-au-centre-dune-reunion\",\"name\":\"au Batha, la s\u00e9curit\u00e9 et la coh\u00e9sion sociale au centre d'une r\u00e9union - tchad\",\"isPartOf\":{\"@id\":\"https:\/\/www.africa-press.net\/tchad\/#website\"},\"primaryImageOfPage\":{\"@id\":\"https:\/\/www.africa-press.net\/tchad\/politique\/au-batha-la-securite-et-la-cohesion-sociale-au-centre-dune-reunion#primaryimage\"},\"image\":{\"@id\":\"https:\/\/www.africa-press.net\/tchad\/politique\/au-batha-la-securite-et-la-cohesion-sociale-au-centre-dune-reunion#primaryimage\"},\"thumbnailUrl\":\"https:\/\/static.africa-press.net\/tchad\/sites\/41\/2023\/10\/sm_1698676300.617533.jpg\",\"datePublished\":\"2023-10-30T17:53:35+00:00\",\"dateModified\":\"2023-10-30T18:02:03+00:00\",\"author\":{\"@id\":\"https:\/\/www.africa-press.net\/tchad\/#\/schema\/person\/2b1cf3cd81a31e3cd26889ca66d677f1\"},\"description\":\"Dans le cadre de sa se\u0301rie de rencontres avec les autorite\u0301s administratives, militaires, et traditionnelles depuis sa p ...\",\"breadcrumb\":{\"@id\":\"https:\/\/www.africa-press.net\/tchad\/politique\/au-batha-la-securite-et-la-cohesion-sociale-au-centre-dune-reunion#breadcrumb\"},\"inLanguage\":\"fr-FR\",\"potentialAction\":[{\"@type\":\"ReadAction\",\"target\":[\"https:\/\/www.africa-press.net\/tchad\/politique\/au-batha-la-securite-et-la-cohesion-sociale-au-centre-dune-reunion\"]}]},{\"@type\":\"ImageObject\",\"inLanguage\":\"fr-FR\",\"@id\":\"https:\/\/www.africa-press.net\/tchad\/politique\/au-batha-la-securite-et-la-cohesion-sociale-au-centre-dune-reunion#primaryimage\",\"url\":\"https:\/\/static.africa-press.net\/tchad\/sites\/41\/2023\/10\/sm_1698676300.617533.jpg\",\"contentUrl\":\"https:\/\/static.africa-press.net\/tchad\/sites\/41\/2023\/10\/sm_1698676300.617533.jpg\",\"width\":720,\"height\":540,\"caption\":\"au Batha, la s\u00e9curit\u00e9 et la coh\u00e9sion sociale au centre d'une r\u00e9union\"},{\"@type\":\"BreadcrumbList\",\"@id\":\"https:\/\/www.africa-press.net\/tchad\/politique\/au-batha-la-securite-et-la-cohesion-sociale-au-centre-dune-reunion#breadcrumb\",\"itemListElement\":[{\"@type\":\"ListItem\",\"position\":1,\"name\":\"Accueil\",\"item\":\"https:\/\/www.africa-press.net\/tchad\/\"},{\"@type\":\"ListItem\",\"position\":2,\"name\":\"au Batha, la s\u00e9curit\u00e9 et la coh\u00e9sion sociale au centre d&#8217;une r\u00e9union\"}]},{\"@type\":\"WebSite\",\"@id\":\"https:\/\/www.africa-press.net\/tchad\/#website\",\"url\":\"https:\/\/www.africa-press.net\/tchad\/\",\"name\":\"tchad\",\"description\":\"Just another Africa News Agency Sites site\",\"potentialAction\":[{\"@type\":\"SearchAction\",\"target\":{\"@type\":\"EntryPoint\",\"urlTemplate\":\"https:\/\/www.africa-press.net\/tchad\/?s={search_term_string}\"},\"query-input\":{\"@type\":\"PropertyValueSpecification\",\"valueRequired\":true,\"valueName\":\"search_term_string\"}}],\"inLanguage\":\"fr-FR\"},{\"@type\":\"Person\",\"@id\":\"https:\/\/www.africa-press.net\/tchad\/#\/schema\/person\/2b1cf3cd81a31e3cd26889ca66d677f1\",\"name\":\"cfeditorfr\"}]}<\/script>\n<!-- \/ Yoast SEO Premium plugin. -->","yoast_head_json":{"title":"au Batha, la s\u00e9curit\u00e9 et la coh\u00e9sion sociale au centre d'une r\u00e9union - tchad","description":"Dans le cadre de sa se\u0301rie de rencontres avec les autorite\u0301s administratives, militaires, et traditionnelles depuis sa p ...","robots":{"index":"index","follow":"follow","max-snippet":"max-snippet:-1","max-image-preview":"max-image-preview:large","max-video-preview":"max-video-preview:-1"},"canonical":"https:\/\/www.africa-press.net\/tchad\/politique\/au-batha-la-securite-et-la-cohesion-sociale-au-centre-dune-reunion","og_locale":"fr_FR","og_type":"article","og_title":"au Batha, la s\u00e9curit\u00e9 et la coh\u00e9sion sociale au centre d'une r\u00e9union","og_description":"Dans le cadre de sa se\u0301rie de rencontres avec les autorite\u0301s administratives, militaires, et traditionnelles depuis sa p ...","og_url":"https:\/\/www.africa-press.net\/tchad\/politique\/au-batha-la-securite-et-la-cohesion-sociale-au-centre-dune-reunion","og_site_name":"tchad","article_published_time":"2023-10-30T17:53:35+00:00","article_modified_time":"2023-10-30T18:02:03+00:00","og_image":[{"width":720,"height":540,"url":"https:\/\/static.africa-press.net\/tchad\/sites\/41\/2023\/10\/sm_1698676300.617533.jpg","type":"image\/jpeg"}],"author":"cfeditorfr","twitter_card":"summary_large_image","twitter_misc":{"\u00c9crit par":"cfeditorfr","Dur\u00e9e de lecture estim\u00e9e":"2 minutes"},"schema":{"@context":"https:\/\/schema.org","@graph":[{"@type":"Article","@id":"https:\/\/www.africa-press.net\/tchad\/politique\/au-batha-la-securite-et-la-cohesion-sociale-au-centre-dune-reunion#article","isPartOf":{"@id":"https:\/\/www.africa-press.net\/tchad\/politique\/au-batha-la-securite-et-la-cohesion-sociale-au-centre-dune-reunion"},"author":{"name":"cfeditorfr","@id":"https:\/\/www.africa-press.net\/tchad\/#\/schema\/person\/2b1cf3cd81a31e3cd26889ca66d677f1"},"headline":"au Batha, la s\u00e9curit\u00e9 et la coh\u00e9sion sociale au centre d&rsquo;une r\u00e9union","datePublished":"2023-10-30T17:53:35+00:00","dateModified":"2023-10-30T18:02:03+00:00","mainEntityOfPage":{"@id":"https:\/\/www.africa-press.net\/tchad\/politique\/au-batha-la-securite-et-la-cohesion-sociale-au-centre-dune-reunion"},"wordCount":480,"commentCount":0,"image":{"@id":"https:\/\/www.africa-press.net\/tchad\/politique\/au-batha-la-securite-et-la-cohesion-sociale-au-centre-dune-reunion#primaryimage"},"thumbnailUrl":"https:\/\/static.africa-press.net\/tchad\/sites\/41\/2023\/10\/sm_1698676300.617533.jpg","keywords":["Africa Press","Africa Press-Tchad","Tchad"],"articleSection":["Politique","Toutes les actualit\u00e9s"],"inLanguage":"fr-FR","potentialAction":[{"@type":"CommentAction","name":"Comment","target":["https:\/\/www.africa-press.net\/tchad\/politique\/au-batha-la-securite-et-la-cohesion-sociale-au-centre-dune-reunion#respond"]}]},{"@type":"WebPage","@id":"https:\/\/www.africa-press.net\/tchad\/politique\/au-batha-la-securite-et-la-cohesion-sociale-au-centre-dune-reunion","url":"https:\/\/www.africa-press.net\/tchad\/politique\/au-batha-la-securite-et-la-cohesion-sociale-au-centre-dune-reunion","name":"au Batha, la s\u00e9curit\u00e9 et la coh\u00e9sion sociale au centre d'une r\u00e9union - tchad","isPartOf":{"@id":"https:\/\/www.africa-press.net\/tchad\/#website"},"primaryImageOfPage":{"@id":"https:\/\/www.africa-press.net\/tchad\/politique\/au-batha-la-securite-et-la-cohesion-sociale-au-centre-dune-reunion#primaryimage"},"image":{"@id":"https:\/\/www.africa-press.net\/tchad\/politique\/au-batha-la-securite-et-la-cohesion-sociale-au-centre-dune-reunion#primaryimage"},"thumbnailUrl":"https:\/\/static.africa-press.net\/tchad\/sites\/41\/2023\/10\/sm_1698676300.617533.jpg","datePublished":"2023-10-30T17:53:35+00:00","dateModified":"2023-10-30T18:02:03+00:00","author":{"@id":"https:\/\/www.africa-press.net\/tchad\/#\/schema\/person\/2b1cf3cd81a31e3cd26889ca66d677f1"},"description":"Dans le cadre de sa se\u0301rie de rencontres avec les autorite\u0301s administratives, militaires, et traditionnelles depuis sa p ...","breadcrumb":{"@id":"https:\/\/www.africa-press.net\/tchad\/politique\/au-batha-la-securite-et-la-cohesion-sociale-au-centre-dune-reunion#breadcrumb"},"inLanguage":"fr-FR","potentialAction":[{"@type":"ReadAction","target":["https:\/\/www.africa-press.net\/tchad\/politique\/au-batha-la-securite-et-la-cohesion-sociale-au-centre-dune-reunion"]}]},{"@type":"ImageObject","inLanguage":"fr-FR","@id":"https:\/\/www.africa-press.net\/tchad\/politique\/au-batha-la-securite-et-la-cohesion-sociale-au-centre-dune-reunion#primaryimage","url":"https:\/\/static.africa-press.net\/tchad\/sites\/41\/2023\/10\/sm_1698676300.617533.jpg","contentUrl":"https:\/\/static.africa-press.net\/tchad\/sites\/41\/2023\/10\/sm_1698676300.617533.jpg","width":720,"height":540,"caption":"au Batha, la s\u00e9curit\u00e9 et la coh\u00e9sion sociale au centre d'une r\u00e9union"},{"@type":"BreadcrumbList","@id":"https:\/\/www.africa-press.net\/tchad\/politique\/au-batha-la-securite-et-la-cohesion-sociale-au-centre-dune-reunion#breadcrumb","itemListElement":[{"@type":"ListItem","position":1,"name":"Accueil","item":"https:\/\/www.africa-press.net\/tchad\/"},{"@type":"ListItem","position":2,"name":"au Batha, la s\u00e9curit\u00e9 et la coh\u00e9sion sociale au centre d&#8217;une r\u00e9union"}]},{"@type":"WebSite","@id":"https:\/\/www.africa-press.net\/tchad\/#website","url":"https:\/\/www.africa-press.net\/tchad\/","name":"tchad","description":"Just another Africa News Agency Sites site","potentialAction":[{"@type":"SearchAction","target":{"@type":"EntryPoint","urlTemplate":"https:\/\/www.africa-press.net\/tchad\/?s={search_term_string}"},"query-input":{"@type":"PropertyValueSpecification","valueRequired":true,"valueName":"search_term_string"}}],"inLanguage":"fr-FR"},{"@type":"Person","@id":"https:\/\/www.africa-press.net\/tchad\/#\/schema\/person\/2b1cf3cd81a31e3cd26889ca66d677f1","name":"cfeditorfr"}]}},"_links":{"self":[{"href":"https:\/\/www.africa-press.net\/tchad\/wp-json\/wp\/v2\/posts\/53177","targetHints":{"allow":["GET"]}}],"collection":[{"href":"https:\/\/www.africa-press.net\/tchad\/wp-json\/wp\/v2\/posts"}],"about":[{"href":"https:\/\/www.africa-press.net\/tchad\/wp-json\/wp\/v2\/types\/post"}],"author":[{"embeddable":true,"href":"https:\/\/www.africa-press.net\/tchad\/wp-json\/wp\/v2\/users\/82"}],"replies":[{"embeddable":true,"href":"https:\/\/www.africa-press.net\/tchad\/wp-json\/wp\/v2\/comments?post=53177"}],"version-history":[{"count":0,"href":"https:\/\/www.africa-press.net\/tchad\/wp-json\/wp\/v2\/posts\/53177\/revisions"}],"wp:featuredmedia":[{"embeddable":true,"href":"https:\/\/www.africa-press.net\/tchad\/wp-json\/wp\/v2\/media\/53176"}],"wp:attachment":[{"href":"https:\/\/www.africa-press.net\/tchad\/wp-json\/wp\/v2\/media?parent=53177"}],"wp:term":[{"taxonomy":"category","embeddable":true,"href":"https:\/\/www.africa-press.net\/tchad\/wp-json\/wp\/v2\/categories?post=53177"},{"taxonomy":"post_tag","embeddable":true,"href":"https:\/\/www.africa-press.net\/tchad\/wp-json\/wp\/v2\/tags?post=53177"}],"curies":[{"name":"wp","href":"https:\/\/api.w.org\/{rel}","templated":true}]}}