{"id":53203,"date":"2023-10-31T16:31:03","date_gmt":"2023-10-31T16:31:03","guid":{"rendered":"https:\/\/www.africa-press.net\/tchad\/politique\/la-ministre-sgg-presidente-du-cta-hcp-evalue-la-mise-en-oeuvre-des-resolutions-du-dnis"},"modified":"2023-10-31T17:06:45","modified_gmt":"2023-10-31T17:06:45","slug":"la-ministre-sgg-presidente-du-cta-hcp-evalue-la-mise-en-oeuvre-des-resolutions-du-dnis","status":"publish","type":"post","link":"https:\/\/www.africa-press.net\/tchad\/politique\/la-ministre-sgg-presidente-du-cta-hcp-evalue-la-mise-en-oeuvre-des-resolutions-du-dnis","title":{"rendered":"la ministre SGG (Pr\u00e9sidente du CTA-HCP) \u00e9value la mise en \u0153uvre des r\u00e9solutions du DNIS"},"content":{"rendered":"<p><span style=\"color: #ff6600\"><strong>Africa-Press &#8211; Tchad. <\/strong><\/span>L&rsquo;objectif de cette rencontre e\u0301tait, selon elle, de prendre contact en tant que nouvelle pre\u0301sidente du comite\u0301 et d&rsquo;e\u0301valuer l&rsquo;e\u0301tat d&rsquo;avancement de la mise en \u0153uvre des re\u0301solutions du DNIS. Elle a rappele\u0301 que le gouvernement est cense\u0301 mettre en \u0153uvre le cahier des charges issu du DNIS. Elle a souligne\u0301 le ro\u0302le crucial du Haut Comite\u0301 de Pilotage, charge\u0301 de superviser la mise en \u0153uvre des re\u0301solutions et recommandations du DNIS. Dr. Ramatou Mahamat Houtouin a e\u0301galement mentionne\u0301 le volet de vulgarisation de\u0301veloppe\u0301 par le comite\u0301.<\/p>\n<p>A\u0300 l&rsquo;issue de la re\u0301union, Dr. Ramatou Mahamat Houtouin a informe\u0301 les participants qu&rsquo;il e\u0301tait e\u0301galement question de s&rsquo;informer sur les de\u0301fis rencontre\u0301s par le comite\u0301 et les perspectives a\u0300 venir.<\/p>\n<p>Le rapporteur ge\u0301ne\u0301ral du comite\u0301, Senoussi Hassana Abdoulaye, a pour sa part explique\u0301 que l&rsquo;ide\u0301e e\u0301tait de re\u0301aliser un exercice d&rsquo;e\u0301valuation des diffe\u0301rentes sous-commissions charge\u0301es du suivi de la mise en \u0153uvre des re\u0301solutions du DNIS.<\/p>\n<p><strong>Pour plus d&rsquo;informations et d&rsquo;analyses sur la <a href=\"https:\/\/www.africa-press.net\/tchad\">Tchad<\/a>, suivez <a href=\"https:\/\/www.africa-press.net\/\">Africa-Press<\/a><\/strong><\/p>\n","protected":false},"excerpt":{"rendered":"<p>Africa-Press &#8211; Tchad. L&rsquo;objectif de cette rencontre e\u0301tait, selon elle, de prendre contact en tant que nouvelle pre\u0301sidente du comite\u0301 et d&rsquo;e\u0301valuer l&rsquo;e\u0301tat d&rsquo;avancement de la mise en \u0153uvre des re\u0301solutions du DNIS. Elle a rappele\u0301 que le gouvernement est cense\u0301 mettre en \u0153uvre le cahier des charges issu du DNIS. Elle a souligne\u0301 le [&hellip;]<\/p>\n","protected":false},"author":82,"featured_media":53202,"comment_status":"open","ping_status":"closed","sticky":false,"template":"","format":"standard","meta":{"footnotes":""},"categories":[2,10],"tags":[37,292,29],"class_list":["post-53203","post","type-post","status-publish","format-standard","has-post-thumbnail","hentry","category-politique","category-toutes-les-actualites","tag-africa-press","tag-africa-press-tchad","tag-tchad"],"yoast_head":"<!-- This site is optimized with the Yoast SEO Premium plugin v26.1 (Yoast SEO v27.0) - https:\/\/yoast.com\/product\/yoast-seo-premium-wordpress\/ -->\n<title>la ministre SGG (Pr\u00e9sidente du CTA-HCP) \u00e9value la mise en \u0153uvre des r\u00e9solutions du DNIS - tchad<\/title>\n<meta name=\"description\" content=\"L&#039;objectif de cette rencontre e\u0301tait, selon elle, de prendre contact en tant que nouvelle pre\u0301sidente du comite\u0301 et d&#039;e\u0301 ...\" \/>\n<meta name=\"robots\" content=\"index, follow, max-snippet:-1, max-image-preview:large, max-video-preview:-1\" \/>\n<link rel=\"canonical\" href=\"https:\/\/www.africa-press.net\/tchad\/politique\/la-ministre-sgg-presidente-du-cta-hcp-evalue-la-mise-en-oeuvre-des-resolutions-du-dnis\" \/>\n<meta property=\"og:locale\" content=\"fr_FR\" \/>\n<meta property=\"og:type\" content=\"article\" \/>\n<meta property=\"og:title\" content=\"la ministre SGG (Pr\u00e9sidente du CTA-HCP) \u00e9value la mise en \u0153uvre des r\u00e9solutions du DNIS\" \/>\n<meta property=\"og:description\" content=\"L&#039;objectif de cette rencontre e\u0301tait, selon elle, de prendre contact en tant que nouvelle pre\u0301sidente du comite\u0301 et d&#039;e\u0301 ...\" \/>\n<meta property=\"og:url\" content=\"https:\/\/www.africa-press.net\/tchad\/politique\/la-ministre-sgg-presidente-du-cta-hcp-evalue-la-mise-en-oeuvre-des-resolutions-du-dnis\" \/>\n<meta property=\"og:site_name\" content=\"tchad\" \/>\n<meta property=\"article:published_time\" content=\"2023-10-31T16:31:03+00:00\" \/>\n<meta property=\"article:modified_time\" content=\"2023-10-31T17:06:45+00:00\" \/>\n<meta property=\"og:image\" content=\"https:\/\/static.africa-press.net\/tchad\/sites\/41\/2023\/10\/sm_1698759356.321884.jpg\" \/>\n\t<meta property=\"og:image:width\" content=\"720\" \/>\n\t<meta property=\"og:image:height\" content=\"406\" \/>\n\t<meta property=\"og:image:type\" content=\"image\/jpeg\" \/>\n<meta name=\"author\" content=\"cfeditorfr\" \/>\n<meta name=\"twitter:card\" content=\"summary_large_image\" \/>\n<meta name=\"twitter:label1\" content=\"\u00c9crit par\" \/>\n\t<meta name=\"twitter:data1\" content=\"cfeditorfr\" \/>\n\t<meta name=\"twitter:label2\" content=\"Dur\u00e9e de lecture estim\u00e9e\" \/>\n\t<meta name=\"twitter:data2\" content=\"1 minute\" \/>\n<script type=\"application\/ld+json\" class=\"yoast-schema-graph\">{\"@context\":\"https:\/\/schema.org\",\"@graph\":[{\"@type\":\"Article\",\"@id\":\"https:\/\/www.africa-press.net\/tchad\/politique\/la-ministre-sgg-presidente-du-cta-hcp-evalue-la-mise-en-oeuvre-des-resolutions-du-dnis#article\",\"isPartOf\":{\"@id\":\"https:\/\/www.africa-press.net\/tchad\/politique\/la-ministre-sgg-presidente-du-cta-hcp-evalue-la-mise-en-oeuvre-des-resolutions-du-dnis\"},\"author\":{\"name\":\"cfeditorfr\",\"@id\":\"https:\/\/www.africa-press.net\/tchad\/#\/schema\/person\/2b1cf3cd81a31e3cd26889ca66d677f1\"},\"headline\":\"la ministre SGG (Pr\u00e9sidente du CTA-HCP) \u00e9value la mise en \u0153uvre des r\u00e9solutions du DNIS\",\"datePublished\":\"2023-10-31T16:31:03+00:00\",\"dateModified\":\"2023-10-31T17:06:45+00:00\",\"mainEntityOfPage\":{\"@id\":\"https:\/\/www.africa-press.net\/tchad\/politique\/la-ministre-sgg-presidente-du-cta-hcp-evalue-la-mise-en-oeuvre-des-resolutions-du-dnis\"},\"wordCount\":218,\"commentCount\":0,\"image\":{\"@id\":\"https:\/\/www.africa-press.net\/tchad\/politique\/la-ministre-sgg-presidente-du-cta-hcp-evalue-la-mise-en-oeuvre-des-resolutions-du-dnis#primaryimage\"},\"thumbnailUrl\":\"https:\/\/static.africa-press.net\/tchad\/sites\/41\/2023\/10\/sm_1698759356.321884.jpg\",\"keywords\":[\"Africa Press\",\"Africa Press-Tchad\",\"Tchad\"],\"articleSection\":[\"Politique\",\"Toutes les actualit\u00e9s\"],\"inLanguage\":\"fr-FR\",\"potentialAction\":[{\"@type\":\"CommentAction\",\"name\":\"Comment\",\"target\":[\"https:\/\/www.africa-press.net\/tchad\/politique\/la-ministre-sgg-presidente-du-cta-hcp-evalue-la-mise-en-oeuvre-des-resolutions-du-dnis#respond\"]}]},{\"@type\":\"WebPage\",\"@id\":\"https:\/\/www.africa-press.net\/tchad\/politique\/la-ministre-sgg-presidente-du-cta-hcp-evalue-la-mise-en-oeuvre-des-resolutions-du-dnis\",\"url\":\"https:\/\/www.africa-press.net\/tchad\/politique\/la-ministre-sgg-presidente-du-cta-hcp-evalue-la-mise-en-oeuvre-des-resolutions-du-dnis\",\"name\":\"la ministre SGG (Pr\u00e9sidente du CTA-HCP) \u00e9value la mise en \u0153uvre des r\u00e9solutions du DNIS - tchad\",\"isPartOf\":{\"@id\":\"https:\/\/www.africa-press.net\/tchad\/#website\"},\"primaryImageOfPage\":{\"@id\":\"https:\/\/www.africa-press.net\/tchad\/politique\/la-ministre-sgg-presidente-du-cta-hcp-evalue-la-mise-en-oeuvre-des-resolutions-du-dnis#primaryimage\"},\"image\":{\"@id\":\"https:\/\/www.africa-press.net\/tchad\/politique\/la-ministre-sgg-presidente-du-cta-hcp-evalue-la-mise-en-oeuvre-des-resolutions-du-dnis#primaryimage\"},\"thumbnailUrl\":\"https:\/\/static.africa-press.net\/tchad\/sites\/41\/2023\/10\/sm_1698759356.321884.jpg\",\"datePublished\":\"2023-10-31T16:31:03+00:00\",\"dateModified\":\"2023-10-31T17:06:45+00:00\",\"author\":{\"@id\":\"https:\/\/www.africa-press.net\/tchad\/#\/schema\/person\/2b1cf3cd81a31e3cd26889ca66d677f1\"},\"description\":\"L'objectif de cette rencontre e\u0301tait, selon elle, de prendre contact en tant que nouvelle pre\u0301sidente du comite\u0301 et d'e\u0301 ...\",\"breadcrumb\":{\"@id\":\"https:\/\/www.africa-press.net\/tchad\/politique\/la-ministre-sgg-presidente-du-cta-hcp-evalue-la-mise-en-oeuvre-des-resolutions-du-dnis#breadcrumb\"},\"inLanguage\":\"fr-FR\",\"potentialAction\":[{\"@type\":\"ReadAction\",\"target\":[\"https:\/\/www.africa-press.net\/tchad\/politique\/la-ministre-sgg-presidente-du-cta-hcp-evalue-la-mise-en-oeuvre-des-resolutions-du-dnis\"]}]},{\"@type\":\"ImageObject\",\"inLanguage\":\"fr-FR\",\"@id\":\"https:\/\/www.africa-press.net\/tchad\/politique\/la-ministre-sgg-presidente-du-cta-hcp-evalue-la-mise-en-oeuvre-des-resolutions-du-dnis#primaryimage\",\"url\":\"https:\/\/static.africa-press.net\/tchad\/sites\/41\/2023\/10\/sm_1698759356.321884.jpg\",\"contentUrl\":\"https:\/\/static.africa-press.net\/tchad\/sites\/41\/2023\/10\/sm_1698759356.321884.jpg\",\"width\":720,\"height\":406,\"caption\":\"la ministre SGG (Pr\u00e9sidente du CTA-HCP) \u00e9value la mise en \u0153uvre des r\u00e9solutions du DNIS\"},{\"@type\":\"BreadcrumbList\",\"@id\":\"https:\/\/www.africa-press.net\/tchad\/politique\/la-ministre-sgg-presidente-du-cta-hcp-evalue-la-mise-en-oeuvre-des-resolutions-du-dnis#breadcrumb\",\"itemListElement\":[{\"@type\":\"ListItem\",\"position\":1,\"name\":\"Accueil\",\"item\":\"https:\/\/www.africa-press.net\/tchad\/\"},{\"@type\":\"ListItem\",\"position\":2,\"name\":\"la ministre SGG (Pr\u00e9sidente du CTA-HCP) \u00e9value la mise en \u0153uvre des r\u00e9solutions du DNIS\"}]},{\"@type\":\"WebSite\",\"@id\":\"https:\/\/www.africa-press.net\/tchad\/#website\",\"url\":\"https:\/\/www.africa-press.net\/tchad\/\",\"name\":\"tchad\",\"description\":\"Just another Africa News Agency Sites site\",\"potentialAction\":[{\"@type\":\"SearchAction\",\"target\":{\"@type\":\"EntryPoint\",\"urlTemplate\":\"https:\/\/www.africa-press.net\/tchad\/?s={search_term_string}\"},\"query-input\":{\"@type\":\"PropertyValueSpecification\",\"valueRequired\":true,\"valueName\":\"search_term_string\"}}],\"inLanguage\":\"fr-FR\"},{\"@type\":\"Person\",\"@id\":\"https:\/\/www.africa-press.net\/tchad\/#\/schema\/person\/2b1cf3cd81a31e3cd26889ca66d677f1\",\"name\":\"cfeditorfr\"}]}<\/script>\n<!-- \/ Yoast SEO Premium plugin. -->","yoast_head_json":{"title":"la ministre SGG (Pr\u00e9sidente du CTA-HCP) \u00e9value la mise en \u0153uvre des r\u00e9solutions du DNIS - tchad","description":"L'objectif de cette rencontre e\u0301tait, selon elle, de prendre contact en tant que nouvelle pre\u0301sidente du comite\u0301 et d'e\u0301 ...","robots":{"index":"index","follow":"follow","max-snippet":"max-snippet:-1","max-image-preview":"max-image-preview:large","max-video-preview":"max-video-preview:-1"},"canonical":"https:\/\/www.africa-press.net\/tchad\/politique\/la-ministre-sgg-presidente-du-cta-hcp-evalue-la-mise-en-oeuvre-des-resolutions-du-dnis","og_locale":"fr_FR","og_type":"article","og_title":"la ministre SGG (Pr\u00e9sidente du CTA-HCP) \u00e9value la mise en \u0153uvre des r\u00e9solutions du DNIS","og_description":"L'objectif de cette rencontre e\u0301tait, selon elle, de prendre contact en tant que nouvelle pre\u0301sidente du comite\u0301 et d'e\u0301 ...","og_url":"https:\/\/www.africa-press.net\/tchad\/politique\/la-ministre-sgg-presidente-du-cta-hcp-evalue-la-mise-en-oeuvre-des-resolutions-du-dnis","og_site_name":"tchad","article_published_time":"2023-10-31T16:31:03+00:00","article_modified_time":"2023-10-31T17:06:45+00:00","og_image":[{"width":720,"height":406,"url":"https:\/\/static.africa-press.net\/tchad\/sites\/41\/2023\/10\/sm_1698759356.321884.jpg","type":"image\/jpeg"}],"author":"cfeditorfr","twitter_card":"summary_large_image","twitter_misc":{"\u00c9crit par":"cfeditorfr","Dur\u00e9e de lecture estim\u00e9e":"1 minute"},"schema":{"@context":"https:\/\/schema.org","@graph":[{"@type":"Article","@id":"https:\/\/www.africa-press.net\/tchad\/politique\/la-ministre-sgg-presidente-du-cta-hcp-evalue-la-mise-en-oeuvre-des-resolutions-du-dnis#article","isPartOf":{"@id":"https:\/\/www.africa-press.net\/tchad\/politique\/la-ministre-sgg-presidente-du-cta-hcp-evalue-la-mise-en-oeuvre-des-resolutions-du-dnis"},"author":{"name":"cfeditorfr","@id":"https:\/\/www.africa-press.net\/tchad\/#\/schema\/person\/2b1cf3cd81a31e3cd26889ca66d677f1"},"headline":"la ministre SGG (Pr\u00e9sidente du CTA-HCP) \u00e9value la mise en \u0153uvre des r\u00e9solutions du DNIS","datePublished":"2023-10-31T16:31:03+00:00","dateModified":"2023-10-31T17:06:45+00:00","mainEntityOfPage":{"@id":"https:\/\/www.africa-press.net\/tchad\/politique\/la-ministre-sgg-presidente-du-cta-hcp-evalue-la-mise-en-oeuvre-des-resolutions-du-dnis"},"wordCount":218,"commentCount":0,"image":{"@id":"https:\/\/www.africa-press.net\/tchad\/politique\/la-ministre-sgg-presidente-du-cta-hcp-evalue-la-mise-en-oeuvre-des-resolutions-du-dnis#primaryimage"},"thumbnailUrl":"https:\/\/static.africa-press.net\/tchad\/sites\/41\/2023\/10\/sm_1698759356.321884.jpg","keywords":["Africa Press","Africa Press-Tchad","Tchad"],"articleSection":["Politique","Toutes les actualit\u00e9s"],"inLanguage":"fr-FR","potentialAction":[{"@type":"CommentAction","name":"Comment","target":["https:\/\/www.africa-press.net\/tchad\/politique\/la-ministre-sgg-presidente-du-cta-hcp-evalue-la-mise-en-oeuvre-des-resolutions-du-dnis#respond"]}]},{"@type":"WebPage","@id":"https:\/\/www.africa-press.net\/tchad\/politique\/la-ministre-sgg-presidente-du-cta-hcp-evalue-la-mise-en-oeuvre-des-resolutions-du-dnis","url":"https:\/\/www.africa-press.net\/tchad\/politique\/la-ministre-sgg-presidente-du-cta-hcp-evalue-la-mise-en-oeuvre-des-resolutions-du-dnis","name":"la ministre SGG (Pr\u00e9sidente du CTA-HCP) \u00e9value la mise en \u0153uvre des r\u00e9solutions du DNIS - tchad","isPartOf":{"@id":"https:\/\/www.africa-press.net\/tchad\/#website"},"primaryImageOfPage":{"@id":"https:\/\/www.africa-press.net\/tchad\/politique\/la-ministre-sgg-presidente-du-cta-hcp-evalue-la-mise-en-oeuvre-des-resolutions-du-dnis#primaryimage"},"image":{"@id":"https:\/\/www.africa-press.net\/tchad\/politique\/la-ministre-sgg-presidente-du-cta-hcp-evalue-la-mise-en-oeuvre-des-resolutions-du-dnis#primaryimage"},"thumbnailUrl":"https:\/\/static.africa-press.net\/tchad\/sites\/41\/2023\/10\/sm_1698759356.321884.jpg","datePublished":"2023-10-31T16:31:03+00:00","dateModified":"2023-10-31T17:06:45+00:00","author":{"@id":"https:\/\/www.africa-press.net\/tchad\/#\/schema\/person\/2b1cf3cd81a31e3cd26889ca66d677f1"},"description":"L'objectif de cette rencontre e\u0301tait, selon elle, de prendre contact en tant que nouvelle pre\u0301sidente du comite\u0301 et d'e\u0301 ...","breadcrumb":{"@id":"https:\/\/www.africa-press.net\/tchad\/politique\/la-ministre-sgg-presidente-du-cta-hcp-evalue-la-mise-en-oeuvre-des-resolutions-du-dnis#breadcrumb"},"inLanguage":"fr-FR","potentialAction":[{"@type":"ReadAction","target":["https:\/\/www.africa-press.net\/tchad\/politique\/la-ministre-sgg-presidente-du-cta-hcp-evalue-la-mise-en-oeuvre-des-resolutions-du-dnis"]}]},{"@type":"ImageObject","inLanguage":"fr-FR","@id":"https:\/\/www.africa-press.net\/tchad\/politique\/la-ministre-sgg-presidente-du-cta-hcp-evalue-la-mise-en-oeuvre-des-resolutions-du-dnis#primaryimage","url":"https:\/\/static.africa-press.net\/tchad\/sites\/41\/2023\/10\/sm_1698759356.321884.jpg","contentUrl":"https:\/\/static.africa-press.net\/tchad\/sites\/41\/2023\/10\/sm_1698759356.321884.jpg","width":720,"height":406,"caption":"la ministre SGG (Pr\u00e9sidente du CTA-HCP) \u00e9value la mise en \u0153uvre des r\u00e9solutions du DNIS"},{"@type":"BreadcrumbList","@id":"https:\/\/www.africa-press.net\/tchad\/politique\/la-ministre-sgg-presidente-du-cta-hcp-evalue-la-mise-en-oeuvre-des-resolutions-du-dnis#breadcrumb","itemListElement":[{"@type":"ListItem","position":1,"name":"Accueil","item":"https:\/\/www.africa-press.net\/tchad\/"},{"@type":"ListItem","position":2,"name":"la ministre SGG (Pr\u00e9sidente du CTA-HCP) \u00e9value la mise en \u0153uvre des r\u00e9solutions du DNIS"}]},{"@type":"WebSite","@id":"https:\/\/www.africa-press.net\/tchad\/#website","url":"https:\/\/www.africa-press.net\/tchad\/","name":"tchad","description":"Just another Africa News Agency Sites site","potentialAction":[{"@type":"SearchAction","target":{"@type":"EntryPoint","urlTemplate":"https:\/\/www.africa-press.net\/tchad\/?s={search_term_string}"},"query-input":{"@type":"PropertyValueSpecification","valueRequired":true,"valueName":"search_term_string"}}],"inLanguage":"fr-FR"},{"@type":"Person","@id":"https:\/\/www.africa-press.net\/tchad\/#\/schema\/person\/2b1cf3cd81a31e3cd26889ca66d677f1","name":"cfeditorfr"}]}},"_links":{"self":[{"href":"https:\/\/www.africa-press.net\/tchad\/wp-json\/wp\/v2\/posts\/53203","targetHints":{"allow":["GET"]}}],"collection":[{"href":"https:\/\/www.africa-press.net\/tchad\/wp-json\/wp\/v2\/posts"}],"about":[{"href":"https:\/\/www.africa-press.net\/tchad\/wp-json\/wp\/v2\/types\/post"}],"author":[{"embeddable":true,"href":"https:\/\/www.africa-press.net\/tchad\/wp-json\/wp\/v2\/users\/82"}],"replies":[{"embeddable":true,"href":"https:\/\/www.africa-press.net\/tchad\/wp-json\/wp\/v2\/comments?post=53203"}],"version-history":[{"count":0,"href":"https:\/\/www.africa-press.net\/tchad\/wp-json\/wp\/v2\/posts\/53203\/revisions"}],"wp:featuredmedia":[{"embeddable":true,"href":"https:\/\/www.africa-press.net\/tchad\/wp-json\/wp\/v2\/media\/53202"}],"wp:attachment":[{"href":"https:\/\/www.africa-press.net\/tchad\/wp-json\/wp\/v2\/media?parent=53203"}],"wp:term":[{"taxonomy":"category","embeddable":true,"href":"https:\/\/www.africa-press.net\/tchad\/wp-json\/wp\/v2\/categories?post=53203"},{"taxonomy":"post_tag","embeddable":true,"href":"https:\/\/www.africa-press.net\/tchad\/wp-json\/wp\/v2\/tags?post=53203"}],"curies":[{"name":"wp","href":"https:\/\/api.w.org\/{rel}","templated":true}]}}