{"id":53208,"date":"2023-10-31T16:32:07","date_gmt":"2023-10-31T16:32:07","guid":{"rendered":"https:\/\/www.africa-press.net\/tchad\/politique\/nouvelles-mesures-de-securite-pour-les-moto-taxis-dans-le-kanem"},"modified":"2023-10-31T17:07:28","modified_gmt":"2023-10-31T17:07:28","slug":"nouvelles-mesures-de-securite-pour-les-moto-taxis-dans-le-kanem","status":"publish","type":"post","link":"https:\/\/www.africa-press.net\/tchad\/toutes-les-actualites\/nouvelles-mesures-de-securite-pour-les-moto-taxis-dans-le-kanem","title":{"rendered":"nouvelles mesures de s\u00e9curit\u00e9 pour les moto-taxis dans le Kanem"},"content":{"rendered":"<p><span style=\"color: #ff6600\"><strong>Africa-Press &#8211; Tchad. <\/strong><\/span>Accompagne\u0301 de ses collaborateurs, notamment les principaux acteurs des Forces de De\u0301fense et de Se\u0301curite\u0301, le gouverneur du Kanem a exprime\u0301 sa satisfaction quant au calme qui re\u0300gne dans la province jusqu&rsquo;a\u0300 pre\u0301sent. Il a encourage\u0301 ses collaborateurs a\u0300 maintenir cette tranquillite\u0301 avec une vigilance accrue, dans le but de prote\u0301ger les habitants locaux et leurs biens, tout en pre\u0301venant toute perturbation potentielle pour la population laborieuse du Kanem.<\/p>\n<p>Par ailleurs, des mesures ont e\u0301te\u0301 prises pour re\u0301glementer le secteur informel du transport, en particulier les moto-taxis, afin de re\u0301pondre aux exigences du secteur. Ces mesures comprennent l&rsquo;obligation d&rsquo;immatriculer toutes les moto-taxis circulant dans la province. Une commission mixte sera cre\u0301e\u0301e pour superviser la mise en \u0153uvre de ces mesures et faciliter le processus d&rsquo;immatriculation de ces deux-roues.<\/p>\n<p>Il s&rsquo;agit d&rsquo;une mesure de se\u0301curite\u0301 visant a\u0300 assurer la tranquillite\u0301 de la province et a\u0300 lutter efficacement contre les vols et la circulation de produits illicites vendus par des individus exte\u0301rieurs a\u0300 la province.<\/p>\n<p><strong>Pour plus d&rsquo;informations et d&rsquo;analyses sur la <a href=\"https:\/\/www.africa-press.net\/tchad\">Tchad<\/a>, suivez <a href=\"https:\/\/www.africa-press.net\/\">Africa-Press<\/a><\/strong><\/p>\n","protected":false},"excerpt":{"rendered":"<p>Africa-Press &#8211; Tchad. Accompagne\u0301 de ses collaborateurs, notamment les principaux acteurs des Forces de De\u0301fense et de Se\u0301curite\u0301, le gouverneur du Kanem a exprime\u0301 sa satisfaction quant au calme qui re\u0300gne dans la province jusqu&rsquo;a\u0300 pre\u0301sent. Il a encourage\u0301 ses collaborateurs a\u0300 maintenir cette tranquillite\u0301 avec une vigilance accrue, dans le but de prote\u0301ger les [&hellip;]<\/p>\n","protected":false},"author":82,"featured_media":53206,"comment_status":"open","ping_status":"closed","sticky":false,"template":"","format":"standard","meta":{"footnotes":""},"categories":[21,10],"tags":[37,292,29],"class_list":["post-53208","post","type-post","status-publish","format-standard","has-post-thumbnail","hentry","category-communaute","category-toutes-les-actualites","tag-africa-press","tag-africa-press-tchad","tag-tchad"],"yoast_head":"<!-- This site is optimized with the Yoast SEO Premium plugin v26.1 (Yoast SEO v27.0) - https:\/\/yoast.com\/product\/yoast-seo-premium-wordpress\/ -->\n<title>nouvelles mesures de s\u00e9curit\u00e9 pour les moto-taxis dans le Kanem - tchad<\/title>\n<meta name=\"description\" content=\"Accompagne\u0301 de ses collaborateurs, notamment les principaux acteurs des Forces de De\u0301fense et de Se\u0301curite\u0301, le gouverne ...\" \/>\n<meta name=\"robots\" content=\"index, follow, max-snippet:-1, max-image-preview:large, max-video-preview:-1\" \/>\n<link rel=\"canonical\" href=\"https:\/\/www.africa-press.net\/tchad\/toutes-les-actualites\/nouvelles-mesures-de-securite-pour-les-moto-taxis-dans-le-kanem\" \/>\n<meta property=\"og:locale\" content=\"fr_FR\" \/>\n<meta property=\"og:type\" content=\"article\" \/>\n<meta property=\"og:title\" content=\"nouvelles mesures de s\u00e9curit\u00e9 pour les moto-taxis dans le Kanem\" \/>\n<meta property=\"og:description\" content=\"Accompagne\u0301 de ses collaborateurs, notamment les principaux acteurs des Forces de De\u0301fense et de Se\u0301curite\u0301, le gouverne ...\" \/>\n<meta property=\"og:url\" content=\"https:\/\/www.africa-press.net\/tchad\/toutes-les-actualites\/nouvelles-mesures-de-securite-pour-les-moto-taxis-dans-le-kanem\" \/>\n<meta property=\"og:site_name\" content=\"tchad\" \/>\n<meta property=\"article:published_time\" content=\"2023-10-31T16:32:07+00:00\" \/>\n<meta property=\"article:modified_time\" content=\"2023-10-31T17:07:28+00:00\" \/>\n<meta property=\"og:image\" content=\"https:\/\/static.africa-press.net\/tchad\/sites\/41\/2023\/10\/sm_1698759403.163483.jpg\" \/>\n\t<meta property=\"og:image:width\" content=\"1024\" \/>\n\t<meta property=\"og:image:height\" content=\"768\" \/>\n\t<meta property=\"og:image:type\" content=\"image\/jpeg\" \/>\n<meta name=\"author\" content=\"cfeditorfr\" \/>\n<meta name=\"twitter:card\" content=\"summary_large_image\" \/>\n<meta name=\"twitter:label1\" content=\"\u00c9crit par\" \/>\n\t<meta name=\"twitter:data1\" content=\"cfeditorfr\" \/>\n\t<meta name=\"twitter:label2\" content=\"Dur\u00e9e de lecture estim\u00e9e\" \/>\n\t<meta name=\"twitter:data2\" content=\"1 minute\" \/>\n<script type=\"application\/ld+json\" class=\"yoast-schema-graph\">{\"@context\":\"https:\/\/schema.org\",\"@graph\":[{\"@type\":\"Article\",\"@id\":\"https:\/\/www.africa-press.net\/tchad\/toutes-les-actualites\/nouvelles-mesures-de-securite-pour-les-moto-taxis-dans-le-kanem#article\",\"isPartOf\":{\"@id\":\"https:\/\/www.africa-press.net\/tchad\/toutes-les-actualites\/nouvelles-mesures-de-securite-pour-les-moto-taxis-dans-le-kanem\"},\"author\":{\"name\":\"cfeditorfr\",\"@id\":\"https:\/\/www.africa-press.net\/tchad\/#\/schema\/person\/2b1cf3cd81a31e3cd26889ca66d677f1\"},\"headline\":\"nouvelles mesures de s\u00e9curit\u00e9 pour les moto-taxis dans le Kanem\",\"datePublished\":\"2023-10-31T16:32:07+00:00\",\"dateModified\":\"2023-10-31T17:07:28+00:00\",\"mainEntityOfPage\":{\"@id\":\"https:\/\/www.africa-press.net\/tchad\/toutes-les-actualites\/nouvelles-mesures-de-securite-pour-les-moto-taxis-dans-le-kanem\"},\"wordCount\":208,\"commentCount\":0,\"image\":{\"@id\":\"https:\/\/www.africa-press.net\/tchad\/toutes-les-actualites\/nouvelles-mesures-de-securite-pour-les-moto-taxis-dans-le-kanem#primaryimage\"},\"thumbnailUrl\":\"https:\/\/static.africa-press.net\/tchad\/sites\/41\/2023\/10\/sm_1698759403.163483.jpg\",\"keywords\":[\"Africa Press\",\"Africa Press-Tchad\",\"Tchad\"],\"articleSection\":[\"Communaut\u00e9\",\"Toutes les actualit\u00e9s\"],\"inLanguage\":\"fr-FR\",\"potentialAction\":[{\"@type\":\"CommentAction\",\"name\":\"Comment\",\"target\":[\"https:\/\/www.africa-press.net\/tchad\/toutes-les-actualites\/nouvelles-mesures-de-securite-pour-les-moto-taxis-dans-le-kanem#respond\"]}]},{\"@type\":\"WebPage\",\"@id\":\"https:\/\/www.africa-press.net\/tchad\/toutes-les-actualites\/nouvelles-mesures-de-securite-pour-les-moto-taxis-dans-le-kanem\",\"url\":\"https:\/\/www.africa-press.net\/tchad\/toutes-les-actualites\/nouvelles-mesures-de-securite-pour-les-moto-taxis-dans-le-kanem\",\"name\":\"nouvelles mesures de s\u00e9curit\u00e9 pour les moto-taxis dans le Kanem - tchad\",\"isPartOf\":{\"@id\":\"https:\/\/www.africa-press.net\/tchad\/#website\"},\"primaryImageOfPage\":{\"@id\":\"https:\/\/www.africa-press.net\/tchad\/toutes-les-actualites\/nouvelles-mesures-de-securite-pour-les-moto-taxis-dans-le-kanem#primaryimage\"},\"image\":{\"@id\":\"https:\/\/www.africa-press.net\/tchad\/toutes-les-actualites\/nouvelles-mesures-de-securite-pour-les-moto-taxis-dans-le-kanem#primaryimage\"},\"thumbnailUrl\":\"https:\/\/static.africa-press.net\/tchad\/sites\/41\/2023\/10\/sm_1698759403.163483.jpg\",\"datePublished\":\"2023-10-31T16:32:07+00:00\",\"dateModified\":\"2023-10-31T17:07:28+00:00\",\"author\":{\"@id\":\"https:\/\/www.africa-press.net\/tchad\/#\/schema\/person\/2b1cf3cd81a31e3cd26889ca66d677f1\"},\"description\":\"Accompagne\u0301 de ses collaborateurs, notamment les principaux acteurs des Forces de De\u0301fense et de Se\u0301curite\u0301, le gouverne ...\",\"breadcrumb\":{\"@id\":\"https:\/\/www.africa-press.net\/tchad\/toutes-les-actualites\/nouvelles-mesures-de-securite-pour-les-moto-taxis-dans-le-kanem#breadcrumb\"},\"inLanguage\":\"fr-FR\",\"potentialAction\":[{\"@type\":\"ReadAction\",\"target\":[\"https:\/\/www.africa-press.net\/tchad\/toutes-les-actualites\/nouvelles-mesures-de-securite-pour-les-moto-taxis-dans-le-kanem\"]}]},{\"@type\":\"ImageObject\",\"inLanguage\":\"fr-FR\",\"@id\":\"https:\/\/www.africa-press.net\/tchad\/toutes-les-actualites\/nouvelles-mesures-de-securite-pour-les-moto-taxis-dans-le-kanem#primaryimage\",\"url\":\"https:\/\/static.africa-press.net\/tchad\/sites\/41\/2023\/10\/sm_1698759403.163483.jpg\",\"contentUrl\":\"https:\/\/static.africa-press.net\/tchad\/sites\/41\/2023\/10\/sm_1698759403.163483.jpg\",\"width\":1024,\"height\":768,\"caption\":\"nouvelles mesures de s\u00e9curit\u00e9 pour les moto-taxis dans le Kanem\"},{\"@type\":\"BreadcrumbList\",\"@id\":\"https:\/\/www.africa-press.net\/tchad\/toutes-les-actualites\/nouvelles-mesures-de-securite-pour-les-moto-taxis-dans-le-kanem#breadcrumb\",\"itemListElement\":[{\"@type\":\"ListItem\",\"position\":1,\"name\":\"Accueil\",\"item\":\"https:\/\/www.africa-press.net\/tchad\/\"},{\"@type\":\"ListItem\",\"position\":2,\"name\":\"nouvelles mesures de s\u00e9curit\u00e9 pour les moto-taxis dans le Kanem\"}]},{\"@type\":\"WebSite\",\"@id\":\"https:\/\/www.africa-press.net\/tchad\/#website\",\"url\":\"https:\/\/www.africa-press.net\/tchad\/\",\"name\":\"tchad\",\"description\":\"Just another Africa News Agency Sites site\",\"potentialAction\":[{\"@type\":\"SearchAction\",\"target\":{\"@type\":\"EntryPoint\",\"urlTemplate\":\"https:\/\/www.africa-press.net\/tchad\/?s={search_term_string}\"},\"query-input\":{\"@type\":\"PropertyValueSpecification\",\"valueRequired\":true,\"valueName\":\"search_term_string\"}}],\"inLanguage\":\"fr-FR\"},{\"@type\":\"Person\",\"@id\":\"https:\/\/www.africa-press.net\/tchad\/#\/schema\/person\/2b1cf3cd81a31e3cd26889ca66d677f1\",\"name\":\"cfeditorfr\"}]}<\/script>\n<!-- \/ Yoast SEO Premium plugin. -->","yoast_head_json":{"title":"nouvelles mesures de s\u00e9curit\u00e9 pour les moto-taxis dans le Kanem - tchad","description":"Accompagne\u0301 de ses collaborateurs, notamment les principaux acteurs des Forces de De\u0301fense et de Se\u0301curite\u0301, le gouverne ...","robots":{"index":"index","follow":"follow","max-snippet":"max-snippet:-1","max-image-preview":"max-image-preview:large","max-video-preview":"max-video-preview:-1"},"canonical":"https:\/\/www.africa-press.net\/tchad\/toutes-les-actualites\/nouvelles-mesures-de-securite-pour-les-moto-taxis-dans-le-kanem","og_locale":"fr_FR","og_type":"article","og_title":"nouvelles mesures de s\u00e9curit\u00e9 pour les moto-taxis dans le Kanem","og_description":"Accompagne\u0301 de ses collaborateurs, notamment les principaux acteurs des Forces de De\u0301fense et de Se\u0301curite\u0301, le gouverne ...","og_url":"https:\/\/www.africa-press.net\/tchad\/toutes-les-actualites\/nouvelles-mesures-de-securite-pour-les-moto-taxis-dans-le-kanem","og_site_name":"tchad","article_published_time":"2023-10-31T16:32:07+00:00","article_modified_time":"2023-10-31T17:07:28+00:00","og_image":[{"width":1024,"height":768,"url":"https:\/\/static.africa-press.net\/tchad\/sites\/41\/2023\/10\/sm_1698759403.163483.jpg","type":"image\/jpeg"}],"author":"cfeditorfr","twitter_card":"summary_large_image","twitter_misc":{"\u00c9crit par":"cfeditorfr","Dur\u00e9e de lecture estim\u00e9e":"1 minute"},"schema":{"@context":"https:\/\/schema.org","@graph":[{"@type":"Article","@id":"https:\/\/www.africa-press.net\/tchad\/toutes-les-actualites\/nouvelles-mesures-de-securite-pour-les-moto-taxis-dans-le-kanem#article","isPartOf":{"@id":"https:\/\/www.africa-press.net\/tchad\/toutes-les-actualites\/nouvelles-mesures-de-securite-pour-les-moto-taxis-dans-le-kanem"},"author":{"name":"cfeditorfr","@id":"https:\/\/www.africa-press.net\/tchad\/#\/schema\/person\/2b1cf3cd81a31e3cd26889ca66d677f1"},"headline":"nouvelles mesures de s\u00e9curit\u00e9 pour les moto-taxis dans le Kanem","datePublished":"2023-10-31T16:32:07+00:00","dateModified":"2023-10-31T17:07:28+00:00","mainEntityOfPage":{"@id":"https:\/\/www.africa-press.net\/tchad\/toutes-les-actualites\/nouvelles-mesures-de-securite-pour-les-moto-taxis-dans-le-kanem"},"wordCount":208,"commentCount":0,"image":{"@id":"https:\/\/www.africa-press.net\/tchad\/toutes-les-actualites\/nouvelles-mesures-de-securite-pour-les-moto-taxis-dans-le-kanem#primaryimage"},"thumbnailUrl":"https:\/\/static.africa-press.net\/tchad\/sites\/41\/2023\/10\/sm_1698759403.163483.jpg","keywords":["Africa Press","Africa Press-Tchad","Tchad"],"articleSection":["Communaut\u00e9","Toutes les actualit\u00e9s"],"inLanguage":"fr-FR","potentialAction":[{"@type":"CommentAction","name":"Comment","target":["https:\/\/www.africa-press.net\/tchad\/toutes-les-actualites\/nouvelles-mesures-de-securite-pour-les-moto-taxis-dans-le-kanem#respond"]}]},{"@type":"WebPage","@id":"https:\/\/www.africa-press.net\/tchad\/toutes-les-actualites\/nouvelles-mesures-de-securite-pour-les-moto-taxis-dans-le-kanem","url":"https:\/\/www.africa-press.net\/tchad\/toutes-les-actualites\/nouvelles-mesures-de-securite-pour-les-moto-taxis-dans-le-kanem","name":"nouvelles mesures de s\u00e9curit\u00e9 pour les moto-taxis dans le Kanem - tchad","isPartOf":{"@id":"https:\/\/www.africa-press.net\/tchad\/#website"},"primaryImageOfPage":{"@id":"https:\/\/www.africa-press.net\/tchad\/toutes-les-actualites\/nouvelles-mesures-de-securite-pour-les-moto-taxis-dans-le-kanem#primaryimage"},"image":{"@id":"https:\/\/www.africa-press.net\/tchad\/toutes-les-actualites\/nouvelles-mesures-de-securite-pour-les-moto-taxis-dans-le-kanem#primaryimage"},"thumbnailUrl":"https:\/\/static.africa-press.net\/tchad\/sites\/41\/2023\/10\/sm_1698759403.163483.jpg","datePublished":"2023-10-31T16:32:07+00:00","dateModified":"2023-10-31T17:07:28+00:00","author":{"@id":"https:\/\/www.africa-press.net\/tchad\/#\/schema\/person\/2b1cf3cd81a31e3cd26889ca66d677f1"},"description":"Accompagne\u0301 de ses collaborateurs, notamment les principaux acteurs des Forces de De\u0301fense et de Se\u0301curite\u0301, le gouverne ...","breadcrumb":{"@id":"https:\/\/www.africa-press.net\/tchad\/toutes-les-actualites\/nouvelles-mesures-de-securite-pour-les-moto-taxis-dans-le-kanem#breadcrumb"},"inLanguage":"fr-FR","potentialAction":[{"@type":"ReadAction","target":["https:\/\/www.africa-press.net\/tchad\/toutes-les-actualites\/nouvelles-mesures-de-securite-pour-les-moto-taxis-dans-le-kanem"]}]},{"@type":"ImageObject","inLanguage":"fr-FR","@id":"https:\/\/www.africa-press.net\/tchad\/toutes-les-actualites\/nouvelles-mesures-de-securite-pour-les-moto-taxis-dans-le-kanem#primaryimage","url":"https:\/\/static.africa-press.net\/tchad\/sites\/41\/2023\/10\/sm_1698759403.163483.jpg","contentUrl":"https:\/\/static.africa-press.net\/tchad\/sites\/41\/2023\/10\/sm_1698759403.163483.jpg","width":1024,"height":768,"caption":"nouvelles mesures de s\u00e9curit\u00e9 pour les moto-taxis dans le Kanem"},{"@type":"BreadcrumbList","@id":"https:\/\/www.africa-press.net\/tchad\/toutes-les-actualites\/nouvelles-mesures-de-securite-pour-les-moto-taxis-dans-le-kanem#breadcrumb","itemListElement":[{"@type":"ListItem","position":1,"name":"Accueil","item":"https:\/\/www.africa-press.net\/tchad\/"},{"@type":"ListItem","position":2,"name":"nouvelles mesures de s\u00e9curit\u00e9 pour les moto-taxis dans le Kanem"}]},{"@type":"WebSite","@id":"https:\/\/www.africa-press.net\/tchad\/#website","url":"https:\/\/www.africa-press.net\/tchad\/","name":"tchad","description":"Just another Africa News Agency Sites site","potentialAction":[{"@type":"SearchAction","target":{"@type":"EntryPoint","urlTemplate":"https:\/\/www.africa-press.net\/tchad\/?s={search_term_string}"},"query-input":{"@type":"PropertyValueSpecification","valueRequired":true,"valueName":"search_term_string"}}],"inLanguage":"fr-FR"},{"@type":"Person","@id":"https:\/\/www.africa-press.net\/tchad\/#\/schema\/person\/2b1cf3cd81a31e3cd26889ca66d677f1","name":"cfeditorfr"}]}},"_links":{"self":[{"href":"https:\/\/www.africa-press.net\/tchad\/wp-json\/wp\/v2\/posts\/53208","targetHints":{"allow":["GET"]}}],"collection":[{"href":"https:\/\/www.africa-press.net\/tchad\/wp-json\/wp\/v2\/posts"}],"about":[{"href":"https:\/\/www.africa-press.net\/tchad\/wp-json\/wp\/v2\/types\/post"}],"author":[{"embeddable":true,"href":"https:\/\/www.africa-press.net\/tchad\/wp-json\/wp\/v2\/users\/82"}],"replies":[{"embeddable":true,"href":"https:\/\/www.africa-press.net\/tchad\/wp-json\/wp\/v2\/comments?post=53208"}],"version-history":[{"count":0,"href":"https:\/\/www.africa-press.net\/tchad\/wp-json\/wp\/v2\/posts\/53208\/revisions"}],"wp:featuredmedia":[{"embeddable":true,"href":"https:\/\/www.africa-press.net\/tchad\/wp-json\/wp\/v2\/media\/53206"}],"wp:attachment":[{"href":"https:\/\/www.africa-press.net\/tchad\/wp-json\/wp\/v2\/media?parent=53208"}],"wp:term":[{"taxonomy":"category","embeddable":true,"href":"https:\/\/www.africa-press.net\/tchad\/wp-json\/wp\/v2\/categories?post=53208"},{"taxonomy":"post_tag","embeddable":true,"href":"https:\/\/www.africa-press.net\/tchad\/wp-json\/wp\/v2\/tags?post=53208"}],"curies":[{"name":"wp","href":"https:\/\/api.w.org\/{rel}","templated":true}]}}