{"id":53211,"date":"2023-10-31T16:32:21","date_gmt":"2023-10-31T16:32:21","guid":{"rendered":"https:\/\/www.africa-press.net\/tchad\/politique\/les-ressortissants-de-bengoro-reclament-une-solution-a-limpasse-de-chefferie"},"modified":"2023-10-31T17:07:50","modified_gmt":"2023-10-31T17:07:50","slug":"les-ressortissants-de-bengoro-reclament-une-solution-a-limpasse-de-chefferie","status":"publish","type":"post","link":"https:\/\/www.africa-press.net\/tchad\/toutes-les-actualites\/les-ressortissants-de-bengoro-reclament-une-solution-a-limpasse-de-chefferie","title":{"rendered":"les ressortissants de Bengoro r\u00e9clament une solution \u00e0 l&rsquo;impasse de chefferie"},"content":{"rendered":"<p><span style=\"color: #ff6600\"><strong>Africa-Press &#8211; Tchad. <\/strong><\/span>Ngoi\u0308di Tanal, petit-fils de feu Ngoi\u0308di, l&rsquo;ancien chef de canton, a retrace\u0301 l&rsquo;histoire de la chefferie dans leur re\u0301gion. Il a rappele\u0301 qu&rsquo;avant l&rsquo;e\u0301poque de son grand-pe\u0300re, il n&rsquo;y avait que des chefs coutumiers. Ngoi\u0308di fut le tout premier chef de canton dans le de\u0301partement de Bengoro. Cependant, apre\u0300s sa disparition, le sous-pre\u0301fet de Sarh avait temporairement attribue\u0301 le canton a\u0300 Bouna, dans le de\u0301partement de Bara, en vue d&rsquo;assurer l&rsquo;inte\u0301rim. Malheureusement, la chefferie a e\u0301te\u0301 maintenue a\u0300 Bouna jusqu&rsquo;a\u0300 aujourd&rsquo;hui. Les petits-fils de Ngoi\u0308di, Ngoi\u0308di Tanal et Service Ngarial, ont alors sollicite\u0301 le ministe\u0300re de l&rsquo;Ame\u0301nagement du Territoire pour la re\u0301habilitation de la chefferie du canton dans leur propre de\u0301partement, une demande qui a e\u0301te\u0301 accepte\u0301e par le ministe\u0300re.<\/p>\n<p>C&rsquo;est ainsi que les deux petits-fils de Ngoi\u0308di ont entame\u0301 une campagne e\u0301lectorale pour briguer la succession de leur grand-pe\u0300re. Apre\u0300s sept jours de campagne, les e\u0301lections ont e\u0301te\u0301 suspendues et un candidat a e\u0301te\u0301 impose\u0301, selon Ngoi\u0308di Tanal.<\/p>\n<p><strong>Pour plus d&rsquo;informations et d&rsquo;analyses sur la <a href=\"https:\/\/www.africa-press.net\/tchad\">Tchad<\/a>, suivez <a href=\"https:\/\/www.africa-press.net\/\">Africa-Press<\/a><\/strong><\/p>\n","protected":false},"excerpt":{"rendered":"<p>Africa-Press &#8211; Tchad. Ngoi\u0308di Tanal, petit-fils de feu Ngoi\u0308di, l&rsquo;ancien chef de canton, a retrace\u0301 l&rsquo;histoire de la chefferie dans leur re\u0301gion. Il a rappele\u0301 qu&rsquo;avant l&rsquo;e\u0301poque de son grand-pe\u0300re, il n&rsquo;y avait que des chefs coutumiers. Ngoi\u0308di fut le tout premier chef de canton dans le de\u0301partement de Bengoro. Cependant, apre\u0300s sa disparition, le [&hellip;]<\/p>\n","protected":false},"author":82,"featured_media":53209,"comment_status":"open","ping_status":"closed","sticky":false,"template":"","format":"standard","meta":{"footnotes":""},"categories":[21,10],"tags":[37,292,29],"class_list":["post-53211","post","type-post","status-publish","format-standard","has-post-thumbnail","hentry","category-communaute","category-toutes-les-actualites","tag-africa-press","tag-africa-press-tchad","tag-tchad"],"yoast_head":"<!-- This site is optimized with the Yoast SEO Premium plugin v26.1 (Yoast SEO v27.0) - https:\/\/yoast.com\/product\/yoast-seo-premium-wordpress\/ -->\n<title>les ressortissants de Bengoro r\u00e9clament une solution \u00e0 l&#039;impasse de chefferie - tchad<\/title>\n<meta name=\"description\" content=\"Ngoi\u0308di Tanal, petit-fils de feu Ngoi\u0308di, l&#039;ancien chef de canton, a retrace\u0301 l&#039;histoire de la chefferie dans leur re\u0301gi ...\" \/>\n<meta name=\"robots\" content=\"index, follow, max-snippet:-1, max-image-preview:large, max-video-preview:-1\" \/>\n<link rel=\"canonical\" href=\"https:\/\/www.africa-press.net\/tchad\/toutes-les-actualites\/les-ressortissants-de-bengoro-reclament-une-solution-a-limpasse-de-chefferie\" \/>\n<meta property=\"og:locale\" content=\"fr_FR\" \/>\n<meta property=\"og:type\" content=\"article\" \/>\n<meta property=\"og:title\" content=\"les ressortissants de Bengoro r\u00e9clament une solution \u00e0 l&#039;impasse de chefferie\" \/>\n<meta property=\"og:description\" content=\"Ngoi\u0308di Tanal, petit-fils de feu Ngoi\u0308di, l&#039;ancien chef de canton, a retrace\u0301 l&#039;histoire de la chefferie dans leur re\u0301gi ...\" \/>\n<meta property=\"og:url\" content=\"https:\/\/www.africa-press.net\/tchad\/toutes-les-actualites\/les-ressortissants-de-bengoro-reclament-une-solution-a-limpasse-de-chefferie\" \/>\n<meta property=\"og:site_name\" content=\"tchad\" \/>\n<meta property=\"article:published_time\" content=\"2023-10-31T16:32:21+00:00\" \/>\n<meta property=\"article:modified_time\" content=\"2023-10-31T17:07:50+00:00\" \/>\n<meta property=\"og:image\" content=\"https:\/\/static.africa-press.net\/tchad\/sites\/41\/2023\/10\/sm_1698759420.570037.jpg\" \/>\n\t<meta property=\"og:image:width\" content=\"800\" \/>\n\t<meta property=\"og:image:height\" content=\"359\" \/>\n\t<meta property=\"og:image:type\" content=\"image\/jpeg\" \/>\n<meta name=\"author\" content=\"cfeditorfr\" \/>\n<meta name=\"twitter:card\" content=\"summary_large_image\" \/>\n<meta name=\"twitter:label1\" content=\"\u00c9crit par\" \/>\n\t<meta name=\"twitter:data1\" content=\"cfeditorfr\" \/>\n\t<meta name=\"twitter:label2\" content=\"Dur\u00e9e de lecture estim\u00e9e\" \/>\n\t<meta name=\"twitter:data2\" content=\"1 minute\" \/>\n<script type=\"application\/ld+json\" class=\"yoast-schema-graph\">{\"@context\":\"https:\/\/schema.org\",\"@graph\":[{\"@type\":\"Article\",\"@id\":\"https:\/\/www.africa-press.net\/tchad\/toutes-les-actualites\/les-ressortissants-de-bengoro-reclament-une-solution-a-limpasse-de-chefferie#article\",\"isPartOf\":{\"@id\":\"https:\/\/www.africa-press.net\/tchad\/toutes-les-actualites\/les-ressortissants-de-bengoro-reclament-une-solution-a-limpasse-de-chefferie\"},\"author\":{\"name\":\"cfeditorfr\",\"@id\":\"https:\/\/www.africa-press.net\/tchad\/#\/schema\/person\/2b1cf3cd81a31e3cd26889ca66d677f1\"},\"headline\":\"les ressortissants de Bengoro r\u00e9clament une solution \u00e0 l&rsquo;impasse de chefferie\",\"datePublished\":\"2023-10-31T16:32:21+00:00\",\"dateModified\":\"2023-10-31T17:07:50+00:00\",\"mainEntityOfPage\":{\"@id\":\"https:\/\/www.africa-press.net\/tchad\/toutes-les-actualites\/les-ressortissants-de-bengoro-reclament-une-solution-a-limpasse-de-chefferie\"},\"wordCount\":226,\"commentCount\":0,\"image\":{\"@id\":\"https:\/\/www.africa-press.net\/tchad\/toutes-les-actualites\/les-ressortissants-de-bengoro-reclament-une-solution-a-limpasse-de-chefferie#primaryimage\"},\"thumbnailUrl\":\"https:\/\/static.africa-press.net\/tchad\/sites\/41\/2023\/10\/sm_1698759420.570037.jpg\",\"keywords\":[\"Africa Press\",\"Africa Press-Tchad\",\"Tchad\"],\"articleSection\":[\"Communaut\u00e9\",\"Toutes les actualit\u00e9s\"],\"inLanguage\":\"fr-FR\",\"potentialAction\":[{\"@type\":\"CommentAction\",\"name\":\"Comment\",\"target\":[\"https:\/\/www.africa-press.net\/tchad\/toutes-les-actualites\/les-ressortissants-de-bengoro-reclament-une-solution-a-limpasse-de-chefferie#respond\"]}]},{\"@type\":\"WebPage\",\"@id\":\"https:\/\/www.africa-press.net\/tchad\/toutes-les-actualites\/les-ressortissants-de-bengoro-reclament-une-solution-a-limpasse-de-chefferie\",\"url\":\"https:\/\/www.africa-press.net\/tchad\/toutes-les-actualites\/les-ressortissants-de-bengoro-reclament-une-solution-a-limpasse-de-chefferie\",\"name\":\"les ressortissants de Bengoro r\u00e9clament une solution \u00e0 l'impasse de chefferie - tchad\",\"isPartOf\":{\"@id\":\"https:\/\/www.africa-press.net\/tchad\/#website\"},\"primaryImageOfPage\":{\"@id\":\"https:\/\/www.africa-press.net\/tchad\/toutes-les-actualites\/les-ressortissants-de-bengoro-reclament-une-solution-a-limpasse-de-chefferie#primaryimage\"},\"image\":{\"@id\":\"https:\/\/www.africa-press.net\/tchad\/toutes-les-actualites\/les-ressortissants-de-bengoro-reclament-une-solution-a-limpasse-de-chefferie#primaryimage\"},\"thumbnailUrl\":\"https:\/\/static.africa-press.net\/tchad\/sites\/41\/2023\/10\/sm_1698759420.570037.jpg\",\"datePublished\":\"2023-10-31T16:32:21+00:00\",\"dateModified\":\"2023-10-31T17:07:50+00:00\",\"author\":{\"@id\":\"https:\/\/www.africa-press.net\/tchad\/#\/schema\/person\/2b1cf3cd81a31e3cd26889ca66d677f1\"},\"description\":\"Ngoi\u0308di Tanal, petit-fils de feu Ngoi\u0308di, l'ancien chef de canton, a retrace\u0301 l'histoire de la chefferie dans leur re\u0301gi ...\",\"breadcrumb\":{\"@id\":\"https:\/\/www.africa-press.net\/tchad\/toutes-les-actualites\/les-ressortissants-de-bengoro-reclament-une-solution-a-limpasse-de-chefferie#breadcrumb\"},\"inLanguage\":\"fr-FR\",\"potentialAction\":[{\"@type\":\"ReadAction\",\"target\":[\"https:\/\/www.africa-press.net\/tchad\/toutes-les-actualites\/les-ressortissants-de-bengoro-reclament-une-solution-a-limpasse-de-chefferie\"]}]},{\"@type\":\"ImageObject\",\"inLanguage\":\"fr-FR\",\"@id\":\"https:\/\/www.africa-press.net\/tchad\/toutes-les-actualites\/les-ressortissants-de-bengoro-reclament-une-solution-a-limpasse-de-chefferie#primaryimage\",\"url\":\"https:\/\/static.africa-press.net\/tchad\/sites\/41\/2023\/10\/sm_1698759420.570037.jpg\",\"contentUrl\":\"https:\/\/static.africa-press.net\/tchad\/sites\/41\/2023\/10\/sm_1698759420.570037.jpg\",\"width\":800,\"height\":359,\"caption\":\"les ressortissants de Bengoro r\u00e9clament une solution \u00e0 l'impasse de chefferie\"},{\"@type\":\"BreadcrumbList\",\"@id\":\"https:\/\/www.africa-press.net\/tchad\/toutes-les-actualites\/les-ressortissants-de-bengoro-reclament-une-solution-a-limpasse-de-chefferie#breadcrumb\",\"itemListElement\":[{\"@type\":\"ListItem\",\"position\":1,\"name\":\"Accueil\",\"item\":\"https:\/\/www.africa-press.net\/tchad\/\"},{\"@type\":\"ListItem\",\"position\":2,\"name\":\"les ressortissants de Bengoro r\u00e9clament une solution \u00e0 l&#8217;impasse de chefferie\"}]},{\"@type\":\"WebSite\",\"@id\":\"https:\/\/www.africa-press.net\/tchad\/#website\",\"url\":\"https:\/\/www.africa-press.net\/tchad\/\",\"name\":\"tchad\",\"description\":\"Just another Africa News Agency Sites site\",\"potentialAction\":[{\"@type\":\"SearchAction\",\"target\":{\"@type\":\"EntryPoint\",\"urlTemplate\":\"https:\/\/www.africa-press.net\/tchad\/?s={search_term_string}\"},\"query-input\":{\"@type\":\"PropertyValueSpecification\",\"valueRequired\":true,\"valueName\":\"search_term_string\"}}],\"inLanguage\":\"fr-FR\"},{\"@type\":\"Person\",\"@id\":\"https:\/\/www.africa-press.net\/tchad\/#\/schema\/person\/2b1cf3cd81a31e3cd26889ca66d677f1\",\"name\":\"cfeditorfr\"}]}<\/script>\n<!-- \/ Yoast SEO Premium plugin. -->","yoast_head_json":{"title":"les ressortissants de Bengoro r\u00e9clament une solution \u00e0 l'impasse de chefferie - tchad","description":"Ngoi\u0308di Tanal, petit-fils de feu Ngoi\u0308di, l'ancien chef de canton, a retrace\u0301 l'histoire de la chefferie dans leur re\u0301gi ...","robots":{"index":"index","follow":"follow","max-snippet":"max-snippet:-1","max-image-preview":"max-image-preview:large","max-video-preview":"max-video-preview:-1"},"canonical":"https:\/\/www.africa-press.net\/tchad\/toutes-les-actualites\/les-ressortissants-de-bengoro-reclament-une-solution-a-limpasse-de-chefferie","og_locale":"fr_FR","og_type":"article","og_title":"les ressortissants de Bengoro r\u00e9clament une solution \u00e0 l'impasse de chefferie","og_description":"Ngoi\u0308di Tanal, petit-fils de feu Ngoi\u0308di, l'ancien chef de canton, a retrace\u0301 l'histoire de la chefferie dans leur re\u0301gi ...","og_url":"https:\/\/www.africa-press.net\/tchad\/toutes-les-actualites\/les-ressortissants-de-bengoro-reclament-une-solution-a-limpasse-de-chefferie","og_site_name":"tchad","article_published_time":"2023-10-31T16:32:21+00:00","article_modified_time":"2023-10-31T17:07:50+00:00","og_image":[{"width":800,"height":359,"url":"https:\/\/static.africa-press.net\/tchad\/sites\/41\/2023\/10\/sm_1698759420.570037.jpg","type":"image\/jpeg"}],"author":"cfeditorfr","twitter_card":"summary_large_image","twitter_misc":{"\u00c9crit par":"cfeditorfr","Dur\u00e9e de lecture estim\u00e9e":"1 minute"},"schema":{"@context":"https:\/\/schema.org","@graph":[{"@type":"Article","@id":"https:\/\/www.africa-press.net\/tchad\/toutes-les-actualites\/les-ressortissants-de-bengoro-reclament-une-solution-a-limpasse-de-chefferie#article","isPartOf":{"@id":"https:\/\/www.africa-press.net\/tchad\/toutes-les-actualites\/les-ressortissants-de-bengoro-reclament-une-solution-a-limpasse-de-chefferie"},"author":{"name":"cfeditorfr","@id":"https:\/\/www.africa-press.net\/tchad\/#\/schema\/person\/2b1cf3cd81a31e3cd26889ca66d677f1"},"headline":"les ressortissants de Bengoro r\u00e9clament une solution \u00e0 l&rsquo;impasse de chefferie","datePublished":"2023-10-31T16:32:21+00:00","dateModified":"2023-10-31T17:07:50+00:00","mainEntityOfPage":{"@id":"https:\/\/www.africa-press.net\/tchad\/toutes-les-actualites\/les-ressortissants-de-bengoro-reclament-une-solution-a-limpasse-de-chefferie"},"wordCount":226,"commentCount":0,"image":{"@id":"https:\/\/www.africa-press.net\/tchad\/toutes-les-actualites\/les-ressortissants-de-bengoro-reclament-une-solution-a-limpasse-de-chefferie#primaryimage"},"thumbnailUrl":"https:\/\/static.africa-press.net\/tchad\/sites\/41\/2023\/10\/sm_1698759420.570037.jpg","keywords":["Africa Press","Africa Press-Tchad","Tchad"],"articleSection":["Communaut\u00e9","Toutes les actualit\u00e9s"],"inLanguage":"fr-FR","potentialAction":[{"@type":"CommentAction","name":"Comment","target":["https:\/\/www.africa-press.net\/tchad\/toutes-les-actualites\/les-ressortissants-de-bengoro-reclament-une-solution-a-limpasse-de-chefferie#respond"]}]},{"@type":"WebPage","@id":"https:\/\/www.africa-press.net\/tchad\/toutes-les-actualites\/les-ressortissants-de-bengoro-reclament-une-solution-a-limpasse-de-chefferie","url":"https:\/\/www.africa-press.net\/tchad\/toutes-les-actualites\/les-ressortissants-de-bengoro-reclament-une-solution-a-limpasse-de-chefferie","name":"les ressortissants de Bengoro r\u00e9clament une solution \u00e0 l'impasse de chefferie - tchad","isPartOf":{"@id":"https:\/\/www.africa-press.net\/tchad\/#website"},"primaryImageOfPage":{"@id":"https:\/\/www.africa-press.net\/tchad\/toutes-les-actualites\/les-ressortissants-de-bengoro-reclament-une-solution-a-limpasse-de-chefferie#primaryimage"},"image":{"@id":"https:\/\/www.africa-press.net\/tchad\/toutes-les-actualites\/les-ressortissants-de-bengoro-reclament-une-solution-a-limpasse-de-chefferie#primaryimage"},"thumbnailUrl":"https:\/\/static.africa-press.net\/tchad\/sites\/41\/2023\/10\/sm_1698759420.570037.jpg","datePublished":"2023-10-31T16:32:21+00:00","dateModified":"2023-10-31T17:07:50+00:00","author":{"@id":"https:\/\/www.africa-press.net\/tchad\/#\/schema\/person\/2b1cf3cd81a31e3cd26889ca66d677f1"},"description":"Ngoi\u0308di Tanal, petit-fils de feu Ngoi\u0308di, l'ancien chef de canton, a retrace\u0301 l'histoire de la chefferie dans leur re\u0301gi ...","breadcrumb":{"@id":"https:\/\/www.africa-press.net\/tchad\/toutes-les-actualites\/les-ressortissants-de-bengoro-reclament-une-solution-a-limpasse-de-chefferie#breadcrumb"},"inLanguage":"fr-FR","potentialAction":[{"@type":"ReadAction","target":["https:\/\/www.africa-press.net\/tchad\/toutes-les-actualites\/les-ressortissants-de-bengoro-reclament-une-solution-a-limpasse-de-chefferie"]}]},{"@type":"ImageObject","inLanguage":"fr-FR","@id":"https:\/\/www.africa-press.net\/tchad\/toutes-les-actualites\/les-ressortissants-de-bengoro-reclament-une-solution-a-limpasse-de-chefferie#primaryimage","url":"https:\/\/static.africa-press.net\/tchad\/sites\/41\/2023\/10\/sm_1698759420.570037.jpg","contentUrl":"https:\/\/static.africa-press.net\/tchad\/sites\/41\/2023\/10\/sm_1698759420.570037.jpg","width":800,"height":359,"caption":"les ressortissants de Bengoro r\u00e9clament une solution \u00e0 l'impasse de chefferie"},{"@type":"BreadcrumbList","@id":"https:\/\/www.africa-press.net\/tchad\/toutes-les-actualites\/les-ressortissants-de-bengoro-reclament-une-solution-a-limpasse-de-chefferie#breadcrumb","itemListElement":[{"@type":"ListItem","position":1,"name":"Accueil","item":"https:\/\/www.africa-press.net\/tchad\/"},{"@type":"ListItem","position":2,"name":"les ressortissants de Bengoro r\u00e9clament une solution \u00e0 l&#8217;impasse de chefferie"}]},{"@type":"WebSite","@id":"https:\/\/www.africa-press.net\/tchad\/#website","url":"https:\/\/www.africa-press.net\/tchad\/","name":"tchad","description":"Just another Africa News Agency Sites site","potentialAction":[{"@type":"SearchAction","target":{"@type":"EntryPoint","urlTemplate":"https:\/\/www.africa-press.net\/tchad\/?s={search_term_string}"},"query-input":{"@type":"PropertyValueSpecification","valueRequired":true,"valueName":"search_term_string"}}],"inLanguage":"fr-FR"},{"@type":"Person","@id":"https:\/\/www.africa-press.net\/tchad\/#\/schema\/person\/2b1cf3cd81a31e3cd26889ca66d677f1","name":"cfeditorfr"}]}},"_links":{"self":[{"href":"https:\/\/www.africa-press.net\/tchad\/wp-json\/wp\/v2\/posts\/53211","targetHints":{"allow":["GET"]}}],"collection":[{"href":"https:\/\/www.africa-press.net\/tchad\/wp-json\/wp\/v2\/posts"}],"about":[{"href":"https:\/\/www.africa-press.net\/tchad\/wp-json\/wp\/v2\/types\/post"}],"author":[{"embeddable":true,"href":"https:\/\/www.africa-press.net\/tchad\/wp-json\/wp\/v2\/users\/82"}],"replies":[{"embeddable":true,"href":"https:\/\/www.africa-press.net\/tchad\/wp-json\/wp\/v2\/comments?post=53211"}],"version-history":[{"count":0,"href":"https:\/\/www.africa-press.net\/tchad\/wp-json\/wp\/v2\/posts\/53211\/revisions"}],"wp:featuredmedia":[{"embeddable":true,"href":"https:\/\/www.africa-press.net\/tchad\/wp-json\/wp\/v2\/media\/53209"}],"wp:attachment":[{"href":"https:\/\/www.africa-press.net\/tchad\/wp-json\/wp\/v2\/media?parent=53211"}],"wp:term":[{"taxonomy":"category","embeddable":true,"href":"https:\/\/www.africa-press.net\/tchad\/wp-json\/wp\/v2\/categories?post=53211"},{"taxonomy":"post_tag","embeddable":true,"href":"https:\/\/www.africa-press.net\/tchad\/wp-json\/wp\/v2\/tags?post=53211"}],"curies":[{"name":"wp","href":"https:\/\/api.w.org\/{rel}","templated":true}]}}