{"id":53213,"date":"2023-10-31T16:32:35","date_gmt":"2023-10-31T16:32:35","guid":{"rendered":"https:\/\/www.africa-press.net\/tchad\/politique\/une-commission-ministerielle-creee-pour-promouvoir-les-droits-des-enseignants"},"modified":"2023-10-31T17:08:10","modified_gmt":"2023-10-31T17:08:10","slug":"une-commission-ministerielle-creee-pour-promouvoir-les-droits-des-enseignants","status":"publish","type":"post","link":"https:\/\/www.africa-press.net\/tchad\/culture-et-art\/une-commission-ministerielle-creee-pour-promouvoir-les-droits-des-enseignants","title":{"rendered":"une commission minist\u00e9rielle cr\u00e9\u00e9e pour promouvoir les droits des enseignants"},"content":{"rendered":"<p><span style=\"color: #ff6600\"><strong>Africa-Press &#8211; Tchad. <\/strong><\/span>Le ministre de l&rsquo;E\u0301ducation Nationale et de la Promotion Civique, M. Moussa Kadam, a pris une de\u0301cision importante ce lundi 30 octobre 2023 en signant un arre\u0302te\u0301 pour la cre\u0301ation d&rsquo;une Commission de Ne\u0301gociation en collaboration avec les Syndicats des Enseignants et le Ministe\u0300re de l\u2019E\u0301ducation Nationale et de la Promotion Civique.<\/p>\n<p>Cette Commission aura pour mission principale de traiter divers sujets, notamment la question de la se\u0301curite\u0301 sociale des enseignants et des e\u0301le\u0300ves, la question des retraites des enseignants, la re\u0301vision de certains points du protocole d&rsquo;accord en vigueur, ainsi que l&rsquo;application des textes et la mise en place du sie\u0300ge du SET (Syndicat des Enseignants du Tchad).<\/p>\n<p>Elle sera compose\u0301e de 18 membres repre\u0301sentant les diffe\u0301rents ministe\u0300res et les syndicats, et sera pre\u0301side\u0301e par le secre\u0301taire ge\u0301ne\u0301ral du ministe\u0300re de l&rsquo;E\u0301ducation Nationale et de la Promotion Civique.<\/p>\n<p><strong>Pour plus d&rsquo;informations et d&rsquo;analyses sur la <a href=\"https:\/\/www.africa-press.net\/tchad\">Tchad<\/a>, suivez <a href=\"https:\/\/www.africa-press.net\/\">Africa-Press<\/a><\/strong><\/p>\n","protected":false},"excerpt":{"rendered":"<p>Africa-Press &#8211; Tchad. Le ministre de l&rsquo;E\u0301ducation Nationale et de la Promotion Civique, M. Moussa Kadam, a pris une de\u0301cision importante ce lundi 30 octobre 2023 en signant un arre\u0302te\u0301 pour la cre\u0301ation d&rsquo;une Commission de Ne\u0301gociation en collaboration avec les Syndicats des Enseignants et le Ministe\u0300re de l\u2019E\u0301ducation Nationale et de la Promotion Civique. [&hellip;]<\/p>\n","protected":false},"author":82,"featured_media":53212,"comment_status":"open","ping_status":"closed","sticky":false,"template":"","format":"standard","meta":{"footnotes":""},"categories":[5,10],"tags":[37,292,29],"class_list":["post-53213","post","type-post","status-publish","format-standard","has-post-thumbnail","hentry","category-culture-et-art","category-toutes-les-actualites","tag-africa-press","tag-africa-press-tchad","tag-tchad"],"yoast_head":"<!-- This site is optimized with the Yoast SEO Premium plugin v26.1 (Yoast SEO v27.0) - https:\/\/yoast.com\/product\/yoast-seo-premium-wordpress\/ -->\n<title>une commission minist\u00e9rielle cr\u00e9\u00e9e pour promouvoir les droits des enseignants - tchad<\/title>\n<meta name=\"description\" content=\"Le ministre de l&#039;E\u0301ducation Nationale et de la Promotion Civique, M. Moussa Kadam, a pris une de\u0301cision importante ce lu ...\" \/>\n<meta name=\"robots\" content=\"index, follow, max-snippet:-1, max-image-preview:large, max-video-preview:-1\" \/>\n<link rel=\"canonical\" href=\"https:\/\/www.africa-press.net\/tchad\/culture-et-art\/une-commission-ministerielle-creee-pour-promouvoir-les-droits-des-enseignants\" \/>\n<meta property=\"og:locale\" content=\"fr_FR\" \/>\n<meta property=\"og:type\" content=\"article\" \/>\n<meta property=\"og:title\" content=\"une commission minist\u00e9rielle cr\u00e9\u00e9e pour promouvoir les droits des enseignants\" \/>\n<meta property=\"og:description\" content=\"Le ministre de l&#039;E\u0301ducation Nationale et de la Promotion Civique, M. Moussa Kadam, a pris une de\u0301cision importante ce lu ...\" \/>\n<meta property=\"og:url\" content=\"https:\/\/www.africa-press.net\/tchad\/culture-et-art\/une-commission-ministerielle-creee-pour-promouvoir-les-droits-des-enseignants\" \/>\n<meta property=\"og:site_name\" content=\"tchad\" \/>\n<meta property=\"article:published_time\" content=\"2023-10-31T16:32:35+00:00\" \/>\n<meta property=\"article:modified_time\" content=\"2023-10-31T17:08:10+00:00\" \/>\n<meta property=\"og:image\" content=\"https:\/\/static.africa-press.net\/tchad\/sites\/41\/2023\/10\/sm_1698759439.446849.jpg\" \/>\n\t<meta property=\"og:image:width\" content=\"1280\" \/>\n\t<meta property=\"og:image:height\" content=\"720\" \/>\n\t<meta property=\"og:image:type\" content=\"image\/jpeg\" \/>\n<meta name=\"author\" content=\"cfeditorfr\" \/>\n<meta name=\"twitter:card\" content=\"summary_large_image\" \/>\n<meta name=\"twitter:label1\" content=\"\u00c9crit par\" \/>\n\t<meta name=\"twitter:data1\" content=\"cfeditorfr\" \/>\n\t<meta name=\"twitter:label2\" content=\"Dur\u00e9e de lecture estim\u00e9e\" \/>\n\t<meta name=\"twitter:data2\" content=\"1 minute\" \/>\n<script type=\"application\/ld+json\" class=\"yoast-schema-graph\">{\"@context\":\"https:\/\/schema.org\",\"@graph\":[{\"@type\":\"Article\",\"@id\":\"https:\/\/www.africa-press.net\/tchad\/culture-et-art\/une-commission-ministerielle-creee-pour-promouvoir-les-droits-des-enseignants#article\",\"isPartOf\":{\"@id\":\"https:\/\/www.africa-press.net\/tchad\/culture-et-art\/une-commission-ministerielle-creee-pour-promouvoir-les-droits-des-enseignants\"},\"author\":{\"name\":\"cfeditorfr\",\"@id\":\"https:\/\/www.africa-press.net\/tchad\/#\/schema\/person\/2b1cf3cd81a31e3cd26889ca66d677f1\"},\"headline\":\"une commission minist\u00e9rielle cr\u00e9\u00e9e pour promouvoir les droits des enseignants\",\"datePublished\":\"2023-10-31T16:32:35+00:00\",\"dateModified\":\"2023-10-31T17:08:10+00:00\",\"mainEntityOfPage\":{\"@id\":\"https:\/\/www.africa-press.net\/tchad\/culture-et-art\/une-commission-ministerielle-creee-pour-promouvoir-les-droits-des-enseignants\"},\"wordCount\":192,\"commentCount\":0,\"image\":{\"@id\":\"https:\/\/www.africa-press.net\/tchad\/culture-et-art\/une-commission-ministerielle-creee-pour-promouvoir-les-droits-des-enseignants#primaryimage\"},\"thumbnailUrl\":\"https:\/\/static.africa-press.net\/tchad\/sites\/41\/2023\/10\/sm_1698759439.446849.jpg\",\"keywords\":[\"Africa Press\",\"Africa Press-Tchad\",\"Tchad\"],\"articleSection\":[\"Culture et Art\",\"Toutes les actualit\u00e9s\"],\"inLanguage\":\"fr-FR\",\"potentialAction\":[{\"@type\":\"CommentAction\",\"name\":\"Comment\",\"target\":[\"https:\/\/www.africa-press.net\/tchad\/culture-et-art\/une-commission-ministerielle-creee-pour-promouvoir-les-droits-des-enseignants#respond\"]}]},{\"@type\":\"WebPage\",\"@id\":\"https:\/\/www.africa-press.net\/tchad\/culture-et-art\/une-commission-ministerielle-creee-pour-promouvoir-les-droits-des-enseignants\",\"url\":\"https:\/\/www.africa-press.net\/tchad\/culture-et-art\/une-commission-ministerielle-creee-pour-promouvoir-les-droits-des-enseignants\",\"name\":\"une commission minist\u00e9rielle cr\u00e9\u00e9e pour promouvoir les droits des enseignants - tchad\",\"isPartOf\":{\"@id\":\"https:\/\/www.africa-press.net\/tchad\/#website\"},\"primaryImageOfPage\":{\"@id\":\"https:\/\/www.africa-press.net\/tchad\/culture-et-art\/une-commission-ministerielle-creee-pour-promouvoir-les-droits-des-enseignants#primaryimage\"},\"image\":{\"@id\":\"https:\/\/www.africa-press.net\/tchad\/culture-et-art\/une-commission-ministerielle-creee-pour-promouvoir-les-droits-des-enseignants#primaryimage\"},\"thumbnailUrl\":\"https:\/\/static.africa-press.net\/tchad\/sites\/41\/2023\/10\/sm_1698759439.446849.jpg\",\"datePublished\":\"2023-10-31T16:32:35+00:00\",\"dateModified\":\"2023-10-31T17:08:10+00:00\",\"author\":{\"@id\":\"https:\/\/www.africa-press.net\/tchad\/#\/schema\/person\/2b1cf3cd81a31e3cd26889ca66d677f1\"},\"description\":\"Le ministre de l'E\u0301ducation Nationale et de la Promotion Civique, M. Moussa Kadam, a pris une de\u0301cision importante ce lu ...\",\"breadcrumb\":{\"@id\":\"https:\/\/www.africa-press.net\/tchad\/culture-et-art\/une-commission-ministerielle-creee-pour-promouvoir-les-droits-des-enseignants#breadcrumb\"},\"inLanguage\":\"fr-FR\",\"potentialAction\":[{\"@type\":\"ReadAction\",\"target\":[\"https:\/\/www.africa-press.net\/tchad\/culture-et-art\/une-commission-ministerielle-creee-pour-promouvoir-les-droits-des-enseignants\"]}]},{\"@type\":\"ImageObject\",\"inLanguage\":\"fr-FR\",\"@id\":\"https:\/\/www.africa-press.net\/tchad\/culture-et-art\/une-commission-ministerielle-creee-pour-promouvoir-les-droits-des-enseignants#primaryimage\",\"url\":\"https:\/\/static.africa-press.net\/tchad\/sites\/41\/2023\/10\/sm_1698759439.446849.jpg\",\"contentUrl\":\"https:\/\/static.africa-press.net\/tchad\/sites\/41\/2023\/10\/sm_1698759439.446849.jpg\",\"width\":1280,\"height\":720,\"caption\":\"une commission minist\u00e9rielle cr\u00e9\u00e9e pour promouvoir les droits des enseignants\"},{\"@type\":\"BreadcrumbList\",\"@id\":\"https:\/\/www.africa-press.net\/tchad\/culture-et-art\/une-commission-ministerielle-creee-pour-promouvoir-les-droits-des-enseignants#breadcrumb\",\"itemListElement\":[{\"@type\":\"ListItem\",\"position\":1,\"name\":\"Accueil\",\"item\":\"https:\/\/www.africa-press.net\/tchad\/\"},{\"@type\":\"ListItem\",\"position\":2,\"name\":\"une commission minist\u00e9rielle cr\u00e9\u00e9e pour promouvoir les droits des enseignants\"}]},{\"@type\":\"WebSite\",\"@id\":\"https:\/\/www.africa-press.net\/tchad\/#website\",\"url\":\"https:\/\/www.africa-press.net\/tchad\/\",\"name\":\"tchad\",\"description\":\"Just another Africa News Agency Sites site\",\"potentialAction\":[{\"@type\":\"SearchAction\",\"target\":{\"@type\":\"EntryPoint\",\"urlTemplate\":\"https:\/\/www.africa-press.net\/tchad\/?s={search_term_string}\"},\"query-input\":{\"@type\":\"PropertyValueSpecification\",\"valueRequired\":true,\"valueName\":\"search_term_string\"}}],\"inLanguage\":\"fr-FR\"},{\"@type\":\"Person\",\"@id\":\"https:\/\/www.africa-press.net\/tchad\/#\/schema\/person\/2b1cf3cd81a31e3cd26889ca66d677f1\",\"name\":\"cfeditorfr\"}]}<\/script>\n<!-- \/ Yoast SEO Premium plugin. -->","yoast_head_json":{"title":"une commission minist\u00e9rielle cr\u00e9\u00e9e pour promouvoir les droits des enseignants - tchad","description":"Le ministre de l'E\u0301ducation Nationale et de la Promotion Civique, M. Moussa Kadam, a pris une de\u0301cision importante ce lu ...","robots":{"index":"index","follow":"follow","max-snippet":"max-snippet:-1","max-image-preview":"max-image-preview:large","max-video-preview":"max-video-preview:-1"},"canonical":"https:\/\/www.africa-press.net\/tchad\/culture-et-art\/une-commission-ministerielle-creee-pour-promouvoir-les-droits-des-enseignants","og_locale":"fr_FR","og_type":"article","og_title":"une commission minist\u00e9rielle cr\u00e9\u00e9e pour promouvoir les droits des enseignants","og_description":"Le ministre de l'E\u0301ducation Nationale et de la Promotion Civique, M. Moussa Kadam, a pris une de\u0301cision importante ce lu ...","og_url":"https:\/\/www.africa-press.net\/tchad\/culture-et-art\/une-commission-ministerielle-creee-pour-promouvoir-les-droits-des-enseignants","og_site_name":"tchad","article_published_time":"2023-10-31T16:32:35+00:00","article_modified_time":"2023-10-31T17:08:10+00:00","og_image":[{"width":1280,"height":720,"url":"https:\/\/static.africa-press.net\/tchad\/sites\/41\/2023\/10\/sm_1698759439.446849.jpg","type":"image\/jpeg"}],"author":"cfeditorfr","twitter_card":"summary_large_image","twitter_misc":{"\u00c9crit par":"cfeditorfr","Dur\u00e9e de lecture estim\u00e9e":"1 minute"},"schema":{"@context":"https:\/\/schema.org","@graph":[{"@type":"Article","@id":"https:\/\/www.africa-press.net\/tchad\/culture-et-art\/une-commission-ministerielle-creee-pour-promouvoir-les-droits-des-enseignants#article","isPartOf":{"@id":"https:\/\/www.africa-press.net\/tchad\/culture-et-art\/une-commission-ministerielle-creee-pour-promouvoir-les-droits-des-enseignants"},"author":{"name":"cfeditorfr","@id":"https:\/\/www.africa-press.net\/tchad\/#\/schema\/person\/2b1cf3cd81a31e3cd26889ca66d677f1"},"headline":"une commission minist\u00e9rielle cr\u00e9\u00e9e pour promouvoir les droits des enseignants","datePublished":"2023-10-31T16:32:35+00:00","dateModified":"2023-10-31T17:08:10+00:00","mainEntityOfPage":{"@id":"https:\/\/www.africa-press.net\/tchad\/culture-et-art\/une-commission-ministerielle-creee-pour-promouvoir-les-droits-des-enseignants"},"wordCount":192,"commentCount":0,"image":{"@id":"https:\/\/www.africa-press.net\/tchad\/culture-et-art\/une-commission-ministerielle-creee-pour-promouvoir-les-droits-des-enseignants#primaryimage"},"thumbnailUrl":"https:\/\/static.africa-press.net\/tchad\/sites\/41\/2023\/10\/sm_1698759439.446849.jpg","keywords":["Africa Press","Africa Press-Tchad","Tchad"],"articleSection":["Culture et Art","Toutes les actualit\u00e9s"],"inLanguage":"fr-FR","potentialAction":[{"@type":"CommentAction","name":"Comment","target":["https:\/\/www.africa-press.net\/tchad\/culture-et-art\/une-commission-ministerielle-creee-pour-promouvoir-les-droits-des-enseignants#respond"]}]},{"@type":"WebPage","@id":"https:\/\/www.africa-press.net\/tchad\/culture-et-art\/une-commission-ministerielle-creee-pour-promouvoir-les-droits-des-enseignants","url":"https:\/\/www.africa-press.net\/tchad\/culture-et-art\/une-commission-ministerielle-creee-pour-promouvoir-les-droits-des-enseignants","name":"une commission minist\u00e9rielle cr\u00e9\u00e9e pour promouvoir les droits des enseignants - tchad","isPartOf":{"@id":"https:\/\/www.africa-press.net\/tchad\/#website"},"primaryImageOfPage":{"@id":"https:\/\/www.africa-press.net\/tchad\/culture-et-art\/une-commission-ministerielle-creee-pour-promouvoir-les-droits-des-enseignants#primaryimage"},"image":{"@id":"https:\/\/www.africa-press.net\/tchad\/culture-et-art\/une-commission-ministerielle-creee-pour-promouvoir-les-droits-des-enseignants#primaryimage"},"thumbnailUrl":"https:\/\/static.africa-press.net\/tchad\/sites\/41\/2023\/10\/sm_1698759439.446849.jpg","datePublished":"2023-10-31T16:32:35+00:00","dateModified":"2023-10-31T17:08:10+00:00","author":{"@id":"https:\/\/www.africa-press.net\/tchad\/#\/schema\/person\/2b1cf3cd81a31e3cd26889ca66d677f1"},"description":"Le ministre de l'E\u0301ducation Nationale et de la Promotion Civique, M. Moussa Kadam, a pris une de\u0301cision importante ce lu ...","breadcrumb":{"@id":"https:\/\/www.africa-press.net\/tchad\/culture-et-art\/une-commission-ministerielle-creee-pour-promouvoir-les-droits-des-enseignants#breadcrumb"},"inLanguage":"fr-FR","potentialAction":[{"@type":"ReadAction","target":["https:\/\/www.africa-press.net\/tchad\/culture-et-art\/une-commission-ministerielle-creee-pour-promouvoir-les-droits-des-enseignants"]}]},{"@type":"ImageObject","inLanguage":"fr-FR","@id":"https:\/\/www.africa-press.net\/tchad\/culture-et-art\/une-commission-ministerielle-creee-pour-promouvoir-les-droits-des-enseignants#primaryimage","url":"https:\/\/static.africa-press.net\/tchad\/sites\/41\/2023\/10\/sm_1698759439.446849.jpg","contentUrl":"https:\/\/static.africa-press.net\/tchad\/sites\/41\/2023\/10\/sm_1698759439.446849.jpg","width":1280,"height":720,"caption":"une commission minist\u00e9rielle cr\u00e9\u00e9e pour promouvoir les droits des enseignants"},{"@type":"BreadcrumbList","@id":"https:\/\/www.africa-press.net\/tchad\/culture-et-art\/une-commission-ministerielle-creee-pour-promouvoir-les-droits-des-enseignants#breadcrumb","itemListElement":[{"@type":"ListItem","position":1,"name":"Accueil","item":"https:\/\/www.africa-press.net\/tchad\/"},{"@type":"ListItem","position":2,"name":"une commission minist\u00e9rielle cr\u00e9\u00e9e pour promouvoir les droits des enseignants"}]},{"@type":"WebSite","@id":"https:\/\/www.africa-press.net\/tchad\/#website","url":"https:\/\/www.africa-press.net\/tchad\/","name":"tchad","description":"Just another Africa News Agency Sites site","potentialAction":[{"@type":"SearchAction","target":{"@type":"EntryPoint","urlTemplate":"https:\/\/www.africa-press.net\/tchad\/?s={search_term_string}"},"query-input":{"@type":"PropertyValueSpecification","valueRequired":true,"valueName":"search_term_string"}}],"inLanguage":"fr-FR"},{"@type":"Person","@id":"https:\/\/www.africa-press.net\/tchad\/#\/schema\/person\/2b1cf3cd81a31e3cd26889ca66d677f1","name":"cfeditorfr"}]}},"_links":{"self":[{"href":"https:\/\/www.africa-press.net\/tchad\/wp-json\/wp\/v2\/posts\/53213","targetHints":{"allow":["GET"]}}],"collection":[{"href":"https:\/\/www.africa-press.net\/tchad\/wp-json\/wp\/v2\/posts"}],"about":[{"href":"https:\/\/www.africa-press.net\/tchad\/wp-json\/wp\/v2\/types\/post"}],"author":[{"embeddable":true,"href":"https:\/\/www.africa-press.net\/tchad\/wp-json\/wp\/v2\/users\/82"}],"replies":[{"embeddable":true,"href":"https:\/\/www.africa-press.net\/tchad\/wp-json\/wp\/v2\/comments?post=53213"}],"version-history":[{"count":0,"href":"https:\/\/www.africa-press.net\/tchad\/wp-json\/wp\/v2\/posts\/53213\/revisions"}],"wp:featuredmedia":[{"embeddable":true,"href":"https:\/\/www.africa-press.net\/tchad\/wp-json\/wp\/v2\/media\/53212"}],"wp:attachment":[{"href":"https:\/\/www.africa-press.net\/tchad\/wp-json\/wp\/v2\/media?parent=53213"}],"wp:term":[{"taxonomy":"category","embeddable":true,"href":"https:\/\/www.africa-press.net\/tchad\/wp-json\/wp\/v2\/categories?post=53213"},{"taxonomy":"post_tag","embeddable":true,"href":"https:\/\/www.africa-press.net\/tchad\/wp-json\/wp\/v2\/tags?post=53213"}],"curies":[{"name":"wp","href":"https:\/\/api.w.org\/{rel}","templated":true}]}}