{"id":53216,"date":"2023-10-31T16:32:50","date_gmt":"2023-10-31T16:32:50","guid":{"rendered":"https:\/\/www.africa-press.net\/tchad\/politique\/la-communaute-turque-commemore-le-centenaire-de-la-proclamation-de-la-republique-de-turquie"},"modified":"2023-10-31T17:08:32","modified_gmt":"2023-10-31T17:08:32","slug":"la-communaute-turque-commemore-le-centenaire-de-la-proclamation-de-la-republique-de-turquie","status":"publish","type":"post","link":"https:\/\/www.africa-press.net\/tchad\/politique\/la-communaute-turque-commemore-le-centenaire-de-la-proclamation-de-la-republique-de-turquie","title":{"rendered":"La communaut\u00e9 turque comm\u00e9more le centenaire de la proclamation de la R\u00e9publique de Turquie"},"content":{"rendered":"<p><span style=\"color: #ff6600\"><strong>Africa-Press &#8211; Tchad. <\/strong><\/span>Dans son discours d&rsquo;ouverture, l&rsquo;ambassadeur de la Re\u0301publique de Turquie au Tchad, Kemal Kaygisiz, a souligne\u0301 que la Re\u0301publique de Turquie a e\u0301te\u0301 e\u0301difie\u0301e gra\u0302ce aux efforts du peuple turc, sous la direction de Mustafa Kemal Atatu\u0308rk. Elle est devenue un E\u0301tat moderne, prospe\u0300re, fort et pacifique, fonde\u0301 sur des principes tels que l&rsquo;e\u0301galite\u0301, la liberte\u0301, la justice, la lai\u0308cite\u0301 et l&rsquo;E\u0301tat de droit. L&rsquo;ambassadeur a e\u0301galement note\u0301 que la Re\u0301publique de Turquie me\u0300ne une politique e\u0301trange\u0300re proactive et humanitaire, jouant un ro\u0302le de me\u0301diateur cle\u0301 dans de nombreuses crises re\u0301gionales et mondiales. Il a souligne\u0301 que l&rsquo;Afrique occupe une place essentielle dans cette politique e\u0301trange\u0300re multidimensionnelle turque. Les liens historiques entre la Turquie et l&rsquo;Afrique existent depuis l&rsquo;Empire ottoman et se renforcent constamment.<\/p>\n<p>Les martyrs turcs et le quartier turc d&rsquo;Abe\u0301che\u0301 illustrent ces liens profonds. En outre, l&rsquo;ambassadeur a souligne\u0301 que la Re\u0301publique de Turquie offre des opportunite\u0301s aux e\u0301tudiants tchadiens, notamment sous forme de bourses du gouvernement turc et d&rsquo;autres partenariats. Il a annonce\u0301 qu&rsquo;ils ont attribue\u0301 22 bourses comple\u0300tes pour l&rsquo;anne\u0301e acade\u0301mique 2023-2024 a\u0300 des e\u0301tudiants tchadiens, couvrant des e\u0301tudes de premier cycle, de mai\u0302trise et de doctorat.<\/p>\n<p><strong>Pour plus d&rsquo;informations et d&rsquo;analyses sur la <a href=\"https:\/\/www.africa-press.net\/tchad\">Tchad<\/a>, suivez <a href=\"https:\/\/www.africa-press.net\/\">Africa-Press<\/a><\/strong><\/p>\n","protected":false},"excerpt":{"rendered":"<p>Africa-Press &#8211; Tchad. Dans son discours d&rsquo;ouverture, l&rsquo;ambassadeur de la Re\u0301publique de Turquie au Tchad, Kemal Kaygisiz, a souligne\u0301 que la Re\u0301publique de Turquie a e\u0301te\u0301 e\u0301difie\u0301e gra\u0302ce aux efforts du peuple turc, sous la direction de Mustafa Kemal Atatu\u0308rk. Elle est devenue un E\u0301tat moderne, prospe\u0300re, fort et pacifique, fonde\u0301 sur des principes tels [&hellip;]<\/p>\n","protected":false},"author":82,"featured_media":53215,"comment_status":"open","ping_status":"closed","sticky":false,"template":"","format":"standard","meta":{"footnotes":""},"categories":[2,10],"tags":[37,292,29],"class_list":["post-53216","post","type-post","status-publish","format-standard","has-post-thumbnail","hentry","category-politique","category-toutes-les-actualites","tag-africa-press","tag-africa-press-tchad","tag-tchad"],"yoast_head":"<!-- This site is optimized with the Yoast SEO Premium plugin v26.1 (Yoast SEO v27.0) - https:\/\/yoast.com\/product\/yoast-seo-premium-wordpress\/ -->\n<title>La communaut\u00e9 turque comm\u00e9more le centenaire de la proclamation de la R\u00e9publique de Turquie - tchad<\/title>\n<meta name=\"description\" content=\"Dans son discours d&#039;ouverture, l&#039;ambassadeur de la Re\u0301publique de Turquie au Tchad, Kemal Kaygisiz, a souligne\u0301 que la R ...\" \/>\n<meta name=\"robots\" content=\"index, follow, max-snippet:-1, max-image-preview:large, max-video-preview:-1\" \/>\n<link rel=\"canonical\" href=\"https:\/\/www.africa-press.net\/tchad\/politique\/la-communaute-turque-commemore-le-centenaire-de-la-proclamation-de-la-republique-de-turquie\" \/>\n<meta property=\"og:locale\" content=\"fr_FR\" \/>\n<meta property=\"og:type\" content=\"article\" \/>\n<meta property=\"og:title\" content=\"La communaut\u00e9 turque comm\u00e9more le centenaire de la proclamation de la R\u00e9publique de Turquie\" \/>\n<meta property=\"og:description\" content=\"Dans son discours d&#039;ouverture, l&#039;ambassadeur de la Re\u0301publique de Turquie au Tchad, Kemal Kaygisiz, a souligne\u0301 que la R ...\" \/>\n<meta property=\"og:url\" content=\"https:\/\/www.africa-press.net\/tchad\/politique\/la-communaute-turque-commemore-le-centenaire-de-la-proclamation-de-la-republique-de-turquie\" \/>\n<meta property=\"og:site_name\" content=\"tchad\" \/>\n<meta property=\"article:published_time\" content=\"2023-10-31T16:32:50+00:00\" \/>\n<meta property=\"article:modified_time\" content=\"2023-10-31T17:08:32+00:00\" \/>\n<meta property=\"og:image\" content=\"https:\/\/static.africa-press.net\/tchad\/sites\/41\/2023\/10\/sm_1698759454.245296.jpg\" \/>\n\t<meta property=\"og:image:width\" content=\"1080\" \/>\n\t<meta property=\"og:image:height\" content=\"809\" \/>\n\t<meta property=\"og:image:type\" content=\"image\/jpeg\" \/>\n<meta name=\"author\" content=\"cfeditorfr\" \/>\n<meta name=\"twitter:card\" content=\"summary_large_image\" \/>\n<meta name=\"twitter:label1\" content=\"\u00c9crit par\" \/>\n\t<meta name=\"twitter:data1\" content=\"cfeditorfr\" \/>\n\t<meta name=\"twitter:label2\" content=\"Dur\u00e9e de lecture estim\u00e9e\" \/>\n\t<meta name=\"twitter:data2\" content=\"2 minutes\" \/>\n<script type=\"application\/ld+json\" class=\"yoast-schema-graph\">{\"@context\":\"https:\/\/schema.org\",\"@graph\":[{\"@type\":\"Article\",\"@id\":\"https:\/\/www.africa-press.net\/tchad\/politique\/la-communaute-turque-commemore-le-centenaire-de-la-proclamation-de-la-republique-de-turquie#article\",\"isPartOf\":{\"@id\":\"https:\/\/www.africa-press.net\/tchad\/politique\/la-communaute-turque-commemore-le-centenaire-de-la-proclamation-de-la-republique-de-turquie\"},\"author\":{\"name\":\"cfeditorfr\",\"@id\":\"https:\/\/www.africa-press.net\/tchad\/#\/schema\/person\/2b1cf3cd81a31e3cd26889ca66d677f1\"},\"headline\":\"La communaut\u00e9 turque comm\u00e9more le centenaire de la proclamation de la R\u00e9publique de Turquie\",\"datePublished\":\"2023-10-31T16:32:50+00:00\",\"dateModified\":\"2023-10-31T17:08:32+00:00\",\"mainEntityOfPage\":{\"@id\":\"https:\/\/www.africa-press.net\/tchad\/politique\/la-communaute-turque-commemore-le-centenaire-de-la-proclamation-de-la-republique-de-turquie\"},\"wordCount\":266,\"commentCount\":0,\"image\":{\"@id\":\"https:\/\/www.africa-press.net\/tchad\/politique\/la-communaute-turque-commemore-le-centenaire-de-la-proclamation-de-la-republique-de-turquie#primaryimage\"},\"thumbnailUrl\":\"https:\/\/static.africa-press.net\/tchad\/sites\/41\/2023\/10\/sm_1698759454.245296.jpg\",\"keywords\":[\"Africa Press\",\"Africa Press-Tchad\",\"Tchad\"],\"articleSection\":[\"Politique\",\"Toutes les actualit\u00e9s\"],\"inLanguage\":\"fr-FR\",\"potentialAction\":[{\"@type\":\"CommentAction\",\"name\":\"Comment\",\"target\":[\"https:\/\/www.africa-press.net\/tchad\/politique\/la-communaute-turque-commemore-le-centenaire-de-la-proclamation-de-la-republique-de-turquie#respond\"]}]},{\"@type\":\"WebPage\",\"@id\":\"https:\/\/www.africa-press.net\/tchad\/politique\/la-communaute-turque-commemore-le-centenaire-de-la-proclamation-de-la-republique-de-turquie\",\"url\":\"https:\/\/www.africa-press.net\/tchad\/politique\/la-communaute-turque-commemore-le-centenaire-de-la-proclamation-de-la-republique-de-turquie\",\"name\":\"La communaut\u00e9 turque comm\u00e9more le centenaire de la proclamation de la R\u00e9publique de Turquie - tchad\",\"isPartOf\":{\"@id\":\"https:\/\/www.africa-press.net\/tchad\/#website\"},\"primaryImageOfPage\":{\"@id\":\"https:\/\/www.africa-press.net\/tchad\/politique\/la-communaute-turque-commemore-le-centenaire-de-la-proclamation-de-la-republique-de-turquie#primaryimage\"},\"image\":{\"@id\":\"https:\/\/www.africa-press.net\/tchad\/politique\/la-communaute-turque-commemore-le-centenaire-de-la-proclamation-de-la-republique-de-turquie#primaryimage\"},\"thumbnailUrl\":\"https:\/\/static.africa-press.net\/tchad\/sites\/41\/2023\/10\/sm_1698759454.245296.jpg\",\"datePublished\":\"2023-10-31T16:32:50+00:00\",\"dateModified\":\"2023-10-31T17:08:32+00:00\",\"author\":{\"@id\":\"https:\/\/www.africa-press.net\/tchad\/#\/schema\/person\/2b1cf3cd81a31e3cd26889ca66d677f1\"},\"description\":\"Dans son discours d'ouverture, l'ambassadeur de la Re\u0301publique de Turquie au Tchad, Kemal Kaygisiz, a souligne\u0301 que la R ...\",\"breadcrumb\":{\"@id\":\"https:\/\/www.africa-press.net\/tchad\/politique\/la-communaute-turque-commemore-le-centenaire-de-la-proclamation-de-la-republique-de-turquie#breadcrumb\"},\"inLanguage\":\"fr-FR\",\"potentialAction\":[{\"@type\":\"ReadAction\",\"target\":[\"https:\/\/www.africa-press.net\/tchad\/politique\/la-communaute-turque-commemore-le-centenaire-de-la-proclamation-de-la-republique-de-turquie\"]}]},{\"@type\":\"ImageObject\",\"inLanguage\":\"fr-FR\",\"@id\":\"https:\/\/www.africa-press.net\/tchad\/politique\/la-communaute-turque-commemore-le-centenaire-de-la-proclamation-de-la-republique-de-turquie#primaryimage\",\"url\":\"https:\/\/static.africa-press.net\/tchad\/sites\/41\/2023\/10\/sm_1698759454.245296.jpg\",\"contentUrl\":\"https:\/\/static.africa-press.net\/tchad\/sites\/41\/2023\/10\/sm_1698759454.245296.jpg\",\"width\":1080,\"height\":809,\"caption\":\"La communaut\u00e9 turque comm\u00e9more le centenaire de la proclamation de la R\u00e9publique de Turquie\"},{\"@type\":\"BreadcrumbList\",\"@id\":\"https:\/\/www.africa-press.net\/tchad\/politique\/la-communaute-turque-commemore-le-centenaire-de-la-proclamation-de-la-republique-de-turquie#breadcrumb\",\"itemListElement\":[{\"@type\":\"ListItem\",\"position\":1,\"name\":\"Accueil\",\"item\":\"https:\/\/www.africa-press.net\/tchad\/\"},{\"@type\":\"ListItem\",\"position\":2,\"name\":\"La communaut\u00e9 turque comm\u00e9more le centenaire de la proclamation de la R\u00e9publique de Turquie\"}]},{\"@type\":\"WebSite\",\"@id\":\"https:\/\/www.africa-press.net\/tchad\/#website\",\"url\":\"https:\/\/www.africa-press.net\/tchad\/\",\"name\":\"tchad\",\"description\":\"Just another Africa News Agency Sites site\",\"potentialAction\":[{\"@type\":\"SearchAction\",\"target\":{\"@type\":\"EntryPoint\",\"urlTemplate\":\"https:\/\/www.africa-press.net\/tchad\/?s={search_term_string}\"},\"query-input\":{\"@type\":\"PropertyValueSpecification\",\"valueRequired\":true,\"valueName\":\"search_term_string\"}}],\"inLanguage\":\"fr-FR\"},{\"@type\":\"Person\",\"@id\":\"https:\/\/www.africa-press.net\/tchad\/#\/schema\/person\/2b1cf3cd81a31e3cd26889ca66d677f1\",\"name\":\"cfeditorfr\"}]}<\/script>\n<!-- \/ Yoast SEO Premium plugin. -->","yoast_head_json":{"title":"La communaut\u00e9 turque comm\u00e9more le centenaire de la proclamation de la R\u00e9publique de Turquie - tchad","description":"Dans son discours d'ouverture, l'ambassadeur de la Re\u0301publique de Turquie au Tchad, Kemal Kaygisiz, a souligne\u0301 que la R ...","robots":{"index":"index","follow":"follow","max-snippet":"max-snippet:-1","max-image-preview":"max-image-preview:large","max-video-preview":"max-video-preview:-1"},"canonical":"https:\/\/www.africa-press.net\/tchad\/politique\/la-communaute-turque-commemore-le-centenaire-de-la-proclamation-de-la-republique-de-turquie","og_locale":"fr_FR","og_type":"article","og_title":"La communaut\u00e9 turque comm\u00e9more le centenaire de la proclamation de la R\u00e9publique de Turquie","og_description":"Dans son discours d'ouverture, l'ambassadeur de la Re\u0301publique de Turquie au Tchad, Kemal Kaygisiz, a souligne\u0301 que la R ...","og_url":"https:\/\/www.africa-press.net\/tchad\/politique\/la-communaute-turque-commemore-le-centenaire-de-la-proclamation-de-la-republique-de-turquie","og_site_name":"tchad","article_published_time":"2023-10-31T16:32:50+00:00","article_modified_time":"2023-10-31T17:08:32+00:00","og_image":[{"width":1080,"height":809,"url":"https:\/\/static.africa-press.net\/tchad\/sites\/41\/2023\/10\/sm_1698759454.245296.jpg","type":"image\/jpeg"}],"author":"cfeditorfr","twitter_card":"summary_large_image","twitter_misc":{"\u00c9crit par":"cfeditorfr","Dur\u00e9e de lecture estim\u00e9e":"2 minutes"},"schema":{"@context":"https:\/\/schema.org","@graph":[{"@type":"Article","@id":"https:\/\/www.africa-press.net\/tchad\/politique\/la-communaute-turque-commemore-le-centenaire-de-la-proclamation-de-la-republique-de-turquie#article","isPartOf":{"@id":"https:\/\/www.africa-press.net\/tchad\/politique\/la-communaute-turque-commemore-le-centenaire-de-la-proclamation-de-la-republique-de-turquie"},"author":{"name":"cfeditorfr","@id":"https:\/\/www.africa-press.net\/tchad\/#\/schema\/person\/2b1cf3cd81a31e3cd26889ca66d677f1"},"headline":"La communaut\u00e9 turque comm\u00e9more le centenaire de la proclamation de la R\u00e9publique de Turquie","datePublished":"2023-10-31T16:32:50+00:00","dateModified":"2023-10-31T17:08:32+00:00","mainEntityOfPage":{"@id":"https:\/\/www.africa-press.net\/tchad\/politique\/la-communaute-turque-commemore-le-centenaire-de-la-proclamation-de-la-republique-de-turquie"},"wordCount":266,"commentCount":0,"image":{"@id":"https:\/\/www.africa-press.net\/tchad\/politique\/la-communaute-turque-commemore-le-centenaire-de-la-proclamation-de-la-republique-de-turquie#primaryimage"},"thumbnailUrl":"https:\/\/static.africa-press.net\/tchad\/sites\/41\/2023\/10\/sm_1698759454.245296.jpg","keywords":["Africa Press","Africa Press-Tchad","Tchad"],"articleSection":["Politique","Toutes les actualit\u00e9s"],"inLanguage":"fr-FR","potentialAction":[{"@type":"CommentAction","name":"Comment","target":["https:\/\/www.africa-press.net\/tchad\/politique\/la-communaute-turque-commemore-le-centenaire-de-la-proclamation-de-la-republique-de-turquie#respond"]}]},{"@type":"WebPage","@id":"https:\/\/www.africa-press.net\/tchad\/politique\/la-communaute-turque-commemore-le-centenaire-de-la-proclamation-de-la-republique-de-turquie","url":"https:\/\/www.africa-press.net\/tchad\/politique\/la-communaute-turque-commemore-le-centenaire-de-la-proclamation-de-la-republique-de-turquie","name":"La communaut\u00e9 turque comm\u00e9more le centenaire de la proclamation de la R\u00e9publique de Turquie - tchad","isPartOf":{"@id":"https:\/\/www.africa-press.net\/tchad\/#website"},"primaryImageOfPage":{"@id":"https:\/\/www.africa-press.net\/tchad\/politique\/la-communaute-turque-commemore-le-centenaire-de-la-proclamation-de-la-republique-de-turquie#primaryimage"},"image":{"@id":"https:\/\/www.africa-press.net\/tchad\/politique\/la-communaute-turque-commemore-le-centenaire-de-la-proclamation-de-la-republique-de-turquie#primaryimage"},"thumbnailUrl":"https:\/\/static.africa-press.net\/tchad\/sites\/41\/2023\/10\/sm_1698759454.245296.jpg","datePublished":"2023-10-31T16:32:50+00:00","dateModified":"2023-10-31T17:08:32+00:00","author":{"@id":"https:\/\/www.africa-press.net\/tchad\/#\/schema\/person\/2b1cf3cd81a31e3cd26889ca66d677f1"},"description":"Dans son discours d'ouverture, l'ambassadeur de la Re\u0301publique de Turquie au Tchad, Kemal Kaygisiz, a souligne\u0301 que la R ...","breadcrumb":{"@id":"https:\/\/www.africa-press.net\/tchad\/politique\/la-communaute-turque-commemore-le-centenaire-de-la-proclamation-de-la-republique-de-turquie#breadcrumb"},"inLanguage":"fr-FR","potentialAction":[{"@type":"ReadAction","target":["https:\/\/www.africa-press.net\/tchad\/politique\/la-communaute-turque-commemore-le-centenaire-de-la-proclamation-de-la-republique-de-turquie"]}]},{"@type":"ImageObject","inLanguage":"fr-FR","@id":"https:\/\/www.africa-press.net\/tchad\/politique\/la-communaute-turque-commemore-le-centenaire-de-la-proclamation-de-la-republique-de-turquie#primaryimage","url":"https:\/\/static.africa-press.net\/tchad\/sites\/41\/2023\/10\/sm_1698759454.245296.jpg","contentUrl":"https:\/\/static.africa-press.net\/tchad\/sites\/41\/2023\/10\/sm_1698759454.245296.jpg","width":1080,"height":809,"caption":"La communaut\u00e9 turque comm\u00e9more le centenaire de la proclamation de la R\u00e9publique de Turquie"},{"@type":"BreadcrumbList","@id":"https:\/\/www.africa-press.net\/tchad\/politique\/la-communaute-turque-commemore-le-centenaire-de-la-proclamation-de-la-republique-de-turquie#breadcrumb","itemListElement":[{"@type":"ListItem","position":1,"name":"Accueil","item":"https:\/\/www.africa-press.net\/tchad\/"},{"@type":"ListItem","position":2,"name":"La communaut\u00e9 turque comm\u00e9more le centenaire de la proclamation de la R\u00e9publique de Turquie"}]},{"@type":"WebSite","@id":"https:\/\/www.africa-press.net\/tchad\/#website","url":"https:\/\/www.africa-press.net\/tchad\/","name":"tchad","description":"Just another Africa News Agency Sites site","potentialAction":[{"@type":"SearchAction","target":{"@type":"EntryPoint","urlTemplate":"https:\/\/www.africa-press.net\/tchad\/?s={search_term_string}"},"query-input":{"@type":"PropertyValueSpecification","valueRequired":true,"valueName":"search_term_string"}}],"inLanguage":"fr-FR"},{"@type":"Person","@id":"https:\/\/www.africa-press.net\/tchad\/#\/schema\/person\/2b1cf3cd81a31e3cd26889ca66d677f1","name":"cfeditorfr"}]}},"_links":{"self":[{"href":"https:\/\/www.africa-press.net\/tchad\/wp-json\/wp\/v2\/posts\/53216","targetHints":{"allow":["GET"]}}],"collection":[{"href":"https:\/\/www.africa-press.net\/tchad\/wp-json\/wp\/v2\/posts"}],"about":[{"href":"https:\/\/www.africa-press.net\/tchad\/wp-json\/wp\/v2\/types\/post"}],"author":[{"embeddable":true,"href":"https:\/\/www.africa-press.net\/tchad\/wp-json\/wp\/v2\/users\/82"}],"replies":[{"embeddable":true,"href":"https:\/\/www.africa-press.net\/tchad\/wp-json\/wp\/v2\/comments?post=53216"}],"version-history":[{"count":0,"href":"https:\/\/www.africa-press.net\/tchad\/wp-json\/wp\/v2\/posts\/53216\/revisions"}],"wp:featuredmedia":[{"embeddable":true,"href":"https:\/\/www.africa-press.net\/tchad\/wp-json\/wp\/v2\/media\/53215"}],"wp:attachment":[{"href":"https:\/\/www.africa-press.net\/tchad\/wp-json\/wp\/v2\/media?parent=53216"}],"wp:term":[{"taxonomy":"category","embeddable":true,"href":"https:\/\/www.africa-press.net\/tchad\/wp-json\/wp\/v2\/categories?post=53216"},{"taxonomy":"post_tag","embeddable":true,"href":"https:\/\/www.africa-press.net\/tchad\/wp-json\/wp\/v2\/tags?post=53216"}],"curies":[{"name":"wp","href":"https:\/\/api.w.org\/{rel}","templated":true}]}}