{"id":53223,"date":"2023-10-31T16:34:07","date_gmt":"2023-10-31T16:34:07","guid":{"rendered":"https:\/\/www.africa-press.net\/tchad\/politique\/les-jeunes-du-mayo-kebbi-est-sengagent-dans-lelaboration-des-politiques-publiques"},"modified":"2023-10-31T17:09:35","modified_gmt":"2023-10-31T17:09:35","slug":"les-jeunes-du-mayo-kebbi-est-sengagent-dans-lelaboration-des-politiques-publiques","status":"publish","type":"post","link":"https:\/\/www.africa-press.net\/tchad\/toutes-les-actualites\/les-jeunes-du-mayo-kebbi-est-sengagent-dans-lelaboration-des-politiques-publiques","title":{"rendered":"les jeunes du Mayo Kebbi Est s\u2019engagent dans l\u2019\u00e9laboration des politiques publiques"},"content":{"rendered":"<p><span style=\"color: #ff6600\"><strong>Africa-Press &#8211; Tchad. <\/strong><\/span>Une de\u0301le\u0301gation du Conseil National de la Jeunesse du Tchad (CNJT) et du Programme des Nations Unies pour le De\u0301veloppement (PNUD), a fait escale a\u0300 Bongor ce lundi 30 octobre 2023.<\/p>\n<p>Sous la direction d&rsquo;Abakar Alamine Dangaya, le pre\u0301sident du Conseil National de la Jeunesse du Tchad, cette de\u0301le\u0301gation a lance\u0301 les activite\u0301s de l&rsquo;initiative \u00ab Regards Citoyens \u00bb, en faveur des jeunes de la province.<\/p>\n<p>Dans son discours de bienvenue, le vice-coordinateur provincial du CNJT du Mayo Kebbi Est, Abakar Gadou Goudja, a souligne\u0301 que la jeunesse de sa province se pre\u0301occupe du de\u0301veloppement et aspire au bien-e\u0302tre de son pays.<\/p>\n<p>Pour la repre\u0301sentante du PNUD, Yousra Ndiaye, c&rsquo;est une grande fierte\u0301 pour son institution d&rsquo;accompagner cette initiative, car elle a pour noble mission d&rsquo;impliquer la jeunesse dans les processus de\u0301cisionnels.<\/p>\n<p>Dans son discours d&rsquo;ouverture de la formation, le pre\u0301sident du Conseil National de la Jeunesse du Tchad, Abakar Alamine Dangaya, a rappele\u0301 que l&rsquo;initiative \u00ab Regards Citoyens \u00bb vise a\u0300 mobiliser les jeunes et a\u0300 les engager activement dans le processus de de\u0301veloppement du pays.<\/p>\n<p>L&rsquo;objectif est de cre\u0301er une ge\u0301ne\u0301ration de jeunes engage\u0301s, conscients de leur ro\u0302le essentiel dans l&rsquo;e\u0301laboration des politiques publiques, et dans la prise de de\u0301cisions qui fac\u0327onneront l&rsquo;avenir du Tchad.<\/p>\n<p>Un grand concert autour du concept \u00ab challenge \u00bb sera organise\u0301 ce mardi au Lyce\u0301e Jacques Moudeina de Bongor, anime\u0301 par Kadeux, une figure majeure de la sce\u0300ne musicale tchadienne.<\/p>\n<p><strong>Pour plus d&rsquo;informations et d&rsquo;analyses sur la <a href=\"https:\/\/www.africa-press.net\/tchad\">Tchad<\/a>, suivez <a href=\"https:\/\/www.africa-press.net\/\">Africa-Press<\/a><\/strong><\/p>\n","protected":false},"excerpt":{"rendered":"<p>Africa-Press &#8211; Tchad. Une de\u0301le\u0301gation du Conseil National de la Jeunesse du Tchad (CNJT) et du Programme des Nations Unies pour le De\u0301veloppement (PNUD), a fait escale a\u0300 Bongor ce lundi 30 octobre 2023. Sous la direction d&rsquo;Abakar Alamine Dangaya, le pre\u0301sident du Conseil National de la Jeunesse du Tchad, cette de\u0301le\u0301gation a lance\u0301 les [&hellip;]<\/p>\n","protected":false},"author":82,"featured_media":53221,"comment_status":"open","ping_status":"closed","sticky":false,"template":"","format":"standard","meta":{"footnotes":""},"categories":[21,10],"tags":[37,292,29],"class_list":["post-53223","post","type-post","status-publish","format-standard","has-post-thumbnail","hentry","category-communaute","category-toutes-les-actualites","tag-africa-press","tag-africa-press-tchad","tag-tchad"],"yoast_head":"<!-- This site is optimized with the Yoast SEO Premium plugin v26.1 (Yoast SEO v27.0) - https:\/\/yoast.com\/product\/yoast-seo-premium-wordpress\/ -->\n<title>les jeunes du Mayo Kebbi Est s\u2019engagent dans l\u2019\u00e9laboration des politiques publiques - tchad<\/title>\n<meta name=\"description\" content=\"Une de\u0301le\u0301gation du Conseil National de la Jeunesse du Tchad (CNJT) et du Programme des Nations Unies pour le De\u0301veloppe ...\" \/>\n<meta name=\"robots\" content=\"index, follow, max-snippet:-1, max-image-preview:large, max-video-preview:-1\" \/>\n<link rel=\"canonical\" href=\"https:\/\/www.africa-press.net\/tchad\/toutes-les-actualites\/les-jeunes-du-mayo-kebbi-est-sengagent-dans-lelaboration-des-politiques-publiques\" \/>\n<meta property=\"og:locale\" content=\"fr_FR\" \/>\n<meta property=\"og:type\" content=\"article\" \/>\n<meta property=\"og:title\" content=\"les jeunes du Mayo Kebbi Est s\u2019engagent dans l\u2019\u00e9laboration des politiques publiques\" \/>\n<meta property=\"og:description\" content=\"Une de\u0301le\u0301gation du Conseil National de la Jeunesse du Tchad (CNJT) et du Programme des Nations Unies pour le De\u0301veloppe ...\" \/>\n<meta property=\"og:url\" content=\"https:\/\/www.africa-press.net\/tchad\/toutes-les-actualites\/les-jeunes-du-mayo-kebbi-est-sengagent-dans-lelaboration-des-politiques-publiques\" \/>\n<meta property=\"og:site_name\" content=\"tchad\" \/>\n<meta property=\"article:published_time\" content=\"2023-10-31T16:34:07+00:00\" \/>\n<meta property=\"article:modified_time\" content=\"2023-10-31T17:09:35+00:00\" \/>\n<meta property=\"og:image\" content=\"https:\/\/static.africa-press.net\/tchad\/sites\/41\/2023\/10\/sm_1698759513.08146.jpg\" \/>\n\t<meta property=\"og:image:width\" content=\"960\" \/>\n\t<meta property=\"og:image:height\" content=\"540\" \/>\n\t<meta property=\"og:image:type\" content=\"image\/jpeg\" \/>\n<meta name=\"author\" content=\"cfeditorfr\" \/>\n<meta name=\"twitter:card\" content=\"summary_large_image\" \/>\n<meta name=\"twitter:label1\" content=\"\u00c9crit par\" \/>\n\t<meta name=\"twitter:data1\" content=\"cfeditorfr\" \/>\n\t<meta name=\"twitter:label2\" content=\"Dur\u00e9e de lecture estim\u00e9e\" \/>\n\t<meta name=\"twitter:data2\" content=\"2 minutes\" \/>\n<script type=\"application\/ld+json\" class=\"yoast-schema-graph\">{\"@context\":\"https:\/\/schema.org\",\"@graph\":[{\"@type\":\"Article\",\"@id\":\"https:\/\/www.africa-press.net\/tchad\/toutes-les-actualites\/les-jeunes-du-mayo-kebbi-est-sengagent-dans-lelaboration-des-politiques-publiques#article\",\"isPartOf\":{\"@id\":\"https:\/\/www.africa-press.net\/tchad\/toutes-les-actualites\/les-jeunes-du-mayo-kebbi-est-sengagent-dans-lelaboration-des-politiques-publiques\"},\"author\":{\"name\":\"cfeditorfr\",\"@id\":\"https:\/\/www.africa-press.net\/tchad\/#\/schema\/person\/2b1cf3cd81a31e3cd26889ca66d677f1\"},\"headline\":\"les jeunes du Mayo Kebbi Est s\u2019engagent dans l\u2019\u00e9laboration des politiques publiques\",\"datePublished\":\"2023-10-31T16:34:07+00:00\",\"dateModified\":\"2023-10-31T17:09:35+00:00\",\"mainEntityOfPage\":{\"@id\":\"https:\/\/www.africa-press.net\/tchad\/toutes-les-actualites\/les-jeunes-du-mayo-kebbi-est-sengagent-dans-lelaboration-des-politiques-publiques\"},\"wordCount\":292,\"commentCount\":0,\"image\":{\"@id\":\"https:\/\/www.africa-press.net\/tchad\/toutes-les-actualites\/les-jeunes-du-mayo-kebbi-est-sengagent-dans-lelaboration-des-politiques-publiques#primaryimage\"},\"thumbnailUrl\":\"https:\/\/static.africa-press.net\/tchad\/sites\/41\/2023\/10\/sm_1698759513.08146.jpg\",\"keywords\":[\"Africa Press\",\"Africa Press-Tchad\",\"Tchad\"],\"articleSection\":[\"Communaut\u00e9\",\"Toutes les actualit\u00e9s\"],\"inLanguage\":\"fr-FR\",\"potentialAction\":[{\"@type\":\"CommentAction\",\"name\":\"Comment\",\"target\":[\"https:\/\/www.africa-press.net\/tchad\/toutes-les-actualites\/les-jeunes-du-mayo-kebbi-est-sengagent-dans-lelaboration-des-politiques-publiques#respond\"]}]},{\"@type\":\"WebPage\",\"@id\":\"https:\/\/www.africa-press.net\/tchad\/toutes-les-actualites\/les-jeunes-du-mayo-kebbi-est-sengagent-dans-lelaboration-des-politiques-publiques\",\"url\":\"https:\/\/www.africa-press.net\/tchad\/toutes-les-actualites\/les-jeunes-du-mayo-kebbi-est-sengagent-dans-lelaboration-des-politiques-publiques\",\"name\":\"les jeunes du Mayo Kebbi Est s\u2019engagent dans l\u2019\u00e9laboration des politiques publiques - tchad\",\"isPartOf\":{\"@id\":\"https:\/\/www.africa-press.net\/tchad\/#website\"},\"primaryImageOfPage\":{\"@id\":\"https:\/\/www.africa-press.net\/tchad\/toutes-les-actualites\/les-jeunes-du-mayo-kebbi-est-sengagent-dans-lelaboration-des-politiques-publiques#primaryimage\"},\"image\":{\"@id\":\"https:\/\/www.africa-press.net\/tchad\/toutes-les-actualites\/les-jeunes-du-mayo-kebbi-est-sengagent-dans-lelaboration-des-politiques-publiques#primaryimage\"},\"thumbnailUrl\":\"https:\/\/static.africa-press.net\/tchad\/sites\/41\/2023\/10\/sm_1698759513.08146.jpg\",\"datePublished\":\"2023-10-31T16:34:07+00:00\",\"dateModified\":\"2023-10-31T17:09:35+00:00\",\"author\":{\"@id\":\"https:\/\/www.africa-press.net\/tchad\/#\/schema\/person\/2b1cf3cd81a31e3cd26889ca66d677f1\"},\"description\":\"Une de\u0301le\u0301gation du Conseil National de la Jeunesse du Tchad (CNJT) et du Programme des Nations Unies pour le De\u0301veloppe ...\",\"breadcrumb\":{\"@id\":\"https:\/\/www.africa-press.net\/tchad\/toutes-les-actualites\/les-jeunes-du-mayo-kebbi-est-sengagent-dans-lelaboration-des-politiques-publiques#breadcrumb\"},\"inLanguage\":\"fr-FR\",\"potentialAction\":[{\"@type\":\"ReadAction\",\"target\":[\"https:\/\/www.africa-press.net\/tchad\/toutes-les-actualites\/les-jeunes-du-mayo-kebbi-est-sengagent-dans-lelaboration-des-politiques-publiques\"]}]},{\"@type\":\"ImageObject\",\"inLanguage\":\"fr-FR\",\"@id\":\"https:\/\/www.africa-press.net\/tchad\/toutes-les-actualites\/les-jeunes-du-mayo-kebbi-est-sengagent-dans-lelaboration-des-politiques-publiques#primaryimage\",\"url\":\"https:\/\/static.africa-press.net\/tchad\/sites\/41\/2023\/10\/sm_1698759513.08146.jpg\",\"contentUrl\":\"https:\/\/static.africa-press.net\/tchad\/sites\/41\/2023\/10\/sm_1698759513.08146.jpg\",\"width\":960,\"height\":540,\"caption\":\"les jeunes du Mayo Kebbi Est s\u2019engagent dans l\u2019\u00e9laboration des politiques publiques\"},{\"@type\":\"BreadcrumbList\",\"@id\":\"https:\/\/www.africa-press.net\/tchad\/toutes-les-actualites\/les-jeunes-du-mayo-kebbi-est-sengagent-dans-lelaboration-des-politiques-publiques#breadcrumb\",\"itemListElement\":[{\"@type\":\"ListItem\",\"position\":1,\"name\":\"Accueil\",\"item\":\"https:\/\/www.africa-press.net\/tchad\/\"},{\"@type\":\"ListItem\",\"position\":2,\"name\":\"les jeunes du Mayo Kebbi Est s\u2019engagent dans l\u2019\u00e9laboration des politiques publiques\"}]},{\"@type\":\"WebSite\",\"@id\":\"https:\/\/www.africa-press.net\/tchad\/#website\",\"url\":\"https:\/\/www.africa-press.net\/tchad\/\",\"name\":\"tchad\",\"description\":\"Just another Africa News Agency Sites site\",\"potentialAction\":[{\"@type\":\"SearchAction\",\"target\":{\"@type\":\"EntryPoint\",\"urlTemplate\":\"https:\/\/www.africa-press.net\/tchad\/?s={search_term_string}\"},\"query-input\":{\"@type\":\"PropertyValueSpecification\",\"valueRequired\":true,\"valueName\":\"search_term_string\"}}],\"inLanguage\":\"fr-FR\"},{\"@type\":\"Person\",\"@id\":\"https:\/\/www.africa-press.net\/tchad\/#\/schema\/person\/2b1cf3cd81a31e3cd26889ca66d677f1\",\"name\":\"cfeditorfr\"}]}<\/script>\n<!-- \/ Yoast SEO Premium plugin. -->","yoast_head_json":{"title":"les jeunes du Mayo Kebbi Est s\u2019engagent dans l\u2019\u00e9laboration des politiques publiques - tchad","description":"Une de\u0301le\u0301gation du Conseil National de la Jeunesse du Tchad (CNJT) et du Programme des Nations Unies pour le De\u0301veloppe ...","robots":{"index":"index","follow":"follow","max-snippet":"max-snippet:-1","max-image-preview":"max-image-preview:large","max-video-preview":"max-video-preview:-1"},"canonical":"https:\/\/www.africa-press.net\/tchad\/toutes-les-actualites\/les-jeunes-du-mayo-kebbi-est-sengagent-dans-lelaboration-des-politiques-publiques","og_locale":"fr_FR","og_type":"article","og_title":"les jeunes du Mayo Kebbi Est s\u2019engagent dans l\u2019\u00e9laboration des politiques publiques","og_description":"Une de\u0301le\u0301gation du Conseil National de la Jeunesse du Tchad (CNJT) et du Programme des Nations Unies pour le De\u0301veloppe ...","og_url":"https:\/\/www.africa-press.net\/tchad\/toutes-les-actualites\/les-jeunes-du-mayo-kebbi-est-sengagent-dans-lelaboration-des-politiques-publiques","og_site_name":"tchad","article_published_time":"2023-10-31T16:34:07+00:00","article_modified_time":"2023-10-31T17:09:35+00:00","og_image":[{"width":960,"height":540,"url":"https:\/\/static.africa-press.net\/tchad\/sites\/41\/2023\/10\/sm_1698759513.08146.jpg","type":"image\/jpeg"}],"author":"cfeditorfr","twitter_card":"summary_large_image","twitter_misc":{"\u00c9crit par":"cfeditorfr","Dur\u00e9e de lecture estim\u00e9e":"2 minutes"},"schema":{"@context":"https:\/\/schema.org","@graph":[{"@type":"Article","@id":"https:\/\/www.africa-press.net\/tchad\/toutes-les-actualites\/les-jeunes-du-mayo-kebbi-est-sengagent-dans-lelaboration-des-politiques-publiques#article","isPartOf":{"@id":"https:\/\/www.africa-press.net\/tchad\/toutes-les-actualites\/les-jeunes-du-mayo-kebbi-est-sengagent-dans-lelaboration-des-politiques-publiques"},"author":{"name":"cfeditorfr","@id":"https:\/\/www.africa-press.net\/tchad\/#\/schema\/person\/2b1cf3cd81a31e3cd26889ca66d677f1"},"headline":"les jeunes du Mayo Kebbi Est s\u2019engagent dans l\u2019\u00e9laboration des politiques publiques","datePublished":"2023-10-31T16:34:07+00:00","dateModified":"2023-10-31T17:09:35+00:00","mainEntityOfPage":{"@id":"https:\/\/www.africa-press.net\/tchad\/toutes-les-actualites\/les-jeunes-du-mayo-kebbi-est-sengagent-dans-lelaboration-des-politiques-publiques"},"wordCount":292,"commentCount":0,"image":{"@id":"https:\/\/www.africa-press.net\/tchad\/toutes-les-actualites\/les-jeunes-du-mayo-kebbi-est-sengagent-dans-lelaboration-des-politiques-publiques#primaryimage"},"thumbnailUrl":"https:\/\/static.africa-press.net\/tchad\/sites\/41\/2023\/10\/sm_1698759513.08146.jpg","keywords":["Africa Press","Africa Press-Tchad","Tchad"],"articleSection":["Communaut\u00e9","Toutes les actualit\u00e9s"],"inLanguage":"fr-FR","potentialAction":[{"@type":"CommentAction","name":"Comment","target":["https:\/\/www.africa-press.net\/tchad\/toutes-les-actualites\/les-jeunes-du-mayo-kebbi-est-sengagent-dans-lelaboration-des-politiques-publiques#respond"]}]},{"@type":"WebPage","@id":"https:\/\/www.africa-press.net\/tchad\/toutes-les-actualites\/les-jeunes-du-mayo-kebbi-est-sengagent-dans-lelaboration-des-politiques-publiques","url":"https:\/\/www.africa-press.net\/tchad\/toutes-les-actualites\/les-jeunes-du-mayo-kebbi-est-sengagent-dans-lelaboration-des-politiques-publiques","name":"les jeunes du Mayo Kebbi Est s\u2019engagent dans l\u2019\u00e9laboration des politiques publiques - tchad","isPartOf":{"@id":"https:\/\/www.africa-press.net\/tchad\/#website"},"primaryImageOfPage":{"@id":"https:\/\/www.africa-press.net\/tchad\/toutes-les-actualites\/les-jeunes-du-mayo-kebbi-est-sengagent-dans-lelaboration-des-politiques-publiques#primaryimage"},"image":{"@id":"https:\/\/www.africa-press.net\/tchad\/toutes-les-actualites\/les-jeunes-du-mayo-kebbi-est-sengagent-dans-lelaboration-des-politiques-publiques#primaryimage"},"thumbnailUrl":"https:\/\/static.africa-press.net\/tchad\/sites\/41\/2023\/10\/sm_1698759513.08146.jpg","datePublished":"2023-10-31T16:34:07+00:00","dateModified":"2023-10-31T17:09:35+00:00","author":{"@id":"https:\/\/www.africa-press.net\/tchad\/#\/schema\/person\/2b1cf3cd81a31e3cd26889ca66d677f1"},"description":"Une de\u0301le\u0301gation du Conseil National de la Jeunesse du Tchad (CNJT) et du Programme des Nations Unies pour le De\u0301veloppe ...","breadcrumb":{"@id":"https:\/\/www.africa-press.net\/tchad\/toutes-les-actualites\/les-jeunes-du-mayo-kebbi-est-sengagent-dans-lelaboration-des-politiques-publiques#breadcrumb"},"inLanguage":"fr-FR","potentialAction":[{"@type":"ReadAction","target":["https:\/\/www.africa-press.net\/tchad\/toutes-les-actualites\/les-jeunes-du-mayo-kebbi-est-sengagent-dans-lelaboration-des-politiques-publiques"]}]},{"@type":"ImageObject","inLanguage":"fr-FR","@id":"https:\/\/www.africa-press.net\/tchad\/toutes-les-actualites\/les-jeunes-du-mayo-kebbi-est-sengagent-dans-lelaboration-des-politiques-publiques#primaryimage","url":"https:\/\/static.africa-press.net\/tchad\/sites\/41\/2023\/10\/sm_1698759513.08146.jpg","contentUrl":"https:\/\/static.africa-press.net\/tchad\/sites\/41\/2023\/10\/sm_1698759513.08146.jpg","width":960,"height":540,"caption":"les jeunes du Mayo Kebbi Est s\u2019engagent dans l\u2019\u00e9laboration des politiques publiques"},{"@type":"BreadcrumbList","@id":"https:\/\/www.africa-press.net\/tchad\/toutes-les-actualites\/les-jeunes-du-mayo-kebbi-est-sengagent-dans-lelaboration-des-politiques-publiques#breadcrumb","itemListElement":[{"@type":"ListItem","position":1,"name":"Accueil","item":"https:\/\/www.africa-press.net\/tchad\/"},{"@type":"ListItem","position":2,"name":"les jeunes du Mayo Kebbi Est s\u2019engagent dans l\u2019\u00e9laboration des politiques publiques"}]},{"@type":"WebSite","@id":"https:\/\/www.africa-press.net\/tchad\/#website","url":"https:\/\/www.africa-press.net\/tchad\/","name":"tchad","description":"Just another Africa News Agency Sites site","potentialAction":[{"@type":"SearchAction","target":{"@type":"EntryPoint","urlTemplate":"https:\/\/www.africa-press.net\/tchad\/?s={search_term_string}"},"query-input":{"@type":"PropertyValueSpecification","valueRequired":true,"valueName":"search_term_string"}}],"inLanguage":"fr-FR"},{"@type":"Person","@id":"https:\/\/www.africa-press.net\/tchad\/#\/schema\/person\/2b1cf3cd81a31e3cd26889ca66d677f1","name":"cfeditorfr"}]}},"_links":{"self":[{"href":"https:\/\/www.africa-press.net\/tchad\/wp-json\/wp\/v2\/posts\/53223","targetHints":{"allow":["GET"]}}],"collection":[{"href":"https:\/\/www.africa-press.net\/tchad\/wp-json\/wp\/v2\/posts"}],"about":[{"href":"https:\/\/www.africa-press.net\/tchad\/wp-json\/wp\/v2\/types\/post"}],"author":[{"embeddable":true,"href":"https:\/\/www.africa-press.net\/tchad\/wp-json\/wp\/v2\/users\/82"}],"replies":[{"embeddable":true,"href":"https:\/\/www.africa-press.net\/tchad\/wp-json\/wp\/v2\/comments?post=53223"}],"version-history":[{"count":0,"href":"https:\/\/www.africa-press.net\/tchad\/wp-json\/wp\/v2\/posts\/53223\/revisions"}],"wp:featuredmedia":[{"embeddable":true,"href":"https:\/\/www.africa-press.net\/tchad\/wp-json\/wp\/v2\/media\/53221"}],"wp:attachment":[{"href":"https:\/\/www.africa-press.net\/tchad\/wp-json\/wp\/v2\/media?parent=53223"}],"wp:term":[{"taxonomy":"category","embeddable":true,"href":"https:\/\/www.africa-press.net\/tchad\/wp-json\/wp\/v2\/categories?post=53223"},{"taxonomy":"post_tag","embeddable":true,"href":"https:\/\/www.africa-press.net\/tchad\/wp-json\/wp\/v2\/tags?post=53223"}],"curies":[{"name":"wp","href":"https:\/\/api.w.org\/{rel}","templated":true}]}}