{"id":53258,"date":"2023-10-31T18:35:09","date_gmt":"2023-10-31T18:35:09","guid":{"rendered":"https:\/\/www.africa-press.net\/tchad\/politique\/succes-masra-et-les-transformateurs-en-exil-pourront-bientot-rentrer-au-tchad"},"modified":"2023-10-31T19:41:05","modified_gmt":"2023-10-31T19:41:05","slug":"succes-masra-et-les-transformateurs-en-exil-pourront-bientot-rentrer-au-tchad","status":"publish","type":"post","link":"https:\/\/www.africa-press.net\/tchad\/politique\/succes-masra-et-les-transformateurs-en-exil-pourront-bientot-rentrer-au-tchad","title":{"rendered":"Succes Masra et Les Transformateurs en exil pourront bient\u00f4t rentrer au Tchad"},"content":{"rendered":"<p><span style=\"color: #ff6600\"><strong>Africa-Press &#8211; Tchad. <\/strong><\/span>Cet accord a e\u0301te\u0301 signe\u0301 entre le Gouvernement de la Transition de la Re\u0301publique du Tchad, repre\u0301sente\u0301 par Abderaman Koulamallah, Ministre de la Re\u0301conciliation et de la Cohe\u0301sion Sociale, et le parti politique \u00ab Les Transformateurs \u00bb, repre\u0301sente\u0301 par son Pre\u0301sident, le Dr. Succe\u0300s Masra.<\/p>\n<p>L&rsquo;objectif de cet accord est de faciliter le retour au Tchad du Pre\u0301sident du parti politique \u00ab Les Transformateurs \u00bb ainsi que de tous ceux qui avaient e\u0301te\u0301 contraints de quitter le territoire tchadien en raison des e\u0301ve\u0300nements malheureux survenus le 20 octobre 2022.<\/p>\n<p>Les de\u0301tails de l&rsquo;accord de principe n&rsquo;ont pas encore e\u0301te\u0301 rendus publics.<\/p>\n<p>La mission de Facilitation de la CEEAC pour le Processus de Transition au Tchad compte sur la bonne foi des parties signataires pour la mise en \u0153uvre effective de cet accord.<\/p>\n<p>La mission de Facilitation de la CEEAC re\u0301affirme son engagement a\u0300 accompagner le peuple tchadien dans le processus de de\u0301crispation du climat politique en vue de l&rsquo;organisation d&rsquo;e\u0301lections de\u0301mocratiques, libres, transparentes et apaise\u0301es.<\/p>\n<p><strong>Pour plus d&rsquo;informations et d&rsquo;analyses sur la <a href=\"https:\/\/www.africa-press.net\/tchad\">Tchad<\/a>, suivez <a href=\"https:\/\/www.africa-press.net\/\">Africa-Press<\/a><\/strong><\/p>\n","protected":false},"excerpt":{"rendered":"<p>Africa-Press &#8211; Tchad. Cet accord a e\u0301te\u0301 signe\u0301 entre le Gouvernement de la Transition de la Re\u0301publique du Tchad, repre\u0301sente\u0301 par Abderaman Koulamallah, Ministre de la Re\u0301conciliation et de la Cohe\u0301sion Sociale, et le parti politique \u00ab Les Transformateurs \u00bb, repre\u0301sente\u0301 par son Pre\u0301sident, le Dr. Succe\u0300s Masra. L&rsquo;objectif de cet accord est de faciliter [&hellip;]<\/p>\n","protected":false},"author":82,"featured_media":53257,"comment_status":"open","ping_status":"closed","sticky":false,"template":"","format":"standard","meta":{"footnotes":""},"categories":[2,10],"tags":[37,292,29],"class_list":["post-53258","post","type-post","status-publish","format-standard","has-post-thumbnail","hentry","category-politique","category-toutes-les-actualites","tag-africa-press","tag-africa-press-tchad","tag-tchad"],"yoast_head":"<!-- This site is optimized with the Yoast SEO Premium plugin v26.1 (Yoast SEO v27.0) - https:\/\/yoast.com\/product\/yoast-seo-premium-wordpress\/ -->\n<title>Succes Masra et Les Transformateurs en exil pourront bient\u00f4t rentrer au Tchad - tchad<\/title>\n<meta name=\"description\" content=\"Cet accord a e\u0301te\u0301 signe\u0301 entre le Gouvernement de la Transition de la Re\u0301publique du Tchad, repre\u0301sente\u0301 par Abderaman ...\" \/>\n<meta name=\"robots\" content=\"index, follow, max-snippet:-1, max-image-preview:large, max-video-preview:-1\" \/>\n<link rel=\"canonical\" href=\"https:\/\/www.africa-press.net\/tchad\/politique\/succes-masra-et-les-transformateurs-en-exil-pourront-bientot-rentrer-au-tchad\" \/>\n<meta property=\"og:locale\" content=\"fr_FR\" \/>\n<meta property=\"og:type\" content=\"article\" \/>\n<meta property=\"og:title\" content=\"Succes Masra et Les Transformateurs en exil pourront bient\u00f4t rentrer au Tchad\" \/>\n<meta property=\"og:description\" content=\"Cet accord a e\u0301te\u0301 signe\u0301 entre le Gouvernement de la Transition de la Re\u0301publique du Tchad, repre\u0301sente\u0301 par Abderaman ...\" \/>\n<meta property=\"og:url\" content=\"https:\/\/www.africa-press.net\/tchad\/politique\/succes-masra-et-les-transformateurs-en-exil-pourront-bientot-rentrer-au-tchad\" \/>\n<meta property=\"og:site_name\" content=\"tchad\" \/>\n<meta property=\"article:published_time\" content=\"2023-10-31T18:35:09+00:00\" \/>\n<meta property=\"article:modified_time\" content=\"2023-10-31T19:41:05+00:00\" \/>\n<meta property=\"og:image\" content=\"https:\/\/static.africa-press.net\/tchad\/sites\/41\/2023\/10\/sm_1698768575.044201.jpg\" \/>\n\t<meta property=\"og:image:width\" content=\"762\" \/>\n\t<meta property=\"og:image:height\" content=\"428\" \/>\n\t<meta property=\"og:image:type\" content=\"image\/jpeg\" \/>\n<meta name=\"author\" content=\"cfeditorfr\" \/>\n<meta name=\"twitter:card\" content=\"summary_large_image\" \/>\n<meta name=\"twitter:label1\" content=\"\u00c9crit par\" \/>\n\t<meta name=\"twitter:data1\" content=\"cfeditorfr\" \/>\n\t<meta name=\"twitter:label2\" content=\"Dur\u00e9e de lecture estim\u00e9e\" \/>\n\t<meta name=\"twitter:data2\" content=\"1 minute\" \/>\n<script type=\"application\/ld+json\" class=\"yoast-schema-graph\">{\"@context\":\"https:\/\/schema.org\",\"@graph\":[{\"@type\":\"Article\",\"@id\":\"https:\/\/www.africa-press.net\/tchad\/politique\/succes-masra-et-les-transformateurs-en-exil-pourront-bientot-rentrer-au-tchad#article\",\"isPartOf\":{\"@id\":\"https:\/\/www.africa-press.net\/tchad\/politique\/succes-masra-et-les-transformateurs-en-exil-pourront-bientot-rentrer-au-tchad\"},\"author\":{\"name\":\"cfeditorfr\",\"@id\":\"https:\/\/www.africa-press.net\/tchad\/#\/schema\/person\/2b1cf3cd81a31e3cd26889ca66d677f1\"},\"headline\":\"Succes Masra et Les Transformateurs en exil pourront bient\u00f4t rentrer au Tchad\",\"datePublished\":\"2023-10-31T18:35:09+00:00\",\"dateModified\":\"2023-10-31T19:41:05+00:00\",\"mainEntityOfPage\":{\"@id\":\"https:\/\/www.africa-press.net\/tchad\/politique\/succes-masra-et-les-transformateurs-en-exil-pourront-bientot-rentrer-au-tchad\"},\"wordCount\":211,\"commentCount\":0,\"image\":{\"@id\":\"https:\/\/www.africa-press.net\/tchad\/politique\/succes-masra-et-les-transformateurs-en-exil-pourront-bientot-rentrer-au-tchad#primaryimage\"},\"thumbnailUrl\":\"https:\/\/static.africa-press.net\/tchad\/sites\/41\/2023\/10\/sm_1698768575.044201.jpg\",\"keywords\":[\"Africa Press\",\"Africa Press-Tchad\",\"Tchad\"],\"articleSection\":[\"Politique\",\"Toutes les actualit\u00e9s\"],\"inLanguage\":\"fr-FR\",\"potentialAction\":[{\"@type\":\"CommentAction\",\"name\":\"Comment\",\"target\":[\"https:\/\/www.africa-press.net\/tchad\/politique\/succes-masra-et-les-transformateurs-en-exil-pourront-bientot-rentrer-au-tchad#respond\"]}]},{\"@type\":\"WebPage\",\"@id\":\"https:\/\/www.africa-press.net\/tchad\/politique\/succes-masra-et-les-transformateurs-en-exil-pourront-bientot-rentrer-au-tchad\",\"url\":\"https:\/\/www.africa-press.net\/tchad\/politique\/succes-masra-et-les-transformateurs-en-exil-pourront-bientot-rentrer-au-tchad\",\"name\":\"Succes Masra et Les Transformateurs en exil pourront bient\u00f4t rentrer au Tchad - tchad\",\"isPartOf\":{\"@id\":\"https:\/\/www.africa-press.net\/tchad\/#website\"},\"primaryImageOfPage\":{\"@id\":\"https:\/\/www.africa-press.net\/tchad\/politique\/succes-masra-et-les-transformateurs-en-exil-pourront-bientot-rentrer-au-tchad#primaryimage\"},\"image\":{\"@id\":\"https:\/\/www.africa-press.net\/tchad\/politique\/succes-masra-et-les-transformateurs-en-exil-pourront-bientot-rentrer-au-tchad#primaryimage\"},\"thumbnailUrl\":\"https:\/\/static.africa-press.net\/tchad\/sites\/41\/2023\/10\/sm_1698768575.044201.jpg\",\"datePublished\":\"2023-10-31T18:35:09+00:00\",\"dateModified\":\"2023-10-31T19:41:05+00:00\",\"author\":{\"@id\":\"https:\/\/www.africa-press.net\/tchad\/#\/schema\/person\/2b1cf3cd81a31e3cd26889ca66d677f1\"},\"description\":\"Cet accord a e\u0301te\u0301 signe\u0301 entre le Gouvernement de la Transition de la Re\u0301publique du Tchad, repre\u0301sente\u0301 par Abderaman ...\",\"breadcrumb\":{\"@id\":\"https:\/\/www.africa-press.net\/tchad\/politique\/succes-masra-et-les-transformateurs-en-exil-pourront-bientot-rentrer-au-tchad#breadcrumb\"},\"inLanguage\":\"fr-FR\",\"potentialAction\":[{\"@type\":\"ReadAction\",\"target\":[\"https:\/\/www.africa-press.net\/tchad\/politique\/succes-masra-et-les-transformateurs-en-exil-pourront-bientot-rentrer-au-tchad\"]}]},{\"@type\":\"ImageObject\",\"inLanguage\":\"fr-FR\",\"@id\":\"https:\/\/www.africa-press.net\/tchad\/politique\/succes-masra-et-les-transformateurs-en-exil-pourront-bientot-rentrer-au-tchad#primaryimage\",\"url\":\"https:\/\/static.africa-press.net\/tchad\/sites\/41\/2023\/10\/sm_1698768575.044201.jpg\",\"contentUrl\":\"https:\/\/static.africa-press.net\/tchad\/sites\/41\/2023\/10\/sm_1698768575.044201.jpg\",\"width\":762,\"height\":428,\"caption\":\"Succes Masra et Les Transformateurs en exil pourront bient\u00f4t rentrer au Tchad\"},{\"@type\":\"BreadcrumbList\",\"@id\":\"https:\/\/www.africa-press.net\/tchad\/politique\/succes-masra-et-les-transformateurs-en-exil-pourront-bientot-rentrer-au-tchad#breadcrumb\",\"itemListElement\":[{\"@type\":\"ListItem\",\"position\":1,\"name\":\"Accueil\",\"item\":\"https:\/\/www.africa-press.net\/tchad\/\"},{\"@type\":\"ListItem\",\"position\":2,\"name\":\"Succes Masra et Les Transformateurs en exil pourront bient\u00f4t rentrer au Tchad\"}]},{\"@type\":\"WebSite\",\"@id\":\"https:\/\/www.africa-press.net\/tchad\/#website\",\"url\":\"https:\/\/www.africa-press.net\/tchad\/\",\"name\":\"tchad\",\"description\":\"Just another Africa News Agency Sites site\",\"potentialAction\":[{\"@type\":\"SearchAction\",\"target\":{\"@type\":\"EntryPoint\",\"urlTemplate\":\"https:\/\/www.africa-press.net\/tchad\/?s={search_term_string}\"},\"query-input\":{\"@type\":\"PropertyValueSpecification\",\"valueRequired\":true,\"valueName\":\"search_term_string\"}}],\"inLanguage\":\"fr-FR\"},{\"@type\":\"Person\",\"@id\":\"https:\/\/www.africa-press.net\/tchad\/#\/schema\/person\/2b1cf3cd81a31e3cd26889ca66d677f1\",\"name\":\"cfeditorfr\"}]}<\/script>\n<!-- \/ Yoast SEO Premium plugin. -->","yoast_head_json":{"title":"Succes Masra et Les Transformateurs en exil pourront bient\u00f4t rentrer au Tchad - tchad","description":"Cet accord a e\u0301te\u0301 signe\u0301 entre le Gouvernement de la Transition de la Re\u0301publique du Tchad, repre\u0301sente\u0301 par Abderaman ...","robots":{"index":"index","follow":"follow","max-snippet":"max-snippet:-1","max-image-preview":"max-image-preview:large","max-video-preview":"max-video-preview:-1"},"canonical":"https:\/\/www.africa-press.net\/tchad\/politique\/succes-masra-et-les-transformateurs-en-exil-pourront-bientot-rentrer-au-tchad","og_locale":"fr_FR","og_type":"article","og_title":"Succes Masra et Les Transformateurs en exil pourront bient\u00f4t rentrer au Tchad","og_description":"Cet accord a e\u0301te\u0301 signe\u0301 entre le Gouvernement de la Transition de la Re\u0301publique du Tchad, repre\u0301sente\u0301 par Abderaman ...","og_url":"https:\/\/www.africa-press.net\/tchad\/politique\/succes-masra-et-les-transformateurs-en-exil-pourront-bientot-rentrer-au-tchad","og_site_name":"tchad","article_published_time":"2023-10-31T18:35:09+00:00","article_modified_time":"2023-10-31T19:41:05+00:00","og_image":[{"width":762,"height":428,"url":"https:\/\/static.africa-press.net\/tchad\/sites\/41\/2023\/10\/sm_1698768575.044201.jpg","type":"image\/jpeg"}],"author":"cfeditorfr","twitter_card":"summary_large_image","twitter_misc":{"\u00c9crit par":"cfeditorfr","Dur\u00e9e de lecture estim\u00e9e":"1 minute"},"schema":{"@context":"https:\/\/schema.org","@graph":[{"@type":"Article","@id":"https:\/\/www.africa-press.net\/tchad\/politique\/succes-masra-et-les-transformateurs-en-exil-pourront-bientot-rentrer-au-tchad#article","isPartOf":{"@id":"https:\/\/www.africa-press.net\/tchad\/politique\/succes-masra-et-les-transformateurs-en-exil-pourront-bientot-rentrer-au-tchad"},"author":{"name":"cfeditorfr","@id":"https:\/\/www.africa-press.net\/tchad\/#\/schema\/person\/2b1cf3cd81a31e3cd26889ca66d677f1"},"headline":"Succes Masra et Les Transformateurs en exil pourront bient\u00f4t rentrer au Tchad","datePublished":"2023-10-31T18:35:09+00:00","dateModified":"2023-10-31T19:41:05+00:00","mainEntityOfPage":{"@id":"https:\/\/www.africa-press.net\/tchad\/politique\/succes-masra-et-les-transformateurs-en-exil-pourront-bientot-rentrer-au-tchad"},"wordCount":211,"commentCount":0,"image":{"@id":"https:\/\/www.africa-press.net\/tchad\/politique\/succes-masra-et-les-transformateurs-en-exil-pourront-bientot-rentrer-au-tchad#primaryimage"},"thumbnailUrl":"https:\/\/static.africa-press.net\/tchad\/sites\/41\/2023\/10\/sm_1698768575.044201.jpg","keywords":["Africa Press","Africa Press-Tchad","Tchad"],"articleSection":["Politique","Toutes les actualit\u00e9s"],"inLanguage":"fr-FR","potentialAction":[{"@type":"CommentAction","name":"Comment","target":["https:\/\/www.africa-press.net\/tchad\/politique\/succes-masra-et-les-transformateurs-en-exil-pourront-bientot-rentrer-au-tchad#respond"]}]},{"@type":"WebPage","@id":"https:\/\/www.africa-press.net\/tchad\/politique\/succes-masra-et-les-transformateurs-en-exil-pourront-bientot-rentrer-au-tchad","url":"https:\/\/www.africa-press.net\/tchad\/politique\/succes-masra-et-les-transformateurs-en-exil-pourront-bientot-rentrer-au-tchad","name":"Succes Masra et Les Transformateurs en exil pourront bient\u00f4t rentrer au Tchad - tchad","isPartOf":{"@id":"https:\/\/www.africa-press.net\/tchad\/#website"},"primaryImageOfPage":{"@id":"https:\/\/www.africa-press.net\/tchad\/politique\/succes-masra-et-les-transformateurs-en-exil-pourront-bientot-rentrer-au-tchad#primaryimage"},"image":{"@id":"https:\/\/www.africa-press.net\/tchad\/politique\/succes-masra-et-les-transformateurs-en-exil-pourront-bientot-rentrer-au-tchad#primaryimage"},"thumbnailUrl":"https:\/\/static.africa-press.net\/tchad\/sites\/41\/2023\/10\/sm_1698768575.044201.jpg","datePublished":"2023-10-31T18:35:09+00:00","dateModified":"2023-10-31T19:41:05+00:00","author":{"@id":"https:\/\/www.africa-press.net\/tchad\/#\/schema\/person\/2b1cf3cd81a31e3cd26889ca66d677f1"},"description":"Cet accord a e\u0301te\u0301 signe\u0301 entre le Gouvernement de la Transition de la Re\u0301publique du Tchad, repre\u0301sente\u0301 par Abderaman ...","breadcrumb":{"@id":"https:\/\/www.africa-press.net\/tchad\/politique\/succes-masra-et-les-transformateurs-en-exil-pourront-bientot-rentrer-au-tchad#breadcrumb"},"inLanguage":"fr-FR","potentialAction":[{"@type":"ReadAction","target":["https:\/\/www.africa-press.net\/tchad\/politique\/succes-masra-et-les-transformateurs-en-exil-pourront-bientot-rentrer-au-tchad"]}]},{"@type":"ImageObject","inLanguage":"fr-FR","@id":"https:\/\/www.africa-press.net\/tchad\/politique\/succes-masra-et-les-transformateurs-en-exil-pourront-bientot-rentrer-au-tchad#primaryimage","url":"https:\/\/static.africa-press.net\/tchad\/sites\/41\/2023\/10\/sm_1698768575.044201.jpg","contentUrl":"https:\/\/static.africa-press.net\/tchad\/sites\/41\/2023\/10\/sm_1698768575.044201.jpg","width":762,"height":428,"caption":"Succes Masra et Les Transformateurs en exil pourront bient\u00f4t rentrer au Tchad"},{"@type":"BreadcrumbList","@id":"https:\/\/www.africa-press.net\/tchad\/politique\/succes-masra-et-les-transformateurs-en-exil-pourront-bientot-rentrer-au-tchad#breadcrumb","itemListElement":[{"@type":"ListItem","position":1,"name":"Accueil","item":"https:\/\/www.africa-press.net\/tchad\/"},{"@type":"ListItem","position":2,"name":"Succes Masra et Les Transformateurs en exil pourront bient\u00f4t rentrer au Tchad"}]},{"@type":"WebSite","@id":"https:\/\/www.africa-press.net\/tchad\/#website","url":"https:\/\/www.africa-press.net\/tchad\/","name":"tchad","description":"Just another Africa News Agency Sites site","potentialAction":[{"@type":"SearchAction","target":{"@type":"EntryPoint","urlTemplate":"https:\/\/www.africa-press.net\/tchad\/?s={search_term_string}"},"query-input":{"@type":"PropertyValueSpecification","valueRequired":true,"valueName":"search_term_string"}}],"inLanguage":"fr-FR"},{"@type":"Person","@id":"https:\/\/www.africa-press.net\/tchad\/#\/schema\/person\/2b1cf3cd81a31e3cd26889ca66d677f1","name":"cfeditorfr"}]}},"_links":{"self":[{"href":"https:\/\/www.africa-press.net\/tchad\/wp-json\/wp\/v2\/posts\/53258","targetHints":{"allow":["GET"]}}],"collection":[{"href":"https:\/\/www.africa-press.net\/tchad\/wp-json\/wp\/v2\/posts"}],"about":[{"href":"https:\/\/www.africa-press.net\/tchad\/wp-json\/wp\/v2\/types\/post"}],"author":[{"embeddable":true,"href":"https:\/\/www.africa-press.net\/tchad\/wp-json\/wp\/v2\/users\/82"}],"replies":[{"embeddable":true,"href":"https:\/\/www.africa-press.net\/tchad\/wp-json\/wp\/v2\/comments?post=53258"}],"version-history":[{"count":0,"href":"https:\/\/www.africa-press.net\/tchad\/wp-json\/wp\/v2\/posts\/53258\/revisions"}],"wp:featuredmedia":[{"embeddable":true,"href":"https:\/\/www.africa-press.net\/tchad\/wp-json\/wp\/v2\/media\/53257"}],"wp:attachment":[{"href":"https:\/\/www.africa-press.net\/tchad\/wp-json\/wp\/v2\/media?parent=53258"}],"wp:term":[{"taxonomy":"category","embeddable":true,"href":"https:\/\/www.africa-press.net\/tchad\/wp-json\/wp\/v2\/categories?post=53258"},{"taxonomy":"post_tag","embeddable":true,"href":"https:\/\/www.africa-press.net\/tchad\/wp-json\/wp\/v2\/tags?post=53258"}],"curies":[{"name":"wp","href":"https:\/\/api.w.org\/{rel}","templated":true}]}}