{"id":53283,"date":"2023-11-01T18:22:02","date_gmt":"2023-11-01T18:22:02","guid":{"rendered":"https:\/\/www.africa-press.net\/tchad\/politique\/reconciliation-au-le-ministre-de-la-reconciliation-nationale-salue-le-role-du-president-tshisekedi"},"modified":"2023-11-01T18:48:51","modified_gmt":"2023-11-01T18:48:51","slug":"reconciliation-au-le-ministre-de-la-reconciliation-nationale-salue-le-role-du-president-tshisekedi","status":"publish","type":"post","link":"https:\/\/www.africa-press.net\/tchad\/politique\/reconciliation-au-le-ministre-de-la-reconciliation-nationale-salue-le-role-du-president-tshisekedi","title":{"rendered":"R\u00e9conciliation au  le ministre de la R\u00e9conciliation nationale salue le r\u00f4le du pr\u00e9sident Tshisekedi"},"content":{"rendered":"<p><span style=\"color: #ff6600\"><strong>Africa-Press &#8211; Tchad. <\/strong><\/span>L&rsquo;accord de principe de Kinshasa, signe\u0301 le 31 octobre 2023, est un pas significatif vers la re\u0301conciliation nationale au Tchad, marquant la volonte\u0301 de tourner la page sur des pe\u0301riodes de trouble. Koulamallah a insiste\u0301 sur le fait que cet accord ne vise pas a\u0300 re\u0301gler le sort d&rsquo;une personne en particulier, mais a\u0300 servir l&rsquo;inte\u0301re\u0302t supe\u0301rieur du Tchad.<\/p>\n<p>Il a e\u0301galement rendu hommage au pre\u0301sident Fe\u0301lix-Antoine Tshisekedi Tshilombo, pre\u0301sident de la Re\u0301publique De\u0301mocratique du Congo, pour son ro\u0302le exceptionnel dans la recherche de la paix et de la stabilite\u0301 au Tchad. Selon Koulamallah, les actions entreprises par le pre\u0301sident Tshisekedi pour la re\u0301conciliation et la stabilite\u0301 au Tchad me\u0301ritent une profonde gratitude.<\/p>\n<p>L&rsquo;accord de Kinshasa permettra le retour au Tchad du Pre\u0301sident du parti politique \u00ab\u00a0Les Transformateurs\u00a0\u00bb, ainsi que de tous ceux qui avaient e\u0301te\u0301 contraints de quitter le pays a\u0300 la suite des e\u0301ve\u0301nements malheureux survenus le 20 octobre 2022. Les de\u0301tails pre\u0301cis de cet accord n&rsquo;ont pas encore e\u0301te\u0301 rendus publics.<\/p>\n<p>Abderaman Koulamallah a souligne\u0301 qu&rsquo;en cette pe\u0301riode cruciale de transition, lui et le ministre Aziz Mahamat Saleh n&rsquo;ont fait que mettre en \u0153uvre une politique visant a\u0300 re\u0301concilier et a\u0300 unir la nation tchadienne. Il a ajoute\u0301 qu&rsquo;il est maintenant impe\u0301ratif de travailler ensemble pour construire un Tchad moderne, inclusif et re\u0301concilie\u0301, ou\u0300 les valeurs de de\u0301mocratie, de liberte\u0301 et de fraternite\u0301 sont partage\u0301es par tous les citoyens.<\/p>\n<p>La mission de Facilitation de la Communaute\u0301 E\u0301conomique des E\u0301tats de l&rsquo;Afrique Centrale (CEEAC) pour le Processus de Transition au Tchad compte sur la bonne foi des parties signataires pour la mise en \u0153uvre effective de cet accord. Elle re\u0301affirme son engagement a\u0300 accompagner le peuple tchadien dans le processus de de\u0301crispation du climat politique en vue de l&rsquo;organisation d&rsquo;e\u0301lections de\u0301mocratiques, libres, transparentes et apaise\u0301es.<\/p>\n<p>Ce nouvel accord de re\u0301conciliation est un pas en avant dans la recherche d&rsquo;une stabilite\u0301 durable et d&rsquo;une paix retrouve\u0301e au Tchad, ouvrant la voie a\u0300 un avenir plus prometteur pour le pays.<\/p>\n<p><strong>Pour plus d&rsquo;informations et d&rsquo;analyses sur la <a href=\"https:\/\/www.africa-press.net\/tchad\">Tchad<\/a>, suivez <a href=\"https:\/\/www.africa-press.net\/\">Africa-Press<\/a><\/strong><\/p>\n","protected":false},"excerpt":{"rendered":"<p>Africa-Press &#8211; Tchad. L&rsquo;accord de principe de Kinshasa, signe\u0301 le 31 octobre 2023, est un pas significatif vers la re\u0301conciliation nationale au Tchad, marquant la volonte\u0301 de tourner la page sur des pe\u0301riodes de trouble. Koulamallah a insiste\u0301 sur le fait que cet accord ne vise pas a\u0300 re\u0301gler le sort d&rsquo;une personne en particulier, [&hellip;]<\/p>\n","protected":false},"author":82,"featured_media":53282,"comment_status":"open","ping_status":"closed","sticky":false,"template":"","format":"standard","meta":{"footnotes":""},"categories":[2,20,10],"tags":[37,292,29],"class_list":["post-53283","post","type-post","status-publish","format-standard","has-post-thumbnail","hentry","category-politique","category-top-nouvelles","category-toutes-les-actualites","tag-africa-press","tag-africa-press-tchad","tag-tchad"],"yoast_head":"<!-- This site is optimized with the Yoast SEO Premium plugin v26.1 (Yoast SEO v27.0) - https:\/\/yoast.com\/product\/yoast-seo-premium-wordpress\/ -->\n<title>R\u00e9conciliation au le ministre de la R\u00e9conciliation nationale salue le r\u00f4le du pr\u00e9sident Tshisekedi - tchad<\/title>\n<meta name=\"description\" content=\"L&#039;accord de principe de Kinshasa, signe\u0301 le 31 octobre 2023, est un pas significatif vers la re\u0301conciliation nationale a ...\" \/>\n<meta name=\"robots\" content=\"index, follow, max-snippet:-1, max-image-preview:large, max-video-preview:-1\" \/>\n<link rel=\"canonical\" href=\"https:\/\/www.africa-press.net\/tchad\/politique\/reconciliation-au-le-ministre-de-la-reconciliation-nationale-salue-le-role-du-president-tshisekedi\" \/>\n<meta property=\"og:locale\" content=\"fr_FR\" \/>\n<meta property=\"og:type\" content=\"article\" \/>\n<meta property=\"og:title\" content=\"R\u00e9conciliation au le ministre de la R\u00e9conciliation nationale salue le r\u00f4le du pr\u00e9sident Tshisekedi\" \/>\n<meta property=\"og:description\" content=\"L&#039;accord de principe de Kinshasa, signe\u0301 le 31 octobre 2023, est un pas significatif vers la re\u0301conciliation nationale a ...\" \/>\n<meta property=\"og:url\" content=\"https:\/\/www.africa-press.net\/tchad\/politique\/reconciliation-au-le-ministre-de-la-reconciliation-nationale-salue-le-role-du-president-tshisekedi\" \/>\n<meta property=\"og:site_name\" content=\"tchad\" \/>\n<meta property=\"article:published_time\" content=\"2023-11-01T18:22:02+00:00\" \/>\n<meta property=\"article:modified_time\" content=\"2023-11-01T18:48:51+00:00\" \/>\n<meta property=\"og:image\" content=\"https:\/\/static.africa-press.net\/tchad\/sites\/41\/2023\/11\/sm_1698851850.982539.jpg\" \/>\n\t<meta property=\"og:image:width\" content=\"1600\" \/>\n\t<meta property=\"og:image:height\" content=\"1066\" \/>\n\t<meta property=\"og:image:type\" content=\"image\/jpeg\" \/>\n<meta name=\"author\" content=\"cfeditorfr\" \/>\n<meta name=\"twitter:card\" content=\"summary_large_image\" \/>\n<meta name=\"twitter:label1\" content=\"\u00c9crit par\" \/>\n\t<meta name=\"twitter:data1\" content=\"cfeditorfr\" \/>\n\t<meta name=\"twitter:label2\" content=\"Dur\u00e9e de lecture estim\u00e9e\" \/>\n\t<meta name=\"twitter:data2\" content=\"2 minutes\" \/>\n<script type=\"application\/ld+json\" class=\"yoast-schema-graph\">{\"@context\":\"https:\/\/schema.org\",\"@graph\":[{\"@type\":\"Article\",\"@id\":\"https:\/\/www.africa-press.net\/tchad\/politique\/reconciliation-au-le-ministre-de-la-reconciliation-nationale-salue-le-role-du-president-tshisekedi#article\",\"isPartOf\":{\"@id\":\"https:\/\/www.africa-press.net\/tchad\/politique\/reconciliation-au-le-ministre-de-la-reconciliation-nationale-salue-le-role-du-president-tshisekedi\"},\"author\":{\"name\":\"cfeditorfr\",\"@id\":\"https:\/\/www.africa-press.net\/tchad\/#\/schema\/person\/2b1cf3cd81a31e3cd26889ca66d677f1\"},\"headline\":\"R\u00e9conciliation au le ministre de la R\u00e9conciliation nationale salue le r\u00f4le du pr\u00e9sident Tshisekedi\",\"datePublished\":\"2023-11-01T18:22:02+00:00\",\"dateModified\":\"2023-11-01T18:48:51+00:00\",\"mainEntityOfPage\":{\"@id\":\"https:\/\/www.africa-press.net\/tchad\/politique\/reconciliation-au-le-ministre-de-la-reconciliation-nationale-salue-le-role-du-president-tshisekedi\"},\"wordCount\":410,\"commentCount\":0,\"image\":{\"@id\":\"https:\/\/www.africa-press.net\/tchad\/politique\/reconciliation-au-le-ministre-de-la-reconciliation-nationale-salue-le-role-du-president-tshisekedi#primaryimage\"},\"thumbnailUrl\":\"https:\/\/static.africa-press.net\/tchad\/sites\/41\/2023\/11\/sm_1698851850.982539.jpg\",\"keywords\":[\"Africa Press\",\"Africa Press-Tchad\",\"Tchad\"],\"articleSection\":[\"Politique\",\"Top Nouvelles\",\"Toutes les actualit\u00e9s\"],\"inLanguage\":\"fr-FR\",\"potentialAction\":[{\"@type\":\"CommentAction\",\"name\":\"Comment\",\"target\":[\"https:\/\/www.africa-press.net\/tchad\/politique\/reconciliation-au-le-ministre-de-la-reconciliation-nationale-salue-le-role-du-president-tshisekedi#respond\"]}]},{\"@type\":\"WebPage\",\"@id\":\"https:\/\/www.africa-press.net\/tchad\/politique\/reconciliation-au-le-ministre-de-la-reconciliation-nationale-salue-le-role-du-president-tshisekedi\",\"url\":\"https:\/\/www.africa-press.net\/tchad\/politique\/reconciliation-au-le-ministre-de-la-reconciliation-nationale-salue-le-role-du-president-tshisekedi\",\"name\":\"R\u00e9conciliation au le ministre de la R\u00e9conciliation nationale salue le r\u00f4le du pr\u00e9sident Tshisekedi - tchad\",\"isPartOf\":{\"@id\":\"https:\/\/www.africa-press.net\/tchad\/#website\"},\"primaryImageOfPage\":{\"@id\":\"https:\/\/www.africa-press.net\/tchad\/politique\/reconciliation-au-le-ministre-de-la-reconciliation-nationale-salue-le-role-du-president-tshisekedi#primaryimage\"},\"image\":{\"@id\":\"https:\/\/www.africa-press.net\/tchad\/politique\/reconciliation-au-le-ministre-de-la-reconciliation-nationale-salue-le-role-du-president-tshisekedi#primaryimage\"},\"thumbnailUrl\":\"https:\/\/static.africa-press.net\/tchad\/sites\/41\/2023\/11\/sm_1698851850.982539.jpg\",\"datePublished\":\"2023-11-01T18:22:02+00:00\",\"dateModified\":\"2023-11-01T18:48:51+00:00\",\"author\":{\"@id\":\"https:\/\/www.africa-press.net\/tchad\/#\/schema\/person\/2b1cf3cd81a31e3cd26889ca66d677f1\"},\"description\":\"L'accord de principe de Kinshasa, signe\u0301 le 31 octobre 2023, est un pas significatif vers la re\u0301conciliation nationale a ...\",\"breadcrumb\":{\"@id\":\"https:\/\/www.africa-press.net\/tchad\/politique\/reconciliation-au-le-ministre-de-la-reconciliation-nationale-salue-le-role-du-president-tshisekedi#breadcrumb\"},\"inLanguage\":\"fr-FR\",\"potentialAction\":[{\"@type\":\"ReadAction\",\"target\":[\"https:\/\/www.africa-press.net\/tchad\/politique\/reconciliation-au-le-ministre-de-la-reconciliation-nationale-salue-le-role-du-president-tshisekedi\"]}]},{\"@type\":\"ImageObject\",\"inLanguage\":\"fr-FR\",\"@id\":\"https:\/\/www.africa-press.net\/tchad\/politique\/reconciliation-au-le-ministre-de-la-reconciliation-nationale-salue-le-role-du-president-tshisekedi#primaryimage\",\"url\":\"https:\/\/static.africa-press.net\/tchad\/sites\/41\/2023\/11\/sm_1698851850.982539.jpg\",\"contentUrl\":\"https:\/\/static.africa-press.net\/tchad\/sites\/41\/2023\/11\/sm_1698851850.982539.jpg\",\"width\":1600,\"height\":1066,\"caption\":\"R\u00e9conciliation au le ministre de la R\u00e9conciliation nationale salue le r\u00f4le du pr\u00e9sident Tshisekedi\"},{\"@type\":\"BreadcrumbList\",\"@id\":\"https:\/\/www.africa-press.net\/tchad\/politique\/reconciliation-au-le-ministre-de-la-reconciliation-nationale-salue-le-role-du-president-tshisekedi#breadcrumb\",\"itemListElement\":[{\"@type\":\"ListItem\",\"position\":1,\"name\":\"Accueil\",\"item\":\"https:\/\/www.africa-press.net\/tchad\/\"},{\"@type\":\"ListItem\",\"position\":2,\"name\":\"R\u00e9conciliation au le ministre de la R\u00e9conciliation nationale salue le r\u00f4le du pr\u00e9sident Tshisekedi\"}]},{\"@type\":\"WebSite\",\"@id\":\"https:\/\/www.africa-press.net\/tchad\/#website\",\"url\":\"https:\/\/www.africa-press.net\/tchad\/\",\"name\":\"tchad\",\"description\":\"Just another Africa News Agency Sites site\",\"potentialAction\":[{\"@type\":\"SearchAction\",\"target\":{\"@type\":\"EntryPoint\",\"urlTemplate\":\"https:\/\/www.africa-press.net\/tchad\/?s={search_term_string}\"},\"query-input\":{\"@type\":\"PropertyValueSpecification\",\"valueRequired\":true,\"valueName\":\"search_term_string\"}}],\"inLanguage\":\"fr-FR\"},{\"@type\":\"Person\",\"@id\":\"https:\/\/www.africa-press.net\/tchad\/#\/schema\/person\/2b1cf3cd81a31e3cd26889ca66d677f1\",\"name\":\"cfeditorfr\"}]}<\/script>\n<!-- \/ Yoast SEO Premium plugin. -->","yoast_head_json":{"title":"R\u00e9conciliation au le ministre de la R\u00e9conciliation nationale salue le r\u00f4le du pr\u00e9sident Tshisekedi - tchad","description":"L'accord de principe de Kinshasa, signe\u0301 le 31 octobre 2023, est un pas significatif vers la re\u0301conciliation nationale a ...","robots":{"index":"index","follow":"follow","max-snippet":"max-snippet:-1","max-image-preview":"max-image-preview:large","max-video-preview":"max-video-preview:-1"},"canonical":"https:\/\/www.africa-press.net\/tchad\/politique\/reconciliation-au-le-ministre-de-la-reconciliation-nationale-salue-le-role-du-president-tshisekedi","og_locale":"fr_FR","og_type":"article","og_title":"R\u00e9conciliation au le ministre de la R\u00e9conciliation nationale salue le r\u00f4le du pr\u00e9sident Tshisekedi","og_description":"L'accord de principe de Kinshasa, signe\u0301 le 31 octobre 2023, est un pas significatif vers la re\u0301conciliation nationale a ...","og_url":"https:\/\/www.africa-press.net\/tchad\/politique\/reconciliation-au-le-ministre-de-la-reconciliation-nationale-salue-le-role-du-president-tshisekedi","og_site_name":"tchad","article_published_time":"2023-11-01T18:22:02+00:00","article_modified_time":"2023-11-01T18:48:51+00:00","og_image":[{"width":1600,"height":1066,"url":"https:\/\/static.africa-press.net\/tchad\/sites\/41\/2023\/11\/sm_1698851850.982539.jpg","type":"image\/jpeg"}],"author":"cfeditorfr","twitter_card":"summary_large_image","twitter_misc":{"\u00c9crit par":"cfeditorfr","Dur\u00e9e de lecture estim\u00e9e":"2 minutes"},"schema":{"@context":"https:\/\/schema.org","@graph":[{"@type":"Article","@id":"https:\/\/www.africa-press.net\/tchad\/politique\/reconciliation-au-le-ministre-de-la-reconciliation-nationale-salue-le-role-du-president-tshisekedi#article","isPartOf":{"@id":"https:\/\/www.africa-press.net\/tchad\/politique\/reconciliation-au-le-ministre-de-la-reconciliation-nationale-salue-le-role-du-president-tshisekedi"},"author":{"name":"cfeditorfr","@id":"https:\/\/www.africa-press.net\/tchad\/#\/schema\/person\/2b1cf3cd81a31e3cd26889ca66d677f1"},"headline":"R\u00e9conciliation au le ministre de la R\u00e9conciliation nationale salue le r\u00f4le du pr\u00e9sident Tshisekedi","datePublished":"2023-11-01T18:22:02+00:00","dateModified":"2023-11-01T18:48:51+00:00","mainEntityOfPage":{"@id":"https:\/\/www.africa-press.net\/tchad\/politique\/reconciliation-au-le-ministre-de-la-reconciliation-nationale-salue-le-role-du-president-tshisekedi"},"wordCount":410,"commentCount":0,"image":{"@id":"https:\/\/www.africa-press.net\/tchad\/politique\/reconciliation-au-le-ministre-de-la-reconciliation-nationale-salue-le-role-du-president-tshisekedi#primaryimage"},"thumbnailUrl":"https:\/\/static.africa-press.net\/tchad\/sites\/41\/2023\/11\/sm_1698851850.982539.jpg","keywords":["Africa Press","Africa Press-Tchad","Tchad"],"articleSection":["Politique","Top Nouvelles","Toutes les actualit\u00e9s"],"inLanguage":"fr-FR","potentialAction":[{"@type":"CommentAction","name":"Comment","target":["https:\/\/www.africa-press.net\/tchad\/politique\/reconciliation-au-le-ministre-de-la-reconciliation-nationale-salue-le-role-du-president-tshisekedi#respond"]}]},{"@type":"WebPage","@id":"https:\/\/www.africa-press.net\/tchad\/politique\/reconciliation-au-le-ministre-de-la-reconciliation-nationale-salue-le-role-du-president-tshisekedi","url":"https:\/\/www.africa-press.net\/tchad\/politique\/reconciliation-au-le-ministre-de-la-reconciliation-nationale-salue-le-role-du-president-tshisekedi","name":"R\u00e9conciliation au le ministre de la R\u00e9conciliation nationale salue le r\u00f4le du pr\u00e9sident Tshisekedi - tchad","isPartOf":{"@id":"https:\/\/www.africa-press.net\/tchad\/#website"},"primaryImageOfPage":{"@id":"https:\/\/www.africa-press.net\/tchad\/politique\/reconciliation-au-le-ministre-de-la-reconciliation-nationale-salue-le-role-du-president-tshisekedi#primaryimage"},"image":{"@id":"https:\/\/www.africa-press.net\/tchad\/politique\/reconciliation-au-le-ministre-de-la-reconciliation-nationale-salue-le-role-du-president-tshisekedi#primaryimage"},"thumbnailUrl":"https:\/\/static.africa-press.net\/tchad\/sites\/41\/2023\/11\/sm_1698851850.982539.jpg","datePublished":"2023-11-01T18:22:02+00:00","dateModified":"2023-11-01T18:48:51+00:00","author":{"@id":"https:\/\/www.africa-press.net\/tchad\/#\/schema\/person\/2b1cf3cd81a31e3cd26889ca66d677f1"},"description":"L'accord de principe de Kinshasa, signe\u0301 le 31 octobre 2023, est un pas significatif vers la re\u0301conciliation nationale a ...","breadcrumb":{"@id":"https:\/\/www.africa-press.net\/tchad\/politique\/reconciliation-au-le-ministre-de-la-reconciliation-nationale-salue-le-role-du-president-tshisekedi#breadcrumb"},"inLanguage":"fr-FR","potentialAction":[{"@type":"ReadAction","target":["https:\/\/www.africa-press.net\/tchad\/politique\/reconciliation-au-le-ministre-de-la-reconciliation-nationale-salue-le-role-du-president-tshisekedi"]}]},{"@type":"ImageObject","inLanguage":"fr-FR","@id":"https:\/\/www.africa-press.net\/tchad\/politique\/reconciliation-au-le-ministre-de-la-reconciliation-nationale-salue-le-role-du-president-tshisekedi#primaryimage","url":"https:\/\/static.africa-press.net\/tchad\/sites\/41\/2023\/11\/sm_1698851850.982539.jpg","contentUrl":"https:\/\/static.africa-press.net\/tchad\/sites\/41\/2023\/11\/sm_1698851850.982539.jpg","width":1600,"height":1066,"caption":"R\u00e9conciliation au le ministre de la R\u00e9conciliation nationale salue le r\u00f4le du pr\u00e9sident Tshisekedi"},{"@type":"BreadcrumbList","@id":"https:\/\/www.africa-press.net\/tchad\/politique\/reconciliation-au-le-ministre-de-la-reconciliation-nationale-salue-le-role-du-president-tshisekedi#breadcrumb","itemListElement":[{"@type":"ListItem","position":1,"name":"Accueil","item":"https:\/\/www.africa-press.net\/tchad\/"},{"@type":"ListItem","position":2,"name":"R\u00e9conciliation au le ministre de la R\u00e9conciliation nationale salue le r\u00f4le du pr\u00e9sident Tshisekedi"}]},{"@type":"WebSite","@id":"https:\/\/www.africa-press.net\/tchad\/#website","url":"https:\/\/www.africa-press.net\/tchad\/","name":"tchad","description":"Just another Africa News Agency Sites site","potentialAction":[{"@type":"SearchAction","target":{"@type":"EntryPoint","urlTemplate":"https:\/\/www.africa-press.net\/tchad\/?s={search_term_string}"},"query-input":{"@type":"PropertyValueSpecification","valueRequired":true,"valueName":"search_term_string"}}],"inLanguage":"fr-FR"},{"@type":"Person","@id":"https:\/\/www.africa-press.net\/tchad\/#\/schema\/person\/2b1cf3cd81a31e3cd26889ca66d677f1","name":"cfeditorfr"}]}},"_links":{"self":[{"href":"https:\/\/www.africa-press.net\/tchad\/wp-json\/wp\/v2\/posts\/53283","targetHints":{"allow":["GET"]}}],"collection":[{"href":"https:\/\/www.africa-press.net\/tchad\/wp-json\/wp\/v2\/posts"}],"about":[{"href":"https:\/\/www.africa-press.net\/tchad\/wp-json\/wp\/v2\/types\/post"}],"author":[{"embeddable":true,"href":"https:\/\/www.africa-press.net\/tchad\/wp-json\/wp\/v2\/users\/82"}],"replies":[{"embeddable":true,"href":"https:\/\/www.africa-press.net\/tchad\/wp-json\/wp\/v2\/comments?post=53283"}],"version-history":[{"count":0,"href":"https:\/\/www.africa-press.net\/tchad\/wp-json\/wp\/v2\/posts\/53283\/revisions"}],"wp:featuredmedia":[{"embeddable":true,"href":"https:\/\/www.africa-press.net\/tchad\/wp-json\/wp\/v2\/media\/53282"}],"wp:attachment":[{"href":"https:\/\/www.africa-press.net\/tchad\/wp-json\/wp\/v2\/media?parent=53283"}],"wp:term":[{"taxonomy":"category","embeddable":true,"href":"https:\/\/www.africa-press.net\/tchad\/wp-json\/wp\/v2\/categories?post=53283"},{"taxonomy":"post_tag","embeddable":true,"href":"https:\/\/www.africa-press.net\/tchad\/wp-json\/wp\/v2\/tags?post=53283"}],"curies":[{"name":"wp","href":"https:\/\/api.w.org\/{rel}","templated":true}]}}