{"id":53297,"date":"2023-11-01T18:25:34","date_gmt":"2023-11-01T18:25:34","guid":{"rendered":"https:\/\/www.africa-press.net\/tchad\/politique\/zilloul-arch-lance-une-mobilisation-pour-le-referendum-constitutionnel-dans-8-provinces"},"modified":"2023-11-01T18:52:34","modified_gmt":"2023-11-01T18:52:34","slug":"zilloul-arch-lance-une-mobilisation-pour-le-referendum-constitutionnel-dans-8-provinces","status":"publish","type":"post","link":"https:\/\/www.africa-press.net\/tchad\/politique\/zilloul-arch-lance-une-mobilisation-pour-le-referendum-constitutionnel-dans-8-provinces","title":{"rendered":"Zilloul-arch lance une mobilisation pour le r\u00e9f\u00e9rendum constitutionnel dans 8 provinces"},"content":{"rendered":"<p><span style=\"color: #ff6600\"><strong>Africa-Press &#8211; Tchad. <\/strong><\/span>L&rsquo;association Zilloul-arch, cre\u0301e\u0301e en 2019, est une organisation a\u0300 but non lucratif de\u0301die\u0301e au bien-e\u0302tre et a\u0300 la promotion de la citoyennete\u0301 chez les jeunes, axe\u0301e sur le de\u0301veloppement national. Elle a exprime\u0301 son engagement envers la transition et a re\u0301ussi a\u0300 sensibiliser plus de 40 000 concitoyens de la province du Tibesti en vue du re\u0301fe\u0301rendum. Lors de la ce\u0301re\u0301monie, le pre\u0301sident du comite\u0301 d&rsquo;organisation de Zilloul-arch a appele\u0301 les participants a\u0300 maintenir leur foi et leur re\u0301silience pour atteindre leurs objectifs.<\/p>\n<p>La pre\u0301sidente de l&rsquo;association Zilloul-arch, Amouna Ali Sougui, a souligne\u0301 l&rsquo;importance du re\u0301fe\u0301rendum constitutionnel pour le peuple tchadien, qui sera amene\u0301 a\u0300 se prononcer sur le projet de constitution. Elle a insiste\u0301 sur la ne\u0301cessite\u0301 de rendre ce projet de constitution accessible a\u0300 tous les citoyens pour qu&rsquo;ils puissent prendre des de\u0301cisions e\u0301claire\u0301es et exercer leur droit de vote en toute conscience et dans la paix. L&rsquo;association s&rsquo;est donc engage\u0301e a\u0300 contribuer a\u0300 la vulgarisation du projet de constitution dans huit provinces, notamment N&rsquo;Djamena, Hadjer Lamis, Barh El Ghazel, Kanem, Ouaddai, Sila, Wadi Fira et Tibesti.<\/p>\n<p><strong>Pour plus d&rsquo;informations et d&rsquo;analyses sur la <a href=\"https:\/\/www.africa-press.net\/tchad\">Tchad<\/a>, suivez <a href=\"https:\/\/www.africa-press.net\/\">Africa-Press<\/a><\/strong><\/p>\n","protected":false},"excerpt":{"rendered":"<p>Africa-Press &#8211; Tchad. L&rsquo;association Zilloul-arch, cre\u0301e\u0301e en 2019, est une organisation a\u0300 but non lucratif de\u0301die\u0301e au bien-e\u0302tre et a\u0300 la promotion de la citoyennete\u0301 chez les jeunes, axe\u0301e sur le de\u0301veloppement national. Elle a exprime\u0301 son engagement envers la transition et a re\u0301ussi a\u0300 sensibiliser plus de 40 000 concitoyens de la province du [&hellip;]<\/p>\n","protected":false},"author":82,"featured_media":53296,"comment_status":"open","ping_status":"closed","sticky":false,"template":"","format":"standard","meta":{"footnotes":""},"categories":[2,10],"tags":[37,292,29],"class_list":["post-53297","post","type-post","status-publish","format-standard","has-post-thumbnail","hentry","category-politique","category-toutes-les-actualites","tag-africa-press","tag-africa-press-tchad","tag-tchad"],"yoast_head":"<!-- This site is optimized with the Yoast SEO Premium plugin v26.1 (Yoast SEO v27.0) - https:\/\/yoast.com\/product\/yoast-seo-premium-wordpress\/ -->\n<title>Zilloul-arch lance une mobilisation pour le r\u00e9f\u00e9rendum constitutionnel dans 8 provinces - tchad<\/title>\n<meta name=\"description\" content=\"L&#039;association Zilloul-arch, cre\u0301e\u0301e en 2019, est une organisation a\u0300 but non lucratif de\u0301die\u0301e au bien-e\u0302tre et a\u0300 la pr ...\" \/>\n<meta name=\"robots\" content=\"index, follow, max-snippet:-1, max-image-preview:large, max-video-preview:-1\" \/>\n<link rel=\"canonical\" href=\"https:\/\/www.africa-press.net\/tchad\/politique\/zilloul-arch-lance-une-mobilisation-pour-le-referendum-constitutionnel-dans-8-provinces\" \/>\n<meta property=\"og:locale\" content=\"fr_FR\" \/>\n<meta property=\"og:type\" content=\"article\" \/>\n<meta property=\"og:title\" content=\"Zilloul-arch lance une mobilisation pour le r\u00e9f\u00e9rendum constitutionnel dans 8 provinces\" \/>\n<meta property=\"og:description\" content=\"L&#039;association Zilloul-arch, cre\u0301e\u0301e en 2019, est une organisation a\u0300 but non lucratif de\u0301die\u0301e au bien-e\u0302tre et a\u0300 la pr ...\" \/>\n<meta property=\"og:url\" content=\"https:\/\/www.africa-press.net\/tchad\/politique\/zilloul-arch-lance-une-mobilisation-pour-le-referendum-constitutionnel-dans-8-provinces\" \/>\n<meta property=\"og:site_name\" content=\"tchad\" \/>\n<meta property=\"article:published_time\" content=\"2023-11-01T18:25:34+00:00\" \/>\n<meta property=\"article:modified_time\" content=\"2023-11-01T18:52:34+00:00\" \/>\n<meta property=\"og:image\" content=\"https:\/\/static.africa-press.net\/tchad\/sites\/41\/2023\/11\/sm_1698852079.117122.jpg\" \/>\n\t<meta property=\"og:image:width\" content=\"870\" \/>\n\t<meta property=\"og:image:height\" content=\"653\" \/>\n\t<meta property=\"og:image:type\" content=\"image\/jpeg\" \/>\n<meta name=\"author\" content=\"cfeditorfr\" \/>\n<meta name=\"twitter:card\" content=\"summary_large_image\" \/>\n<meta name=\"twitter:label1\" content=\"\u00c9crit par\" \/>\n\t<meta name=\"twitter:data1\" content=\"cfeditorfr\" \/>\n\t<meta name=\"twitter:label2\" content=\"Dur\u00e9e de lecture estim\u00e9e\" \/>\n\t<meta name=\"twitter:data2\" content=\"1 minute\" \/>\n<script type=\"application\/ld+json\" class=\"yoast-schema-graph\">{\"@context\":\"https:\/\/schema.org\",\"@graph\":[{\"@type\":\"Article\",\"@id\":\"https:\/\/www.africa-press.net\/tchad\/politique\/zilloul-arch-lance-une-mobilisation-pour-le-referendum-constitutionnel-dans-8-provinces#article\",\"isPartOf\":{\"@id\":\"https:\/\/www.africa-press.net\/tchad\/politique\/zilloul-arch-lance-une-mobilisation-pour-le-referendum-constitutionnel-dans-8-provinces\"},\"author\":{\"name\":\"cfeditorfr\",\"@id\":\"https:\/\/www.africa-press.net\/tchad\/#\/schema\/person\/2b1cf3cd81a31e3cd26889ca66d677f1\"},\"headline\":\"Zilloul-arch lance une mobilisation pour le r\u00e9f\u00e9rendum constitutionnel dans 8 provinces\",\"datePublished\":\"2023-11-01T18:25:34+00:00\",\"dateModified\":\"2023-11-01T18:52:34+00:00\",\"mainEntityOfPage\":{\"@id\":\"https:\/\/www.africa-press.net\/tchad\/politique\/zilloul-arch-lance-une-mobilisation-pour-le-referendum-constitutionnel-dans-8-provinces\"},\"wordCount\":233,\"commentCount\":0,\"image\":{\"@id\":\"https:\/\/www.africa-press.net\/tchad\/politique\/zilloul-arch-lance-une-mobilisation-pour-le-referendum-constitutionnel-dans-8-provinces#primaryimage\"},\"thumbnailUrl\":\"https:\/\/static.africa-press.net\/tchad\/sites\/41\/2023\/11\/sm_1698852079.117122.jpg\",\"keywords\":[\"Africa Press\",\"Africa Press-Tchad\",\"Tchad\"],\"articleSection\":[\"Politique\",\"Toutes les actualit\u00e9s\"],\"inLanguage\":\"fr-FR\",\"potentialAction\":[{\"@type\":\"CommentAction\",\"name\":\"Comment\",\"target\":[\"https:\/\/www.africa-press.net\/tchad\/politique\/zilloul-arch-lance-une-mobilisation-pour-le-referendum-constitutionnel-dans-8-provinces#respond\"]}]},{\"@type\":\"WebPage\",\"@id\":\"https:\/\/www.africa-press.net\/tchad\/politique\/zilloul-arch-lance-une-mobilisation-pour-le-referendum-constitutionnel-dans-8-provinces\",\"url\":\"https:\/\/www.africa-press.net\/tchad\/politique\/zilloul-arch-lance-une-mobilisation-pour-le-referendum-constitutionnel-dans-8-provinces\",\"name\":\"Zilloul-arch lance une mobilisation pour le r\u00e9f\u00e9rendum constitutionnel dans 8 provinces - tchad\",\"isPartOf\":{\"@id\":\"https:\/\/www.africa-press.net\/tchad\/#website\"},\"primaryImageOfPage\":{\"@id\":\"https:\/\/www.africa-press.net\/tchad\/politique\/zilloul-arch-lance-une-mobilisation-pour-le-referendum-constitutionnel-dans-8-provinces#primaryimage\"},\"image\":{\"@id\":\"https:\/\/www.africa-press.net\/tchad\/politique\/zilloul-arch-lance-une-mobilisation-pour-le-referendum-constitutionnel-dans-8-provinces#primaryimage\"},\"thumbnailUrl\":\"https:\/\/static.africa-press.net\/tchad\/sites\/41\/2023\/11\/sm_1698852079.117122.jpg\",\"datePublished\":\"2023-11-01T18:25:34+00:00\",\"dateModified\":\"2023-11-01T18:52:34+00:00\",\"author\":{\"@id\":\"https:\/\/www.africa-press.net\/tchad\/#\/schema\/person\/2b1cf3cd81a31e3cd26889ca66d677f1\"},\"description\":\"L'association Zilloul-arch, cre\u0301e\u0301e en 2019, est une organisation a\u0300 but non lucratif de\u0301die\u0301e au bien-e\u0302tre et a\u0300 la pr ...\",\"breadcrumb\":{\"@id\":\"https:\/\/www.africa-press.net\/tchad\/politique\/zilloul-arch-lance-une-mobilisation-pour-le-referendum-constitutionnel-dans-8-provinces#breadcrumb\"},\"inLanguage\":\"fr-FR\",\"potentialAction\":[{\"@type\":\"ReadAction\",\"target\":[\"https:\/\/www.africa-press.net\/tchad\/politique\/zilloul-arch-lance-une-mobilisation-pour-le-referendum-constitutionnel-dans-8-provinces\"]}]},{\"@type\":\"ImageObject\",\"inLanguage\":\"fr-FR\",\"@id\":\"https:\/\/www.africa-press.net\/tchad\/politique\/zilloul-arch-lance-une-mobilisation-pour-le-referendum-constitutionnel-dans-8-provinces#primaryimage\",\"url\":\"https:\/\/static.africa-press.net\/tchad\/sites\/41\/2023\/11\/sm_1698852079.117122.jpg\",\"contentUrl\":\"https:\/\/static.africa-press.net\/tchad\/sites\/41\/2023\/11\/sm_1698852079.117122.jpg\",\"width\":870,\"height\":653,\"caption\":\"Zilloul-arch lance une mobilisation pour le r\u00e9f\u00e9rendum constitutionnel dans 8 provinces\"},{\"@type\":\"BreadcrumbList\",\"@id\":\"https:\/\/www.africa-press.net\/tchad\/politique\/zilloul-arch-lance-une-mobilisation-pour-le-referendum-constitutionnel-dans-8-provinces#breadcrumb\",\"itemListElement\":[{\"@type\":\"ListItem\",\"position\":1,\"name\":\"Accueil\",\"item\":\"https:\/\/www.africa-press.net\/tchad\/\"},{\"@type\":\"ListItem\",\"position\":2,\"name\":\"Zilloul-arch lance une mobilisation pour le r\u00e9f\u00e9rendum constitutionnel dans 8 provinces\"}]},{\"@type\":\"WebSite\",\"@id\":\"https:\/\/www.africa-press.net\/tchad\/#website\",\"url\":\"https:\/\/www.africa-press.net\/tchad\/\",\"name\":\"tchad\",\"description\":\"Just another Africa News Agency Sites site\",\"potentialAction\":[{\"@type\":\"SearchAction\",\"target\":{\"@type\":\"EntryPoint\",\"urlTemplate\":\"https:\/\/www.africa-press.net\/tchad\/?s={search_term_string}\"},\"query-input\":{\"@type\":\"PropertyValueSpecification\",\"valueRequired\":true,\"valueName\":\"search_term_string\"}}],\"inLanguage\":\"fr-FR\"},{\"@type\":\"Person\",\"@id\":\"https:\/\/www.africa-press.net\/tchad\/#\/schema\/person\/2b1cf3cd81a31e3cd26889ca66d677f1\",\"name\":\"cfeditorfr\"}]}<\/script>\n<!-- \/ Yoast SEO Premium plugin. -->","yoast_head_json":{"title":"Zilloul-arch lance une mobilisation pour le r\u00e9f\u00e9rendum constitutionnel dans 8 provinces - tchad","description":"L'association Zilloul-arch, cre\u0301e\u0301e en 2019, est une organisation a\u0300 but non lucratif de\u0301die\u0301e au bien-e\u0302tre et a\u0300 la pr ...","robots":{"index":"index","follow":"follow","max-snippet":"max-snippet:-1","max-image-preview":"max-image-preview:large","max-video-preview":"max-video-preview:-1"},"canonical":"https:\/\/www.africa-press.net\/tchad\/politique\/zilloul-arch-lance-une-mobilisation-pour-le-referendum-constitutionnel-dans-8-provinces","og_locale":"fr_FR","og_type":"article","og_title":"Zilloul-arch lance une mobilisation pour le r\u00e9f\u00e9rendum constitutionnel dans 8 provinces","og_description":"L'association Zilloul-arch, cre\u0301e\u0301e en 2019, est une organisation a\u0300 but non lucratif de\u0301die\u0301e au bien-e\u0302tre et a\u0300 la pr ...","og_url":"https:\/\/www.africa-press.net\/tchad\/politique\/zilloul-arch-lance-une-mobilisation-pour-le-referendum-constitutionnel-dans-8-provinces","og_site_name":"tchad","article_published_time":"2023-11-01T18:25:34+00:00","article_modified_time":"2023-11-01T18:52:34+00:00","og_image":[{"width":870,"height":653,"url":"https:\/\/static.africa-press.net\/tchad\/sites\/41\/2023\/11\/sm_1698852079.117122.jpg","type":"image\/jpeg"}],"author":"cfeditorfr","twitter_card":"summary_large_image","twitter_misc":{"\u00c9crit par":"cfeditorfr","Dur\u00e9e de lecture estim\u00e9e":"1 minute"},"schema":{"@context":"https:\/\/schema.org","@graph":[{"@type":"Article","@id":"https:\/\/www.africa-press.net\/tchad\/politique\/zilloul-arch-lance-une-mobilisation-pour-le-referendum-constitutionnel-dans-8-provinces#article","isPartOf":{"@id":"https:\/\/www.africa-press.net\/tchad\/politique\/zilloul-arch-lance-une-mobilisation-pour-le-referendum-constitutionnel-dans-8-provinces"},"author":{"name":"cfeditorfr","@id":"https:\/\/www.africa-press.net\/tchad\/#\/schema\/person\/2b1cf3cd81a31e3cd26889ca66d677f1"},"headline":"Zilloul-arch lance une mobilisation pour le r\u00e9f\u00e9rendum constitutionnel dans 8 provinces","datePublished":"2023-11-01T18:25:34+00:00","dateModified":"2023-11-01T18:52:34+00:00","mainEntityOfPage":{"@id":"https:\/\/www.africa-press.net\/tchad\/politique\/zilloul-arch-lance-une-mobilisation-pour-le-referendum-constitutionnel-dans-8-provinces"},"wordCount":233,"commentCount":0,"image":{"@id":"https:\/\/www.africa-press.net\/tchad\/politique\/zilloul-arch-lance-une-mobilisation-pour-le-referendum-constitutionnel-dans-8-provinces#primaryimage"},"thumbnailUrl":"https:\/\/static.africa-press.net\/tchad\/sites\/41\/2023\/11\/sm_1698852079.117122.jpg","keywords":["Africa Press","Africa Press-Tchad","Tchad"],"articleSection":["Politique","Toutes les actualit\u00e9s"],"inLanguage":"fr-FR","potentialAction":[{"@type":"CommentAction","name":"Comment","target":["https:\/\/www.africa-press.net\/tchad\/politique\/zilloul-arch-lance-une-mobilisation-pour-le-referendum-constitutionnel-dans-8-provinces#respond"]}]},{"@type":"WebPage","@id":"https:\/\/www.africa-press.net\/tchad\/politique\/zilloul-arch-lance-une-mobilisation-pour-le-referendum-constitutionnel-dans-8-provinces","url":"https:\/\/www.africa-press.net\/tchad\/politique\/zilloul-arch-lance-une-mobilisation-pour-le-referendum-constitutionnel-dans-8-provinces","name":"Zilloul-arch lance une mobilisation pour le r\u00e9f\u00e9rendum constitutionnel dans 8 provinces - tchad","isPartOf":{"@id":"https:\/\/www.africa-press.net\/tchad\/#website"},"primaryImageOfPage":{"@id":"https:\/\/www.africa-press.net\/tchad\/politique\/zilloul-arch-lance-une-mobilisation-pour-le-referendum-constitutionnel-dans-8-provinces#primaryimage"},"image":{"@id":"https:\/\/www.africa-press.net\/tchad\/politique\/zilloul-arch-lance-une-mobilisation-pour-le-referendum-constitutionnel-dans-8-provinces#primaryimage"},"thumbnailUrl":"https:\/\/static.africa-press.net\/tchad\/sites\/41\/2023\/11\/sm_1698852079.117122.jpg","datePublished":"2023-11-01T18:25:34+00:00","dateModified":"2023-11-01T18:52:34+00:00","author":{"@id":"https:\/\/www.africa-press.net\/tchad\/#\/schema\/person\/2b1cf3cd81a31e3cd26889ca66d677f1"},"description":"L'association Zilloul-arch, cre\u0301e\u0301e en 2019, est une organisation a\u0300 but non lucratif de\u0301die\u0301e au bien-e\u0302tre et a\u0300 la pr ...","breadcrumb":{"@id":"https:\/\/www.africa-press.net\/tchad\/politique\/zilloul-arch-lance-une-mobilisation-pour-le-referendum-constitutionnel-dans-8-provinces#breadcrumb"},"inLanguage":"fr-FR","potentialAction":[{"@type":"ReadAction","target":["https:\/\/www.africa-press.net\/tchad\/politique\/zilloul-arch-lance-une-mobilisation-pour-le-referendum-constitutionnel-dans-8-provinces"]}]},{"@type":"ImageObject","inLanguage":"fr-FR","@id":"https:\/\/www.africa-press.net\/tchad\/politique\/zilloul-arch-lance-une-mobilisation-pour-le-referendum-constitutionnel-dans-8-provinces#primaryimage","url":"https:\/\/static.africa-press.net\/tchad\/sites\/41\/2023\/11\/sm_1698852079.117122.jpg","contentUrl":"https:\/\/static.africa-press.net\/tchad\/sites\/41\/2023\/11\/sm_1698852079.117122.jpg","width":870,"height":653,"caption":"Zilloul-arch lance une mobilisation pour le r\u00e9f\u00e9rendum constitutionnel dans 8 provinces"},{"@type":"BreadcrumbList","@id":"https:\/\/www.africa-press.net\/tchad\/politique\/zilloul-arch-lance-une-mobilisation-pour-le-referendum-constitutionnel-dans-8-provinces#breadcrumb","itemListElement":[{"@type":"ListItem","position":1,"name":"Accueil","item":"https:\/\/www.africa-press.net\/tchad\/"},{"@type":"ListItem","position":2,"name":"Zilloul-arch lance une mobilisation pour le r\u00e9f\u00e9rendum constitutionnel dans 8 provinces"}]},{"@type":"WebSite","@id":"https:\/\/www.africa-press.net\/tchad\/#website","url":"https:\/\/www.africa-press.net\/tchad\/","name":"tchad","description":"Just another Africa News Agency Sites site","potentialAction":[{"@type":"SearchAction","target":{"@type":"EntryPoint","urlTemplate":"https:\/\/www.africa-press.net\/tchad\/?s={search_term_string}"},"query-input":{"@type":"PropertyValueSpecification","valueRequired":true,"valueName":"search_term_string"}}],"inLanguage":"fr-FR"},{"@type":"Person","@id":"https:\/\/www.africa-press.net\/tchad\/#\/schema\/person\/2b1cf3cd81a31e3cd26889ca66d677f1","name":"cfeditorfr"}]}},"_links":{"self":[{"href":"https:\/\/www.africa-press.net\/tchad\/wp-json\/wp\/v2\/posts\/53297","targetHints":{"allow":["GET"]}}],"collection":[{"href":"https:\/\/www.africa-press.net\/tchad\/wp-json\/wp\/v2\/posts"}],"about":[{"href":"https:\/\/www.africa-press.net\/tchad\/wp-json\/wp\/v2\/types\/post"}],"author":[{"embeddable":true,"href":"https:\/\/www.africa-press.net\/tchad\/wp-json\/wp\/v2\/users\/82"}],"replies":[{"embeddable":true,"href":"https:\/\/www.africa-press.net\/tchad\/wp-json\/wp\/v2\/comments?post=53297"}],"version-history":[{"count":0,"href":"https:\/\/www.africa-press.net\/tchad\/wp-json\/wp\/v2\/posts\/53297\/revisions"}],"wp:featuredmedia":[{"embeddable":true,"href":"https:\/\/www.africa-press.net\/tchad\/wp-json\/wp\/v2\/media\/53296"}],"wp:attachment":[{"href":"https:\/\/www.africa-press.net\/tchad\/wp-json\/wp\/v2\/media?parent=53297"}],"wp:term":[{"taxonomy":"category","embeddable":true,"href":"https:\/\/www.africa-press.net\/tchad\/wp-json\/wp\/v2\/categories?post=53297"},{"taxonomy":"post_tag","embeddable":true,"href":"https:\/\/www.africa-press.net\/tchad\/wp-json\/wp\/v2\/tags?post=53297"}],"curies":[{"name":"wp","href":"https:\/\/api.w.org\/{rel}","templated":true}]}}