{"id":53302,"date":"2023-11-01T18:24:04","date_gmt":"2023-11-01T18:24:04","guid":{"rendered":"https:\/\/www.africa-press.net\/tchad\/politique\/decret-presidentiel-les-details-du-referendum-constitutionnel-au-tchad"},"modified":"2023-11-01T18:24:04","modified_gmt":"2023-11-01T18:24:04","slug":"decret-presidentiel-les-details-du-referendum-constitutionnel-au-tchad","status":"publish","type":"post","link":"https:\/\/www.africa-press.net\/tchad\/politique\/decret-presidentiel-les-details-du-referendum-constitutionnel-au-tchad","title":{"rendered":"D\u00e9cret pr\u00e9sidentiel : Les d\u00e9tails du r\u00e9f\u00e9rendum constitutionnel au Tchad"},"content":{"rendered":"<p><span style=\"color: #ff6600\"><strong>Africa-Press &#8211; Tchad. <\/strong><\/span>Le de\u0301cret a e\u0301te\u0301 e\u0301mis en vertu de la Charte de transition re\u0301vise\u0301e et de la Loi N\u00b0011\/PT\/2023 du 30 mai 2023, qui re\u0301git l&rsquo;organisation du re\u0301fe\u0301rendum constitutionnel. Il tient e\u0301galement compte de l&rsquo;Ordonnance N\u00b0001\/PT\/2023 du 13 janvier 2023, qui a e\u0301tabli la Commission nationale charge\u0301e de l&rsquo;organisation du re\u0301fe\u0301rendum constitutionnel (CONOREC).<\/p>\n<p><b>L&rsquo;article 2 du de\u0301cret pre\u0301cise la question qui sera pose\u0301e aux e\u0301lecteurs lors du re\u0301fe\u0301rendum constitutionnel : \u00ab Approuvez-vous le projet de Constitution qui vous est soumis consacrant la forme unitaire de l&rsquo;E\u0301tat ? \u00bb Les e\u0301lecteurs auront la possibilite\u0301 de re\u0301pondre par \u00ab OUI \u00bb ou \u00ab NON \u00bb a\u0300 cette question.<\/b><\/p>\n<p>Le de\u0301cret spe\u0301cifie e\u0301galement les caracte\u0301ristiques des bulletins de vote. Les bulletins seront de couleur blanche et noire et porteront respectivement les mentions \u00ab OUI \u00bb et \u00ab NON \u00bb en franc\u0327ais et en arabe. Chaque bulletin mesure 140 mm x 100 mm et affiche le logo de la CONOREC dans l&rsquo;angle supe\u0301rieur gauche.<\/p>\n<p>Le bulletin de vote \u00ab OUI \u00bb en franc\u0327ais et en arabe est destine\u0301 au vote favorable a\u0300 la question pose\u0301e, tandis que le bulletin \u00ab NON \u00bb en franc\u0327ais et en arabe est destine\u0301 au vote de\u0301favorable. Les bulletins seront place\u0301s dans une enveloppe blanche de dimensions 150 mm x 110 mm, estampille\u0301e au recto et au verso du logo de la CONOREC.<\/p>\n<p>En ce qui concerne les conse\u0301quences des re\u0301sultats, si le vote \u00ab OUI \u00bb l&#8217;emporte majoritairement, le projet de Constitution consacrant la forme unitaire de l&rsquo;E\u0301tat sera adopte\u0301, et le Pre\u0301sident de Transition devra promulguer la Constitution vote\u0301e dans un de\u0301lai maximum de 15 jours. Si le vote \u00ab NON \u00bb est majoritaire, une nouvelle Constitution, consacrant la forme fe\u0301de\u0301rale de l&rsquo;E\u0301tat, devra e\u0302tre propose\u0301e aux e\u0301lecteurs dans un de\u0301lai n&rsquo;exce\u0301dant pas soixante jours. Dans ce cas, la Charte de Transition actuelle restera en vigueur jusqu&rsquo;a\u0300 l&rsquo;adoption de la nouvelle Constitution.<\/p>\n<p>Ce de\u0301cret pre\u0301pare le terrain pour un re\u0301fe\u0301rendum constitutionnel qui de\u0301cidera du mode\u0300le d&rsquo;E\u0301tat du Tchad, qu&rsquo;il soit unitaire ou fe\u0301de\u0301ral, en fonction des re\u0301sultats.<\/p>\n<p><strong>Pour plus d&rsquo;informations et d&rsquo;analyses sur la <a href=\"https:\/\/www.africa-press.net\/tchad\">Tchad<\/a>, suivez <a href=\"https:\/\/www.africa-press.net\/\">Africa-Press<\/a><\/strong><\/p>\n","protected":false},"excerpt":{"rendered":"<p>Africa-Press &#8211; Tchad. Le de\u0301cret a e\u0301te\u0301 e\u0301mis en vertu de la Charte de transition re\u0301vise\u0301e et de la Loi N\u00b0011\/PT\/2023 du 30 mai 2023, qui re\u0301git l&rsquo;organisation du re\u0301fe\u0301rendum constitutionnel. Il tient e\u0301galement compte de l&rsquo;Ordonnance N\u00b0001\/PT\/2023 du 13 janvier 2023, qui a e\u0301tabli la Commission nationale charge\u0301e de l&rsquo;organisation du re\u0301fe\u0301rendum constitutionnel (CONOREC). [&hellip;]<\/p>\n","protected":false},"author":82,"featured_media":53301,"comment_status":"open","ping_status":"closed","sticky":false,"template":"","format":"standard","meta":{"footnotes":""},"categories":[2,20,10],"tags":[37,292,29],"class_list":["post-53302","post","type-post","status-publish","format-standard","has-post-thumbnail","hentry","category-politique","category-top-nouvelles","category-toutes-les-actualites","tag-africa-press","tag-africa-press-tchad","tag-tchad"],"yoast_head":"<!-- This site is optimized with the Yoast SEO Premium plugin v26.1 (Yoast SEO v27.0) - https:\/\/yoast.com\/product\/yoast-seo-premium-wordpress\/ -->\n<title>D\u00e9cret pr\u00e9sidentiel : Les d\u00e9tails du r\u00e9f\u00e9rendum constitutionnel au Tchad - tchad<\/title>\n<meta name=\"robots\" content=\"index, follow, max-snippet:-1, max-image-preview:large, max-video-preview:-1\" \/>\n<link rel=\"canonical\" href=\"https:\/\/www.africa-press.net\/tchad\/politique\/decret-presidentiel-les-details-du-referendum-constitutionnel-au-tchad\" \/>\n<meta property=\"og:locale\" content=\"fr_FR\" \/>\n<meta property=\"og:type\" content=\"article\" \/>\n<meta property=\"og:title\" content=\"D\u00e9cret pr\u00e9sidentiel : Les d\u00e9tails du r\u00e9f\u00e9rendum constitutionnel au Tchad\" \/>\n<meta property=\"og:description\" content=\"Africa-Press &#8211; Tchad. Le de\u0301cret a e\u0301te\u0301 e\u0301mis en vertu de la Charte de transition re\u0301vise\u0301e et de la Loi N\u00b0011\/PT\/2023 du 30 mai 2023, qui re\u0301git l&rsquo;organisation du re\u0301fe\u0301rendum constitutionnel. Il tient e\u0301galement compte de l&rsquo;Ordonnance N\u00b0001\/PT\/2023 du 13 janvier 2023, qui a e\u0301tabli la Commission nationale charge\u0301e de l&rsquo;organisation du re\u0301fe\u0301rendum constitutionnel (CONOREC). [&hellip;]\" \/>\n<meta property=\"og:url\" content=\"https:\/\/www.africa-press.net\/tchad\/politique\/decret-presidentiel-les-details-du-referendum-constitutionnel-au-tchad\" \/>\n<meta property=\"og:site_name\" content=\"tchad\" \/>\n<meta property=\"article:published_time\" content=\"2023-11-01T18:24:04+00:00\" \/>\n<meta name=\"author\" content=\"cfeditorfr\" \/>\n<meta name=\"twitter:card\" content=\"summary_large_image\" \/>\n<meta name=\"twitter:label1\" content=\"\u00c9crit par\" \/>\n\t<meta name=\"twitter:data1\" content=\"cfeditorfr\" \/>\n\t<meta name=\"twitter:label2\" content=\"Dur\u00e9e de lecture estim\u00e9e\" \/>\n\t<meta name=\"twitter:data2\" content=\"2 minutes\" \/>\n<script type=\"application\/ld+json\" class=\"yoast-schema-graph\">{\"@context\":\"https:\/\/schema.org\",\"@graph\":[{\"@type\":\"Article\",\"@id\":\"https:\/\/www.africa-press.net\/tchad\/politique\/decret-presidentiel-les-details-du-referendum-constitutionnel-au-tchad#article\",\"isPartOf\":{\"@id\":\"https:\/\/www.africa-press.net\/tchad\/politique\/decret-presidentiel-les-details-du-referendum-constitutionnel-au-tchad\"},\"author\":{\"name\":\"cfeditorfr\",\"@id\":\"https:\/\/www.africa-press.net\/tchad\/#\/schema\/person\/2b1cf3cd81a31e3cd26889ca66d677f1\"},\"headline\":\"D\u00e9cret pr\u00e9sidentiel : Les d\u00e9tails du r\u00e9f\u00e9rendum constitutionnel au Tchad\",\"datePublished\":\"2023-11-01T18:24:04+00:00\",\"mainEntityOfPage\":{\"@id\":\"https:\/\/www.africa-press.net\/tchad\/politique\/decret-presidentiel-les-details-du-referendum-constitutionnel-au-tchad\"},\"wordCount\":412,\"commentCount\":0,\"image\":{\"@id\":\"https:\/\/www.africa-press.net\/tchad\/politique\/decret-presidentiel-les-details-du-referendum-constitutionnel-au-tchad#primaryimage\"},\"thumbnailUrl\":\"https:\/\/static.africa-press.net\/tchad\/sites\/41\/2023\/11\/sm_1698855040.900784.jpg\",\"keywords\":[\"Africa Press\",\"Africa Press-Tchad\",\"Tchad\"],\"articleSection\":[\"Politique\",\"Top Nouvelles\",\"Toutes les actualit\u00e9s\"],\"inLanguage\":\"fr-FR\",\"potentialAction\":[{\"@type\":\"CommentAction\",\"name\":\"Comment\",\"target\":[\"https:\/\/www.africa-press.net\/tchad\/politique\/decret-presidentiel-les-details-du-referendum-constitutionnel-au-tchad#respond\"]}]},{\"@type\":\"WebPage\",\"@id\":\"https:\/\/www.africa-press.net\/tchad\/politique\/decret-presidentiel-les-details-du-referendum-constitutionnel-au-tchad\",\"url\":\"https:\/\/www.africa-press.net\/tchad\/politique\/decret-presidentiel-les-details-du-referendum-constitutionnel-au-tchad\",\"name\":\"D\u00e9cret pr\u00e9sidentiel : Les d\u00e9tails du r\u00e9f\u00e9rendum constitutionnel au Tchad - tchad\",\"isPartOf\":{\"@id\":\"https:\/\/www.africa-press.net\/tchad\/#website\"},\"primaryImageOfPage\":{\"@id\":\"https:\/\/www.africa-press.net\/tchad\/politique\/decret-presidentiel-les-details-du-referendum-constitutionnel-au-tchad#primaryimage\"},\"image\":{\"@id\":\"https:\/\/www.africa-press.net\/tchad\/politique\/decret-presidentiel-les-details-du-referendum-constitutionnel-au-tchad#primaryimage\"},\"thumbnailUrl\":\"https:\/\/static.africa-press.net\/tchad\/sites\/41\/2023\/11\/sm_1698855040.900784.jpg\",\"datePublished\":\"2023-11-01T18:24:04+00:00\",\"author\":{\"@id\":\"https:\/\/www.africa-press.net\/tchad\/#\/schema\/person\/2b1cf3cd81a31e3cd26889ca66d677f1\"},\"breadcrumb\":{\"@id\":\"https:\/\/www.africa-press.net\/tchad\/politique\/decret-presidentiel-les-details-du-referendum-constitutionnel-au-tchad#breadcrumb\"},\"inLanguage\":\"fr-FR\",\"potentialAction\":[{\"@type\":\"ReadAction\",\"target\":[\"https:\/\/www.africa-press.net\/tchad\/politique\/decret-presidentiel-les-details-du-referendum-constitutionnel-au-tchad\"]}]},{\"@type\":\"ImageObject\",\"inLanguage\":\"fr-FR\",\"@id\":\"https:\/\/www.africa-press.net\/tchad\/politique\/decret-presidentiel-les-details-du-referendum-constitutionnel-au-tchad#primaryimage\",\"url\":\"https:\/\/static.africa-press.net\/tchad\/sites\/41\/2023\/11\/sm_1698855040.900784.jpg\",\"contentUrl\":\"https:\/\/static.africa-press.net\/tchad\/sites\/41\/2023\/11\/sm_1698855040.900784.jpg\",\"width\":1717,\"height\":750,\"caption\":\"D\u00e9cret pr\u00e9sidentiel : Les d\u00e9tails du r\u00e9f\u00e9rendum constitutionnel au Tchad\"},{\"@type\":\"BreadcrumbList\",\"@id\":\"https:\/\/www.africa-press.net\/tchad\/politique\/decret-presidentiel-les-details-du-referendum-constitutionnel-au-tchad#breadcrumb\",\"itemListElement\":[{\"@type\":\"ListItem\",\"position\":1,\"name\":\"Accueil\",\"item\":\"https:\/\/www.africa-press.net\/tchad\/\"},{\"@type\":\"ListItem\",\"position\":2,\"name\":\"D\u00e9cret pr\u00e9sidentiel : Les d\u00e9tails du r\u00e9f\u00e9rendum constitutionnel au Tchad\"}]},{\"@type\":\"WebSite\",\"@id\":\"https:\/\/www.africa-press.net\/tchad\/#website\",\"url\":\"https:\/\/www.africa-press.net\/tchad\/\",\"name\":\"tchad\",\"description\":\"Just another Africa News Agency Sites site\",\"potentialAction\":[{\"@type\":\"SearchAction\",\"target\":{\"@type\":\"EntryPoint\",\"urlTemplate\":\"https:\/\/www.africa-press.net\/tchad\/?s={search_term_string}\"},\"query-input\":{\"@type\":\"PropertyValueSpecification\",\"valueRequired\":true,\"valueName\":\"search_term_string\"}}],\"inLanguage\":\"fr-FR\"},{\"@type\":\"Person\",\"@id\":\"https:\/\/www.africa-press.net\/tchad\/#\/schema\/person\/2b1cf3cd81a31e3cd26889ca66d677f1\",\"name\":\"cfeditorfr\"}]}<\/script>\n<!-- \/ Yoast SEO Premium plugin. -->","yoast_head_json":{"title":"D\u00e9cret pr\u00e9sidentiel : Les d\u00e9tails du r\u00e9f\u00e9rendum constitutionnel au Tchad - tchad","robots":{"index":"index","follow":"follow","max-snippet":"max-snippet:-1","max-image-preview":"max-image-preview:large","max-video-preview":"max-video-preview:-1"},"canonical":"https:\/\/www.africa-press.net\/tchad\/politique\/decret-presidentiel-les-details-du-referendum-constitutionnel-au-tchad","og_locale":"fr_FR","og_type":"article","og_title":"D\u00e9cret pr\u00e9sidentiel : Les d\u00e9tails du r\u00e9f\u00e9rendum constitutionnel au Tchad","og_description":"Africa-Press &#8211; Tchad. Le de\u0301cret a e\u0301te\u0301 e\u0301mis en vertu de la Charte de transition re\u0301vise\u0301e et de la Loi N\u00b0011\/PT\/2023 du 30 mai 2023, qui re\u0301git l&rsquo;organisation du re\u0301fe\u0301rendum constitutionnel. Il tient e\u0301galement compte de l&rsquo;Ordonnance N\u00b0001\/PT\/2023 du 13 janvier 2023, qui a e\u0301tabli la Commission nationale charge\u0301e de l&rsquo;organisation du re\u0301fe\u0301rendum constitutionnel (CONOREC). [&hellip;]","og_url":"https:\/\/www.africa-press.net\/tchad\/politique\/decret-presidentiel-les-details-du-referendum-constitutionnel-au-tchad","og_site_name":"tchad","article_published_time":"2023-11-01T18:24:04+00:00","author":"cfeditorfr","twitter_card":"summary_large_image","twitter_misc":{"\u00c9crit par":"cfeditorfr","Dur\u00e9e de lecture estim\u00e9e":"2 minutes"},"schema":{"@context":"https:\/\/schema.org","@graph":[{"@type":"Article","@id":"https:\/\/www.africa-press.net\/tchad\/politique\/decret-presidentiel-les-details-du-referendum-constitutionnel-au-tchad#article","isPartOf":{"@id":"https:\/\/www.africa-press.net\/tchad\/politique\/decret-presidentiel-les-details-du-referendum-constitutionnel-au-tchad"},"author":{"name":"cfeditorfr","@id":"https:\/\/www.africa-press.net\/tchad\/#\/schema\/person\/2b1cf3cd81a31e3cd26889ca66d677f1"},"headline":"D\u00e9cret pr\u00e9sidentiel : Les d\u00e9tails du r\u00e9f\u00e9rendum constitutionnel au Tchad","datePublished":"2023-11-01T18:24:04+00:00","mainEntityOfPage":{"@id":"https:\/\/www.africa-press.net\/tchad\/politique\/decret-presidentiel-les-details-du-referendum-constitutionnel-au-tchad"},"wordCount":412,"commentCount":0,"image":{"@id":"https:\/\/www.africa-press.net\/tchad\/politique\/decret-presidentiel-les-details-du-referendum-constitutionnel-au-tchad#primaryimage"},"thumbnailUrl":"https:\/\/static.africa-press.net\/tchad\/sites\/41\/2023\/11\/sm_1698855040.900784.jpg","keywords":["Africa Press","Africa Press-Tchad","Tchad"],"articleSection":["Politique","Top Nouvelles","Toutes les actualit\u00e9s"],"inLanguage":"fr-FR","potentialAction":[{"@type":"CommentAction","name":"Comment","target":["https:\/\/www.africa-press.net\/tchad\/politique\/decret-presidentiel-les-details-du-referendum-constitutionnel-au-tchad#respond"]}]},{"@type":"WebPage","@id":"https:\/\/www.africa-press.net\/tchad\/politique\/decret-presidentiel-les-details-du-referendum-constitutionnel-au-tchad","url":"https:\/\/www.africa-press.net\/tchad\/politique\/decret-presidentiel-les-details-du-referendum-constitutionnel-au-tchad","name":"D\u00e9cret pr\u00e9sidentiel : Les d\u00e9tails du r\u00e9f\u00e9rendum constitutionnel au Tchad - tchad","isPartOf":{"@id":"https:\/\/www.africa-press.net\/tchad\/#website"},"primaryImageOfPage":{"@id":"https:\/\/www.africa-press.net\/tchad\/politique\/decret-presidentiel-les-details-du-referendum-constitutionnel-au-tchad#primaryimage"},"image":{"@id":"https:\/\/www.africa-press.net\/tchad\/politique\/decret-presidentiel-les-details-du-referendum-constitutionnel-au-tchad#primaryimage"},"thumbnailUrl":"https:\/\/static.africa-press.net\/tchad\/sites\/41\/2023\/11\/sm_1698855040.900784.jpg","datePublished":"2023-11-01T18:24:04+00:00","author":{"@id":"https:\/\/www.africa-press.net\/tchad\/#\/schema\/person\/2b1cf3cd81a31e3cd26889ca66d677f1"},"breadcrumb":{"@id":"https:\/\/www.africa-press.net\/tchad\/politique\/decret-presidentiel-les-details-du-referendum-constitutionnel-au-tchad#breadcrumb"},"inLanguage":"fr-FR","potentialAction":[{"@type":"ReadAction","target":["https:\/\/www.africa-press.net\/tchad\/politique\/decret-presidentiel-les-details-du-referendum-constitutionnel-au-tchad"]}]},{"@type":"ImageObject","inLanguage":"fr-FR","@id":"https:\/\/www.africa-press.net\/tchad\/politique\/decret-presidentiel-les-details-du-referendum-constitutionnel-au-tchad#primaryimage","url":"https:\/\/static.africa-press.net\/tchad\/sites\/41\/2023\/11\/sm_1698855040.900784.jpg","contentUrl":"https:\/\/static.africa-press.net\/tchad\/sites\/41\/2023\/11\/sm_1698855040.900784.jpg","width":1717,"height":750,"caption":"D\u00e9cret pr\u00e9sidentiel : Les d\u00e9tails du r\u00e9f\u00e9rendum constitutionnel au Tchad"},{"@type":"BreadcrumbList","@id":"https:\/\/www.africa-press.net\/tchad\/politique\/decret-presidentiel-les-details-du-referendum-constitutionnel-au-tchad#breadcrumb","itemListElement":[{"@type":"ListItem","position":1,"name":"Accueil","item":"https:\/\/www.africa-press.net\/tchad\/"},{"@type":"ListItem","position":2,"name":"D\u00e9cret pr\u00e9sidentiel : Les d\u00e9tails du r\u00e9f\u00e9rendum constitutionnel au Tchad"}]},{"@type":"WebSite","@id":"https:\/\/www.africa-press.net\/tchad\/#website","url":"https:\/\/www.africa-press.net\/tchad\/","name":"tchad","description":"Just another Africa News Agency Sites site","potentialAction":[{"@type":"SearchAction","target":{"@type":"EntryPoint","urlTemplate":"https:\/\/www.africa-press.net\/tchad\/?s={search_term_string}"},"query-input":{"@type":"PropertyValueSpecification","valueRequired":true,"valueName":"search_term_string"}}],"inLanguage":"fr-FR"},{"@type":"Person","@id":"https:\/\/www.africa-press.net\/tchad\/#\/schema\/person\/2b1cf3cd81a31e3cd26889ca66d677f1","name":"cfeditorfr"}]}},"_links":{"self":[{"href":"https:\/\/www.africa-press.net\/tchad\/wp-json\/wp\/v2\/posts\/53302","targetHints":{"allow":["GET"]}}],"collection":[{"href":"https:\/\/www.africa-press.net\/tchad\/wp-json\/wp\/v2\/posts"}],"about":[{"href":"https:\/\/www.africa-press.net\/tchad\/wp-json\/wp\/v2\/types\/post"}],"author":[{"embeddable":true,"href":"https:\/\/www.africa-press.net\/tchad\/wp-json\/wp\/v2\/users\/82"}],"replies":[{"embeddable":true,"href":"https:\/\/www.africa-press.net\/tchad\/wp-json\/wp\/v2\/comments?post=53302"}],"version-history":[{"count":0,"href":"https:\/\/www.africa-press.net\/tchad\/wp-json\/wp\/v2\/posts\/53302\/revisions"}],"wp:featuredmedia":[{"embeddable":true,"href":"https:\/\/www.africa-press.net\/tchad\/wp-json\/wp\/v2\/media\/53301"}],"wp:attachment":[{"href":"https:\/\/www.africa-press.net\/tchad\/wp-json\/wp\/v2\/media?parent=53302"}],"wp:term":[{"taxonomy":"category","embeddable":true,"href":"https:\/\/www.africa-press.net\/tchad\/wp-json\/wp\/v2\/categories?post=53302"},{"taxonomy":"post_tag","embeddable":true,"href":"https:\/\/www.africa-press.net\/tchad\/wp-json\/wp\/v2\/tags?post=53302"}],"curies":[{"name":"wp","href":"https:\/\/api.w.org\/{rel}","templated":true}]}}