{"id":53318,"date":"2023-11-02T12:48:41","date_gmt":"2023-11-02T12:48:41","guid":{"rendered":"https:\/\/www.africa-press.net\/tchad\/politique\/dr-ahmat-yacoub-dabio-salue-laccord-de-kinshasa-comme-un-pas-decisif-vers-la-reconciliation"},"modified":"2023-11-02T13:38:42","modified_gmt":"2023-11-02T13:38:42","slug":"dr-ahmat-yacoub-dabio-salue-laccord-de-kinshasa-comme-un-pas-decisif-vers-la-reconciliation","status":"publish","type":"post","link":"https:\/\/www.africa-press.net\/tchad\/politique\/dr-ahmat-yacoub-dabio-salue-laccord-de-kinshasa-comme-un-pas-decisif-vers-la-reconciliation","title":{"rendered":"Dr. Ahmat Yacoub Dabio salue l&rsquo;accord de Kinshasa comme un pas d\u00e9cisif vers la r\u00e9conciliation"},"content":{"rendered":"<p><span style=\"color: #ff6600\"><strong>Africa-Press &#8211; Tchad. <\/strong><\/span>L&rsquo;accord de principe de Kinshasa est salue\u0301 comme un pas de\u0301cisif et encourageant par le Dr. Ahmat Yacoub Dabio. Il exprime son optimisme quant a\u0300 l&rsquo;impact positif de cet accord sur le processus de re\u0301conciliation nationale au Tchad, soulignant que c&rsquo;est un message destine\u0301 a\u0300 un large e\u0301ventail d&rsquo;acteurs politiques, y compris ceux qui n&rsquo;ont pas encore signe\u0301 l&rsquo;accord de Doha, ainsi que les partis politiques qui n&rsquo;ont pas e\u0301te\u0301 implique\u0301s dans le Dialogue National Inclusif (DNIS). Le Dr. Dabio est convaincu que cet accord renforcera la stabilite\u0301 du pays et favorisera la coexistence pacifique entre les Tchadiens.<\/p>\n<p>Le ro\u0302le du facilitateur de la CEEAC, Fe\u0301lix Tshisekedi, a e\u0301galement e\u0301te\u0301 salue\u0301 par le Dr. Ahmat Yacoub Dabio. Il a exprime\u0301 sa gratitude envers M. Tshisekedi pour sa capacite\u0301 a\u0300 rapprocher les points de vue des parties implique\u0301es, permettant ainsi au leader des Transformateurs, Succe\u0300s Masra, de revenir au pays et de jouer un ro\u0302le politique actif. Il conside\u0300re que c&rsquo;est de\u0301sormais le moment de faire la paix, soulignant la ne\u0301cessite\u0301 de s&rsquo;engager dans un processus de re\u0301conciliation qui mettra fin a\u0300 des de\u0301cennies d&rsquo;instabilite\u0301 au Tchad.<\/p>\n<p>Dr. Ahmat Yacoub Dabio a \u00e9galement appel\u00e9 \u00e0 l&rsquo;implication des acteurs politico-militaires qui n&rsquo;ont pas encore sign\u00e9 l&rsquo;accord, ainsi qu&rsquo;\u00e0 des discussions constructives avec les partis politiques pour mettre fin aux conflits et se concentrer sur la reconstruction du pays.<\/p>\n<p>L&rsquo;accord de principe de Kinshasa est per\u00e7u comme une avanc\u00e9e significative vers la r\u00e9conciliation nationale au Tchad, suscitant l&rsquo;optimisme quant \u00e0 un avenir de paix et de stabilit\u00e9 pour le pays.<\/p>\n<p><strong>Pour plus d&rsquo;informations et d&rsquo;analyses sur la <a href=\"https:\/\/www.africa-press.net\/tchad\">Tchad<\/a>, suivez <a href=\"https:\/\/www.africa-press.net\/\">Africa-Press<\/a><\/strong><\/p>\n","protected":false},"excerpt":{"rendered":"<p>Africa-Press &#8211; Tchad. L&rsquo;accord de principe de Kinshasa est salue\u0301 comme un pas de\u0301cisif et encourageant par le Dr. Ahmat Yacoub Dabio. Il exprime son optimisme quant a\u0300 l&rsquo;impact positif de cet accord sur le processus de re\u0301conciliation nationale au Tchad, soulignant que c&rsquo;est un message destine\u0301 a\u0300 un large e\u0301ventail d&rsquo;acteurs politiques, y compris [&hellip;]<\/p>\n","protected":false},"author":82,"featured_media":53317,"comment_status":"open","ping_status":"closed","sticky":false,"template":"","format":"standard","meta":{"footnotes":""},"categories":[2,10],"tags":[37,292,29],"class_list":["post-53318","post","type-post","status-publish","format-standard","has-post-thumbnail","hentry","category-politique","category-toutes-les-actualites","tag-africa-press","tag-africa-press-tchad","tag-tchad"],"yoast_head":"<!-- This site is optimized with the Yoast SEO Premium plugin v26.1 (Yoast SEO v27.0) - https:\/\/yoast.com\/product\/yoast-seo-premium-wordpress\/ -->\n<title>Dr. Ahmat Yacoub Dabio salue l&#039;accord de Kinshasa comme un pas d\u00e9cisif vers la r\u00e9conciliation - tchad<\/title>\n<meta name=\"description\" content=\"L&#039;accord de principe de Kinshasa est salue\u0301 comme un pas de\u0301cisif et encourageant par le Dr. Ahmat Yacoub Dabio. Il expr ...\" \/>\n<meta name=\"robots\" content=\"index, follow, max-snippet:-1, max-image-preview:large, max-video-preview:-1\" \/>\n<link rel=\"canonical\" href=\"https:\/\/www.africa-press.net\/tchad\/politique\/dr-ahmat-yacoub-dabio-salue-laccord-de-kinshasa-comme-un-pas-decisif-vers-la-reconciliation\" \/>\n<meta property=\"og:locale\" content=\"fr_FR\" \/>\n<meta property=\"og:type\" content=\"article\" \/>\n<meta property=\"og:title\" content=\"Dr. Ahmat Yacoub Dabio salue l&#039;accord de Kinshasa comme un pas d\u00e9cisif vers la r\u00e9conciliation\" \/>\n<meta property=\"og:description\" content=\"L&#039;accord de principe de Kinshasa est salue\u0301 comme un pas de\u0301cisif et encourageant par le Dr. Ahmat Yacoub Dabio. Il expr ...\" \/>\n<meta property=\"og:url\" content=\"https:\/\/www.africa-press.net\/tchad\/politique\/dr-ahmat-yacoub-dabio-salue-laccord-de-kinshasa-comme-un-pas-decisif-vers-la-reconciliation\" \/>\n<meta property=\"og:site_name\" content=\"tchad\" \/>\n<meta property=\"article:published_time\" content=\"2023-11-02T12:48:41+00:00\" \/>\n<meta property=\"article:modified_time\" content=\"2023-11-02T13:38:42+00:00\" \/>\n<meta property=\"og:image\" content=\"https:\/\/static.africa-press.net\/tchad\/sites\/41\/2023\/11\/sm_1698919675.936614.jpg\" \/>\n\t<meta property=\"og:image:width\" content=\"1920\" \/>\n\t<meta property=\"og:image:height\" content=\"1067\" \/>\n\t<meta property=\"og:image:type\" content=\"image\/jpeg\" \/>\n<meta name=\"author\" content=\"cfeditorfr\" \/>\n<meta name=\"twitter:card\" content=\"summary_large_image\" \/>\n<meta name=\"twitter:label1\" content=\"\u00c9crit par\" \/>\n\t<meta name=\"twitter:data1\" content=\"cfeditorfr\" \/>\n\t<meta name=\"twitter:label2\" content=\"Dur\u00e9e de lecture estim\u00e9e\" \/>\n\t<meta name=\"twitter:data2\" content=\"2 minutes\" \/>\n<script type=\"application\/ld+json\" class=\"yoast-schema-graph\">{\"@context\":\"https:\/\/schema.org\",\"@graph\":[{\"@type\":\"Article\",\"@id\":\"https:\/\/www.africa-press.net\/tchad\/politique\/dr-ahmat-yacoub-dabio-salue-laccord-de-kinshasa-comme-un-pas-decisif-vers-la-reconciliation#article\",\"isPartOf\":{\"@id\":\"https:\/\/www.africa-press.net\/tchad\/politique\/dr-ahmat-yacoub-dabio-salue-laccord-de-kinshasa-comme-un-pas-decisif-vers-la-reconciliation\"},\"author\":{\"name\":\"cfeditorfr\",\"@id\":\"https:\/\/www.africa-press.net\/tchad\/#\/schema\/person\/2b1cf3cd81a31e3cd26889ca66d677f1\"},\"headline\":\"Dr. Ahmat Yacoub Dabio salue l&rsquo;accord de Kinshasa comme un pas d\u00e9cisif vers la r\u00e9conciliation\",\"datePublished\":\"2023-11-02T12:48:41+00:00\",\"dateModified\":\"2023-11-02T13:38:42+00:00\",\"mainEntityOfPage\":{\"@id\":\"https:\/\/www.africa-press.net\/tchad\/politique\/dr-ahmat-yacoub-dabio-salue-laccord-de-kinshasa-comme-un-pas-decisif-vers-la-reconciliation\"},\"wordCount\":323,\"commentCount\":0,\"image\":{\"@id\":\"https:\/\/www.africa-press.net\/tchad\/politique\/dr-ahmat-yacoub-dabio-salue-laccord-de-kinshasa-comme-un-pas-decisif-vers-la-reconciliation#primaryimage\"},\"thumbnailUrl\":\"https:\/\/static.africa-press.net\/tchad\/sites\/41\/2023\/11\/sm_1698919675.936614.jpg\",\"keywords\":[\"Africa Press\",\"Africa Press-Tchad\",\"Tchad\"],\"articleSection\":[\"Politique\",\"Toutes les actualit\u00e9s\"],\"inLanguage\":\"fr-FR\",\"potentialAction\":[{\"@type\":\"CommentAction\",\"name\":\"Comment\",\"target\":[\"https:\/\/www.africa-press.net\/tchad\/politique\/dr-ahmat-yacoub-dabio-salue-laccord-de-kinshasa-comme-un-pas-decisif-vers-la-reconciliation#respond\"]}]},{\"@type\":\"WebPage\",\"@id\":\"https:\/\/www.africa-press.net\/tchad\/politique\/dr-ahmat-yacoub-dabio-salue-laccord-de-kinshasa-comme-un-pas-decisif-vers-la-reconciliation\",\"url\":\"https:\/\/www.africa-press.net\/tchad\/politique\/dr-ahmat-yacoub-dabio-salue-laccord-de-kinshasa-comme-un-pas-decisif-vers-la-reconciliation\",\"name\":\"Dr. Ahmat Yacoub Dabio salue l'accord de Kinshasa comme un pas d\u00e9cisif vers la r\u00e9conciliation - tchad\",\"isPartOf\":{\"@id\":\"https:\/\/www.africa-press.net\/tchad\/#website\"},\"primaryImageOfPage\":{\"@id\":\"https:\/\/www.africa-press.net\/tchad\/politique\/dr-ahmat-yacoub-dabio-salue-laccord-de-kinshasa-comme-un-pas-decisif-vers-la-reconciliation#primaryimage\"},\"image\":{\"@id\":\"https:\/\/www.africa-press.net\/tchad\/politique\/dr-ahmat-yacoub-dabio-salue-laccord-de-kinshasa-comme-un-pas-decisif-vers-la-reconciliation#primaryimage\"},\"thumbnailUrl\":\"https:\/\/static.africa-press.net\/tchad\/sites\/41\/2023\/11\/sm_1698919675.936614.jpg\",\"datePublished\":\"2023-11-02T12:48:41+00:00\",\"dateModified\":\"2023-11-02T13:38:42+00:00\",\"author\":{\"@id\":\"https:\/\/www.africa-press.net\/tchad\/#\/schema\/person\/2b1cf3cd81a31e3cd26889ca66d677f1\"},\"description\":\"L'accord de principe de Kinshasa est salue\u0301 comme un pas de\u0301cisif et encourageant par le Dr. Ahmat Yacoub Dabio. Il expr ...\",\"breadcrumb\":{\"@id\":\"https:\/\/www.africa-press.net\/tchad\/politique\/dr-ahmat-yacoub-dabio-salue-laccord-de-kinshasa-comme-un-pas-decisif-vers-la-reconciliation#breadcrumb\"},\"inLanguage\":\"fr-FR\",\"potentialAction\":[{\"@type\":\"ReadAction\",\"target\":[\"https:\/\/www.africa-press.net\/tchad\/politique\/dr-ahmat-yacoub-dabio-salue-laccord-de-kinshasa-comme-un-pas-decisif-vers-la-reconciliation\"]}]},{\"@type\":\"ImageObject\",\"inLanguage\":\"fr-FR\",\"@id\":\"https:\/\/www.africa-press.net\/tchad\/politique\/dr-ahmat-yacoub-dabio-salue-laccord-de-kinshasa-comme-un-pas-decisif-vers-la-reconciliation#primaryimage\",\"url\":\"https:\/\/static.africa-press.net\/tchad\/sites\/41\/2023\/11\/sm_1698919675.936614.jpg\",\"contentUrl\":\"https:\/\/static.africa-press.net\/tchad\/sites\/41\/2023\/11\/sm_1698919675.936614.jpg\",\"width\":1920,\"height\":1067,\"caption\":\"Dr. Ahmat Yacoub Dabio salue l'accord de Kinshasa comme un pas d\u00e9cisif vers la r\u00e9conciliation\"},{\"@type\":\"BreadcrumbList\",\"@id\":\"https:\/\/www.africa-press.net\/tchad\/politique\/dr-ahmat-yacoub-dabio-salue-laccord-de-kinshasa-comme-un-pas-decisif-vers-la-reconciliation#breadcrumb\",\"itemListElement\":[{\"@type\":\"ListItem\",\"position\":1,\"name\":\"Accueil\",\"item\":\"https:\/\/www.africa-press.net\/tchad\/\"},{\"@type\":\"ListItem\",\"position\":2,\"name\":\"Dr. Ahmat Yacoub Dabio salue l&#8217;accord de Kinshasa comme un pas d\u00e9cisif vers la r\u00e9conciliation\"}]},{\"@type\":\"WebSite\",\"@id\":\"https:\/\/www.africa-press.net\/tchad\/#website\",\"url\":\"https:\/\/www.africa-press.net\/tchad\/\",\"name\":\"tchad\",\"description\":\"Just another Africa News Agency Sites site\",\"potentialAction\":[{\"@type\":\"SearchAction\",\"target\":{\"@type\":\"EntryPoint\",\"urlTemplate\":\"https:\/\/www.africa-press.net\/tchad\/?s={search_term_string}\"},\"query-input\":{\"@type\":\"PropertyValueSpecification\",\"valueRequired\":true,\"valueName\":\"search_term_string\"}}],\"inLanguage\":\"fr-FR\"},{\"@type\":\"Person\",\"@id\":\"https:\/\/www.africa-press.net\/tchad\/#\/schema\/person\/2b1cf3cd81a31e3cd26889ca66d677f1\",\"name\":\"cfeditorfr\"}]}<\/script>\n<!-- \/ Yoast SEO Premium plugin. -->","yoast_head_json":{"title":"Dr. Ahmat Yacoub Dabio salue l'accord de Kinshasa comme un pas d\u00e9cisif vers la r\u00e9conciliation - tchad","description":"L'accord de principe de Kinshasa est salue\u0301 comme un pas de\u0301cisif et encourageant par le Dr. Ahmat Yacoub Dabio. Il expr ...","robots":{"index":"index","follow":"follow","max-snippet":"max-snippet:-1","max-image-preview":"max-image-preview:large","max-video-preview":"max-video-preview:-1"},"canonical":"https:\/\/www.africa-press.net\/tchad\/politique\/dr-ahmat-yacoub-dabio-salue-laccord-de-kinshasa-comme-un-pas-decisif-vers-la-reconciliation","og_locale":"fr_FR","og_type":"article","og_title":"Dr. Ahmat Yacoub Dabio salue l'accord de Kinshasa comme un pas d\u00e9cisif vers la r\u00e9conciliation","og_description":"L'accord de principe de Kinshasa est salue\u0301 comme un pas de\u0301cisif et encourageant par le Dr. Ahmat Yacoub Dabio. Il expr ...","og_url":"https:\/\/www.africa-press.net\/tchad\/politique\/dr-ahmat-yacoub-dabio-salue-laccord-de-kinshasa-comme-un-pas-decisif-vers-la-reconciliation","og_site_name":"tchad","article_published_time":"2023-11-02T12:48:41+00:00","article_modified_time":"2023-11-02T13:38:42+00:00","og_image":[{"width":1920,"height":1067,"url":"https:\/\/static.africa-press.net\/tchad\/sites\/41\/2023\/11\/sm_1698919675.936614.jpg","type":"image\/jpeg"}],"author":"cfeditorfr","twitter_card":"summary_large_image","twitter_misc":{"\u00c9crit par":"cfeditorfr","Dur\u00e9e de lecture estim\u00e9e":"2 minutes"},"schema":{"@context":"https:\/\/schema.org","@graph":[{"@type":"Article","@id":"https:\/\/www.africa-press.net\/tchad\/politique\/dr-ahmat-yacoub-dabio-salue-laccord-de-kinshasa-comme-un-pas-decisif-vers-la-reconciliation#article","isPartOf":{"@id":"https:\/\/www.africa-press.net\/tchad\/politique\/dr-ahmat-yacoub-dabio-salue-laccord-de-kinshasa-comme-un-pas-decisif-vers-la-reconciliation"},"author":{"name":"cfeditorfr","@id":"https:\/\/www.africa-press.net\/tchad\/#\/schema\/person\/2b1cf3cd81a31e3cd26889ca66d677f1"},"headline":"Dr. Ahmat Yacoub Dabio salue l&rsquo;accord de Kinshasa comme un pas d\u00e9cisif vers la r\u00e9conciliation","datePublished":"2023-11-02T12:48:41+00:00","dateModified":"2023-11-02T13:38:42+00:00","mainEntityOfPage":{"@id":"https:\/\/www.africa-press.net\/tchad\/politique\/dr-ahmat-yacoub-dabio-salue-laccord-de-kinshasa-comme-un-pas-decisif-vers-la-reconciliation"},"wordCount":323,"commentCount":0,"image":{"@id":"https:\/\/www.africa-press.net\/tchad\/politique\/dr-ahmat-yacoub-dabio-salue-laccord-de-kinshasa-comme-un-pas-decisif-vers-la-reconciliation#primaryimage"},"thumbnailUrl":"https:\/\/static.africa-press.net\/tchad\/sites\/41\/2023\/11\/sm_1698919675.936614.jpg","keywords":["Africa Press","Africa Press-Tchad","Tchad"],"articleSection":["Politique","Toutes les actualit\u00e9s"],"inLanguage":"fr-FR","potentialAction":[{"@type":"CommentAction","name":"Comment","target":["https:\/\/www.africa-press.net\/tchad\/politique\/dr-ahmat-yacoub-dabio-salue-laccord-de-kinshasa-comme-un-pas-decisif-vers-la-reconciliation#respond"]}]},{"@type":"WebPage","@id":"https:\/\/www.africa-press.net\/tchad\/politique\/dr-ahmat-yacoub-dabio-salue-laccord-de-kinshasa-comme-un-pas-decisif-vers-la-reconciliation","url":"https:\/\/www.africa-press.net\/tchad\/politique\/dr-ahmat-yacoub-dabio-salue-laccord-de-kinshasa-comme-un-pas-decisif-vers-la-reconciliation","name":"Dr. Ahmat Yacoub Dabio salue l'accord de Kinshasa comme un pas d\u00e9cisif vers la r\u00e9conciliation - tchad","isPartOf":{"@id":"https:\/\/www.africa-press.net\/tchad\/#website"},"primaryImageOfPage":{"@id":"https:\/\/www.africa-press.net\/tchad\/politique\/dr-ahmat-yacoub-dabio-salue-laccord-de-kinshasa-comme-un-pas-decisif-vers-la-reconciliation#primaryimage"},"image":{"@id":"https:\/\/www.africa-press.net\/tchad\/politique\/dr-ahmat-yacoub-dabio-salue-laccord-de-kinshasa-comme-un-pas-decisif-vers-la-reconciliation#primaryimage"},"thumbnailUrl":"https:\/\/static.africa-press.net\/tchad\/sites\/41\/2023\/11\/sm_1698919675.936614.jpg","datePublished":"2023-11-02T12:48:41+00:00","dateModified":"2023-11-02T13:38:42+00:00","author":{"@id":"https:\/\/www.africa-press.net\/tchad\/#\/schema\/person\/2b1cf3cd81a31e3cd26889ca66d677f1"},"description":"L'accord de principe de Kinshasa est salue\u0301 comme un pas de\u0301cisif et encourageant par le Dr. Ahmat Yacoub Dabio. Il expr ...","breadcrumb":{"@id":"https:\/\/www.africa-press.net\/tchad\/politique\/dr-ahmat-yacoub-dabio-salue-laccord-de-kinshasa-comme-un-pas-decisif-vers-la-reconciliation#breadcrumb"},"inLanguage":"fr-FR","potentialAction":[{"@type":"ReadAction","target":["https:\/\/www.africa-press.net\/tchad\/politique\/dr-ahmat-yacoub-dabio-salue-laccord-de-kinshasa-comme-un-pas-decisif-vers-la-reconciliation"]}]},{"@type":"ImageObject","inLanguage":"fr-FR","@id":"https:\/\/www.africa-press.net\/tchad\/politique\/dr-ahmat-yacoub-dabio-salue-laccord-de-kinshasa-comme-un-pas-decisif-vers-la-reconciliation#primaryimage","url":"https:\/\/static.africa-press.net\/tchad\/sites\/41\/2023\/11\/sm_1698919675.936614.jpg","contentUrl":"https:\/\/static.africa-press.net\/tchad\/sites\/41\/2023\/11\/sm_1698919675.936614.jpg","width":1920,"height":1067,"caption":"Dr. Ahmat Yacoub Dabio salue l'accord de Kinshasa comme un pas d\u00e9cisif vers la r\u00e9conciliation"},{"@type":"BreadcrumbList","@id":"https:\/\/www.africa-press.net\/tchad\/politique\/dr-ahmat-yacoub-dabio-salue-laccord-de-kinshasa-comme-un-pas-decisif-vers-la-reconciliation#breadcrumb","itemListElement":[{"@type":"ListItem","position":1,"name":"Accueil","item":"https:\/\/www.africa-press.net\/tchad\/"},{"@type":"ListItem","position":2,"name":"Dr. Ahmat Yacoub Dabio salue l&#8217;accord de Kinshasa comme un pas d\u00e9cisif vers la r\u00e9conciliation"}]},{"@type":"WebSite","@id":"https:\/\/www.africa-press.net\/tchad\/#website","url":"https:\/\/www.africa-press.net\/tchad\/","name":"tchad","description":"Just another Africa News Agency Sites site","potentialAction":[{"@type":"SearchAction","target":{"@type":"EntryPoint","urlTemplate":"https:\/\/www.africa-press.net\/tchad\/?s={search_term_string}"},"query-input":{"@type":"PropertyValueSpecification","valueRequired":true,"valueName":"search_term_string"}}],"inLanguage":"fr-FR"},{"@type":"Person","@id":"https:\/\/www.africa-press.net\/tchad\/#\/schema\/person\/2b1cf3cd81a31e3cd26889ca66d677f1","name":"cfeditorfr"}]}},"_links":{"self":[{"href":"https:\/\/www.africa-press.net\/tchad\/wp-json\/wp\/v2\/posts\/53318","targetHints":{"allow":["GET"]}}],"collection":[{"href":"https:\/\/www.africa-press.net\/tchad\/wp-json\/wp\/v2\/posts"}],"about":[{"href":"https:\/\/www.africa-press.net\/tchad\/wp-json\/wp\/v2\/types\/post"}],"author":[{"embeddable":true,"href":"https:\/\/www.africa-press.net\/tchad\/wp-json\/wp\/v2\/users\/82"}],"replies":[{"embeddable":true,"href":"https:\/\/www.africa-press.net\/tchad\/wp-json\/wp\/v2\/comments?post=53318"}],"version-history":[{"count":0,"href":"https:\/\/www.africa-press.net\/tchad\/wp-json\/wp\/v2\/posts\/53318\/revisions"}],"wp:featuredmedia":[{"embeddable":true,"href":"https:\/\/www.africa-press.net\/tchad\/wp-json\/wp\/v2\/media\/53317"}],"wp:attachment":[{"href":"https:\/\/www.africa-press.net\/tchad\/wp-json\/wp\/v2\/media?parent=53318"}],"wp:term":[{"taxonomy":"category","embeddable":true,"href":"https:\/\/www.africa-press.net\/tchad\/wp-json\/wp\/v2\/categories?post=53318"},{"taxonomy":"post_tag","embeddable":true,"href":"https:\/\/www.africa-press.net\/tchad\/wp-json\/wp\/v2\/tags?post=53318"}],"curies":[{"name":"wp","href":"https:\/\/api.w.org\/{rel}","templated":true}]}}