{"id":53321,"date":"2023-11-02T12:49:21","date_gmt":"2023-11-02T12:49:21","guid":{"rendered":"https:\/\/www.africa-press.net\/tchad\/politique\/une-partie-du-marche-libyen-de-mao-ravagee-par-les-flammes"},"modified":"2023-11-02T13:39:01","modified_gmt":"2023-11-02T13:39:01","slug":"une-partie-du-marche-libyen-de-mao-ravagee-par-les-flammes","status":"publish","type":"post","link":"https:\/\/www.africa-press.net\/tchad\/toutes-les-actualites\/une-partie-du-marche-libyen-de-mao-ravagee-par-les-flammes","title":{"rendered":"une partie du march\u00e9 libyen de Mao ravag\u00e9e par les flammes"},"content":{"rendered":"<p><span style=\"color: #ff6600\"><strong>Africa-Press &#8211; Tchad. <\/strong><\/span>Un incendie a de\u0301vaste\u0301 une partie du marche\u0301 de Mao, en Libye, le mercredi 1er novembre 2023. Selon les te\u0301moignages sur place, les marchandises de\u0301truites repre\u0301sentent une perte conside\u0301rable, estime\u0301e a\u0300 plusieurs dizaines de millions de francs CFA. L&rsquo;incendie a touche\u0301 quatre boutiques et des restaurants, mais heureusement, il n&rsquo;y a pas eu de victimes parmi la population.<\/p>\n<p>Informe\u0301 de la situation, le gouverneur du Kanem, le contro\u0302leur ge\u0301ne\u0301ral Issaka Hassane Jogoi\u0308, s&rsquo;est rendu sur les lieux pour constater les de\u0301ga\u0302ts cause\u0301s par le sinistre. Il a exprime\u0301 sa pre\u0301occupation quant a\u0300 la re\u0301pe\u0301tition de ce genre d&rsquo;incidents au marche\u0301 de Mao.<\/p>\n<p>Le gouverneur a souligne\u0301 les pertes significatives subies par les commerc\u0327ants et a appele\u0301 les autorite\u0301s locales a\u0300 assumer leur responsabilite\u0301. Il a e\u0301galement lance\u0301 un appel au gouvernement et a\u0300 toute personne de bonne volonte\u0301 pour venir en aide aux victimes de l&rsquo;incendie.<\/p>\n<p><strong>Pour plus d&rsquo;informations et d&rsquo;analyses sur la <a href=\"https:\/\/www.africa-press.net\/tchad\">Tchad<\/a>, suivez <a href=\"https:\/\/www.africa-press.net\/\">Africa-Press<\/a><\/strong><\/p>\n","protected":false},"excerpt":{"rendered":"<p>Africa-Press &#8211; Tchad. Un incendie a de\u0301vaste\u0301 une partie du marche\u0301 de Mao, en Libye, le mercredi 1er novembre 2023. Selon les te\u0301moignages sur place, les marchandises de\u0301truites repre\u0301sentent une perte conside\u0301rable, estime\u0301e a\u0300 plusieurs dizaines de millions de francs CFA. L&rsquo;incendie a touche\u0301 quatre boutiques et des restaurants, mais heureusement, il n&rsquo;y a pas [&hellip;]<\/p>\n","protected":false},"author":82,"featured_media":53319,"comment_status":"open","ping_status":"closed","sticky":false,"template":"","format":"standard","meta":{"footnotes":""},"categories":[21,10],"tags":[37,292,29],"class_list":["post-53321","post","type-post","status-publish","format-standard","has-post-thumbnail","hentry","category-communaute","category-toutes-les-actualites","tag-africa-press","tag-africa-press-tchad","tag-tchad"],"yoast_head":"<!-- This site is optimized with the Yoast SEO Premium plugin v26.1 (Yoast SEO v27.0) - https:\/\/yoast.com\/product\/yoast-seo-premium-wordpress\/ -->\n<title>une partie du march\u00e9 libyen de Mao ravag\u00e9e par les flammes - tchad<\/title>\n<meta name=\"description\" content=\"Un incendie a de\u0301vaste\u0301 une partie du marche\u0301 de Mao, en Libye, le mercredi 1er novembre 2023. Selon les te\u0301moignages su ...\" \/>\n<meta name=\"robots\" content=\"index, follow, max-snippet:-1, max-image-preview:large, max-video-preview:-1\" \/>\n<link rel=\"canonical\" href=\"https:\/\/www.africa-press.net\/tchad\/toutes-les-actualites\/une-partie-du-marche-libyen-de-mao-ravagee-par-les-flammes\" \/>\n<meta property=\"og:locale\" content=\"fr_FR\" \/>\n<meta property=\"og:type\" content=\"article\" \/>\n<meta property=\"og:title\" content=\"une partie du march\u00e9 libyen de Mao ravag\u00e9e par les flammes\" \/>\n<meta property=\"og:description\" content=\"Un incendie a de\u0301vaste\u0301 une partie du marche\u0301 de Mao, en Libye, le mercredi 1er novembre 2023. Selon les te\u0301moignages su ...\" \/>\n<meta property=\"og:url\" content=\"https:\/\/www.africa-press.net\/tchad\/toutes-les-actualites\/une-partie-du-marche-libyen-de-mao-ravagee-par-les-flammes\" \/>\n<meta property=\"og:site_name\" content=\"tchad\" \/>\n<meta property=\"article:published_time\" content=\"2023-11-02T12:49:21+00:00\" \/>\n<meta property=\"article:modified_time\" content=\"2023-11-02T13:39:01+00:00\" \/>\n<meta property=\"og:image\" content=\"https:\/\/static.africa-press.net\/tchad\/sites\/41\/2023\/11\/sm_1698919697.418396.jpg\" \/>\n\t<meta property=\"og:image:width\" content=\"1020\" \/>\n\t<meta property=\"og:image:height\" content=\"765\" \/>\n\t<meta property=\"og:image:type\" content=\"image\/jpeg\" \/>\n<meta name=\"author\" content=\"cfeditorfr\" \/>\n<meta name=\"twitter:card\" content=\"summary_large_image\" \/>\n<meta name=\"twitter:label1\" content=\"\u00c9crit par\" \/>\n\t<meta name=\"twitter:data1\" content=\"cfeditorfr\" \/>\n\t<meta name=\"twitter:label2\" content=\"Dur\u00e9e de lecture estim\u00e9e\" \/>\n\t<meta name=\"twitter:data2\" content=\"1 minute\" \/>\n<script type=\"application\/ld+json\" class=\"yoast-schema-graph\">{\"@context\":\"https:\/\/schema.org\",\"@graph\":[{\"@type\":\"Article\",\"@id\":\"https:\/\/www.africa-press.net\/tchad\/toutes-les-actualites\/une-partie-du-marche-libyen-de-mao-ravagee-par-les-flammes#article\",\"isPartOf\":{\"@id\":\"https:\/\/www.africa-press.net\/tchad\/toutes-les-actualites\/une-partie-du-marche-libyen-de-mao-ravagee-par-les-flammes\"},\"author\":{\"name\":\"cfeditorfr\",\"@id\":\"https:\/\/www.africa-press.net\/tchad\/#\/schema\/person\/2b1cf3cd81a31e3cd26889ca66d677f1\"},\"headline\":\"une partie du march\u00e9 libyen de Mao ravag\u00e9e par les flammes\",\"datePublished\":\"2023-11-02T12:49:21+00:00\",\"dateModified\":\"2023-11-02T13:39:01+00:00\",\"mainEntityOfPage\":{\"@id\":\"https:\/\/www.africa-press.net\/tchad\/toutes-les-actualites\/une-partie-du-marche-libyen-de-mao-ravagee-par-les-flammes\"},\"wordCount\":195,\"commentCount\":0,\"image\":{\"@id\":\"https:\/\/www.africa-press.net\/tchad\/toutes-les-actualites\/une-partie-du-marche-libyen-de-mao-ravagee-par-les-flammes#primaryimage\"},\"thumbnailUrl\":\"https:\/\/static.africa-press.net\/tchad\/sites\/41\/2023\/11\/sm_1698919697.418396.jpg\",\"keywords\":[\"Africa Press\",\"Africa Press-Tchad\",\"Tchad\"],\"articleSection\":[\"Communaut\u00e9\",\"Toutes les actualit\u00e9s\"],\"inLanguage\":\"fr-FR\",\"potentialAction\":[{\"@type\":\"CommentAction\",\"name\":\"Comment\",\"target\":[\"https:\/\/www.africa-press.net\/tchad\/toutes-les-actualites\/une-partie-du-marche-libyen-de-mao-ravagee-par-les-flammes#respond\"]}]},{\"@type\":\"WebPage\",\"@id\":\"https:\/\/www.africa-press.net\/tchad\/toutes-les-actualites\/une-partie-du-marche-libyen-de-mao-ravagee-par-les-flammes\",\"url\":\"https:\/\/www.africa-press.net\/tchad\/toutes-les-actualites\/une-partie-du-marche-libyen-de-mao-ravagee-par-les-flammes\",\"name\":\"une partie du march\u00e9 libyen de Mao ravag\u00e9e par les flammes - tchad\",\"isPartOf\":{\"@id\":\"https:\/\/www.africa-press.net\/tchad\/#website\"},\"primaryImageOfPage\":{\"@id\":\"https:\/\/www.africa-press.net\/tchad\/toutes-les-actualites\/une-partie-du-marche-libyen-de-mao-ravagee-par-les-flammes#primaryimage\"},\"image\":{\"@id\":\"https:\/\/www.africa-press.net\/tchad\/toutes-les-actualites\/une-partie-du-marche-libyen-de-mao-ravagee-par-les-flammes#primaryimage\"},\"thumbnailUrl\":\"https:\/\/static.africa-press.net\/tchad\/sites\/41\/2023\/11\/sm_1698919697.418396.jpg\",\"datePublished\":\"2023-11-02T12:49:21+00:00\",\"dateModified\":\"2023-11-02T13:39:01+00:00\",\"author\":{\"@id\":\"https:\/\/www.africa-press.net\/tchad\/#\/schema\/person\/2b1cf3cd81a31e3cd26889ca66d677f1\"},\"description\":\"Un incendie a de\u0301vaste\u0301 une partie du marche\u0301 de Mao, en Libye, le mercredi 1er novembre 2023. Selon les te\u0301moignages su ...\",\"breadcrumb\":{\"@id\":\"https:\/\/www.africa-press.net\/tchad\/toutes-les-actualites\/une-partie-du-marche-libyen-de-mao-ravagee-par-les-flammes#breadcrumb\"},\"inLanguage\":\"fr-FR\",\"potentialAction\":[{\"@type\":\"ReadAction\",\"target\":[\"https:\/\/www.africa-press.net\/tchad\/toutes-les-actualites\/une-partie-du-marche-libyen-de-mao-ravagee-par-les-flammes\"]}]},{\"@type\":\"ImageObject\",\"inLanguage\":\"fr-FR\",\"@id\":\"https:\/\/www.africa-press.net\/tchad\/toutes-les-actualites\/une-partie-du-marche-libyen-de-mao-ravagee-par-les-flammes#primaryimage\",\"url\":\"https:\/\/static.africa-press.net\/tchad\/sites\/41\/2023\/11\/sm_1698919697.418396.jpg\",\"contentUrl\":\"https:\/\/static.africa-press.net\/tchad\/sites\/41\/2023\/11\/sm_1698919697.418396.jpg\",\"width\":1020,\"height\":765,\"caption\":\"une partie du march\u00e9 libyen de Mao ravag\u00e9e par les flammes\"},{\"@type\":\"BreadcrumbList\",\"@id\":\"https:\/\/www.africa-press.net\/tchad\/toutes-les-actualites\/une-partie-du-marche-libyen-de-mao-ravagee-par-les-flammes#breadcrumb\",\"itemListElement\":[{\"@type\":\"ListItem\",\"position\":1,\"name\":\"Accueil\",\"item\":\"https:\/\/www.africa-press.net\/tchad\/\"},{\"@type\":\"ListItem\",\"position\":2,\"name\":\"une partie du march\u00e9 libyen de Mao ravag\u00e9e par les flammes\"}]},{\"@type\":\"WebSite\",\"@id\":\"https:\/\/www.africa-press.net\/tchad\/#website\",\"url\":\"https:\/\/www.africa-press.net\/tchad\/\",\"name\":\"tchad\",\"description\":\"Just another Africa News Agency Sites site\",\"potentialAction\":[{\"@type\":\"SearchAction\",\"target\":{\"@type\":\"EntryPoint\",\"urlTemplate\":\"https:\/\/www.africa-press.net\/tchad\/?s={search_term_string}\"},\"query-input\":{\"@type\":\"PropertyValueSpecification\",\"valueRequired\":true,\"valueName\":\"search_term_string\"}}],\"inLanguage\":\"fr-FR\"},{\"@type\":\"Person\",\"@id\":\"https:\/\/www.africa-press.net\/tchad\/#\/schema\/person\/2b1cf3cd81a31e3cd26889ca66d677f1\",\"name\":\"cfeditorfr\"}]}<\/script>\n<!-- \/ Yoast SEO Premium plugin. -->","yoast_head_json":{"title":"une partie du march\u00e9 libyen de Mao ravag\u00e9e par les flammes - tchad","description":"Un incendie a de\u0301vaste\u0301 une partie du marche\u0301 de Mao, en Libye, le mercredi 1er novembre 2023. Selon les te\u0301moignages su ...","robots":{"index":"index","follow":"follow","max-snippet":"max-snippet:-1","max-image-preview":"max-image-preview:large","max-video-preview":"max-video-preview:-1"},"canonical":"https:\/\/www.africa-press.net\/tchad\/toutes-les-actualites\/une-partie-du-marche-libyen-de-mao-ravagee-par-les-flammes","og_locale":"fr_FR","og_type":"article","og_title":"une partie du march\u00e9 libyen de Mao ravag\u00e9e par les flammes","og_description":"Un incendie a de\u0301vaste\u0301 une partie du marche\u0301 de Mao, en Libye, le mercredi 1er novembre 2023. Selon les te\u0301moignages su ...","og_url":"https:\/\/www.africa-press.net\/tchad\/toutes-les-actualites\/une-partie-du-marche-libyen-de-mao-ravagee-par-les-flammes","og_site_name":"tchad","article_published_time":"2023-11-02T12:49:21+00:00","article_modified_time":"2023-11-02T13:39:01+00:00","og_image":[{"width":1020,"height":765,"url":"https:\/\/static.africa-press.net\/tchad\/sites\/41\/2023\/11\/sm_1698919697.418396.jpg","type":"image\/jpeg"}],"author":"cfeditorfr","twitter_card":"summary_large_image","twitter_misc":{"\u00c9crit par":"cfeditorfr","Dur\u00e9e de lecture estim\u00e9e":"1 minute"},"schema":{"@context":"https:\/\/schema.org","@graph":[{"@type":"Article","@id":"https:\/\/www.africa-press.net\/tchad\/toutes-les-actualites\/une-partie-du-marche-libyen-de-mao-ravagee-par-les-flammes#article","isPartOf":{"@id":"https:\/\/www.africa-press.net\/tchad\/toutes-les-actualites\/une-partie-du-marche-libyen-de-mao-ravagee-par-les-flammes"},"author":{"name":"cfeditorfr","@id":"https:\/\/www.africa-press.net\/tchad\/#\/schema\/person\/2b1cf3cd81a31e3cd26889ca66d677f1"},"headline":"une partie du march\u00e9 libyen de Mao ravag\u00e9e par les flammes","datePublished":"2023-11-02T12:49:21+00:00","dateModified":"2023-11-02T13:39:01+00:00","mainEntityOfPage":{"@id":"https:\/\/www.africa-press.net\/tchad\/toutes-les-actualites\/une-partie-du-marche-libyen-de-mao-ravagee-par-les-flammes"},"wordCount":195,"commentCount":0,"image":{"@id":"https:\/\/www.africa-press.net\/tchad\/toutes-les-actualites\/une-partie-du-marche-libyen-de-mao-ravagee-par-les-flammes#primaryimage"},"thumbnailUrl":"https:\/\/static.africa-press.net\/tchad\/sites\/41\/2023\/11\/sm_1698919697.418396.jpg","keywords":["Africa Press","Africa Press-Tchad","Tchad"],"articleSection":["Communaut\u00e9","Toutes les actualit\u00e9s"],"inLanguage":"fr-FR","potentialAction":[{"@type":"CommentAction","name":"Comment","target":["https:\/\/www.africa-press.net\/tchad\/toutes-les-actualites\/une-partie-du-marche-libyen-de-mao-ravagee-par-les-flammes#respond"]}]},{"@type":"WebPage","@id":"https:\/\/www.africa-press.net\/tchad\/toutes-les-actualites\/une-partie-du-marche-libyen-de-mao-ravagee-par-les-flammes","url":"https:\/\/www.africa-press.net\/tchad\/toutes-les-actualites\/une-partie-du-marche-libyen-de-mao-ravagee-par-les-flammes","name":"une partie du march\u00e9 libyen de Mao ravag\u00e9e par les flammes - tchad","isPartOf":{"@id":"https:\/\/www.africa-press.net\/tchad\/#website"},"primaryImageOfPage":{"@id":"https:\/\/www.africa-press.net\/tchad\/toutes-les-actualites\/une-partie-du-marche-libyen-de-mao-ravagee-par-les-flammes#primaryimage"},"image":{"@id":"https:\/\/www.africa-press.net\/tchad\/toutes-les-actualites\/une-partie-du-marche-libyen-de-mao-ravagee-par-les-flammes#primaryimage"},"thumbnailUrl":"https:\/\/static.africa-press.net\/tchad\/sites\/41\/2023\/11\/sm_1698919697.418396.jpg","datePublished":"2023-11-02T12:49:21+00:00","dateModified":"2023-11-02T13:39:01+00:00","author":{"@id":"https:\/\/www.africa-press.net\/tchad\/#\/schema\/person\/2b1cf3cd81a31e3cd26889ca66d677f1"},"description":"Un incendie a de\u0301vaste\u0301 une partie du marche\u0301 de Mao, en Libye, le mercredi 1er novembre 2023. Selon les te\u0301moignages su ...","breadcrumb":{"@id":"https:\/\/www.africa-press.net\/tchad\/toutes-les-actualites\/une-partie-du-marche-libyen-de-mao-ravagee-par-les-flammes#breadcrumb"},"inLanguage":"fr-FR","potentialAction":[{"@type":"ReadAction","target":["https:\/\/www.africa-press.net\/tchad\/toutes-les-actualites\/une-partie-du-marche-libyen-de-mao-ravagee-par-les-flammes"]}]},{"@type":"ImageObject","inLanguage":"fr-FR","@id":"https:\/\/www.africa-press.net\/tchad\/toutes-les-actualites\/une-partie-du-marche-libyen-de-mao-ravagee-par-les-flammes#primaryimage","url":"https:\/\/static.africa-press.net\/tchad\/sites\/41\/2023\/11\/sm_1698919697.418396.jpg","contentUrl":"https:\/\/static.africa-press.net\/tchad\/sites\/41\/2023\/11\/sm_1698919697.418396.jpg","width":1020,"height":765,"caption":"une partie du march\u00e9 libyen de Mao ravag\u00e9e par les flammes"},{"@type":"BreadcrumbList","@id":"https:\/\/www.africa-press.net\/tchad\/toutes-les-actualites\/une-partie-du-marche-libyen-de-mao-ravagee-par-les-flammes#breadcrumb","itemListElement":[{"@type":"ListItem","position":1,"name":"Accueil","item":"https:\/\/www.africa-press.net\/tchad\/"},{"@type":"ListItem","position":2,"name":"une partie du march\u00e9 libyen de Mao ravag\u00e9e par les flammes"}]},{"@type":"WebSite","@id":"https:\/\/www.africa-press.net\/tchad\/#website","url":"https:\/\/www.africa-press.net\/tchad\/","name":"tchad","description":"Just another Africa News Agency Sites site","potentialAction":[{"@type":"SearchAction","target":{"@type":"EntryPoint","urlTemplate":"https:\/\/www.africa-press.net\/tchad\/?s={search_term_string}"},"query-input":{"@type":"PropertyValueSpecification","valueRequired":true,"valueName":"search_term_string"}}],"inLanguage":"fr-FR"},{"@type":"Person","@id":"https:\/\/www.africa-press.net\/tchad\/#\/schema\/person\/2b1cf3cd81a31e3cd26889ca66d677f1","name":"cfeditorfr"}]}},"_links":{"self":[{"href":"https:\/\/www.africa-press.net\/tchad\/wp-json\/wp\/v2\/posts\/53321","targetHints":{"allow":["GET"]}}],"collection":[{"href":"https:\/\/www.africa-press.net\/tchad\/wp-json\/wp\/v2\/posts"}],"about":[{"href":"https:\/\/www.africa-press.net\/tchad\/wp-json\/wp\/v2\/types\/post"}],"author":[{"embeddable":true,"href":"https:\/\/www.africa-press.net\/tchad\/wp-json\/wp\/v2\/users\/82"}],"replies":[{"embeddable":true,"href":"https:\/\/www.africa-press.net\/tchad\/wp-json\/wp\/v2\/comments?post=53321"}],"version-history":[{"count":0,"href":"https:\/\/www.africa-press.net\/tchad\/wp-json\/wp\/v2\/posts\/53321\/revisions"}],"wp:featuredmedia":[{"embeddable":true,"href":"https:\/\/www.africa-press.net\/tchad\/wp-json\/wp\/v2\/media\/53319"}],"wp:attachment":[{"href":"https:\/\/www.africa-press.net\/tchad\/wp-json\/wp\/v2\/media?parent=53321"}],"wp:term":[{"taxonomy":"category","embeddable":true,"href":"https:\/\/www.africa-press.net\/tchad\/wp-json\/wp\/v2\/categories?post=53321"},{"taxonomy":"post_tag","embeddable":true,"href":"https:\/\/www.africa-press.net\/tchad\/wp-json\/wp\/v2\/tags?post=53321"}],"curies":[{"name":"wp","href":"https:\/\/api.w.org\/{rel}","templated":true}]}}