{"id":53329,"date":"2023-11-02T12:53:25","date_gmt":"2023-11-02T12:53:25","guid":{"rendered":"https:\/\/www.africa-press.net\/tchad\/politique\/education-des-enfants-vulnerables-une-priorite-oubliee"},"modified":"2023-11-02T13:40:13","modified_gmt":"2023-11-02T13:40:13","slug":"education-des-enfants-vulnerables-une-priorite-oubliee","status":"publish","type":"post","link":"https:\/\/www.africa-press.net\/tchad\/toutes-les-actualites\/education-des-enfants-vulnerables-une-priorite-oubliee","title":{"rendered":"\u00e9ducation des enfants vuln\u00e9rables, une priorit\u00e9 oubli\u00e9e"},"content":{"rendered":"<p><span style=\"color: #ff6600\"><strong>Africa-Press &#8211; Tchad. <\/strong><\/span>Des milliers d&rsquo;enfants errent dans les rues de nos villes, prive\u0301s de l&rsquo;e\u0301ducation que leurs pairs rec\u0327oivent. Cette re\u0301alite\u0301 repre\u0301sente une perte de capital humain conside\u0301rable, et pre\u0301sente un danger pour l&rsquo;avenir de notre nation.<\/p>\n<p>Malheureusement, nos autorite\u0301s semblent regarder ailleurs. Le phe\u0301nome\u0300ne des enfants de la rue n&rsquo;est pas nouveau, et ses causes sont bien connues : ces enfants ont des familles. Pourtant, l&rsquo;e\u0301ducation et l&rsquo;insertion de ces jeunes restent un de\u0301fi de taille.<\/p>\n<p>Le plus pre\u0301occupant est l&rsquo;absence totale de centres de re\u0301e\u0301ducation et de re\u0301habilitation pour ces enfants. De plus, la politique e\u0301ducative et l&rsquo;insertion dans la vie active font cruellement de\u0301faut. Le gouvernement a re\u0301cemment adopte\u0301 une initiative visant a\u0300 e\u0301radiquer la mendicite\u0301 infantile, mais cette lutte doit e\u0301galement s&rsquo;attacher a\u0300 re\u0301soudre le proble\u0300me des enfants de la rue.<\/p>\n<p>Ne\u0301anmoins, N&rsquo;Djamena dispose d&rsquo;un Centre National d&rsquo;Accueil, de Re\u0301e\u0301ducation et d&rsquo;Insertion des Enfants Vulne\u0301rables (CNARREV), sous l&rsquo;e\u0301gide du ministe\u0300re de la Femme et de la Protection de l&rsquo;enfance. Malheureusement, ce centre n&rsquo;est que de nom, et les associations de la socie\u0301te\u0301 civile, a\u0300 l\u2019exemple du Centre Akouna Espoir, luttent pour l&rsquo;e\u0301ducation et l&rsquo;insertion de ces enfants avec des ressources limite\u0301es.<\/p>\n<p>Pourtant, malgre\u0301 la rentre\u0301e scolaire, des centaines d&rsquo;enfants continuent de vivre dans les rues de nos villes. Il est impe\u0301ratif que nos autorite\u0301s quittent leurs bureaux pour affronter cette re\u0301alite\u0301. L&rsquo;e\u0301ducation de ces enfants doit e\u0302tre une priorite\u0301, car ils repre\u0301sentent un atout pour le de\u0301veloppement du pays. De plus, le manque de chiffres officiels, sur le nombre d&rsquo;enfants des rues, re\u0301ve\u0300le l&rsquo;inade\u0301quation de notre politique de protection des enfants vulne\u0301rables.<\/p>\n<p>Le de\u0301funt pre\u0301sident gabonais, Omar Bongo, disait : \u00ab Le peuple est mon miroir. Quand je les vois sourire, c&rsquo;est que le pays va bien \u00bb. Or, des centaines d&rsquo;enfants vivent dans des conditions inhumaines, sans acce\u0300s a\u0300 une alimentation saine, expose\u0301s aux intempe\u0301ries, sous le regard des autorite\u0301s qui ont la responsabilite\u0301 de les prote\u0301ger. Nous posons donc cette question aux autorite\u0301s charge\u0301es de la protection des enfants vulne\u0301rables : quelle est votre mission ?<\/p>\n<p>Dans une e\u0300re de \u00ab refondation du Tchad \u00bb, la politique e\u0301ducative des enfants des rues ne doit pas e\u0302tre ne\u0301glige\u0301e. Ces enfants constituent une perte de capital humain, et leur ne\u0301gligence repre\u0301sente un danger pour notre socie\u0301te\u0301 si nous continuons a\u0300 ignorer leur existence. Un enfant qui grandit sans culture, loin de l&rsquo;amour parental, est a\u0300 craindre.<\/p>\n<p>Par conse\u0301quent, leur e\u0301ducation doit e\u0302tre une priorite\u0301 afin de changer leur trajectoire. La socie\u0301te\u0301 de demain en de\u0301pend.<\/p>\n<p><strong>Pour plus d&rsquo;informations et d&rsquo;analyses sur la <a href=\"https:\/\/www.africa-press.net\/tchad\">Tchad<\/a>, suivez <a href=\"https:\/\/www.africa-press.net\/\">Africa-Press<\/a><\/strong><\/p>\n","protected":false},"excerpt":{"rendered":"<p>Africa-Press &#8211; Tchad. Des milliers d&rsquo;enfants errent dans les rues de nos villes, prive\u0301s de l&rsquo;e\u0301ducation que leurs pairs rec\u0327oivent. Cette re\u0301alite\u0301 repre\u0301sente une perte de capital humain conside\u0301rable, et pre\u0301sente un danger pour l&rsquo;avenir de notre nation. Malheureusement, nos autorite\u0301s semblent regarder ailleurs. Le phe\u0301nome\u0300ne des enfants de la rue n&rsquo;est pas nouveau, et [&hellip;]<\/p>\n","protected":false},"author":82,"featured_media":53328,"comment_status":"open","ping_status":"closed","sticky":false,"template":"","format":"standard","meta":{"footnotes":""},"categories":[21,10],"tags":[37,292,29],"class_list":["post-53329","post","type-post","status-publish","format-standard","has-post-thumbnail","hentry","category-communaute","category-toutes-les-actualites","tag-africa-press","tag-africa-press-tchad","tag-tchad"],"yoast_head":"<!-- This site is optimized with the Yoast SEO Premium plugin v26.1 (Yoast SEO v27.0) - https:\/\/yoast.com\/product\/yoast-seo-premium-wordpress\/ -->\n<title>\u00e9ducation des enfants vuln\u00e9rables, une priorit\u00e9 oubli\u00e9e - tchad<\/title>\n<meta name=\"description\" content=\"Des milliers d&#039;enfants errent dans les rues de nos villes, prive\u0301s de l&#039;e\u0301ducation que leurs pairs rec\u0327oivent. Cette re\u0301 ...\" \/>\n<meta name=\"robots\" content=\"index, follow, max-snippet:-1, max-image-preview:large, max-video-preview:-1\" \/>\n<link rel=\"canonical\" href=\"https:\/\/www.africa-press.net\/tchad\/toutes-les-actualites\/education-des-enfants-vulnerables-une-priorite-oubliee\" \/>\n<meta property=\"og:locale\" content=\"fr_FR\" \/>\n<meta property=\"og:type\" content=\"article\" \/>\n<meta property=\"og:title\" content=\"\u00e9ducation des enfants vuln\u00e9rables, une priorit\u00e9 oubli\u00e9e\" \/>\n<meta property=\"og:description\" content=\"Des milliers d&#039;enfants errent dans les rues de nos villes, prive\u0301s de l&#039;e\u0301ducation que leurs pairs rec\u0327oivent. Cette re\u0301 ...\" \/>\n<meta property=\"og:url\" content=\"https:\/\/www.africa-press.net\/tchad\/toutes-les-actualites\/education-des-enfants-vulnerables-une-priorite-oubliee\" \/>\n<meta property=\"og:site_name\" content=\"tchad\" \/>\n<meta property=\"article:published_time\" content=\"2023-11-02T12:53:25+00:00\" \/>\n<meta property=\"article:modified_time\" content=\"2023-11-02T13:40:13+00:00\" \/>\n<meta property=\"og:image\" content=\"https:\/\/static.africa-press.net\/tchad\/sites\/41\/2023\/11\/sm_1698919755.212056.jpg\" \/>\n\t<meta property=\"og:image:width\" content=\"1280\" \/>\n\t<meta property=\"og:image:height\" content=\"720\" \/>\n\t<meta property=\"og:image:type\" content=\"image\/jpeg\" \/>\n<meta name=\"author\" content=\"cfeditorfr\" \/>\n<meta name=\"twitter:card\" content=\"summary_large_image\" \/>\n<meta name=\"twitter:label1\" content=\"\u00c9crit par\" \/>\n\t<meta name=\"twitter:data1\" content=\"cfeditorfr\" \/>\n\t<meta name=\"twitter:label2\" content=\"Dur\u00e9e de lecture estim\u00e9e\" \/>\n\t<meta name=\"twitter:data2\" content=\"3 minutes\" \/>\n<script type=\"application\/ld+json\" class=\"yoast-schema-graph\">{\"@context\":\"https:\/\/schema.org\",\"@graph\":[{\"@type\":\"Article\",\"@id\":\"https:\/\/www.africa-press.net\/tchad\/toutes-les-actualites\/education-des-enfants-vulnerables-une-priorite-oubliee#article\",\"isPartOf\":{\"@id\":\"https:\/\/www.africa-press.net\/tchad\/toutes-les-actualites\/education-des-enfants-vulnerables-une-priorite-oubliee\"},\"author\":{\"name\":\"cfeditorfr\",\"@id\":\"https:\/\/www.africa-press.net\/tchad\/#\/schema\/person\/2b1cf3cd81a31e3cd26889ca66d677f1\"},\"headline\":\"\u00e9ducation des enfants vuln\u00e9rables, une priorit\u00e9 oubli\u00e9e\",\"datePublished\":\"2023-11-02T12:53:25+00:00\",\"dateModified\":\"2023-11-02T13:40:13+00:00\",\"mainEntityOfPage\":{\"@id\":\"https:\/\/www.africa-press.net\/tchad\/toutes-les-actualites\/education-des-enfants-vulnerables-une-priorite-oubliee\"},\"wordCount\":526,\"commentCount\":0,\"image\":{\"@id\":\"https:\/\/www.africa-press.net\/tchad\/toutes-les-actualites\/education-des-enfants-vulnerables-une-priorite-oubliee#primaryimage\"},\"thumbnailUrl\":\"https:\/\/static.africa-press.net\/tchad\/sites\/41\/2023\/11\/sm_1698919755.212056.jpg\",\"keywords\":[\"Africa Press\",\"Africa Press-Tchad\",\"Tchad\"],\"articleSection\":[\"Communaut\u00e9\",\"Toutes les actualit\u00e9s\"],\"inLanguage\":\"fr-FR\",\"potentialAction\":[{\"@type\":\"CommentAction\",\"name\":\"Comment\",\"target\":[\"https:\/\/www.africa-press.net\/tchad\/toutes-les-actualites\/education-des-enfants-vulnerables-une-priorite-oubliee#respond\"]}]},{\"@type\":\"WebPage\",\"@id\":\"https:\/\/www.africa-press.net\/tchad\/toutes-les-actualites\/education-des-enfants-vulnerables-une-priorite-oubliee\",\"url\":\"https:\/\/www.africa-press.net\/tchad\/toutes-les-actualites\/education-des-enfants-vulnerables-une-priorite-oubliee\",\"name\":\"\u00e9ducation des enfants vuln\u00e9rables, une priorit\u00e9 oubli\u00e9e - tchad\",\"isPartOf\":{\"@id\":\"https:\/\/www.africa-press.net\/tchad\/#website\"},\"primaryImageOfPage\":{\"@id\":\"https:\/\/www.africa-press.net\/tchad\/toutes-les-actualites\/education-des-enfants-vulnerables-une-priorite-oubliee#primaryimage\"},\"image\":{\"@id\":\"https:\/\/www.africa-press.net\/tchad\/toutes-les-actualites\/education-des-enfants-vulnerables-une-priorite-oubliee#primaryimage\"},\"thumbnailUrl\":\"https:\/\/static.africa-press.net\/tchad\/sites\/41\/2023\/11\/sm_1698919755.212056.jpg\",\"datePublished\":\"2023-11-02T12:53:25+00:00\",\"dateModified\":\"2023-11-02T13:40:13+00:00\",\"author\":{\"@id\":\"https:\/\/www.africa-press.net\/tchad\/#\/schema\/person\/2b1cf3cd81a31e3cd26889ca66d677f1\"},\"description\":\"Des milliers d'enfants errent dans les rues de nos villes, prive\u0301s de l'e\u0301ducation que leurs pairs rec\u0327oivent. Cette re\u0301 ...\",\"breadcrumb\":{\"@id\":\"https:\/\/www.africa-press.net\/tchad\/toutes-les-actualites\/education-des-enfants-vulnerables-une-priorite-oubliee#breadcrumb\"},\"inLanguage\":\"fr-FR\",\"potentialAction\":[{\"@type\":\"ReadAction\",\"target\":[\"https:\/\/www.africa-press.net\/tchad\/toutes-les-actualites\/education-des-enfants-vulnerables-une-priorite-oubliee\"]}]},{\"@type\":\"ImageObject\",\"inLanguage\":\"fr-FR\",\"@id\":\"https:\/\/www.africa-press.net\/tchad\/toutes-les-actualites\/education-des-enfants-vulnerables-une-priorite-oubliee#primaryimage\",\"url\":\"https:\/\/static.africa-press.net\/tchad\/sites\/41\/2023\/11\/sm_1698919755.212056.jpg\",\"contentUrl\":\"https:\/\/static.africa-press.net\/tchad\/sites\/41\/2023\/11\/sm_1698919755.212056.jpg\",\"width\":1280,\"height\":720,\"caption\":\"\u00e9ducation des enfants vuln\u00e9rables, une priorit\u00e9 oubli\u00e9e\"},{\"@type\":\"BreadcrumbList\",\"@id\":\"https:\/\/www.africa-press.net\/tchad\/toutes-les-actualites\/education-des-enfants-vulnerables-une-priorite-oubliee#breadcrumb\",\"itemListElement\":[{\"@type\":\"ListItem\",\"position\":1,\"name\":\"Accueil\",\"item\":\"https:\/\/www.africa-press.net\/tchad\/\"},{\"@type\":\"ListItem\",\"position\":2,\"name\":\"\u00e9ducation des enfants vuln\u00e9rables, une priorit\u00e9 oubli\u00e9e\"}]},{\"@type\":\"WebSite\",\"@id\":\"https:\/\/www.africa-press.net\/tchad\/#website\",\"url\":\"https:\/\/www.africa-press.net\/tchad\/\",\"name\":\"tchad\",\"description\":\"Just another Africa News Agency Sites site\",\"potentialAction\":[{\"@type\":\"SearchAction\",\"target\":{\"@type\":\"EntryPoint\",\"urlTemplate\":\"https:\/\/www.africa-press.net\/tchad\/?s={search_term_string}\"},\"query-input\":{\"@type\":\"PropertyValueSpecification\",\"valueRequired\":true,\"valueName\":\"search_term_string\"}}],\"inLanguage\":\"fr-FR\"},{\"@type\":\"Person\",\"@id\":\"https:\/\/www.africa-press.net\/tchad\/#\/schema\/person\/2b1cf3cd81a31e3cd26889ca66d677f1\",\"name\":\"cfeditorfr\"}]}<\/script>\n<!-- \/ Yoast SEO Premium plugin. -->","yoast_head_json":{"title":"\u00e9ducation des enfants vuln\u00e9rables, une priorit\u00e9 oubli\u00e9e - tchad","description":"Des milliers d'enfants errent dans les rues de nos villes, prive\u0301s de l'e\u0301ducation que leurs pairs rec\u0327oivent. Cette re\u0301 ...","robots":{"index":"index","follow":"follow","max-snippet":"max-snippet:-1","max-image-preview":"max-image-preview:large","max-video-preview":"max-video-preview:-1"},"canonical":"https:\/\/www.africa-press.net\/tchad\/toutes-les-actualites\/education-des-enfants-vulnerables-une-priorite-oubliee","og_locale":"fr_FR","og_type":"article","og_title":"\u00e9ducation des enfants vuln\u00e9rables, une priorit\u00e9 oubli\u00e9e","og_description":"Des milliers d'enfants errent dans les rues de nos villes, prive\u0301s de l'e\u0301ducation que leurs pairs rec\u0327oivent. Cette re\u0301 ...","og_url":"https:\/\/www.africa-press.net\/tchad\/toutes-les-actualites\/education-des-enfants-vulnerables-une-priorite-oubliee","og_site_name":"tchad","article_published_time":"2023-11-02T12:53:25+00:00","article_modified_time":"2023-11-02T13:40:13+00:00","og_image":[{"width":1280,"height":720,"url":"https:\/\/static.africa-press.net\/tchad\/sites\/41\/2023\/11\/sm_1698919755.212056.jpg","type":"image\/jpeg"}],"author":"cfeditorfr","twitter_card":"summary_large_image","twitter_misc":{"\u00c9crit par":"cfeditorfr","Dur\u00e9e de lecture estim\u00e9e":"3 minutes"},"schema":{"@context":"https:\/\/schema.org","@graph":[{"@type":"Article","@id":"https:\/\/www.africa-press.net\/tchad\/toutes-les-actualites\/education-des-enfants-vulnerables-une-priorite-oubliee#article","isPartOf":{"@id":"https:\/\/www.africa-press.net\/tchad\/toutes-les-actualites\/education-des-enfants-vulnerables-une-priorite-oubliee"},"author":{"name":"cfeditorfr","@id":"https:\/\/www.africa-press.net\/tchad\/#\/schema\/person\/2b1cf3cd81a31e3cd26889ca66d677f1"},"headline":"\u00e9ducation des enfants vuln\u00e9rables, une priorit\u00e9 oubli\u00e9e","datePublished":"2023-11-02T12:53:25+00:00","dateModified":"2023-11-02T13:40:13+00:00","mainEntityOfPage":{"@id":"https:\/\/www.africa-press.net\/tchad\/toutes-les-actualites\/education-des-enfants-vulnerables-une-priorite-oubliee"},"wordCount":526,"commentCount":0,"image":{"@id":"https:\/\/www.africa-press.net\/tchad\/toutes-les-actualites\/education-des-enfants-vulnerables-une-priorite-oubliee#primaryimage"},"thumbnailUrl":"https:\/\/static.africa-press.net\/tchad\/sites\/41\/2023\/11\/sm_1698919755.212056.jpg","keywords":["Africa Press","Africa Press-Tchad","Tchad"],"articleSection":["Communaut\u00e9","Toutes les actualit\u00e9s"],"inLanguage":"fr-FR","potentialAction":[{"@type":"CommentAction","name":"Comment","target":["https:\/\/www.africa-press.net\/tchad\/toutes-les-actualites\/education-des-enfants-vulnerables-une-priorite-oubliee#respond"]}]},{"@type":"WebPage","@id":"https:\/\/www.africa-press.net\/tchad\/toutes-les-actualites\/education-des-enfants-vulnerables-une-priorite-oubliee","url":"https:\/\/www.africa-press.net\/tchad\/toutes-les-actualites\/education-des-enfants-vulnerables-une-priorite-oubliee","name":"\u00e9ducation des enfants vuln\u00e9rables, une priorit\u00e9 oubli\u00e9e - tchad","isPartOf":{"@id":"https:\/\/www.africa-press.net\/tchad\/#website"},"primaryImageOfPage":{"@id":"https:\/\/www.africa-press.net\/tchad\/toutes-les-actualites\/education-des-enfants-vulnerables-une-priorite-oubliee#primaryimage"},"image":{"@id":"https:\/\/www.africa-press.net\/tchad\/toutes-les-actualites\/education-des-enfants-vulnerables-une-priorite-oubliee#primaryimage"},"thumbnailUrl":"https:\/\/static.africa-press.net\/tchad\/sites\/41\/2023\/11\/sm_1698919755.212056.jpg","datePublished":"2023-11-02T12:53:25+00:00","dateModified":"2023-11-02T13:40:13+00:00","author":{"@id":"https:\/\/www.africa-press.net\/tchad\/#\/schema\/person\/2b1cf3cd81a31e3cd26889ca66d677f1"},"description":"Des milliers d'enfants errent dans les rues de nos villes, prive\u0301s de l'e\u0301ducation que leurs pairs rec\u0327oivent. Cette re\u0301 ...","breadcrumb":{"@id":"https:\/\/www.africa-press.net\/tchad\/toutes-les-actualites\/education-des-enfants-vulnerables-une-priorite-oubliee#breadcrumb"},"inLanguage":"fr-FR","potentialAction":[{"@type":"ReadAction","target":["https:\/\/www.africa-press.net\/tchad\/toutes-les-actualites\/education-des-enfants-vulnerables-une-priorite-oubliee"]}]},{"@type":"ImageObject","inLanguage":"fr-FR","@id":"https:\/\/www.africa-press.net\/tchad\/toutes-les-actualites\/education-des-enfants-vulnerables-une-priorite-oubliee#primaryimage","url":"https:\/\/static.africa-press.net\/tchad\/sites\/41\/2023\/11\/sm_1698919755.212056.jpg","contentUrl":"https:\/\/static.africa-press.net\/tchad\/sites\/41\/2023\/11\/sm_1698919755.212056.jpg","width":1280,"height":720,"caption":"\u00e9ducation des enfants vuln\u00e9rables, une priorit\u00e9 oubli\u00e9e"},{"@type":"BreadcrumbList","@id":"https:\/\/www.africa-press.net\/tchad\/toutes-les-actualites\/education-des-enfants-vulnerables-une-priorite-oubliee#breadcrumb","itemListElement":[{"@type":"ListItem","position":1,"name":"Accueil","item":"https:\/\/www.africa-press.net\/tchad\/"},{"@type":"ListItem","position":2,"name":"\u00e9ducation des enfants vuln\u00e9rables, une priorit\u00e9 oubli\u00e9e"}]},{"@type":"WebSite","@id":"https:\/\/www.africa-press.net\/tchad\/#website","url":"https:\/\/www.africa-press.net\/tchad\/","name":"tchad","description":"Just another Africa News Agency Sites site","potentialAction":[{"@type":"SearchAction","target":{"@type":"EntryPoint","urlTemplate":"https:\/\/www.africa-press.net\/tchad\/?s={search_term_string}"},"query-input":{"@type":"PropertyValueSpecification","valueRequired":true,"valueName":"search_term_string"}}],"inLanguage":"fr-FR"},{"@type":"Person","@id":"https:\/\/www.africa-press.net\/tchad\/#\/schema\/person\/2b1cf3cd81a31e3cd26889ca66d677f1","name":"cfeditorfr"}]}},"_links":{"self":[{"href":"https:\/\/www.africa-press.net\/tchad\/wp-json\/wp\/v2\/posts\/53329","targetHints":{"allow":["GET"]}}],"collection":[{"href":"https:\/\/www.africa-press.net\/tchad\/wp-json\/wp\/v2\/posts"}],"about":[{"href":"https:\/\/www.africa-press.net\/tchad\/wp-json\/wp\/v2\/types\/post"}],"author":[{"embeddable":true,"href":"https:\/\/www.africa-press.net\/tchad\/wp-json\/wp\/v2\/users\/82"}],"replies":[{"embeddable":true,"href":"https:\/\/www.africa-press.net\/tchad\/wp-json\/wp\/v2\/comments?post=53329"}],"version-history":[{"count":0,"href":"https:\/\/www.africa-press.net\/tchad\/wp-json\/wp\/v2\/posts\/53329\/revisions"}],"wp:featuredmedia":[{"embeddable":true,"href":"https:\/\/www.africa-press.net\/tchad\/wp-json\/wp\/v2\/media\/53328"}],"wp:attachment":[{"href":"https:\/\/www.africa-press.net\/tchad\/wp-json\/wp\/v2\/media?parent=53329"}],"wp:term":[{"taxonomy":"category","embeddable":true,"href":"https:\/\/www.africa-press.net\/tchad\/wp-json\/wp\/v2\/categories?post=53329"},{"taxonomy":"post_tag","embeddable":true,"href":"https:\/\/www.africa-press.net\/tchad\/wp-json\/wp\/v2\/tags?post=53329"}],"curies":[{"name":"wp","href":"https:\/\/api.w.org\/{rel}","templated":true}]}}