{"id":53362,"date":"2023-11-03T11:31:42","date_gmt":"2023-11-03T11:31:42","guid":{"rendered":"https:\/\/www.africa-press.net\/tchad\/politique\/afrique-un-panel-ministeriel-pour-liberer-le-potentiel-energetique-regional-au-msgbc-2023"},"modified":"2023-11-03T11:55:36","modified_gmt":"2023-11-03T11:55:36","slug":"afrique-un-panel-ministeriel-pour-liberer-le-potentiel-energetique-regional-au-msgbc-2023","status":"publish","type":"post","link":"https:\/\/www.africa-press.net\/tchad\/economie\/afrique-un-panel-ministeriel-pour-liberer-le-potentiel-energetique-regional-au-msgbc-2023","title":{"rendered":"Afrique : un panel minist\u00e9riel pour lib\u00e9rer le potentiel \u00e9nerg\u00e9tique r\u00e9gional au MSGBC 2023"},"content":{"rendered":"<p><span style=\"color: #ff6600\"><strong>Africa-Press &#8211; Tchad. <\/strong><\/span>La confe\u0301rence et l&rsquo;exposition MSGBC Oil, Gas &amp; Power 2023, pre\u0301vue pour commencer a\u0300 Nouakchott le 21 novembre, de\u0301butera par une discussion en panel ministe\u0301riel intitule\u0301e \u00ab\u00a0Forger des liens, stimuler la croissance.\u00a0\u00bb Ce panel re\u0301unira les ministres de l&rsquo;E\u0301nergie de la re\u0301gion MSGBC pour orienter le secteur de l&rsquo;e\u0301nergie de la re\u0301gion.<\/p>\n<p>Les sujets a\u0300 l&rsquo;ordre du jour incluent la coope\u0301ration re\u0301gionale, l&rsquo;infrastructure e\u0301nerge\u0301tique, les cadres re\u0301glementaires et les avance\u0301es technologiques. La discussion sera anime\u0301e par NJ Ayuk, pre\u0301sident exe\u0301cutif de la Chambre africaine de l&rsquo;e\u0301nergie, et comprendra Nani Chrougha, ministre du Pe\u0301trole, des Mines et de l&rsquo;E\u0301nergie de la Re\u0301publique islamique de Mauritanie ; Dr Hotna Cufuk Na Doha, ministre des Ressources naturelles et de l&rsquo;E\u0301nergie de la Re\u0301publique de Guine\u0301e-Bissau ; Felix Antoine Diome, ministre du Pe\u0301trole et de l&rsquo;E\u0301nergie de la Re\u0301publique du Se\u0301ne\u0301gal ; Abdoulie Jobe, ministre du Pe\u0301trole et de l&rsquo;E\u0301nergie de la Re\u0301publique de Gambie ; et Aly Seydouba Soumah, ministre de l&rsquo;E\u0301nergie, de l&rsquo;Hydraulique et des Hydrocarbures de la Re\u0301publique de Guine\u0301e-Conakry, participant pour la premie\u0300re fois a\u0300 MSGBC Oil, Gas &amp; Power.<\/p>\n<p>La discussion portera sur l&rsquo;impe\u0301ratif de renforcer l&rsquo;inte\u0301gration re\u0301gionale dans le secteur de l&rsquo;e\u0301nergie. Le panel se penchera sur des strate\u0301gies visant a\u0300 faciliter le commerce transfrontalier, a\u0300 rationaliser l&rsquo;acce\u0300s au marche\u0301 et a\u0300 aligner les politiques e\u0301nerge\u0301tiques. Des initiatives collaboratives telles que le Pool e\u0301nerge\u0301tique ouest-africain et des accords conjoints sur la gestion des ressources et les flux de capitaux transfrontaliers ont le potentiel de libe\u0301rer des ressources partage\u0301es, de re\u0301duire les cou\u0302ts et d&rsquo;e\u0301largir la porte\u0301e du marche\u0301 de l&rsquo;e\u0301nergie.<\/p>\n<p>Le deuxie\u0300me domaine cle\u0301 de discussion identifiera les opportunite\u0301s de re\u0301duction des de\u0301penses ope\u0301rationnelles gra\u0302ce a\u0300 des projets d&rsquo;infrastructure re\u0301gionale collaboratifs.<\/p>\n<p>Les ministres de\u0301battront de la mise en place d&rsquo;infrastructures partage\u0301es, notamment des projets tels que le gazoduc Nigeria-Maroc et des re\u0301seaux de transport inte\u0301gre\u0301s tels que le syste\u0300me ferroviaire re\u0301gional en Afrique de l&rsquo;Ouest, qui peuvent faciliter le mouvement des ressources. Cette approche a le potentiel de re\u0301duire les cou\u0302ts, de rationaliser les ope\u0301rations et de mettre en place un e\u0301cosyste\u0300me e\u0301nerge\u0301tique plus robuste dans la re\u0301gion MSGBC.<\/p>\n<p>Les discussions se concentreront e\u0301galement sur la simplification du cadre re\u0301glementaire des activite\u0301s pe\u0301trolie\u0300res et gazie\u0300res. L&rsquo;objectif est de cre\u0301er un ensemble cohe\u0301rent de re\u0301glementations qui simplifient les processus d&rsquo;exploration, de production et de transport.<\/p>\n<p>Un cadre re\u0301glementaire harmonise\u0301 peut favoriser la confiance des investisseurs, acce\u0301le\u0301rer l&rsquo;approbation des projets et garantir la conformite\u0301 de l&rsquo;industrie, promouvant un de\u0301veloppement responsable et efficace des ressources.<\/p>\n<p>Le projet gazier Grand Tortue Ahmeyim, situe\u0301 en offshore entre le Se\u0301ne\u0301gal et la Mauritanie, sert d&rsquo;exemple de l&rsquo;harmonisation des re\u0301glementations re\u0301gionales de l&rsquo;exploration a\u0300 la phase de production, avec une premie\u0300re arrive\u0301e de gaz pre\u0301vue pour mi-2024.<\/p>\n<p>Le panel mettra e\u0301galement en lumie\u0300re les technologies pour renforcer la coope\u0301ration re\u0301gionale, en examinant les me\u0301canismes de partage des avance\u0301es technologiques au-dela\u0300 des frontie\u0300res. Des pays comme la Guine\u0301e-Conakry, qui a re\u0301cemment investi dans un centre de recherche ge\u0301ologique, et la Gambie, qui a signe\u0301 un protocole d&rsquo;entente pour l&rsquo;exploration du pe\u0301trole brut avec la Nigerian National Petroleum Corporation, peuvent be\u0301ne\u0301ficier de l&rsquo;expertise du Se\u0301ne\u0301gal et de la Mauritanie.<\/p>\n<p>Sous le patronage du Pre\u0301sident de la Re\u0301publique islamique de Mauritanie, Mohamed Ould Cheikh El Ghazouani, et en partenariat avec le ministe\u0300re du Pe\u0301trole, de l&rsquo;E\u0301nergie et des Mines, la Socie\u0301te\u0301 mauritanienne des hydrocarbures et des mines, Petrosen, COS-Petrogaz et la Chambre africaine de l&rsquo;e\u0301nergie, la troisie\u0300me e\u0301dition de la confe\u0301rence se de\u0301roulera du 21 au 22 novembre a\u0300 Nouakchott.<\/p>\n<p><strong>Pour plus d&rsquo;informations et d&rsquo;analyses sur la <a href=\"https:\/\/www.africa-press.net\/tchad\">Tchad<\/a>, suivez <a href=\"https:\/\/www.africa-press.net\/\">Africa-Press<\/a><\/strong><\/p>\n","protected":false},"excerpt":{"rendered":"<p>Africa-Press &#8211; Tchad. La confe\u0301rence et l&rsquo;exposition MSGBC Oil, Gas &amp; Power 2023, pre\u0301vue pour commencer a\u0300 Nouakchott le 21 novembre, de\u0301butera par une discussion en panel ministe\u0301riel intitule\u0301e \u00ab\u00a0Forger des liens, stimuler la croissance.\u00a0\u00bb Ce panel re\u0301unira les ministres de l&rsquo;E\u0301nergie de la re\u0301gion MSGBC pour orienter le secteur de l&rsquo;e\u0301nergie de la re\u0301gion. [&hellip;]<\/p>\n","protected":false},"author":82,"featured_media":53361,"comment_status":"open","ping_status":"closed","sticky":false,"template":"","format":"standard","meta":{"footnotes":""},"categories":[3,10],"tags":[37,292,29],"class_list":["post-53362","post","type-post","status-publish","format-standard","has-post-thumbnail","hentry","category-economie","category-toutes-les-actualites","tag-africa-press","tag-africa-press-tchad","tag-tchad"],"yoast_head":"<!-- This site is optimized with the Yoast SEO Premium plugin v26.1 (Yoast SEO v27.0) - https:\/\/yoast.com\/product\/yoast-seo-premium-wordpress\/ -->\n<title>Afrique : un panel minist\u00e9riel pour lib\u00e9rer le potentiel \u00e9nerg\u00e9tique r\u00e9gional au MSGBC 2023 - tchad<\/title>\n<meta name=\"description\" content=\"La confe\u0301rence et l&#039;exposition MSGBC Oil, Gas &amp; Power 2023, pre\u0301vue pour commencer a\u0300 Nouakchott le 21 novembre, de\u0301 ...\" \/>\n<meta name=\"robots\" content=\"index, follow, max-snippet:-1, max-image-preview:large, max-video-preview:-1\" \/>\n<link rel=\"canonical\" href=\"https:\/\/www.africa-press.net\/tchad\/economie\/afrique-un-panel-ministeriel-pour-liberer-le-potentiel-energetique-regional-au-msgbc-2023\" \/>\n<meta property=\"og:locale\" content=\"fr_FR\" \/>\n<meta property=\"og:type\" content=\"article\" \/>\n<meta property=\"og:title\" content=\"Afrique : un panel minist\u00e9riel pour lib\u00e9rer le potentiel \u00e9nerg\u00e9tique r\u00e9gional au MSGBC 2023\" \/>\n<meta property=\"og:description\" content=\"La confe\u0301rence et l&#039;exposition MSGBC Oil, Gas &amp; Power 2023, pre\u0301vue pour commencer a\u0300 Nouakchott le 21 novembre, de\u0301 ...\" \/>\n<meta property=\"og:url\" content=\"https:\/\/www.africa-press.net\/tchad\/economie\/afrique-un-panel-ministeriel-pour-liberer-le-potentiel-energetique-regional-au-msgbc-2023\" \/>\n<meta property=\"og:site_name\" content=\"tchad\" \/>\n<meta property=\"article:published_time\" content=\"2023-11-03T11:31:42+00:00\" \/>\n<meta property=\"article:modified_time\" content=\"2023-11-03T11:55:36+00:00\" \/>\n<meta property=\"og:image\" content=\"https:\/\/static.africa-press.net\/tchad\/sites\/41\/2023\/11\/sm_1698999878.575657.jpg\" \/>\n\t<meta property=\"og:image:width\" content=\"1024\" \/>\n\t<meta property=\"og:image:height\" content=\"682\" \/>\n\t<meta property=\"og:image:type\" content=\"image\/jpeg\" \/>\n<meta name=\"author\" content=\"cfeditorfr\" \/>\n<meta name=\"twitter:card\" content=\"summary_large_image\" \/>\n<meta name=\"twitter:label1\" content=\"\u00c9crit par\" \/>\n\t<meta name=\"twitter:data1\" content=\"cfeditorfr\" \/>\n\t<meta name=\"twitter:label2\" content=\"Dur\u00e9e de lecture estim\u00e9e\" \/>\n\t<meta name=\"twitter:data2\" content=\"4 minutes\" \/>\n<script type=\"application\/ld+json\" class=\"yoast-schema-graph\">{\"@context\":\"https:\/\/schema.org\",\"@graph\":[{\"@type\":\"Article\",\"@id\":\"https:\/\/www.africa-press.net\/tchad\/economie\/afrique-un-panel-ministeriel-pour-liberer-le-potentiel-energetique-regional-au-msgbc-2023#article\",\"isPartOf\":{\"@id\":\"https:\/\/www.africa-press.net\/tchad\/economie\/afrique-un-panel-ministeriel-pour-liberer-le-potentiel-energetique-regional-au-msgbc-2023\"},\"author\":{\"name\":\"cfeditorfr\",\"@id\":\"https:\/\/www.africa-press.net\/tchad\/#\/schema\/person\/2b1cf3cd81a31e3cd26889ca66d677f1\"},\"headline\":\"Afrique : un panel minist\u00e9riel pour lib\u00e9rer le potentiel \u00e9nerg\u00e9tique r\u00e9gional au MSGBC 2023\",\"datePublished\":\"2023-11-03T11:31:42+00:00\",\"dateModified\":\"2023-11-03T11:55:36+00:00\",\"mainEntityOfPage\":{\"@id\":\"https:\/\/www.africa-press.net\/tchad\/economie\/afrique-un-panel-ministeriel-pour-liberer-le-potentiel-energetique-regional-au-msgbc-2023\"},\"wordCount\":761,\"commentCount\":0,\"image\":{\"@id\":\"https:\/\/www.africa-press.net\/tchad\/economie\/afrique-un-panel-ministeriel-pour-liberer-le-potentiel-energetique-regional-au-msgbc-2023#primaryimage\"},\"thumbnailUrl\":\"https:\/\/static.africa-press.net\/tchad\/sites\/41\/2023\/11\/sm_1698999878.575657.jpg\",\"keywords\":[\"Africa Press\",\"Africa Press-Tchad\",\"Tchad\"],\"articleSection\":[\"\u00c9conomie\",\"Toutes les actualit\u00e9s\"],\"inLanguage\":\"fr-FR\",\"potentialAction\":[{\"@type\":\"CommentAction\",\"name\":\"Comment\",\"target\":[\"https:\/\/www.africa-press.net\/tchad\/economie\/afrique-un-panel-ministeriel-pour-liberer-le-potentiel-energetique-regional-au-msgbc-2023#respond\"]}]},{\"@type\":\"WebPage\",\"@id\":\"https:\/\/www.africa-press.net\/tchad\/economie\/afrique-un-panel-ministeriel-pour-liberer-le-potentiel-energetique-regional-au-msgbc-2023\",\"url\":\"https:\/\/www.africa-press.net\/tchad\/economie\/afrique-un-panel-ministeriel-pour-liberer-le-potentiel-energetique-regional-au-msgbc-2023\",\"name\":\"Afrique : un panel minist\u00e9riel pour lib\u00e9rer le potentiel \u00e9nerg\u00e9tique r\u00e9gional au MSGBC 2023 - tchad\",\"isPartOf\":{\"@id\":\"https:\/\/www.africa-press.net\/tchad\/#website\"},\"primaryImageOfPage\":{\"@id\":\"https:\/\/www.africa-press.net\/tchad\/economie\/afrique-un-panel-ministeriel-pour-liberer-le-potentiel-energetique-regional-au-msgbc-2023#primaryimage\"},\"image\":{\"@id\":\"https:\/\/www.africa-press.net\/tchad\/economie\/afrique-un-panel-ministeriel-pour-liberer-le-potentiel-energetique-regional-au-msgbc-2023#primaryimage\"},\"thumbnailUrl\":\"https:\/\/static.africa-press.net\/tchad\/sites\/41\/2023\/11\/sm_1698999878.575657.jpg\",\"datePublished\":\"2023-11-03T11:31:42+00:00\",\"dateModified\":\"2023-11-03T11:55:36+00:00\",\"author\":{\"@id\":\"https:\/\/www.africa-press.net\/tchad\/#\/schema\/person\/2b1cf3cd81a31e3cd26889ca66d677f1\"},\"description\":\"La confe\u0301rence et l'exposition MSGBC Oil, Gas &amp; Power 2023, pre\u0301vue pour commencer a\u0300 Nouakchott le 21 novembre, de\u0301 ...\",\"breadcrumb\":{\"@id\":\"https:\/\/www.africa-press.net\/tchad\/economie\/afrique-un-panel-ministeriel-pour-liberer-le-potentiel-energetique-regional-au-msgbc-2023#breadcrumb\"},\"inLanguage\":\"fr-FR\",\"potentialAction\":[{\"@type\":\"ReadAction\",\"target\":[\"https:\/\/www.africa-press.net\/tchad\/economie\/afrique-un-panel-ministeriel-pour-liberer-le-potentiel-energetique-regional-au-msgbc-2023\"]}]},{\"@type\":\"ImageObject\",\"inLanguage\":\"fr-FR\",\"@id\":\"https:\/\/www.africa-press.net\/tchad\/economie\/afrique-un-panel-ministeriel-pour-liberer-le-potentiel-energetique-regional-au-msgbc-2023#primaryimage\",\"url\":\"https:\/\/static.africa-press.net\/tchad\/sites\/41\/2023\/11\/sm_1698999878.575657.jpg\",\"contentUrl\":\"https:\/\/static.africa-press.net\/tchad\/sites\/41\/2023\/11\/sm_1698999878.575657.jpg\",\"width\":1024,\"height\":682,\"caption\":\"Afrique : un panel minist\u00e9riel pour lib\u00e9rer le potentiel \u00e9nerg\u00e9tique r\u00e9gional au MSGBC 2023\"},{\"@type\":\"BreadcrumbList\",\"@id\":\"https:\/\/www.africa-press.net\/tchad\/economie\/afrique-un-panel-ministeriel-pour-liberer-le-potentiel-energetique-regional-au-msgbc-2023#breadcrumb\",\"itemListElement\":[{\"@type\":\"ListItem\",\"position\":1,\"name\":\"Accueil\",\"item\":\"https:\/\/www.africa-press.net\/tchad\/\"},{\"@type\":\"ListItem\",\"position\":2,\"name\":\"Afrique : un panel minist\u00e9riel pour lib\u00e9rer le potentiel \u00e9nerg\u00e9tique r\u00e9gional au MSGBC 2023\"}]},{\"@type\":\"WebSite\",\"@id\":\"https:\/\/www.africa-press.net\/tchad\/#website\",\"url\":\"https:\/\/www.africa-press.net\/tchad\/\",\"name\":\"tchad\",\"description\":\"Just another Africa News Agency Sites site\",\"potentialAction\":[{\"@type\":\"SearchAction\",\"target\":{\"@type\":\"EntryPoint\",\"urlTemplate\":\"https:\/\/www.africa-press.net\/tchad\/?s={search_term_string}\"},\"query-input\":{\"@type\":\"PropertyValueSpecification\",\"valueRequired\":true,\"valueName\":\"search_term_string\"}}],\"inLanguage\":\"fr-FR\"},{\"@type\":\"Person\",\"@id\":\"https:\/\/www.africa-press.net\/tchad\/#\/schema\/person\/2b1cf3cd81a31e3cd26889ca66d677f1\",\"name\":\"cfeditorfr\"}]}<\/script>\n<!-- \/ Yoast SEO Premium plugin. -->","yoast_head_json":{"title":"Afrique : un panel minist\u00e9riel pour lib\u00e9rer le potentiel \u00e9nerg\u00e9tique r\u00e9gional au MSGBC 2023 - tchad","description":"La confe\u0301rence et l'exposition MSGBC Oil, Gas &amp; Power 2023, pre\u0301vue pour commencer a\u0300 Nouakchott le 21 novembre, de\u0301 ...","robots":{"index":"index","follow":"follow","max-snippet":"max-snippet:-1","max-image-preview":"max-image-preview:large","max-video-preview":"max-video-preview:-1"},"canonical":"https:\/\/www.africa-press.net\/tchad\/economie\/afrique-un-panel-ministeriel-pour-liberer-le-potentiel-energetique-regional-au-msgbc-2023","og_locale":"fr_FR","og_type":"article","og_title":"Afrique : un panel minist\u00e9riel pour lib\u00e9rer le potentiel \u00e9nerg\u00e9tique r\u00e9gional au MSGBC 2023","og_description":"La confe\u0301rence et l'exposition MSGBC Oil, Gas &amp; Power 2023, pre\u0301vue pour commencer a\u0300 Nouakchott le 21 novembre, de\u0301 ...","og_url":"https:\/\/www.africa-press.net\/tchad\/economie\/afrique-un-panel-ministeriel-pour-liberer-le-potentiel-energetique-regional-au-msgbc-2023","og_site_name":"tchad","article_published_time":"2023-11-03T11:31:42+00:00","article_modified_time":"2023-11-03T11:55:36+00:00","og_image":[{"width":1024,"height":682,"url":"https:\/\/static.africa-press.net\/tchad\/sites\/41\/2023\/11\/sm_1698999878.575657.jpg","type":"image\/jpeg"}],"author":"cfeditorfr","twitter_card":"summary_large_image","twitter_misc":{"\u00c9crit par":"cfeditorfr","Dur\u00e9e de lecture estim\u00e9e":"4 minutes"},"schema":{"@context":"https:\/\/schema.org","@graph":[{"@type":"Article","@id":"https:\/\/www.africa-press.net\/tchad\/economie\/afrique-un-panel-ministeriel-pour-liberer-le-potentiel-energetique-regional-au-msgbc-2023#article","isPartOf":{"@id":"https:\/\/www.africa-press.net\/tchad\/economie\/afrique-un-panel-ministeriel-pour-liberer-le-potentiel-energetique-regional-au-msgbc-2023"},"author":{"name":"cfeditorfr","@id":"https:\/\/www.africa-press.net\/tchad\/#\/schema\/person\/2b1cf3cd81a31e3cd26889ca66d677f1"},"headline":"Afrique : un panel minist\u00e9riel pour lib\u00e9rer le potentiel \u00e9nerg\u00e9tique r\u00e9gional au MSGBC 2023","datePublished":"2023-11-03T11:31:42+00:00","dateModified":"2023-11-03T11:55:36+00:00","mainEntityOfPage":{"@id":"https:\/\/www.africa-press.net\/tchad\/economie\/afrique-un-panel-ministeriel-pour-liberer-le-potentiel-energetique-regional-au-msgbc-2023"},"wordCount":761,"commentCount":0,"image":{"@id":"https:\/\/www.africa-press.net\/tchad\/economie\/afrique-un-panel-ministeriel-pour-liberer-le-potentiel-energetique-regional-au-msgbc-2023#primaryimage"},"thumbnailUrl":"https:\/\/static.africa-press.net\/tchad\/sites\/41\/2023\/11\/sm_1698999878.575657.jpg","keywords":["Africa Press","Africa Press-Tchad","Tchad"],"articleSection":["\u00c9conomie","Toutes les actualit\u00e9s"],"inLanguage":"fr-FR","potentialAction":[{"@type":"CommentAction","name":"Comment","target":["https:\/\/www.africa-press.net\/tchad\/economie\/afrique-un-panel-ministeriel-pour-liberer-le-potentiel-energetique-regional-au-msgbc-2023#respond"]}]},{"@type":"WebPage","@id":"https:\/\/www.africa-press.net\/tchad\/economie\/afrique-un-panel-ministeriel-pour-liberer-le-potentiel-energetique-regional-au-msgbc-2023","url":"https:\/\/www.africa-press.net\/tchad\/economie\/afrique-un-panel-ministeriel-pour-liberer-le-potentiel-energetique-regional-au-msgbc-2023","name":"Afrique : un panel minist\u00e9riel pour lib\u00e9rer le potentiel \u00e9nerg\u00e9tique r\u00e9gional au MSGBC 2023 - tchad","isPartOf":{"@id":"https:\/\/www.africa-press.net\/tchad\/#website"},"primaryImageOfPage":{"@id":"https:\/\/www.africa-press.net\/tchad\/economie\/afrique-un-panel-ministeriel-pour-liberer-le-potentiel-energetique-regional-au-msgbc-2023#primaryimage"},"image":{"@id":"https:\/\/www.africa-press.net\/tchad\/economie\/afrique-un-panel-ministeriel-pour-liberer-le-potentiel-energetique-regional-au-msgbc-2023#primaryimage"},"thumbnailUrl":"https:\/\/static.africa-press.net\/tchad\/sites\/41\/2023\/11\/sm_1698999878.575657.jpg","datePublished":"2023-11-03T11:31:42+00:00","dateModified":"2023-11-03T11:55:36+00:00","author":{"@id":"https:\/\/www.africa-press.net\/tchad\/#\/schema\/person\/2b1cf3cd81a31e3cd26889ca66d677f1"},"description":"La confe\u0301rence et l'exposition MSGBC Oil, Gas &amp; Power 2023, pre\u0301vue pour commencer a\u0300 Nouakchott le 21 novembre, de\u0301 ...","breadcrumb":{"@id":"https:\/\/www.africa-press.net\/tchad\/economie\/afrique-un-panel-ministeriel-pour-liberer-le-potentiel-energetique-regional-au-msgbc-2023#breadcrumb"},"inLanguage":"fr-FR","potentialAction":[{"@type":"ReadAction","target":["https:\/\/www.africa-press.net\/tchad\/economie\/afrique-un-panel-ministeriel-pour-liberer-le-potentiel-energetique-regional-au-msgbc-2023"]}]},{"@type":"ImageObject","inLanguage":"fr-FR","@id":"https:\/\/www.africa-press.net\/tchad\/economie\/afrique-un-panel-ministeriel-pour-liberer-le-potentiel-energetique-regional-au-msgbc-2023#primaryimage","url":"https:\/\/static.africa-press.net\/tchad\/sites\/41\/2023\/11\/sm_1698999878.575657.jpg","contentUrl":"https:\/\/static.africa-press.net\/tchad\/sites\/41\/2023\/11\/sm_1698999878.575657.jpg","width":1024,"height":682,"caption":"Afrique : un panel minist\u00e9riel pour lib\u00e9rer le potentiel \u00e9nerg\u00e9tique r\u00e9gional au MSGBC 2023"},{"@type":"BreadcrumbList","@id":"https:\/\/www.africa-press.net\/tchad\/economie\/afrique-un-panel-ministeriel-pour-liberer-le-potentiel-energetique-regional-au-msgbc-2023#breadcrumb","itemListElement":[{"@type":"ListItem","position":1,"name":"Accueil","item":"https:\/\/www.africa-press.net\/tchad\/"},{"@type":"ListItem","position":2,"name":"Afrique : un panel minist\u00e9riel pour lib\u00e9rer le potentiel \u00e9nerg\u00e9tique r\u00e9gional au MSGBC 2023"}]},{"@type":"WebSite","@id":"https:\/\/www.africa-press.net\/tchad\/#website","url":"https:\/\/www.africa-press.net\/tchad\/","name":"tchad","description":"Just another Africa News Agency Sites site","potentialAction":[{"@type":"SearchAction","target":{"@type":"EntryPoint","urlTemplate":"https:\/\/www.africa-press.net\/tchad\/?s={search_term_string}"},"query-input":{"@type":"PropertyValueSpecification","valueRequired":true,"valueName":"search_term_string"}}],"inLanguage":"fr-FR"},{"@type":"Person","@id":"https:\/\/www.africa-press.net\/tchad\/#\/schema\/person\/2b1cf3cd81a31e3cd26889ca66d677f1","name":"cfeditorfr"}]}},"_links":{"self":[{"href":"https:\/\/www.africa-press.net\/tchad\/wp-json\/wp\/v2\/posts\/53362","targetHints":{"allow":["GET"]}}],"collection":[{"href":"https:\/\/www.africa-press.net\/tchad\/wp-json\/wp\/v2\/posts"}],"about":[{"href":"https:\/\/www.africa-press.net\/tchad\/wp-json\/wp\/v2\/types\/post"}],"author":[{"embeddable":true,"href":"https:\/\/www.africa-press.net\/tchad\/wp-json\/wp\/v2\/users\/82"}],"replies":[{"embeddable":true,"href":"https:\/\/www.africa-press.net\/tchad\/wp-json\/wp\/v2\/comments?post=53362"}],"version-history":[{"count":0,"href":"https:\/\/www.africa-press.net\/tchad\/wp-json\/wp\/v2\/posts\/53362\/revisions"}],"wp:featuredmedia":[{"embeddable":true,"href":"https:\/\/www.africa-press.net\/tchad\/wp-json\/wp\/v2\/media\/53361"}],"wp:attachment":[{"href":"https:\/\/www.africa-press.net\/tchad\/wp-json\/wp\/v2\/media?parent=53362"}],"wp:term":[{"taxonomy":"category","embeddable":true,"href":"https:\/\/www.africa-press.net\/tchad\/wp-json\/wp\/v2\/categories?post=53362"},{"taxonomy":"post_tag","embeddable":true,"href":"https:\/\/www.africa-press.net\/tchad\/wp-json\/wp\/v2\/tags?post=53362"}],"curies":[{"name":"wp","href":"https:\/\/api.w.org\/{rel}","templated":true}]}}